{"id":1737,"date":"2025-03-31T10:26:02","date_gmt":"2025-03-31T08:26:02","guid":{"rendered":"https:\/\/www.pedagogie.ac-nice.fr\/casnav\/?p=1737"},"modified":"2025-03-31T10:28:21","modified_gmt":"2025-03-31T08:28:21","slug":"reperes-sur-la-scolarisation-des-efiv","status":"publish","type":"post","link":"https:\/\/www.pedagogie.ac-nice.fr\/casnav\/reperes-sur-la-scolarisation-des-efiv\/","title":{"rendered":"Rep\u00e8res sur la scolarisation des EFIV"},"content":{"rendered":"<div id=\"meta-origin\" data-coolorigin=\"https%3A%2F%2Fedition.apps.education.fr%2Fcool%2Fclipboard%3FWOPISrc%3Dhttps%253A%252F%252Fnuage05.apps.education.fr%252Findex.php%252Fapps%252Frichdocuments%252Fwopi%252Ffiles%252F112632110_ocl7j6nshfxc%26ServerId%3D80f5efc5%26ViewId%3D4%26Tag%3Db03fd8d72c70f831\">\n<p><span style=\"font-family: georgia, palatino, serif;\">Le Minist\u00e8re r\u00e9actualise le vad\u00e9m\u00e9cum \u00ab\u00a0Rep\u00e8res sur la scolarisation des enfants issus de familles itin\u00e9rantes et de voyageurs\u00a0\u00bb<\/span><\/p>\n<p><span style=\"font-family: georgia, palatino, serif;\">Ce document, constitu\u00e9 de fiches pratiques, a pour objectifs de :<br \/>\n<\/span><\/p>\n<p><span style=\"font-family: georgia, palatino, serif;\">\u2022 rappeler les principes de scolarisation et de formation des \u00e9l\u00e8ves, quelle que soit la dur\u00e9e du stationnement sur une aire d\u2019accueil ou hors aire d\u2019accueil ;<\/span><\/p>\n<p><span style=\"font-family: georgia, palatino, serif;\">\u2022 porter une attention particuli\u00e8re \u00e0 l\u2019accueil et \u00e0 la scolarisation de ces publics durant le temps de scolarit\u00e9 obligatoire (\u00e0 partir de 3 ans jusqu\u2019\u00e0 16 ans) ;<\/span><\/p>\n<p><span style=\"font-family: georgia, palatino, serif;\">\u2022 porter une attention particuli\u00e8re quant \u00e0 l\u2019obligation de formation jusqu\u2019\u00e0 18 ans pour ceux qui ne poursuivraient pas leurs \u00e9tudes ou ne seraient pas en emploi ;<\/span><\/p>\n<p><span style=\"font-family: georgia, palatino, serif;\">\u2022 proposer des modalit\u00e9s pour s\u00e9curiser le parcours scolaire des \u00e9l\u00e8ves issus de familles itin\u00e9rantes ;<\/span><\/p>\n<p><span style=\"font-family: georgia, palatino, serif;\">\u2022 informer sur les demandes d\u2019Instruction dans la famille (IEF) et les principes d\u2019une inscription au Centre national d\u2019enseignement \u00e0 distance (CNED) ;<\/span><\/p>\n<p><span style=\"font-family: georgia, palatino, serif;\">\u2022 favoriser la pers\u00e9v\u00e9rance scolaire et pr\u00e9venir la d\u00e9scolarisation.<\/span><\/p>\n<p><a href=\"https:\/\/eduscol.education.fr\/document\/59965\/download?attachment\"><img loading=\"lazy\" decoding=\"async\" class=\"aligncenter wp-image-1738 size-medium\" src=\"http:\/\/www.pedagogie.ac-nice.fr\/casnav\/wp-content\/uploads\/sites\/67\/2025\/03\/reperes-216x300.png\" alt=\"\" width=\"216\" height=\"300\" srcset=\"https:\/\/www.pedagogie.ac-nice.fr\/casnav\/wp-content\/uploads\/sites\/67\/2025\/03\/reperes-216x300.png 216w, https:\/\/www.pedagogie.ac-nice.fr\/casnav\/wp-content\/uploads\/sites\/67\/2025\/03\/reperes.png 339w\" sizes=\"(max-width: 216px) 100vw, 216px\" \/><\/a><\/p>\n<p style=\"padding-left: 40px;\">\n<\/div>\n","protected":false},"excerpt":{"rendered":"<p>Le Minist\u00e8re r\u00e9actualise le vad\u00e9m\u00e9cum \u00ab\u00a0Rep\u00e8res sur la scolarisation des enfants issus de familles itin\u00e9rantes et de voyageurs\u00a0\u00bb Ce document, constitu\u00e9 de fiches pratiques, a pour objectifs de : \u2022 rappeler les principes de scolarisation et de formation des \u00e9l\u00e8ves, quelle que soit la dur\u00e9e du stationnement sur une aire d\u2019accueil ou hors aire d\u2019accueil [&hellip;]<\/p>\n","protected":false},"author":457,"featured_media":1738,"comment_status":"closed","ping_status":"closed","sticky":false,"template":"","format":"standard","meta":{"_et_pb_use_builder":"","_et_pb_old_content":"","_et_gb_content_width":"","footnotes":""},"categories":[58],"tags":[],"class_list":["post-1737","post","type-post","status-publish","format-standard","has-post-thumbnail","hentry","category-enseigner","et-has-post-format-content","et_post_format-et-post-format-standard"],"rttpg_featured_image_url":{"full":["https:\/\/www.pedagogie.ac-nice.fr\/casnav\/wp-content\/uploads\/sites\/67\/2025\/03\/reperes.png",339,470,false],"landscape":["https:\/\/www.pedagogie.ac-nice.fr\/casnav\/wp-content\/uploads\/sites\/67\/2025\/03\/reperes.png",339,470,false],"portraits":["https:\/\/www.pedagogie.ac-nice.fr\/casnav\/wp-content\/uploads\/sites\/67\/2025\/03\/reperes.png",339,470,false],"thumbnail":["https:\/\/www.pedagogie.ac-nice.fr\/casnav\/wp-content\/uploads\/sites\/67\/2025\/03\/reperes-150x150.png",150,150,true],"medium":["https:\/\/www.pedagogie.ac-nice.fr\/casnav\/wp-content\/uploads\/sites\/67\/2025\/03\/reperes-216x300.png",216,300,true],"large":["https:\/\/www.pedagogie.ac-nice.fr\/casnav\/wp-content\/uploads\/sites\/67\/2025\/03\/reperes.png",339,470,false],"1536x1536":["https:\/\/www.pedagogie.ac-nice.fr\/casnav\/wp-content\/uploads\/sites\/67\/2025\/03\/reperes.png",339,470,false],"2048x2048":["https:\/\/www.pedagogie.ac-nice.fr\/casnav\/wp-content\/uploads\/sites\/67\/2025\/03\/reperes.png",339,470,false],"et-builder-post-main-image":["https:\/\/www.pedagogie.ac-nice.fr\/casnav\/wp-content\/uploads\/sites\/67\/2025\/03\/reperes-339x250.png",339,250,true],"et-builder-post-main-image-fullwidth":["https:\/\/www.pedagogie.ac-nice.fr\/casnav\/wp-content\/uploads\/sites\/67\/2025\/03\/reperes.png",339,470,false],"et-builder-portfolio-image":["https:\/\/www.pedagogie.ac-nice.fr\/casnav\/wp-content\/uploads\/sites\/67\/2025\/03\/reperes-339x284.png",339,284,true],"et-builder-portfolio-image-single":["https:\/\/www.pedagogie.ac-nice.fr\/casnav\/wp-content\/uploads\/sites\/67\/2025\/03\/reperes.png",339,470,false],"et-builder-gallery-image-portrait":["https:\/\/www.pedagogie.ac-nice.fr\/casnav\/wp-content\/uploads\/sites\/67\/2025\/03\/reperes.png",339,470,false],"extra-image-huge":["https:\/\/www.pedagogie.ac-nice.fr\/casnav\/wp-content\/uploads\/sites\/67\/2025\/03\/reperes.png",339,470,false],"extra-image-single-post":["https:\/\/www.pedagogie.ac-nice.fr\/casnav\/wp-content\/uploads\/sites\/67\/2025\/03\/reperes.png",339,470,false],"extra-image-medium":["https:\/\/www.pedagogie.ac-nice.fr\/casnav\/wp-content\/uploads\/sites\/67\/2025\/03\/reperes-339x376.png",339,376,true],"extra-image-small":["https:\/\/www.pedagogie.ac-nice.fr\/casnav\/wp-content\/uploads\/sites\/67\/2025\/03\/reperes-339x264.png",339,264,true],"extra-image-square-medium":["https:\/\/www.pedagogie.ac-nice.fr\/casnav\/wp-content\/uploads\/sites\/67\/2025\/03\/reperes-339x440.png",339,440,true],"extra-image-square-small":["https:\/\/www.pedagogie.ac-nice.fr\/casnav\/wp-content\/uploads\/sites\/67\/2025\/03\/reperes-150x150.png",150,150,true],"advps-thumb-one":["https:\/\/www.pedagogie.ac-nice.fr\/casnav\/wp-content\/uploads\/sites\/67\/2025\/03\/reperes-339x220.png",339,220,true]},"rttpg_author":{"display_name":"casnav","author_link":"https:\/\/www.pedagogie.ac-nice.fr\/casnav\/author\/casnav\/"},"rttpg_comment":0,"rttpg_category":"<a href=\"https:\/\/www.pedagogie.ac-nice.fr\/casnav\/category\/enseigner\/\" rel=\"category tag\">Enseigner<\/a>","rttpg_excerpt":"Le Minist\u00e8re r\u00e9actualise le vad\u00e9m\u00e9cum \u00ab\u00a0Rep\u00e8res sur la scolarisation des enfants issus de familles itin\u00e9rantes et de voyageurs\u00a0\u00bb Ce document, constitu\u00e9 de fiches pratiques, a pour objectifs de : \u2022 rappeler les principes de scolarisation et de formation des \u00e9l\u00e8ves, quelle que soit la dur\u00e9e du stationnement sur une aire d\u2019accueil ou hors aire d\u2019accueil\u2026","post_mailing_queue_ids":[],"_links":{"self":[{"href":"https:\/\/www.pedagogie.ac-nice.fr\/casnav\/wp-json\/wp\/v2\/posts\/1737","targetHints":{"allow":["GET"]}}],"collection":[{"href":"https:\/\/www.pedagogie.ac-nice.fr\/casnav\/wp-json\/wp\/v2\/posts"}],"about":[{"href":"https:\/\/www.pedagogie.ac-nice.fr\/casnav\/wp-json\/wp\/v2\/types\/post"}],"author":[{"embeddable":true,"href":"https:\/\/www.pedagogie.ac-nice.fr\/casnav\/wp-json\/wp\/v2\/users\/457"}],"replies":[{"embeddable":true,"href":"https:\/\/www.pedagogie.ac-nice.fr\/casnav\/wp-json\/wp\/v2\/comments?post=1737"}],"version-history":[{"count":4,"href":"https:\/\/www.pedagogie.ac-nice.fr\/casnav\/wp-json\/wp\/v2\/posts\/1737\/revisions"}],"predecessor-version":[{"id":1742,"href":"https:\/\/www.pedagogie.ac-nice.fr\/casnav\/wp-json\/wp\/v2\/posts\/1737\/revisions\/1742"}],"wp:featuredmedia":[{"embeddable":true,"href":"https:\/\/www.pedagogie.ac-nice.fr\/casnav\/wp-json\/wp\/v2\/media\/1738"}],"wp:attachment":[{"href":"https:\/\/www.pedagogie.ac-nice.fr\/casnav\/wp-json\/wp\/v2\/media?parent=1737"}],"wp:term":[{"taxonomy":"category","embeddable":true,"href":"https:\/\/www.pedagogie.ac-nice.fr\/casnav\/wp-json\/wp\/v2\/categories?post=1737"},{"taxonomy":"post_tag","embeddable":true,"href":"https:\/\/www.pedagogie.ac-nice.fr\/casnav\/wp-json\/wp\/v2\/tags?post=1737"}],"curies":[{"name":"wp","href":"https:\/\/api.w.org\/{rel}","templated":true}]}}