{"id":1748,"date":"2025-03-31T12:22:23","date_gmt":"2025-03-31T10:22:23","guid":{"rendered":"https:\/\/www.pedagogie.ac-nice.fr\/casnav\/?p=1748"},"modified":"2025-04-20T11:44:17","modified_gmt":"2025-04-20T09:44:17","slug":"se-reconstruire-en-mer","status":"publish","type":"post","link":"https:\/\/www.pedagogie.ac-nice.fr\/casnav\/se-reconstruire-en-mer\/","title":{"rendered":"Se reconstruire en mer"},"content":{"rendered":"<p>[et_pb_section fb_built=\u00a0\u00bb1&Prime; _builder_version=\u00a0\u00bb4.27.4&Prime; _module_preset=\u00a0\u00bbdefault\u00a0\u00bb global_colors_info=\u00a0\u00bb{}\u00a0\u00bb custom_padding=\u00a0\u00bb0px|||||\u00a0\u00bb][et_pb_row column_structure=\u00a0\u00bb1_2,1_2&Prime; make_equal=\u00a0\u00bbon\u00a0\u00bb _builder_version=\u00a0\u00bb4.27.4&Prime; _module_preset=\u00a0\u00bbdefault\u00a0\u00bb global_colors_info=\u00a0\u00bb{}\u00a0\u00bb custom_padding=\u00a0\u00bb0px|||||\u00a0\u00bb][et_pb_column type=\u00a0\u00bb1_2&Prime; _builder_version=\u00a0\u00bb4.27.4&Prime; _module_preset=\u00a0\u00bbdefault\u00a0\u00bb global_colors_info=\u00a0\u00bb{}\u00a0\u00bb][et_pb_image src=\u00a0\u00bbhttp:\/\/www.pedagogie.ac-nice.fr\/casnav\/wp-content\/uploads\/sites\/67\/2025\/03\/photo-du-voilier-credit-photo-Christophe-Giraudeau.png\u00a0\u00bb title_text=\u00a0\u00bbphoto du voilier credit photo Christophe Giraudeau\u00a0\u00bb _builder_version=\u00a0\u00bb4.27.4&Prime; _module_preset=\u00a0\u00bbdefault\u00a0\u00bb min_height=\u00a0\u00bb590px\u00a0\u00bb height=\u00a0\u00bb613px\u00a0\u00bb max_height=\u00a0\u00bb607px\u00a0\u00bb global_colors_info=\u00a0\u00bb{}\u00a0\u00bb][\/et_pb_image][et_pb_text _builder_version=\u00a0\u00bb4.27.4&Prime; _module_preset=\u00a0\u00bbdefault\u00a0\u00bb global_colors_info=\u00a0\u00bb{}\u00a0\u00bb]<\/p>\n<p>Le Voilier \u00ab\u00a0Rose of Jericho\u00a0\u00bb, cr\u00e9dit photo Christophe Giraudeau<\/p>\n<p>[\/et_pb_text][\/et_pb_column][et_pb_column type=\u00a0\u00bb1_2&Prime; _builder_version=\u00a0\u00bb4.27.4&Prime; _module_preset=\u00a0\u00bbdefault\u00a0\u00bb global_colors_info=\u00a0\u00bb{}\u00a0\u00bb][et_pb_text _builder_version=\u00a0\u00bb4.27.4&Prime; _module_preset=\u00a0\u00bbdefault\u00a0\u00bb global_colors_info=\u00a0\u00bb{}\u00a0\u00bb]<\/p>\n<p class=\"Default\">Pour de nombreux mineurs ayant travers\u00e9 la M\u00e9diterran\u00e9e au cours de leur parcours migratoire, la mer repr\u00e9sente un paradoxe existentiel profond. Cet \u00e9l\u00e9ment, \u00e0 la fois passage vers l&rsquo;espoir et th\u00e9\u00e2tre de traumatismes indicibles, demeure inscrit dans leur corps et leur psych\u00e9 comme une fronti\u00e8re qui s\u00e9pare deux vies. La travers\u00e9e maritime, souvent marqu\u00e9e par la peur, la pr\u00e9carit\u00e9 et parfois la perte d&rsquo;\u00eatres chers, transforme la mer en symbole d&rsquo;angoisse et de rupture. Reconstruire un lien apais\u00e9 avec cet \u00e9l\u00e9ment devient alors un processus essentiel.<o:p><\/o:p><\/p>\n<p>Port\u00e9 par Nicolas Jonval, professeur en UPE2A au coll\u00e8ge international de Valbonne, et en collaboration avec l\u2019association <a href=\"https:\/\/www.rjnice.fr\/\">Rose of Jericho de Nice<\/a>, un projet p\u00e9dagogique remarquable vise \u00e0 r\u00e9concilier ses \u00e9l\u00e8ves avec l\u2019environnement maritime.<\/p>\n<p>Le c\u0153ur du dispositif repose sur une exp\u00e9rience pratique de navigation. Bas\u00e9 au port de Golfe Juan, le voilier Rose of Jericho a accueilli des \u00e9quipages de six jeunes accompagn\u00e9s de leur professeur et d\u2019un \u00e9ducateur du foyer de l\u2019enfance.<\/p>\n<p>Cette sortie en mer repr\u00e9sente l&rsquo;aboutissement d&rsquo;un parcours de pr\u00e9paration incluant une information approfondie sur les m\u00e9tiers maritimes, les connaissances n\u00e9cessaires \u00e0 la navigation, et une sensibilisation \u00e0 l\u2019\u00e9cocitoyennet\u00e9.<\/p>\n<p>&nbsp;<\/p>\n<p>[\/et_pb_text][et_pb_text _builder_version=\u00a0\u00bb4.27.4&Prime; _module_preset=\u00a0\u00bbdefault\u00a0\u00bb global_colors_info=\u00a0\u00bb{}\u00a0\u00bb]<\/p>\n<p>Au-del\u00e0 des aspects p\u00e9dagogiques, ce projet a permis aux jeunes de vivre des valeurs fondamentales : solidarit\u00e9, courage, esprit d&rsquo;\u00e9quipe, endurance, \u00e9coute et respect.<\/p>\n<p>La navigation en voilier devient ainsi une m\u00e9taphore puissante du chemin vers l&rsquo;int\u00e9gration : un espace collectif o\u00f9 chacun a sa place et sa responsabilit\u00e9, o\u00f9 l&rsquo;effort individuel sert le projet commun, et o\u00f9 la r\u00e9ussite d\u00e9pend de la capacit\u00e9 \u00e0 former un \u00e9quipage soud\u00e9.<\/p>\n<p>[\/et_pb_text][\/et_pb_column][\/et_pb_row][\/et_pb_section][et_pb_section fb_built=\u00a0\u00bb1&Prime; _builder_version=\u00a0\u00bb4.27.4&Prime; _module_preset=\u00a0\u00bbdefault\u00a0\u00bb global_colors_info=\u00a0\u00bb{}\u00a0\u00bb][et_pb_row column_structure=\u00a0\u00bb1_3,1_3,1_3&Prime; _builder_version=\u00a0\u00bb4.27.4&Prime; _module_preset=\u00a0\u00bbdefault\u00a0\u00bb global_colors_info=\u00a0\u00bb{}\u00a0\u00bb][et_pb_column type=\u00a0\u00bb1_3&Prime; _builder_version=\u00a0\u00bb4.27.4&Prime; _module_preset=\u00a0\u00bbdefault\u00a0\u00bb global_colors_info=\u00a0\u00bb{}\u00a0\u00bb][et_pb_image src=\u00a0\u00bbhttp:\/\/www.pedagogie.ac-nice.fr\/casnav\/wp-content\/uploads\/sites\/67\/2025\/03\/DSC_0043-scaled.jpg\u00a0\u00bb title_text=\u00a0\u00bbDSC_0043&Prime; _builder_version=\u00a0\u00bb4.27.4&Prime; _module_preset=\u00a0\u00bbdefault\u00a0\u00bb min_height=\u00a0\u00bb223px\u00a0\u00bb height=\u00a0\u00bb238px\u00a0\u00bb max_height=\u00a0\u00bb254px\u00a0\u00bb global_colors_info=\u00a0\u00bb{}\u00a0\u00bb][\/et_pb_image][\/et_pb_column][et_pb_column type=\u00a0\u00bb1_3&Prime; _builder_version=\u00a0\u00bb4.27.4&Prime; _module_preset=\u00a0\u00bbdefault\u00a0\u00bb global_colors_info=\u00a0\u00bb{}\u00a0\u00bb][et_pb_image src=\u00a0\u00bbhttp:\/\/www.pedagogie.ac-nice.fr\/casnav\/wp-content\/uploads\/sites\/67\/2025\/03\/bateau1-scaled.jpg\u00a0\u00bb title_text=\u00a0\u00bbbateau1&Prime; _builder_version=\u00a0\u00bb4.27.4&Prime; _module_preset=\u00a0\u00bbdefault\u00a0\u00bb global_colors_info=\u00a0\u00bb{}\u00a0\u00bb][\/et_pb_image][\/et_pb_column][et_pb_column type=\u00a0\u00bb1_3&Prime; _builder_version=\u00a0\u00bb4.27.4&Prime; _module_preset=\u00a0\u00bbdefault\u00a0\u00bb global_colors_info=\u00a0\u00bb{}\u00a0\u00bb][et_pb_image src=\u00a0\u00bbhttp:\/\/www.pedagogie.ac-nice.fr\/casnav\/wp-content\/uploads\/sites\/67\/2025\/03\/bateau2-scaled.jpg\u00a0\u00bb title_text=\u00a0\u00bbbateau2&Prime; _builder_version=\u00a0\u00bb4.27.4&Prime; _module_preset=\u00a0\u00bbdefault\u00a0\u00bb global_colors_info=\u00a0\u00bb{}\u00a0\u00bb][\/et_pb_image][\/et_pb_column][\/et_pb_row][\/et_pb_section]<\/p>\n","protected":false},"excerpt":{"rendered":"<p>Reconstruire un lien apais\u00e9 avec la mer, un \u00e9l\u00e9ment cl\u00e9 du parcours d&rsquo;int\u00e9gration des mineurs<\/p>\n","protected":false},"author":457,"featured_media":1751,"comment_status":"closed","ping_status":"closed","sticky":false,"template":"","format":"standard","meta":{"_et_pb_use_builder":"on","_et_pb_old_content":"<!-- wp:tadv\/classic-paragraph -->\r\n<div class=\"wp-block-columns\">\u00a0<\/div>\r\n<p>\u00a0<\/p>\r\n<!-- \/wp:tadv\/classic-paragraph -->","_et_gb_content_width":"","footnotes":""},"categories":[41],"tags":[],"class_list":["post-1748","post","type-post","status-publish","format-standard","has-post-thumbnail","hentry","category-projets","et-has-post-format-content","et_post_format-et-post-format-standard"],"rttpg_featured_image_url":{"full":["https:\/\/www.pedagogie.ac-nice.fr\/casnav\/wp-content\/uploads\/sites\/67\/2025\/03\/photo-du-voilier-credit-photo-Christophe-Giraudeau.png",800,800,false],"landscape":["https:\/\/www.pedagogie.ac-nice.fr\/casnav\/wp-content\/uploads\/sites\/67\/2025\/03\/photo-du-voilier-credit-photo-Christophe-Giraudeau.png",800,800,false],"portraits":["https:\/\/www.pedagogie.ac-nice.fr\/casnav\/wp-content\/uploads\/sites\/67\/2025\/03\/photo-du-voilier-credit-photo-Christophe-Giraudeau.png",800,800,false],"thumbnail":["https:\/\/www.pedagogie.ac-nice.fr\/casnav\/wp-content\/uploads\/sites\/67\/2025\/03\/photo-du-voilier-credit-photo-Christophe-Giraudeau-150x150.png",150,150,true],"medium":["https:\/\/www.pedagogie.ac-nice.fr\/casnav\/wp-content\/uploads\/sites\/67\/2025\/03\/photo-du-voilier-credit-photo-Christophe-Giraudeau-300x300.png",300,300,true],"large":["https:\/\/www.pedagogie.ac-nice.fr\/casnav\/wp-content\/uploads\/sites\/67\/2025\/03\/photo-du-voilier-credit-photo-Christophe-Giraudeau.png",800,800,false],"1536x1536":["https:\/\/www.pedagogie.ac-nice.fr\/casnav\/wp-content\/uploads\/sites\/67\/2025\/03\/photo-du-voilier-credit-photo-Christophe-Giraudeau.png",800,800,false],"2048x2048":["https:\/\/www.pedagogie.ac-nice.fr\/casnav\/wp-content\/uploads\/sites\/67\/2025\/03\/photo-du-voilier-credit-photo-Christophe-Giraudeau.png",800,800,false],"et-builder-post-main-image":["https:\/\/www.pedagogie.ac-nice.fr\/casnav\/wp-content\/uploads\/sites\/67\/2025\/03\/photo-du-voilier-credit-photo-Christophe-Giraudeau-400x250.png",400,250,true],"et-builder-post-main-image-fullwidth":["https:\/\/www.pedagogie.ac-nice.fr\/casnav\/wp-content\/uploads\/sites\/67\/2025\/03\/photo-du-voilier-credit-photo-Christophe-Giraudeau-800x675.png",800,675,true],"et-builder-portfolio-image":["https:\/\/www.pedagogie.ac-nice.fr\/casnav\/wp-content\/uploads\/sites\/67\/2025\/03\/photo-du-voilier-credit-photo-Christophe-Giraudeau-400x284.png",400,284,true],"et-builder-portfolio-image-single":["https:\/\/www.pedagogie.ac-nice.fr\/casnav\/wp-content\/uploads\/sites\/67\/2025\/03\/photo-du-voilier-credit-photo-Christophe-Giraudeau.png",800,800,false],"et-builder-gallery-image-portrait":["https:\/\/www.pedagogie.ac-nice.fr\/casnav\/wp-content\/uploads\/sites\/67\/2025\/03\/photo-du-voilier-credit-photo-Christophe-Giraudeau-400x516.png",400,516,true],"extra-image-huge":["https:\/\/www.pedagogie.ac-nice.fr\/casnav\/wp-content\/uploads\/sites\/67\/2025\/03\/photo-du-voilier-credit-photo-Christophe-Giraudeau-800x768.png",800,768,true],"extra-image-single-post":["https:\/\/www.pedagogie.ac-nice.fr\/casnav\/wp-content\/uploads\/sites\/67\/2025\/03\/photo-du-voilier-credit-photo-Christophe-Giraudeau-800x640.png",800,640,true],"extra-image-medium":["https:\/\/www.pedagogie.ac-nice.fr\/casnav\/wp-content\/uploads\/sites\/67\/2025\/03\/photo-du-voilier-credit-photo-Christophe-Giraudeau-627x376.png",627,376,true],"extra-image-small":["https:\/\/www.pedagogie.ac-nice.fr\/casnav\/wp-content\/uploads\/sites\/67\/2025\/03\/photo-du-voilier-credit-photo-Christophe-Giraudeau-440x264.png",440,264,true],"extra-image-square-medium":["https:\/\/www.pedagogie.ac-nice.fr\/casnav\/wp-content\/uploads\/sites\/67\/2025\/03\/photo-du-voilier-credit-photo-Christophe-Giraudeau-440x440.png",440,440,true],"extra-image-square-small":["https:\/\/www.pedagogie.ac-nice.fr\/casnav\/wp-content\/uploads\/sites\/67\/2025\/03\/photo-du-voilier-credit-photo-Christophe-Giraudeau-150x150.png",150,150,true],"advps-thumb-one":["https:\/\/www.pedagogie.ac-nice.fr\/casnav\/wp-content\/uploads\/sites\/67\/2025\/03\/photo-du-voilier-credit-photo-Christophe-Giraudeau-600x220.png",600,220,true]},"rttpg_author":{"display_name":"casnav","author_link":"https:\/\/www.pedagogie.ac-nice.fr\/casnav\/author\/casnav\/"},"rttpg_comment":0,"rttpg_category":"<a href=\"https:\/\/www.pedagogie.ac-nice.fr\/casnav\/category\/projets\/\" rel=\"category tag\">projets<\/a>","rttpg_excerpt":"Reconstruire un lien apais\u00e9 avec la mer, un \u00e9l\u00e9ment cl\u00e9 du parcours d'int\u00e9gration des mineurs","post_mailing_queue_ids":[],"_links":{"self":[{"href":"https:\/\/www.pedagogie.ac-nice.fr\/casnav\/wp-json\/wp\/v2\/posts\/1748","targetHints":{"allow":["GET"]}}],"collection":[{"href":"https:\/\/www.pedagogie.ac-nice.fr\/casnav\/wp-json\/wp\/v2\/posts"}],"about":[{"href":"https:\/\/www.pedagogie.ac-nice.fr\/casnav\/wp-json\/wp\/v2\/types\/post"}],"author":[{"embeddable":true,"href":"https:\/\/www.pedagogie.ac-nice.fr\/casnav\/wp-json\/wp\/v2\/users\/457"}],"replies":[{"embeddable":true,"href":"https:\/\/www.pedagogie.ac-nice.fr\/casnav\/wp-json\/wp\/v2\/comments?post=1748"}],"version-history":[{"count":11,"href":"https:\/\/www.pedagogie.ac-nice.fr\/casnav\/wp-json\/wp\/v2\/posts\/1748\/revisions"}],"predecessor-version":[{"id":2006,"href":"https:\/\/www.pedagogie.ac-nice.fr\/casnav\/wp-json\/wp\/v2\/posts\/1748\/revisions\/2006"}],"wp:featuredmedia":[{"embeddable":true,"href":"https:\/\/www.pedagogie.ac-nice.fr\/casnav\/wp-json\/wp\/v2\/media\/1751"}],"wp:attachment":[{"href":"https:\/\/www.pedagogie.ac-nice.fr\/casnav\/wp-json\/wp\/v2\/media?parent=1748"}],"wp:term":[{"taxonomy":"category","embeddable":true,"href":"https:\/\/www.pedagogie.ac-nice.fr\/casnav\/wp-json\/wp\/v2\/categories?post=1748"},{"taxonomy":"post_tag","embeddable":true,"href":"https:\/\/www.pedagogie.ac-nice.fr\/casnav\/wp-json\/wp\/v2\/tags?post=1748"}],"curies":[{"name":"wp","href":"https:\/\/api.w.org\/{rel}","templated":true}]}}