{"id":1927,"date":"2025-04-18T22:10:37","date_gmt":"2025-04-18T20:10:37","guid":{"rendered":"https:\/\/www.pedagogie.ac-nice.fr\/casnav\/?p=1927"},"modified":"2025-04-21T15:00:49","modified_gmt":"2025-04-21T13:00:49","slug":"inclure-un-eana-des-ressources-disciplinaires","status":"publish","type":"post","link":"https:\/\/www.pedagogie.ac-nice.fr\/casnav\/inclure-un-eana-des-ressources-disciplinaires\/","title":{"rendered":"Inclure un EANA : Des ressources disciplinaires"},"content":{"rendered":"<p>[et_pb_section fb_built=\u00a0\u00bb1&Prime; _builder_version=\u00a0\u00bb4.27.4&Prime; _module_preset=\u00a0\u00bbdefault\u00a0\u00bb custom_padding=\u00a0\u00bb0px|||||\u00a0\u00bb global_colors_info=\u00a0\u00bb{}\u00a0\u00bb][et_pb_row _builder_version=\u00a0\u00bb4.27.4&Prime; _module_preset=\u00a0\u00bbdefault\u00a0\u00bb custom_padding=\u00a0\u00bb0px|||||\u00a0\u00bb global_colors_info=\u00a0\u00bb{}\u00a0\u00bb][et_pb_column type=\u00a0\u00bb4_4&Prime; _builder_version=\u00a0\u00bb4.27.4&Prime; _module_preset=\u00a0\u00bbdefault\u00a0\u00bb global_colors_info=\u00a0\u00bb{}\u00a0\u00bb][et_pb_text _builder_version=\u00a0\u00bb4.27.4&Prime; _module_preset=\u00a0\u00bbdefault\u00a0\u00bb text_font_size=\u00a0\u00bb16px\u00a0\u00bb hover_enabled=\u00a0\u00bb0&Prime; global_colors_info=\u00a0\u00bb{}\u00a0\u00bb sticky_enabled=\u00a0\u00bb0&Prime;]<\/p>\n<p>Les strag\u00e9gies d&rsquo;accessibilit\u00e9 et d&rsquo;adaptation permettent aux \u00e9l\u00e8ves allophones d&rsquo;acc\u00e9der aux contenus enseign\u00e9s au coll\u00e8ge. Le Casnav propose des formations aux \u00e9quipes p\u00e9dagogiques adapt\u00e9es \u00e0 leurs besoins et \u00e0 leur contexte d&rsquo;enseignement.\u00a0 Pour solliciter une formation d&rsquo;\u00e9tablissement, nous \u00e9crire sur l&rsquo;adresse : <a href=\"mailto:ce.casnav@ac-nice.fr\">ce.casnav@ac-nice.fr<\/a><\/p>\n<p>Ce digipad prolonge nos actions de formation en \u00e9tablissements et pr\u00e9sente des exemples d&rsquo;adaptations accessibles aux EANA scolaris\u00e9s au coll\u00e8ge. Une connaissance pr\u00e9alable de l&rsquo;allophonie, des profils d&rsquo;EANA, et de l&rsquo;acquisition d&rsquo;une langue seconde est pr\u00e9conis\u00e9e pour l&rsquo;appropriation de ces ressources.<\/p>\n<p>[\/et_pb_text][\/et_pb_column][\/et_pb_row][et_pb_row _builder_version=\u00a0\u00bb4.27.4&Prime; _module_preset=\u00a0\u00bbdefault\u00a0\u00bb global_colors_info=\u00a0\u00bb{}\u00a0\u00bb][et_pb_column type=\u00a0\u00bb4_4&Prime; _builder_version=\u00a0\u00bb4.27.4&Prime; _module_preset=\u00a0\u00bbdefault\u00a0\u00bb global_colors_info=\u00a0\u00bb{}\u00a0\u00bb][et_pb_code _builder_version=\u00a0\u00bb4.27.4&Prime; _module_preset=\u00a0\u00bbdefault\u00a0\u00bb global_colors_info=\u00a0\u00bb{}\u00a0\u00bb]<iframe loading=\"lazy\" src=\"https:\/\/digipad.app\/p\/1036078\/38e2cae9b829f\" frameborder=\"0\" width=\"100%\" height=\"500\"><\/iframe>[\/et_pb_code][\/et_pb_column][\/et_pb_row][\/et_pb_section]<\/p>\n","protected":false},"excerpt":{"rendered":"<p>Les strag\u00e9gies d&rsquo;accessibilit\u00e9 et d&rsquo;adaptation permettent aux \u00e9l\u00e8ves allophones d&rsquo;acc\u00e9der aux contenus enseign\u00e9s au coll\u00e8ge. Le Casnav propose des formations aux \u00e9quipes p\u00e9dagogiques adapt\u00e9es \u00e0 leurs besoins et \u00e0 leur contexte d&rsquo;enseignement.\u00a0 Pour solliciter une formation d&rsquo;\u00e9tablissement, nous \u00e9crire sur l&rsquo;adresse : ce.casnav@ac-nice.fr Ce digipad prolonge nos actions de formation en \u00e9tablissements et pr\u00e9sente des [&hellip;]<\/p>\n","protected":false},"author":457,"featured_media":1935,"comment_status":"closed","ping_status":"closed","sticky":false,"template":"","format":"standard","meta":{"_et_pb_use_builder":"on","_et_pb_old_content":"","_et_gb_content_width":"","footnotes":""},"categories":[58,37,63],"tags":[],"class_list":["post-1927","post","type-post","status-publish","format-standard","has-post-thumbnail","hentry","category-enseigner","category-inclure2d-enseigner","category-inclure2d","et-has-post-format-content","et_post_format-et-post-format-standard"],"rttpg_featured_image_url":{"full":["https:\/\/www.pedagogie.ac-nice.fr\/casnav\/wp-content\/uploads\/sites\/67\/2025\/04\/pad-disci.png",739,395,false],"landscape":["https:\/\/www.pedagogie.ac-nice.fr\/casnav\/wp-content\/uploads\/sites\/67\/2025\/04\/pad-disci.png",739,395,false],"portraits":["https:\/\/www.pedagogie.ac-nice.fr\/casnav\/wp-content\/uploads\/sites\/67\/2025\/04\/pad-disci.png",739,395,false],"thumbnail":["https:\/\/www.pedagogie.ac-nice.fr\/casnav\/wp-content\/uploads\/sites\/67\/2025\/04\/pad-disci-150x150.png",150,150,true],"medium":["https:\/\/www.pedagogie.ac-nice.fr\/casnav\/wp-content\/uploads\/sites\/67\/2025\/04\/pad-disci-300x160.png",300,160,true],"large":["https:\/\/www.pedagogie.ac-nice.fr\/casnav\/wp-content\/uploads\/sites\/67\/2025\/04\/pad-disci.png",739,395,false],"1536x1536":["https:\/\/www.pedagogie.ac-nice.fr\/casnav\/wp-content\/uploads\/sites\/67\/2025\/04\/pad-disci.png",739,395,false],"2048x2048":["https:\/\/www.pedagogie.ac-nice.fr\/casnav\/wp-content\/uploads\/sites\/67\/2025\/04\/pad-disci.png",739,395,false],"et-builder-post-main-image":["https:\/\/www.pedagogie.ac-nice.fr\/casnav\/wp-content\/uploads\/sites\/67\/2025\/04\/pad-disci-400x250.png",400,250,true],"et-builder-post-main-image-fullwidth":["https:\/\/www.pedagogie.ac-nice.fr\/casnav\/wp-content\/uploads\/sites\/67\/2025\/04\/pad-disci.png",739,395,false],"et-builder-portfolio-image":["https:\/\/www.pedagogie.ac-nice.fr\/casnav\/wp-content\/uploads\/sites\/67\/2025\/04\/pad-disci-400x284.png",400,284,true],"et-builder-portfolio-image-single":["https:\/\/www.pedagogie.ac-nice.fr\/casnav\/wp-content\/uploads\/sites\/67\/2025\/04\/pad-disci.png",739,395,false],"et-builder-gallery-image-portrait":["https:\/\/www.pedagogie.ac-nice.fr\/casnav\/wp-content\/uploads\/sites\/67\/2025\/04\/pad-disci-400x395.png",400,395,true],"extra-image-huge":["https:\/\/www.pedagogie.ac-nice.fr\/casnav\/wp-content\/uploads\/sites\/67\/2025\/04\/pad-disci.png",739,395,false],"extra-image-single-post":["https:\/\/www.pedagogie.ac-nice.fr\/casnav\/wp-content\/uploads\/sites\/67\/2025\/04\/pad-disci.png",739,395,false],"extra-image-medium":["https:\/\/www.pedagogie.ac-nice.fr\/casnav\/wp-content\/uploads\/sites\/67\/2025\/04\/pad-disci-627x376.png",627,376,true],"extra-image-small":["https:\/\/www.pedagogie.ac-nice.fr\/casnav\/wp-content\/uploads\/sites\/67\/2025\/04\/pad-disci-440x264.png",440,264,true],"extra-image-square-medium":["https:\/\/www.pedagogie.ac-nice.fr\/casnav\/wp-content\/uploads\/sites\/67\/2025\/04\/pad-disci-440x395.png",440,395,true],"extra-image-square-small":["https:\/\/www.pedagogie.ac-nice.fr\/casnav\/wp-content\/uploads\/sites\/67\/2025\/04\/pad-disci-150x150.png",150,150,true],"advps-thumb-one":["https:\/\/www.pedagogie.ac-nice.fr\/casnav\/wp-content\/uploads\/sites\/67\/2025\/04\/pad-disci-600x220.png",600,220,true]},"rttpg_author":{"display_name":"casnav","author_link":"https:\/\/www.pedagogie.ac-nice.fr\/casnav\/author\/casnav\/"},"rttpg_comment":0,"rttpg_category":"<a href=\"https:\/\/www.pedagogie.ac-nice.fr\/casnav\/category\/enseigner\/\" rel=\"category tag\">Enseigner<\/a> <a href=\"https:\/\/www.pedagogie.ac-nice.fr\/casnav\/category\/enseigner\/inclure2d-enseigner\/\" rel=\"category tag\">Inclure dans le 2nd degr\u00e9<\/a> <a href=\"https:\/\/www.pedagogie.ac-nice.fr\/casnav\/category\/enseigner\/inclure2d\/\" rel=\"category tag\">Inclure dans le 2nd degr\u00e9<\/a>","rttpg_excerpt":"Les strag\u00e9gies d'accessibilit\u00e9 et d'adaptation permettent aux \u00e9l\u00e8ves allophones d'acc\u00e9der aux contenus enseign\u00e9s au coll\u00e8ge. Le Casnav propose des formations aux \u00e9quipes p\u00e9dagogiques adapt\u00e9es \u00e0 leurs besoins et \u00e0 leur contexte d'enseignement.\u00a0 Pour solliciter une formation d'\u00e9tablissement, nous \u00e9crire sur l'adresse : ce.casnav@ac-nice.fr Ce digipad prolonge nos actions de formation en \u00e9tablissements et pr\u00e9sente des\u2026","post_mailing_queue_ids":[],"_links":{"self":[{"href":"https:\/\/www.pedagogie.ac-nice.fr\/casnav\/wp-json\/wp\/v2\/posts\/1927","targetHints":{"allow":["GET"]}}],"collection":[{"href":"https:\/\/www.pedagogie.ac-nice.fr\/casnav\/wp-json\/wp\/v2\/posts"}],"about":[{"href":"https:\/\/www.pedagogie.ac-nice.fr\/casnav\/wp-json\/wp\/v2\/types\/post"}],"author":[{"embeddable":true,"href":"https:\/\/www.pedagogie.ac-nice.fr\/casnav\/wp-json\/wp\/v2\/users\/457"}],"replies":[{"embeddable":true,"href":"https:\/\/www.pedagogie.ac-nice.fr\/casnav\/wp-json\/wp\/v2\/comments?post=1927"}],"version-history":[{"count":6,"href":"https:\/\/www.pedagogie.ac-nice.fr\/casnav\/wp-json\/wp\/v2\/posts\/1927\/revisions"}],"predecessor-version":[{"id":2053,"href":"https:\/\/www.pedagogie.ac-nice.fr\/casnav\/wp-json\/wp\/v2\/posts\/1927\/revisions\/2053"}],"wp:featuredmedia":[{"embeddable":true,"href":"https:\/\/www.pedagogie.ac-nice.fr\/casnav\/wp-json\/wp\/v2\/media\/1935"}],"wp:attachment":[{"href":"https:\/\/www.pedagogie.ac-nice.fr\/casnav\/wp-json\/wp\/v2\/media?parent=1927"}],"wp:term":[{"taxonomy":"category","embeddable":true,"href":"https:\/\/www.pedagogie.ac-nice.fr\/casnav\/wp-json\/wp\/v2\/categories?post=1927"},{"taxonomy":"post_tag","embeddable":true,"href":"https:\/\/www.pedagogie.ac-nice.fr\/casnav\/wp-json\/wp\/v2\/tags?post=1927"}],"curies":[{"name":"wp","href":"https:\/\/api.w.org\/{rel}","templated":true}]}}