{"id":2075,"date":"2025-04-23T19:17:24","date_gmt":"2025-04-23T17:17:24","guid":{"rendered":"https:\/\/www.pedagogie.ac-nice.fr\/casnav\/?p=2075"},"modified":"2025-04-24T16:32:53","modified_gmt":"2025-04-24T14:32:53","slug":"japi-temoignages-denseignants","status":"publish","type":"post","link":"https:\/\/www.pedagogie.ac-nice.fr\/casnav\/japi-temoignages-denseignants\/","title":{"rendered":"Japi&rsquo; : T\u00e9moignages d&rsquo;enseignantes"},"content":{"rendered":"<p>[et_pb_section fb_built=\u00a0\u00bb1&Prime; _builder_version=\u00a0\u00bb4.27.4&Prime; _module_preset=\u00a0\u00bbdefault\u00a0\u00bb global_colors_info=\u00a0\u00bb{}\u00a0\u00bb][et_pb_row _builder_version=\u00a0\u00bb4.27.4&Prime; _module_preset=\u00a0\u00bbdefault\u00a0\u00bb min_height=\u00a0\u00bb111.7px\u00a0\u00bb custom_margin=\u00a0\u00bb-71px|auto|-34px|auto||\u00a0\u00bb custom_padding=\u00a0\u00bb0px||0px|||\u00a0\u00bb global_colors_info=\u00a0\u00bb{}\u00a0\u00bb][et_pb_column type=\u00a0\u00bb4_4&Prime; _builder_version=\u00a0\u00bb4.27.4&Prime; _module_preset=\u00a0\u00bbdefault\u00a0\u00bb global_colors_info=\u00a0\u00bb{}\u00a0\u00bb][et_pb_text _builder_version=\u00a0\u00bb4.27.4&Prime; _module_preset=\u00a0\u00bbdefault\u00a0\u00bb text_font_size=\u00a0\u00bb16px\u00a0\u00bb custom_margin=\u00a0\u00bb-19px|||||\u00a0\u00bb hover_enabled=\u00a0\u00bb0&Prime; global_colors_info=\u00a0\u00bb{}\u00a0\u00bb sticky_enabled=\u00a0\u00bb0&Prime;]<\/p>\n<p>En direct de la Journ\u00e9e acad\u00e9mique p\u00e9dagogie et innovation \u00ab\u00a0<a href=\"https:\/\/www.ac-nice.fr\/japi\" target=\"_blank\" rel=\"noopener\">Japi<\/a>&lsquo;\u00a0\u00bb port\u00e9e par la <a href=\"https:\/\/www.pedagogie.ac-nice.fr\/cardie\/\" title=\"c\">CARDIE<\/a> et l&rsquo;EAFC, nous avons recueilli des t\u00e9moignages d&rsquo;enseignantes sur l&rsquo;appropriation par les \u00e9l\u00e8ves allophones des projets propos\u00e9s en classe.<\/p>\n<p>[\/et_pb_text][\/et_pb_column][\/et_pb_row][et_pb_row column_structure=\u00a0\u00bb1_2,1_2&Prime; _builder_version=\u00a0\u00bb4.27.4&Prime; _module_preset=\u00a0\u00bbdefault\u00a0\u00bb custom_padding=\u00a0\u00bb0px||64px|||\u00a0\u00bb global_colors_info=\u00a0\u00bb{}\u00a0\u00bb][et_pb_column type=\u00a0\u00bb1_2&Prime; _builder_version=\u00a0\u00bb4.27.4&Prime; _module_preset=\u00a0\u00bbdefault\u00a0\u00bb global_colors_info=\u00a0\u00bb{}\u00a0\u00bb][et_pb_audio audio=\u00a0\u00bbhttp:\/\/www.pedagogie.ac-nice.fr\/casnav\/wp-content\/uploads\/sites\/67\/2025\/04\/Geraldine-bonnard-chalet-des-roses.MP3.mp3&Prime; title=\u00a0\u00bbComment la radio mobile a d\u00e9clench\u00e9 la parole d&rsquo;un \u00e9l\u00e8ve allophone\u00a0\u00bb artist_name=\u00a0\u00bbG\u00e9raldine Bonnard\u00a0\u00bb _builder_version=\u00a0\u00bb4.27.4&Prime; _module_preset=\u00a0\u00bbdefault\u00a0\u00bb custom_margin=\u00a0\u00bb43px|||||\u00a0\u00bb global_colors_info=\u00a0\u00bb{}\u00a0\u00bb][\/et_pb_audio][et_pb_text _builder_version=\u00a0\u00bb4.27.4&Prime; _module_preset=\u00a0\u00bbdefault\u00a0\u00bb text_font_size=\u00a0\u00bb16px\u00a0\u00bb custom_padding=\u00a0\u00bb47px||32px|||\u00a0\u00bb global_colors_info=\u00a0\u00bb{}\u00a0\u00bb]<\/p>\n<p>G\u00e9raldine Bonnard, enseignante en petite section \u00e0 l&rsquo;\u00e9cole maternelle Chalet des roses de Nice, raconte comment un \u00e9l\u00e8ve allophone de se classe a pu dire ses premiers mots en s&#8217;emparant de la radio mobile de la classe.<\/p>\n<p>[\/et_pb_text][\/et_pb_column][et_pb_column type=\u00a0\u00bb1_2&Prime; _builder_version=\u00a0\u00bb4.27.4&Prime; _module_preset=\u00a0\u00bbdefault\u00a0\u00bb global_colors_info=\u00a0\u00bb{}\u00a0\u00bb][et_pb_image src=\u00a0\u00bbhttp:\/\/www.pedagogie.ac-nice.fr\/casnav\/wp-content\/uploads\/sites\/67\/2025\/04\/G.-Bonnard-radio-mobile.jpg\u00a0\u00bb title_text=\u00a0\u00bbG. Bonnard radio mobile\u00a0\u00bb _builder_version=\u00a0\u00bb4.27.4&Prime; _module_preset=\u00a0\u00bbdefault\u00a0\u00bb custom_padding=\u00a0\u00bb|||53px||\u00a0\u00bb global_colors_info=\u00a0\u00bb{}\u00a0\u00bb][\/et_pb_image][\/et_pb_column][\/et_pb_row][et_pb_row column_structure=\u00a0\u00bb1_2,1_2&Prime; _builder_version=\u00a0\u00bb4.27.4&Prime; _module_preset=\u00a0\u00bbdefault\u00a0\u00bb min_height=\u00a0\u00bb130.2px\u00a0\u00bb global_colors_info=\u00a0\u00bb{}\u00a0\u00bb][et_pb_column type=\u00a0\u00bb1_2&Prime; _builder_version=\u00a0\u00bb4.27.4&Prime; _module_preset=\u00a0\u00bbdefault\u00a0\u00bb global_colors_info=\u00a0\u00bb{}\u00a0\u00bb][et_pb_image src=\u00a0\u00bbhttp:\/\/www.pedagogie.ac-nice.fr\/casnav\/wp-content\/uploads\/sites\/67\/2025\/04\/robotique-1024&#215;754.jpg\u00a0\u00bb title_text=\u00a0\u00bbrobotique\u00a0\u00bb _builder_version=\u00a0\u00bb4.27.4&Prime; _module_preset=\u00a0\u00bbdefault\u00a0\u00bb global_colors_info=\u00a0\u00bb{}\u00a0\u00bb][\/et_pb_image][et_pb_text _builder_version=\u00a0\u00bb4.27.4&Prime; _module_preset=\u00a0\u00bbdefault\u00a0\u00bb text_font_size=\u00a0\u00bb12px\u00a0\u00bb global_colors_info=\u00a0\u00bb{}\u00a0\u00bb]<\/p>\n<p>C\u00e9cile Delorme, enseignante en maternelle, Fabienne Tahon, Atsem, et Natacha Heitmann-Costa, directrice et enseignante en cycle 3.<\/p>\n<p>[\/et_pb_text][\/et_pb_column][et_pb_column type=\u00a0\u00bb1_2&Prime; _builder_version=\u00a0\u00bb4.27.4&Prime; _module_preset=\u00a0\u00bbdefault\u00a0\u00bb global_colors_info=\u00a0\u00bb{}\u00a0\u00bb][et_pb_audio audio=\u00a0\u00bbhttp:\/\/www.pedagogie.ac-nice.fr\/casnav\/wp-content\/uploads\/sites\/67\/2025\/04\/projet-robotique.mp3&Prime; title=\u00a0\u00bbTrouver sa place avec la robotique\u00a0\u00bb artist_name=\u00a0\u00bbNatacha Heitmann-Costa\u00a0\u00bb _builder_version=\u00a0\u00bb4.27.4&Prime; _module_preset=\u00a0\u00bbdefault\u00a0\u00bb global_colors_info=\u00a0\u00bb{}\u00a0\u00bb][\/et_pb_audio][et_pb_text _builder_version=\u00a0\u00bb4.27.4&Prime; _module_preset=\u00a0\u00bbdefault\u00a0\u00bb text_font_size=\u00a0\u00bb16px\u00a0\u00bb global_colors_info=\u00a0\u00bb{}\u00a0\u00bb]<\/p>\n<p>Natacha Heitmann- Costa, directrice et enseignante de cycle 3 \u00e0 l&rsquo;\u00e9cole Claude Durand de Hyeres, t\u00e9moigne des progr\u00e8s d&rsquo;un \u00e9l\u00e8ve allophone en situation de handicap au cours d&rsquo;un projet interdisciplinaire autour du monde sous-marin, et tout particuli\u00e8rement gr\u00e2ce aux activit\u00e9s de programmation robotique.<\/p>\n<p>[\/et_pb_text][\/et_pb_column][\/et_pb_row][\/et_pb_section]<\/p>\n","protected":false},"excerpt":{"rendered":"<p>En direct de la journ\u00e9e de l&rsquo;innovation p\u00e9dagogie et innovation : des t\u00e9moignages d&rsquo;enseignantes <\/p>\n","protected":false},"author":457,"featured_media":2092,"comment_status":"closed","ping_status":"closed","sticky":false,"template":"","format":"standard","meta":{"_et_pb_use_builder":"on","_et_pb_old_content":"","_et_gb_content_width":"","footnotes":""},"categories":[36,41],"tags":[],"class_list":["post-2075","post","type-post","status-publish","format-standard","has-post-thumbnail","hentry","category-inclure1d","category-projets","et-has-post-format-content","et_post_format-et-post-format-standard"],"rttpg_featured_image_url":{"full":["https:\/\/www.pedagogie.ac-nice.fr\/casnav\/wp-content\/uploads\/sites\/67\/2025\/04\/radio-mobile.jpg",1761,1365,false],"landscape":["https:\/\/www.pedagogie.ac-nice.fr\/casnav\/wp-content\/uploads\/sites\/67\/2025\/04\/radio-mobile.jpg",1761,1365,false],"portraits":["https:\/\/www.pedagogie.ac-nice.fr\/casnav\/wp-content\/uploads\/sites\/67\/2025\/04\/radio-mobile.jpg",1761,1365,false],"thumbnail":["https:\/\/www.pedagogie.ac-nice.fr\/casnav\/wp-content\/uploads\/sites\/67\/2025\/04\/radio-mobile-150x150.jpg",150,150,true],"medium":["https:\/\/www.pedagogie.ac-nice.fr\/casnav\/wp-content\/uploads\/sites\/67\/2025\/04\/radio-mobile-300x233.jpg",300,233,true],"large":["https:\/\/www.pedagogie.ac-nice.fr\/casnav\/wp-content\/uploads\/sites\/67\/2025\/04\/radio-mobile-1024x794.jpg",1024,794,true],"1536x1536":["https:\/\/www.pedagogie.ac-nice.fr\/casnav\/wp-content\/uploads\/sites\/67\/2025\/04\/radio-mobile-1536x1191.jpg",1536,1191,true],"2048x2048":["https:\/\/www.pedagogie.ac-nice.fr\/casnav\/wp-content\/uploads\/sites\/67\/2025\/04\/radio-mobile.jpg",1761,1365,false],"et-builder-post-main-image":["https:\/\/www.pedagogie.ac-nice.fr\/casnav\/wp-content\/uploads\/sites\/67\/2025\/04\/radio-mobile-400x250.jpg",400,250,true],"et-builder-post-main-image-fullwidth":["https:\/\/www.pedagogie.ac-nice.fr\/casnav\/wp-content\/uploads\/sites\/67\/2025\/04\/radio-mobile-1080x675.jpg",1080,675,true],"et-builder-portfolio-image":["https:\/\/www.pedagogie.ac-nice.fr\/casnav\/wp-content\/uploads\/sites\/67\/2025\/04\/radio-mobile-400x284.jpg",400,284,true],"et-builder-portfolio-image-single":["https:\/\/www.pedagogie.ac-nice.fr\/casnav\/wp-content\/uploads\/sites\/67\/2025\/04\/radio-mobile-1080x837.jpg",1080,837,true],"et-builder-gallery-image-portrait":["https:\/\/www.pedagogie.ac-nice.fr\/casnav\/wp-content\/uploads\/sites\/67\/2025\/04\/radio-mobile-400x516.jpg",400,516,true],"extra-image-huge":["https:\/\/www.pedagogie.ac-nice.fr\/casnav\/wp-content\/uploads\/sites\/67\/2025\/04\/radio-mobile-1280x768.jpg",1280,768,true],"extra-image-single-post":["https:\/\/www.pedagogie.ac-nice.fr\/casnav\/wp-content\/uploads\/sites\/67\/2025\/04\/radio-mobile-1280x640.jpg",1280,640,true],"extra-image-medium":["https:\/\/www.pedagogie.ac-nice.fr\/casnav\/wp-content\/uploads\/sites\/67\/2025\/04\/radio-mobile-627x376.jpg",627,376,true],"extra-image-small":["https:\/\/www.pedagogie.ac-nice.fr\/casnav\/wp-content\/uploads\/sites\/67\/2025\/04\/radio-mobile-440x264.jpg",440,264,true],"extra-image-square-medium":["https:\/\/www.pedagogie.ac-nice.fr\/casnav\/wp-content\/uploads\/sites\/67\/2025\/04\/radio-mobile-440x440.jpg",440,440,true],"extra-image-square-small":["https:\/\/www.pedagogie.ac-nice.fr\/casnav\/wp-content\/uploads\/sites\/67\/2025\/04\/radio-mobile-150x150.jpg",150,150,true],"advps-thumb-one":["https:\/\/www.pedagogie.ac-nice.fr\/casnav\/wp-content\/uploads\/sites\/67\/2025\/04\/radio-mobile-600x220.jpg",600,220,true]},"rttpg_author":{"display_name":"casnav","author_link":"https:\/\/www.pedagogie.ac-nice.fr\/casnav\/author\/casnav\/"},"rttpg_comment":0,"rttpg_category":"<a href=\"https:\/\/www.pedagogie.ac-nice.fr\/casnav\/category\/enseigner\/enseigner-1d\/inclure1d\/\" rel=\"category tag\">Inclure dans le 1er degr\u00e9<\/a> <a href=\"https:\/\/www.pedagogie.ac-nice.fr\/casnav\/category\/projets\/\" rel=\"category tag\">projets<\/a>","rttpg_excerpt":"En direct de la journ\u00e9e de l'innovation p\u00e9dagogie et innovation : des t\u00e9moignages d'enseignantes","post_mailing_queue_ids":[],"_links":{"self":[{"href":"https:\/\/www.pedagogie.ac-nice.fr\/casnav\/wp-json\/wp\/v2\/posts\/2075","targetHints":{"allow":["GET"]}}],"collection":[{"href":"https:\/\/www.pedagogie.ac-nice.fr\/casnav\/wp-json\/wp\/v2\/posts"}],"about":[{"href":"https:\/\/www.pedagogie.ac-nice.fr\/casnav\/wp-json\/wp\/v2\/types\/post"}],"author":[{"embeddable":true,"href":"https:\/\/www.pedagogie.ac-nice.fr\/casnav\/wp-json\/wp\/v2\/users\/457"}],"replies":[{"embeddable":true,"href":"https:\/\/www.pedagogie.ac-nice.fr\/casnav\/wp-json\/wp\/v2\/comments?post=2075"}],"version-history":[{"count":19,"href":"https:\/\/www.pedagogie.ac-nice.fr\/casnav\/wp-json\/wp\/v2\/posts\/2075\/revisions"}],"predecessor-version":[{"id":2115,"href":"https:\/\/www.pedagogie.ac-nice.fr\/casnav\/wp-json\/wp\/v2\/posts\/2075\/revisions\/2115"}],"wp:featuredmedia":[{"embeddable":true,"href":"https:\/\/www.pedagogie.ac-nice.fr\/casnav\/wp-json\/wp\/v2\/media\/2092"}],"wp:attachment":[{"href":"https:\/\/www.pedagogie.ac-nice.fr\/casnav\/wp-json\/wp\/v2\/media?parent=2075"}],"wp:term":[{"taxonomy":"category","embeddable":true,"href":"https:\/\/www.pedagogie.ac-nice.fr\/casnav\/wp-json\/wp\/v2\/categories?post=2075"},{"taxonomy":"post_tag","embeddable":true,"href":"https:\/\/www.pedagogie.ac-nice.fr\/casnav\/wp-json\/wp\/v2\/tags?post=2075"}],"curies":[{"name":"wp","href":"https:\/\/api.w.org\/{rel}","templated":true}]}}