{"id":2118,"date":"2025-05-09T13:16:48","date_gmt":"2025-05-09T11:16:48","guid":{"rendered":"https:\/\/www.pedagogie.ac-nice.fr\/casnav\/?p=2118"},"modified":"2025-05-09T13:20:52","modified_gmt":"2025-05-09T11:20:52","slug":"manufacto","status":"publish","type":"post","link":"https:\/\/www.pedagogie.ac-nice.fr\/casnav\/manufacto\/","title":{"rendered":"Projet Manufacto : les m\u00e9tiers de l&rsquo;artisanat"},"content":{"rendered":"<p>[et_pb_section fb_built=\u00a0\u00bb1&Prime; _builder_version=\u00a0\u00bb4.27.4&Prime; _module_preset=\u00a0\u00bbdefault\u00a0\u00bb global_colors_info=\u00a0\u00bb{}\u00a0\u00bb][et_pb_row _builder_version=\u00a0\u00bb4.27.4&Prime; _module_preset=\u00a0\u00bbdefault\u00a0\u00bb custom_margin=\u00a0\u00bb-86px|auto||auto||\u00a0\u00bb global_colors_info=\u00a0\u00bb{}\u00a0\u00bb][et_pb_column type=\u00a0\u00bb4_4&Prime; _builder_version=\u00a0\u00bb4.27.4&Prime; _module_preset=\u00a0\u00bbdefault\u00a0\u00bb global_colors_info=\u00a0\u00bb{}\u00a0\u00bb][et_pb_text _builder_version=\u00a0\u00bb4.27.4&Prime; _module_preset=\u00a0\u00bbdefault\u00a0\u00bb text_font_size=\u00a0\u00bb16px\u00a0\u00bb custom_padding=\u00a0\u00bb30px|||||\u00a0\u00bb global_colors_info=\u00a0\u00bb{}\u00a0\u00bb]<\/p>\n<p>Les \u00e9l\u00e8ves allophones du coll\u00e8ge Genevoix \u00e0 Toulon ont particip\u00e9 au projet Manufacto, projet soutenu par la Fondation d\u2019Entreprise Herm\u00e8s, les Compagnons du Devoir et la Villa Noailles \u00e0 Hy\u00e8res. Ils ont pu fabriquer un vide-poche en pl\u00e2tre sous la houlette de Jean- Michel Martinez, artisan pl\u00e2trier. Le projet a \u00e9galement permis de d\u00e9couvrir le ch\u00e2teau Peiresc \u00e0 Belgentier et de visiter le chantier de r\u00e9habilitation des stucs auquel participe M. Martinez. Les cr\u00e9ations des \u00e9l\u00e8ves seront expos\u00e9es \u00e0 la Villa Noailles du 2 au 5 juin 2025. Nous saluons cette belle initiative de Sandrine Cousin, professeure en UPE2A, ayant permis d\u2019exp\u00e9rimenter la langue \u00e0 travers des ateliers de cr\u00e9ations, de faire d\u00e9couvrir les m\u00e9tiers de l\u2019artisanat et d\u2019\u00e9veiller, chez certains, des vocations.<\/p>\n<p>[\/et_pb_text][\/et_pb_column][\/et_pb_row][et_pb_row column_structure=\u00a0\u00bb2_3,1_3&Prime; _builder_version=\u00a0\u00bb4.27.4&Prime; _module_preset=\u00a0\u00bbdefault\u00a0\u00bb global_colors_info=\u00a0\u00bb{}\u00a0\u00bb][et_pb_column type=\u00a0\u00bb2_3&Prime; _builder_version=\u00a0\u00bb4.27.4&Prime; _module_preset=\u00a0\u00bbdefault\u00a0\u00bb global_colors_info=\u00a0\u00bb{}\u00a0\u00bb][et_pb_code _builder_version=\u00a0\u00bb4.27.4&Prime; _module_preset=\u00a0\u00bbdefault\u00a0\u00bb global_colors_info=\u00a0\u00bb{}\u00a0\u00bb]<iframe loading=\"lazy\" src=\"https:\/\/podeduc.apps.education.fr\/video\/92064-manufacto-2025-genevoixmp4\/c4301694c1ec6dfb6b3f17548452fd10c42b8362f07fb90bff767a9619a95cd8\/?is_iframe=true\" width=\"640\" height=\"360\" style=\"padding: 0; margin: 0; border:0\" allowfullscreen title=\"MANUFACTO 2025 GENEVOIX.mp4\" ><\/iframe>[\/et_pb_code][\/et_pb_column][et_pb_column type=\u00a0\u00bb1_3&Prime; _builder_version=\u00a0\u00bb4.27.4&Prime; _module_preset=\u00a0\u00bbdefault\u00a0\u00bb global_colors_info=\u00a0\u00bb{}\u00a0\u00bb][et_pb_button button_url=\u00a0\u00bbhttps:\/\/www.fondationdentreprisehermes.org\/fr\/programme\/manufacto\u00a0\u00bb url_new_window=\u00a0\u00bbon\u00a0\u00bb button_text=\u00a0\u00bbEn savoir plus sur le projet Manufacto\u00a0\u00bb _builder_version=\u00a0\u00bb4.27.4&Prime; _module_preset=\u00a0\u00bbdefault\u00a0\u00bb custom_button=\u00a0\u00bbon\u00a0\u00bb button_text_color=\u00a0\u00bb#1FE0BA\u00a0\u00bb global_colors_info=\u00a0\u00bb{}\u00a0\u00bb][\/et_pb_button][\/et_pb_column][\/et_pb_row][\/et_pb_section]<\/p>\n","protected":false},"excerpt":{"rendered":"<p>Le dispositif UPE2A du coll\u00e8ge Genevoix exp\u00e9rimente le projet Manufacto, une sensibilisation aux m\u00e9tiers de la main en milieu scolaire<\/p>\n","protected":false},"author":457,"featured_media":2135,"comment_status":"closed","ping_status":"closed","sticky":false,"template":"","format":"standard","meta":{"_et_pb_use_builder":"on","_et_pb_old_content":"","_et_gb_content_width":"","footnotes":""},"categories":[41],"tags":[68,66,67,65],"class_list":["post-2118","post","type-post","status-publish","format-standard","has-post-thumbnail","hentry","category-projets","tag-art","tag-artisan","tag-metier","tag-orientation","et-has-post-format-content","et_post_format-et-post-format-standard"],"rttpg_featured_image_url":{"full":["https:\/\/www.pedagogie.ac-nice.fr\/casnav\/wp-content\/uploads\/sites\/67\/2025\/05\/img-manufacto.png",673,580,false],"landscape":["https:\/\/www.pedagogie.ac-nice.fr\/casnav\/wp-content\/uploads\/sites\/67\/2025\/05\/img-manufacto.png",673,580,false],"portraits":["https:\/\/www.pedagogie.ac-nice.fr\/casnav\/wp-content\/uploads\/sites\/67\/2025\/05\/img-manufacto.png",673,580,false],"thumbnail":["https:\/\/www.pedagogie.ac-nice.fr\/casnav\/wp-content\/uploads\/sites\/67\/2025\/05\/img-manufacto-150x150.png",150,150,true],"medium":["https:\/\/www.pedagogie.ac-nice.fr\/casnav\/wp-content\/uploads\/sites\/67\/2025\/05\/img-manufacto-300x259.png",300,259,true],"large":["https:\/\/www.pedagogie.ac-nice.fr\/casnav\/wp-content\/uploads\/sites\/67\/2025\/05\/img-manufacto.png",673,580,false],"1536x1536":["https:\/\/www.pedagogie.ac-nice.fr\/casnav\/wp-content\/uploads\/sites\/67\/2025\/05\/img-manufacto.png",673,580,false],"2048x2048":["https:\/\/www.pedagogie.ac-nice.fr\/casnav\/wp-content\/uploads\/sites\/67\/2025\/05\/img-manufacto.png",673,580,false],"et-builder-post-main-image":["https:\/\/www.pedagogie.ac-nice.fr\/casnav\/wp-content\/uploads\/sites\/67\/2025\/05\/img-manufacto-400x250.png",400,250,true],"et-builder-post-main-image-fullwidth":["https:\/\/www.pedagogie.ac-nice.fr\/casnav\/wp-content\/uploads\/sites\/67\/2025\/05\/img-manufacto.png",673,580,false],"et-builder-portfolio-image":["https:\/\/www.pedagogie.ac-nice.fr\/casnav\/wp-content\/uploads\/sites\/67\/2025\/05\/img-manufacto-400x284.png",400,284,true],"et-builder-portfolio-image-single":["https:\/\/www.pedagogie.ac-nice.fr\/casnav\/wp-content\/uploads\/sites\/67\/2025\/05\/img-manufacto.png",673,580,false],"et-builder-gallery-image-portrait":["https:\/\/www.pedagogie.ac-nice.fr\/casnav\/wp-content\/uploads\/sites\/67\/2025\/05\/img-manufacto-400x516.png",400,516,true],"extra-image-huge":["https:\/\/www.pedagogie.ac-nice.fr\/casnav\/wp-content\/uploads\/sites\/67\/2025\/05\/img-manufacto.png",673,580,false],"extra-image-single-post":["https:\/\/www.pedagogie.ac-nice.fr\/casnav\/wp-content\/uploads\/sites\/67\/2025\/05\/img-manufacto.png",673,580,false],"extra-image-medium":["https:\/\/www.pedagogie.ac-nice.fr\/casnav\/wp-content\/uploads\/sites\/67\/2025\/05\/img-manufacto-627x376.png",627,376,true],"extra-image-small":["https:\/\/www.pedagogie.ac-nice.fr\/casnav\/wp-content\/uploads\/sites\/67\/2025\/05\/img-manufacto-440x264.png",440,264,true],"extra-image-square-medium":["https:\/\/www.pedagogie.ac-nice.fr\/casnav\/wp-content\/uploads\/sites\/67\/2025\/05\/img-manufacto-440x440.png",440,440,true],"extra-image-square-small":["https:\/\/www.pedagogie.ac-nice.fr\/casnav\/wp-content\/uploads\/sites\/67\/2025\/05\/img-manufacto-150x150.png",150,150,true],"advps-thumb-one":["https:\/\/www.pedagogie.ac-nice.fr\/casnav\/wp-content\/uploads\/sites\/67\/2025\/05\/img-manufacto-600x220.png",600,220,true]},"rttpg_author":{"display_name":"casnav","author_link":"https:\/\/www.pedagogie.ac-nice.fr\/casnav\/author\/casnav\/"},"rttpg_comment":0,"rttpg_category":"<a href=\"https:\/\/www.pedagogie.ac-nice.fr\/casnav\/category\/projets\/\" rel=\"category tag\">projets<\/a>","rttpg_excerpt":"Le dispositif UPE2A du coll\u00e8ge Genevoix exp\u00e9rimente le projet Manufacto, une sensibilisation aux m\u00e9tiers de la main en milieu scolaire","post_mailing_queue_ids":[],"_links":{"self":[{"href":"https:\/\/www.pedagogie.ac-nice.fr\/casnav\/wp-json\/wp\/v2\/posts\/2118","targetHints":{"allow":["GET"]}}],"collection":[{"href":"https:\/\/www.pedagogie.ac-nice.fr\/casnav\/wp-json\/wp\/v2\/posts"}],"about":[{"href":"https:\/\/www.pedagogie.ac-nice.fr\/casnav\/wp-json\/wp\/v2\/types\/post"}],"author":[{"embeddable":true,"href":"https:\/\/www.pedagogie.ac-nice.fr\/casnav\/wp-json\/wp\/v2\/users\/457"}],"replies":[{"embeddable":true,"href":"https:\/\/www.pedagogie.ac-nice.fr\/casnav\/wp-json\/wp\/v2\/comments?post=2118"}],"version-history":[{"count":8,"href":"https:\/\/www.pedagogie.ac-nice.fr\/casnav\/wp-json\/wp\/v2\/posts\/2118\/revisions"}],"predecessor-version":[{"id":2144,"href":"https:\/\/www.pedagogie.ac-nice.fr\/casnav\/wp-json\/wp\/v2\/posts\/2118\/revisions\/2144"}],"wp:featuredmedia":[{"embeddable":true,"href":"https:\/\/www.pedagogie.ac-nice.fr\/casnav\/wp-json\/wp\/v2\/media\/2135"}],"wp:attachment":[{"href":"https:\/\/www.pedagogie.ac-nice.fr\/casnav\/wp-json\/wp\/v2\/media?parent=2118"}],"wp:term":[{"taxonomy":"category","embeddable":true,"href":"https:\/\/www.pedagogie.ac-nice.fr\/casnav\/wp-json\/wp\/v2\/categories?post=2118"},{"taxonomy":"post_tag","embeddable":true,"href":"https:\/\/www.pedagogie.ac-nice.fr\/casnav\/wp-json\/wp\/v2\/tags?post=2118"}],"curies":[{"name":"wp","href":"https:\/\/api.w.org\/{rel}","templated":true}]}}