{"id":1193,"date":"2020-07-18T22:41:30","date_gmt":"2020-07-18T20:41:30","guid":{"rendered":"https:\/\/www.pedagogie.ac-nice.fr\/cpe\/?p=1193"},"modified":"2020-07-18T22:41:30","modified_gmt":"2020-07-18T20:41:30","slug":"actions-en-faveur-de-lecole-inclusive","status":"publish","type":"post","link":"https:\/\/www.pedagogie.ac-nice.fr\/cpe\/2020\/07\/18\/actions-en-faveur-de-lecole-inclusive\/","title":{"rendered":"Actions en faveur de l\u2019Ecole inclusive"},"content":{"rendered":"<p>La rentr\u00e9e 2020 sera plac\u00e9e sous le signe de l&rsquo;appui aux familles, du renforcement des moyens au sein de l&rsquo;\u00e9cole et d&rsquo;une collaboration accrue avec le secteur sp\u00e9cialis\u00e9 m\u00e9dico-social.<\/p>\n<p>Des moyens suppl\u00e9mentaires seront mobilis\u00e9s pour le d\u00e9ploiement du service public de l&rsquo;\u00c9cole inclusive.<\/p>\n<p><a href=\"https:\/\/www.education.gouv.fr\/ecole-inclusive-comite-national-de-suivi-du-30-juin-2020-305083\">Comit\u00e9 national de suivi de l\u2019Ecole inclusive du 30 juin 2020<\/a><\/p>\n<p>&nbsp;<\/p>\n<p>&nbsp;<\/p>\n","protected":false},"excerpt":{"rendered":"<p>La rentr\u00e9e 2020 sera plac\u00e9e sous le signe de l&rsquo;appui aux familles, du renforcement des moyens au sein de l&rsquo;\u00e9cole et d&rsquo;une collaboration accrue avec le secteur sp\u00e9cialis\u00e9 m\u00e9dico-social. Des moyens suppl\u00e9mentaires seront mobilis\u00e9s pour le d\u00e9ploiement du service public de l&rsquo;\u00c9cole inclusive. Comit\u00e9 national de suivi de l\u2019Ecole inclusive du 30 juin 2020 &nbsp; [&hellip;]<\/p>\n","protected":false},"author":147,"featured_media":0,"comment_status":"closed","ping_status":"closed","sticky":false,"template":"","format":"standard","meta":{"_et_pb_use_builder":"","_et_pb_old_content":"","_et_gb_content_width":"","ngg_post_thumbnail":0,"footnotes":""},"categories":[60,64,69,67,28,47,21],"tags":[],"class_list":["post-1193","post","type-post","status-publish","format-standard","hentry","category-aed","category-contractuels","category-cpe-entrant-dans-le-metier","category-nationales","category-parcours-de-leleve","category-parcours-sante","category-ressources-numeriques","et-doesnt-have-format-content","et_post_format-et-post-format-standard"],"rttpg_featured_image_url":null,"rttpg_author":{"display_name":"Patrick Martini","author_link":"https:\/\/www.pedagogie.ac-nice.fr\/cpe\/author\/patrickmartini\/"},"rttpg_comment":0,"rttpg_category":"<a href=\"https:\/\/www.pedagogie.ac-nice.fr\/cpe\/category\/aed\/\" rel=\"category tag\">AED<\/a> <a href=\"https:\/\/www.pedagogie.ac-nice.fr\/cpe\/category\/contractuels\/\" rel=\"category tag\">Contractuels<\/a> <a href=\"https:\/\/www.pedagogie.ac-nice.fr\/cpe\/category\/cpe-entrant-dans-le-metier\/\" rel=\"category tag\">CPE entrant dans le m\u00e9tier<\/a> <a href=\"https:\/\/www.pedagogie.ac-nice.fr\/cpe\/category\/nationales\/\" rel=\"category tag\">Nationales<\/a> <a href=\"https:\/\/www.pedagogie.ac-nice.fr\/cpe\/category\/parcours-de-leleve\/\" rel=\"category tag\">Parcours de l'\u00e9l\u00e8ve<\/a> <a href=\"https:\/\/www.pedagogie.ac-nice.fr\/cpe\/category\/parcours-de-leleve\/parcours-sante\/\" rel=\"category tag\">Parcours \u00e9ducatif de sant\u00e9<\/a> <a href=\"https:\/\/www.pedagogie.ac-nice.fr\/cpe\/category\/ressources-numeriques\/\" rel=\"category tag\">Ressources<\/a>","rttpg_excerpt":"La rentr\u00e9e 2020 sera plac\u00e9e sous le signe de l&rsquo;appui aux familles, du renforcement des moyens au sein de l&rsquo;\u00e9cole et d&rsquo;une collaboration accrue avec le secteur sp\u00e9cialis\u00e9 m\u00e9dico-social. Des moyens suppl\u00e9mentaires seront mobilis\u00e9s pour le d\u00e9ploiement du service public de l&rsquo;\u00c9cole inclusive. Comit\u00e9 national de suivi de l\u2019Ecole inclusive du 30 juin 2020 &nbsp;\u2026","post_mailing_queue_ids":[],"_links":{"self":[{"href":"https:\/\/www.pedagogie.ac-nice.fr\/cpe\/wp-json\/wp\/v2\/posts\/1193","targetHints":{"allow":["GET"]}}],"collection":[{"href":"https:\/\/www.pedagogie.ac-nice.fr\/cpe\/wp-json\/wp\/v2\/posts"}],"about":[{"href":"https:\/\/www.pedagogie.ac-nice.fr\/cpe\/wp-json\/wp\/v2\/types\/post"}],"author":[{"embeddable":true,"href":"https:\/\/www.pedagogie.ac-nice.fr\/cpe\/wp-json\/wp\/v2\/users\/147"}],"replies":[{"embeddable":true,"href":"https:\/\/www.pedagogie.ac-nice.fr\/cpe\/wp-json\/wp\/v2\/comments?post=1193"}],"version-history":[{"count":1,"href":"https:\/\/www.pedagogie.ac-nice.fr\/cpe\/wp-json\/wp\/v2\/posts\/1193\/revisions"}],"predecessor-version":[{"id":1194,"href":"https:\/\/www.pedagogie.ac-nice.fr\/cpe\/wp-json\/wp\/v2\/posts\/1193\/revisions\/1194"}],"wp:attachment":[{"href":"https:\/\/www.pedagogie.ac-nice.fr\/cpe\/wp-json\/wp\/v2\/media?parent=1193"}],"wp:term":[{"taxonomy":"category","embeddable":true,"href":"https:\/\/www.pedagogie.ac-nice.fr\/cpe\/wp-json\/wp\/v2\/categories?post=1193"},{"taxonomy":"post_tag","embeddable":true,"href":"https:\/\/www.pedagogie.ac-nice.fr\/cpe\/wp-json\/wp\/v2\/tags?post=1193"}],"curies":[{"name":"wp","href":"https:\/\/api.w.org\/{rel}","templated":true}]}}