{"id":1392,"date":"2021-01-21T23:36:06","date_gmt":"2021-01-21T22:36:06","guid":{"rendered":"https:\/\/www.pedagogie.ac-nice.fr\/cpe\/?p=1392"},"modified":"2021-01-21T23:36:06","modified_gmt":"2021-01-21T22:36:06","slug":"renforcement-des-mesures-sanitaires-dans-les-ecoles-et-etablissements-scolaires","status":"publish","type":"post","link":"https:\/\/www.pedagogie.ac-nice.fr\/cpe\/2021\/01\/21\/renforcement-des-mesures-sanitaires-dans-les-ecoles-et-etablissements-scolaires\/","title":{"rendered":"Renforcement des mesures sanitaires dans les \u00e9coles et \u00e9tablissements scolaires"},"content":{"rendered":"<p>Afin de faire largement conna\u00eetre aux personnels et aux \u00e9l\u00e8ves les nouvelles facilit\u00e9s de d\u00e9pistage du virus de la Covid-19 qui ont \u00e9t\u00e9 organis\u00e9es \u00e0 leur intention par le minist\u00e8re, &nbsp;voici les derniers \u00e9l\u00e9ments mis \u00e0 disposition&nbsp;:<\/p>\n<ul>\n<li><strong>la page de r\u00e9f\u00e9rence relative aux tests<\/strong>&nbsp;pour les personnels et \u00e9l\u00e8ves est publi\u00e9e sur le site minist\u00e9riel&nbsp;:&nbsp;<\/li>\n<\/ul>\n<p><a href=\"https:\/\/www.education.gouv.fr\/un-acces-prioritaire-aux-tests-rt-pcr-et-antigeniques-pour-les-personnels-de-l-education-nationale-307814\">https:\/\/www.education.gouv.fr\/un-acces-prioritaire-aux-tests-rt-pcr-et-antigeniques-pour-les-personnels-de-l-education-nationale-307814<\/a>&nbsp;;<\/p>\n<ul>\n<li>une <strong>affichette adaptable \u00e0 votre \u00e9tablissement et incitant les personnels et les \u00e9l\u00e8ves \u00e0 se faire tester<\/strong>, que vous pouvez apposer dans tous les espaces de votre \u00e9tablissement que vous jugerez opportuns et que vous pouvez \u00e9galement largement diffuser&nbsp;:&nbsp;<\/li>\n<\/ul>\n<p><a href=\"https:\/\/www.education.gouv.fr\/covid19-affiches-pour-les-ecoles-et-etablissements-305657\">https:\/\/www.education.gouv.fr\/covid19-affiches-pour-les-ecoles-et-etablissements-305657<\/a><\/p>\n<ul>\n<li>Foire aux questions mise \u00e0 jour \u00e0 la suite de derni\u00e8res annonces&nbsp;: <a href=\"https:\/\/www.education.gouv.fr\/coronavirus-covid-19-les-reponses-vos-questions-306136\">https:\/\/www.education.gouv.fr\/coronavirus-covid-19-les-reponses-vos-questions-306136<\/a><\/li>\n<li>Deux fiches-rep\u00e8res th\u00e9matiques ont \u00e9t\u00e9 \u00e9galement actualis\u00e9es&nbsp;:&nbsp;&nbsp;<\/li>\n<\/ul>\n<p><a href=\"https:\/\/www.education.gouv.fr\/protocole-sanitaire-des-ecoles-et-etablissements-scolaires-annee-scolaire-2020-2021-305630\">https:\/\/www.education.gouv.fr\/protocole-sanitaire-des-ecoles-et-etablissements-scolaires-annee-scolaire-2020-2021-305630<\/a><\/p>\n<ul>\n<li>Organisation de l\u2019EPS (MAJ du 16 janvier)<\/li>\n<li>Organisation de la restauration scolaire (MAJ du 18 janvier)<\/li>\n<\/ul>\n<p>Circulaire sur la poursuite de la continuit\u00e9 p\u00e9dagogique dans les \u00e9tablissements du second degr\u00e9 face \u00e0 la situation sanitaire&nbsp;:<\/p>\n<p><a href=\"https:\/\/www.education.gouv.fr\/bo\/21\/Hebdo3\/MENE2101755C.htm\">https:\/\/www.education.gouv.fr\/bo\/21\/Hebdo3\/MENE2101755C.htm<\/a><\/p>\n","protected":false},"excerpt":{"rendered":"<p>Afin de faire largement conna\u00eetre aux personnels et aux \u00e9l\u00e8ves les nouvelles facilit\u00e9s de d\u00e9pistage du virus de la Covid-19 qui ont \u00e9t\u00e9 organis\u00e9es \u00e0 leur intention par le minist\u00e8re, &nbsp;voici les derniers \u00e9l\u00e9ments mis \u00e0 disposition&nbsp;: la page de r\u00e9f\u00e9rence relative aux tests&nbsp;pour les personnels et \u00e9l\u00e8ves est publi\u00e9e sur le site minist\u00e9riel&nbsp;:&nbsp; https:\/\/www.education.gouv.fr\/un-acces-prioritaire-aux-tests-rt-pcr-et-antigeniques-pour-les-personnels-de-l-education-nationale-307814&nbsp;; [&hellip;]<\/p>\n","protected":false},"author":147,"featured_media":0,"comment_status":"closed","ping_status":"closed","sticky":false,"template":"","format":"standard","meta":{"_et_pb_use_builder":"","_et_pb_old_content":"","_et_gb_content_width":"","ngg_post_thumbnail":0,"footnotes":""},"categories":[60,64,69,20,67,21],"tags":[],"class_list":["post-1392","post","type-post","status-publish","format-standard","hentry","category-aed","category-contractuels","category-cpe-entrant-dans-le-metier","category-juridique","category-nationales","category-ressources-numeriques","et-doesnt-have-format-content","et_post_format-et-post-format-standard"],"rttpg_featured_image_url":null,"rttpg_author":{"display_name":"Patrick Martini","author_link":"https:\/\/www.pedagogie.ac-nice.fr\/cpe\/author\/patrickmartini\/"},"rttpg_comment":0,"rttpg_category":"<a href=\"https:\/\/www.pedagogie.ac-nice.fr\/cpe\/category\/aed\/\" rel=\"category tag\">AED<\/a> <a href=\"https:\/\/www.pedagogie.ac-nice.fr\/cpe\/category\/contractuels\/\" rel=\"category tag\">Contractuels<\/a> <a href=\"https:\/\/www.pedagogie.ac-nice.fr\/cpe\/category\/cpe-entrant-dans-le-metier\/\" rel=\"category tag\">CPE entrant dans le m\u00e9tier<\/a> <a href=\"https:\/\/www.pedagogie.ac-nice.fr\/cpe\/category\/juridique\/\" rel=\"category tag\">Juridique<\/a> <a href=\"https:\/\/www.pedagogie.ac-nice.fr\/cpe\/category\/nationales\/\" rel=\"category tag\">Nationales<\/a> <a href=\"https:\/\/www.pedagogie.ac-nice.fr\/cpe\/category\/ressources-numeriques\/\" rel=\"category tag\">Ressources<\/a>","rttpg_excerpt":"Afin de faire largement conna\u00eetre aux personnels et aux \u00e9l\u00e8ves les nouvelles facilit\u00e9s de d\u00e9pistage du virus de la Covid-19 qui ont \u00e9t\u00e9 organis\u00e9es \u00e0 leur intention par le minist\u00e8re, &nbsp;voici les derniers \u00e9l\u00e9ments mis \u00e0 disposition&nbsp;: la page de r\u00e9f\u00e9rence relative aux tests&nbsp;pour les personnels et \u00e9l\u00e8ves est publi\u00e9e sur le site minist\u00e9riel&nbsp;:&nbsp; https:\/\/www.education.gouv.fr\/un-acces-prioritaire-aux-tests-rt-pcr-et-antigeniques-pour-les-personnels-de-l-education-nationale-307814&nbsp;;\u2026","post_mailing_queue_ids":[],"_links":{"self":[{"href":"https:\/\/www.pedagogie.ac-nice.fr\/cpe\/wp-json\/wp\/v2\/posts\/1392","targetHints":{"allow":["GET"]}}],"collection":[{"href":"https:\/\/www.pedagogie.ac-nice.fr\/cpe\/wp-json\/wp\/v2\/posts"}],"about":[{"href":"https:\/\/www.pedagogie.ac-nice.fr\/cpe\/wp-json\/wp\/v2\/types\/post"}],"author":[{"embeddable":true,"href":"https:\/\/www.pedagogie.ac-nice.fr\/cpe\/wp-json\/wp\/v2\/users\/147"}],"replies":[{"embeddable":true,"href":"https:\/\/www.pedagogie.ac-nice.fr\/cpe\/wp-json\/wp\/v2\/comments?post=1392"}],"version-history":[{"count":1,"href":"https:\/\/www.pedagogie.ac-nice.fr\/cpe\/wp-json\/wp\/v2\/posts\/1392\/revisions"}],"predecessor-version":[{"id":1393,"href":"https:\/\/www.pedagogie.ac-nice.fr\/cpe\/wp-json\/wp\/v2\/posts\/1392\/revisions\/1393"}],"wp:attachment":[{"href":"https:\/\/www.pedagogie.ac-nice.fr\/cpe\/wp-json\/wp\/v2\/media?parent=1392"}],"wp:term":[{"taxonomy":"category","embeddable":true,"href":"https:\/\/www.pedagogie.ac-nice.fr\/cpe\/wp-json\/wp\/v2\/categories?post=1392"},{"taxonomy":"post_tag","embeddable":true,"href":"https:\/\/www.pedagogie.ac-nice.fr\/cpe\/wp-json\/wp\/v2\/tags?post=1392"}],"curies":[{"name":"wp","href":"https:\/\/api.w.org\/{rel}","templated":true}]}}