{"id":1403,"date":"2021-02-20T21:49:33","date_gmt":"2021-02-20T20:49:33","guid":{"rendered":"https:\/\/www.pedagogie.ac-nice.fr\/cpe\/?p=1403"},"modified":"2021-02-20T22:10:48","modified_gmt":"2021-02-20T21:10:48","slug":"bo-n7-du-18-02-21-amelioration-du-reperage-de-lorientation-et-de-la-prise-en-charge-des-eleves-en-situation-de-stress-de-detresse-psychologique-ou-en-danger","status":"publish","type":"post","link":"https:\/\/www.pedagogie.ac-nice.fr\/cpe\/2021\/02\/20\/bo-n7-du-18-02-21-amelioration-du-reperage-de-lorientation-et-de-la-prise-en-charge-des-eleves-en-situation-de-stress-de-detresse-psychologique-ou-en-danger\/","title":{"rendered":"BO n\u00b07 du 18\/02\/21, Am\u00e9lioration du rep\u00e9rage, de l&rsquo;orientation et de la prise en charge des \u00e9l\u00e8ves en situation de stress, de d\u00e9tresse psychologique ou en danger"},"content":{"rendered":"<p>BO n\u00b07 du 18\/02\/21<\/p>\n<p>&nbsp;<\/p>\n<p><a href=\"https:\/\/eduscol.education.fr\/2681\/crise-sanitaire-accompagnement-psychologique-des-eleves\">crise sanitaire accompagnement psychologique des \u00e9l\u00e8ves<\/a><\/p>\n","protected":false},"excerpt":{"rendered":"<p>BO n\u00b07 du 18\/02\/21 &nbsp; crise sanitaire accompagnement psychologique des \u00e9l\u00e8ves<\/p>\n","protected":false},"author":147,"featured_media":0,"comment_status":"closed","ping_status":"closed","sticky":false,"template":"","format":"standard","meta":{"_et_pb_use_builder":"","_et_pb_old_content":"","_et_gb_content_width":"","ngg_post_thumbnail":0,"footnotes":""},"categories":[60,25,64,69,67,21],"tags":[],"class_list":["post-1403","post","type-post","status-publish","format-standard","hentry","category-aed","category-climat-scolaire","category-contractuels","category-cpe-entrant-dans-le-metier","category-nationales","category-ressources-numeriques","et-doesnt-have-format-content","et_post_format-et-post-format-standard"],"rttpg_featured_image_url":null,"rttpg_author":{"display_name":"Patrick Martini","author_link":"https:\/\/www.pedagogie.ac-nice.fr\/cpe\/author\/patrickmartini\/"},"rttpg_comment":0,"rttpg_category":"<a href=\"https:\/\/www.pedagogie.ac-nice.fr\/cpe\/category\/aed\/\" rel=\"category tag\">AED<\/a> <a href=\"https:\/\/www.pedagogie.ac-nice.fr\/cpe\/category\/climat-scolaire\/\" rel=\"category tag\">Climat scolaire<\/a> <a href=\"https:\/\/www.pedagogie.ac-nice.fr\/cpe\/category\/contractuels\/\" rel=\"category tag\">Contractuels<\/a> <a href=\"https:\/\/www.pedagogie.ac-nice.fr\/cpe\/category\/cpe-entrant-dans-le-metier\/\" rel=\"category tag\">CPE entrant dans le m\u00e9tier<\/a> <a href=\"https:\/\/www.pedagogie.ac-nice.fr\/cpe\/category\/nationales\/\" rel=\"category tag\">Nationales<\/a> <a href=\"https:\/\/www.pedagogie.ac-nice.fr\/cpe\/category\/ressources-numeriques\/\" rel=\"category tag\">Ressources<\/a>","rttpg_excerpt":"BO n\u00b07 du 18\/02\/21 &nbsp; crise sanitaire accompagnement psychologique des \u00e9l\u00e8ves","post_mailing_queue_ids":[],"_links":{"self":[{"href":"https:\/\/www.pedagogie.ac-nice.fr\/cpe\/wp-json\/wp\/v2\/posts\/1403","targetHints":{"allow":["GET"]}}],"collection":[{"href":"https:\/\/www.pedagogie.ac-nice.fr\/cpe\/wp-json\/wp\/v2\/posts"}],"about":[{"href":"https:\/\/www.pedagogie.ac-nice.fr\/cpe\/wp-json\/wp\/v2\/types\/post"}],"author":[{"embeddable":true,"href":"https:\/\/www.pedagogie.ac-nice.fr\/cpe\/wp-json\/wp\/v2\/users\/147"}],"replies":[{"embeddable":true,"href":"https:\/\/www.pedagogie.ac-nice.fr\/cpe\/wp-json\/wp\/v2\/comments?post=1403"}],"version-history":[{"count":3,"href":"https:\/\/www.pedagogie.ac-nice.fr\/cpe\/wp-json\/wp\/v2\/posts\/1403\/revisions"}],"predecessor-version":[{"id":1408,"href":"https:\/\/www.pedagogie.ac-nice.fr\/cpe\/wp-json\/wp\/v2\/posts\/1403\/revisions\/1408"}],"wp:attachment":[{"href":"https:\/\/www.pedagogie.ac-nice.fr\/cpe\/wp-json\/wp\/v2\/media?parent=1403"}],"wp:term":[{"taxonomy":"category","embeddable":true,"href":"https:\/\/www.pedagogie.ac-nice.fr\/cpe\/wp-json\/wp\/v2\/categories?post=1403"},{"taxonomy":"post_tag","embeddable":true,"href":"https:\/\/www.pedagogie.ac-nice.fr\/cpe\/wp-json\/wp\/v2\/tags?post=1403"}],"curies":[{"name":"wp","href":"https:\/\/api.w.org\/{rel}","templated":true}]}}