{"id":1497,"date":"2021-10-23T22:28:16","date_gmt":"2021-10-23T20:28:16","guid":{"rendered":"https:\/\/www.pedagogie.ac-nice.fr\/cpe\/?p=1497"},"modified":"2021-10-23T22:28:16","modified_gmt":"2021-10-23T20:28:16","slug":"note-dinformation-21-35-octobre-2021-les-professeurs-principaux-a-la-rentree-2020","status":"publish","type":"post","link":"https:\/\/www.pedagogie.ac-nice.fr\/cpe\/2021\/10\/23\/note-dinformation-21-35-octobre-2021-les-professeurs-principaux-a-la-rentree-2020\/","title":{"rendered":"Note d\u2019information 21.35 Octobre 2021, les professeurs principaux \u00e0 la rentr\u00e9e 2020"},"content":{"rendered":"<p>A la rentr\u00e9e 2020, un enseignant sur deux est professeur principal dans un coll\u00e8ge ou un lyc\u00e9e, mais seul 1% sont professeurs principaux de deux classes :&nbsp;<\/p>\n<a href=\"https:\/\/www.pedagogie.ac-nice.fr\/cpe\/wp-content\/uploads\/sites\/24\/2021\/10\/NI-21-35-Oct-21-LES-PP-a-la-rentree-2020.pdf\" class=\"pdfemb-viewer\" style=\"\" data-width=\"max\" data-height=\"max\" data-toolbar=\"bottom\" data-toolbar-fixed=\"off\">NI 21-35 Oct 21 LES PP \u00e0 la rentr\u00e9e 2020<\/a>\n","protected":false},"excerpt":{"rendered":"<p>A la rentr\u00e9e 2020, un enseignant sur deux est professeur principal dans un coll\u00e8ge ou un lyc\u00e9e, mais seul 1% sont professeurs principaux de deux classes :&nbsp; &nbsp;<\/p>\n","protected":false},"author":147,"featured_media":0,"comment_status":"open","ping_status":"open","sticky":false,"template":"","format":"standard","meta":{"_et_pb_use_builder":"","_et_pb_old_content":"","_et_gb_content_width":"","ngg_post_thumbnail":0,"footnotes":""},"categories":[62,67,72,21],"tags":[],"class_list":["post-1497","post","type-post","status-publish","format-standard","hentry","category-culture-professionnelle","category-nationales","category-rapports-et-vademecum","category-ressources-numeriques","et-doesnt-have-format-content","et_post_format-et-post-format-standard"],"rttpg_featured_image_url":null,"rttpg_author":{"display_name":"Patrick Martini","author_link":"https:\/\/www.pedagogie.ac-nice.fr\/cpe\/author\/patrickmartini\/"},"rttpg_comment":0,"rttpg_category":"<a href=\"https:\/\/www.pedagogie.ac-nice.fr\/cpe\/category\/culture-professionnelle\/\" rel=\"category tag\">Culture professionnelle<\/a> <a href=\"https:\/\/www.pedagogie.ac-nice.fr\/cpe\/category\/nationales\/\" rel=\"category tag\">Nationales<\/a> <a href=\"https:\/\/www.pedagogie.ac-nice.fr\/cpe\/category\/boite_a_outils\/rapports-et-vademecum\/\" rel=\"category tag\">Rapports et Vademecum<\/a> <a href=\"https:\/\/www.pedagogie.ac-nice.fr\/cpe\/category\/ressources-numeriques\/\" rel=\"category tag\">Ressources<\/a>","rttpg_excerpt":"A la rentr\u00e9e 2020, un enseignant sur deux est professeur principal dans un coll\u00e8ge ou un lyc\u00e9e, mais seul 1% sont professeurs principaux de deux classes :&nbsp; &nbsp;","post_mailing_queue_ids":[],"_links":{"self":[{"href":"https:\/\/www.pedagogie.ac-nice.fr\/cpe\/wp-json\/wp\/v2\/posts\/1497","targetHints":{"allow":["GET"]}}],"collection":[{"href":"https:\/\/www.pedagogie.ac-nice.fr\/cpe\/wp-json\/wp\/v2\/posts"}],"about":[{"href":"https:\/\/www.pedagogie.ac-nice.fr\/cpe\/wp-json\/wp\/v2\/types\/post"}],"author":[{"embeddable":true,"href":"https:\/\/www.pedagogie.ac-nice.fr\/cpe\/wp-json\/wp\/v2\/users\/147"}],"replies":[{"embeddable":true,"href":"https:\/\/www.pedagogie.ac-nice.fr\/cpe\/wp-json\/wp\/v2\/comments?post=1497"}],"version-history":[{"count":1,"href":"https:\/\/www.pedagogie.ac-nice.fr\/cpe\/wp-json\/wp\/v2\/posts\/1497\/revisions"}],"predecessor-version":[{"id":1498,"href":"https:\/\/www.pedagogie.ac-nice.fr\/cpe\/wp-json\/wp\/v2\/posts\/1497\/revisions\/1498"}],"wp:attachment":[{"href":"https:\/\/www.pedagogie.ac-nice.fr\/cpe\/wp-json\/wp\/v2\/media?parent=1497"}],"wp:term":[{"taxonomy":"category","embeddable":true,"href":"https:\/\/www.pedagogie.ac-nice.fr\/cpe\/wp-json\/wp\/v2\/categories?post=1497"},{"taxonomy":"post_tag","embeddable":true,"href":"https:\/\/www.pedagogie.ac-nice.fr\/cpe\/wp-json\/wp\/v2\/tags?post=1497"}],"curies":[{"name":"wp","href":"https:\/\/api.w.org\/{rel}","templated":true}]}}