{"id":1548,"date":"2022-03-22T12:17:20","date_gmt":"2022-03-22T11:17:20","guid":{"rendered":"https:\/\/www.pedagogie.ac-nice.fr\/cpe\/?p=1548"},"modified":"2022-03-22T12:17:20","modified_gmt":"2022-03-22T11:17:20","slug":"note-dinformation-n22-09-mars-2022-de-la-depp","status":"publish","type":"post","link":"https:\/\/www.pedagogie.ac-nice.fr\/cpe\/2022\/03\/22\/note-dinformation-n22-09-mars-2022-de-la-depp\/","title":{"rendered":"Note d&rsquo;Information n\u00b022.09 Mars 2022 de la DEPP"},"content":{"rendered":"<p>En 2020-2021, l&rsquo;absent\u00e9isme touche en moyenne 4,8% des \u00e9l\u00e8ves du second degr\u00e9 public&nbsp;<\/p>\n<p>&nbsp;<\/p>\n<a href=\"https:\/\/www.pedagogie.ac-nice.fr\/cpe\/wp-content\/uploads\/sites\/24\/2022\/03\/ni-22-09-112853.pdf\" class=\"pdfemb-viewer\" style=\"\" data-width=\"max\" data-height=\"max\" data-toolbar=\"bottom\" data-toolbar-fixed=\"off\">ni-22-09-112853<\/a>\n","protected":false},"excerpt":{"rendered":"<p>En 2020-2021, l&rsquo;absent\u00e9isme touche en moyenne 4,8% des \u00e9l\u00e8ves du second degr\u00e9 public&nbsp; &nbsp;<\/p>\n","protected":false},"author":147,"featured_media":0,"comment_status":"closed","ping_status":"closed","sticky":false,"template":"","format":"standard","meta":{"_et_pb_use_builder":"","_et_pb_old_content":"","_et_gb_content_width":"","ngg_post_thumbnail":0,"footnotes":""},"categories":[67,21],"tags":[],"class_list":["post-1548","post","type-post","status-publish","format-standard","hentry","category-nationales","category-ressources-numeriques","et-doesnt-have-format-content","et_post_format-et-post-format-standard"],"rttpg_featured_image_url":null,"rttpg_author":{"display_name":"Patrick Martini","author_link":"https:\/\/www.pedagogie.ac-nice.fr\/cpe\/author\/patrickmartini\/"},"rttpg_comment":0,"rttpg_category":"<a href=\"https:\/\/www.pedagogie.ac-nice.fr\/cpe\/category\/nationales\/\" rel=\"category tag\">Nationales<\/a> <a href=\"https:\/\/www.pedagogie.ac-nice.fr\/cpe\/category\/ressources-numeriques\/\" rel=\"category tag\">Ressources<\/a>","rttpg_excerpt":"En 2020-2021, l&rsquo;absent\u00e9isme touche en moyenne 4,8% des \u00e9l\u00e8ves du second degr\u00e9 public&nbsp; &nbsp;","post_mailing_queue_ids":[],"_links":{"self":[{"href":"https:\/\/www.pedagogie.ac-nice.fr\/cpe\/wp-json\/wp\/v2\/posts\/1548","targetHints":{"allow":["GET"]}}],"collection":[{"href":"https:\/\/www.pedagogie.ac-nice.fr\/cpe\/wp-json\/wp\/v2\/posts"}],"about":[{"href":"https:\/\/www.pedagogie.ac-nice.fr\/cpe\/wp-json\/wp\/v2\/types\/post"}],"author":[{"embeddable":true,"href":"https:\/\/www.pedagogie.ac-nice.fr\/cpe\/wp-json\/wp\/v2\/users\/147"}],"replies":[{"embeddable":true,"href":"https:\/\/www.pedagogie.ac-nice.fr\/cpe\/wp-json\/wp\/v2\/comments?post=1548"}],"version-history":[{"count":1,"href":"https:\/\/www.pedagogie.ac-nice.fr\/cpe\/wp-json\/wp\/v2\/posts\/1548\/revisions"}],"predecessor-version":[{"id":1549,"href":"https:\/\/www.pedagogie.ac-nice.fr\/cpe\/wp-json\/wp\/v2\/posts\/1548\/revisions\/1549"}],"wp:attachment":[{"href":"https:\/\/www.pedagogie.ac-nice.fr\/cpe\/wp-json\/wp\/v2\/media?parent=1548"}],"wp:term":[{"taxonomy":"category","embeddable":true,"href":"https:\/\/www.pedagogie.ac-nice.fr\/cpe\/wp-json\/wp\/v2\/categories?post=1548"},{"taxonomy":"post_tag","embeddable":true,"href":"https:\/\/www.pedagogie.ac-nice.fr\/cpe\/wp-json\/wp\/v2\/tags?post=1548"}],"curies":[{"name":"wp","href":"https:\/\/api.w.org\/{rel}","templated":true}]}}