{"id":1695,"date":"2023-10-27T00:01:49","date_gmt":"2023-10-26T22:01:49","guid":{"rendered":"https:\/\/www.pedagogie.ac-nice.fr\/cpe\/?p=1695"},"modified":"2023-10-27T00:01:49","modified_gmt":"2023-10-26T22:01:49","slug":"note-dinformation-n23-40-de-la-depp-evolution-de-lorientation-des-eleves-en-fin-de-troisieme","status":"publish","type":"post","link":"https:\/\/www.pedagogie.ac-nice.fr\/cpe\/2023\/10\/27\/note-dinformation-n23-40-de-la-depp-evolution-de-lorientation-des-eleves-en-fin-de-troisieme\/","title":{"rendered":"Note d&rsquo;Information n\u00b023.40 de la DEPP Evolution de l&rsquo;orientation des \u00e9l\u00e8ves en fin de troisi\u00e8me"},"content":{"rendered":"<p>L&rsquo;orientation en fin de troisi\u00e8me reste marqu\u00e9e par de fortes disparit\u00e9s scolaires et sociales.<\/p>\n<p>&nbsp;<\/p>\n<a href=\"https:\/\/www.pedagogie.ac-nice.fr\/cpe\/wp-content\/uploads\/sites\/24\/2023\/10\/ni-23-40-157620_2.pdf\" class=\"pdfemb-viewer\" style=\"\" data-width=\"max\" data-height=\"max\" data-toolbar=\"bottom\" data-toolbar-fixed=\"off\">ni-23-40-157620_2<\/a>\n","protected":false},"excerpt":{"rendered":"<p>L&rsquo;orientation en fin de troisi\u00e8me reste marqu\u00e9e par de fortes disparit\u00e9s scolaires et sociales. &nbsp; &nbsp;&nbsp;<\/p>\n","protected":false},"author":147,"featured_media":0,"comment_status":"closed","ping_status":"closed","sticky":false,"template":"","format":"standard","meta":{"_et_pb_use_builder":"","_et_pb_old_content":"","_et_gb_content_width":"","ngg_post_thumbnail":0,"footnotes":""},"categories":[67,48,28,21],"tags":[],"class_list":["post-1695","post","type-post","status-publish","format-standard","hentry","category-nationales","category-parcours-avenir","category-parcours-de-leleve","category-ressources-numeriques","et-doesnt-have-format-content","et_post_format-et-post-format-standard"],"rttpg_featured_image_url":null,"rttpg_author":{"display_name":"Patrick Martini","author_link":"https:\/\/www.pedagogie.ac-nice.fr\/cpe\/author\/patrickmartini\/"},"rttpg_comment":0,"rttpg_category":"<a href=\"https:\/\/www.pedagogie.ac-nice.fr\/cpe\/category\/nationales\/\" rel=\"category tag\">Nationales<\/a> <a href=\"https:\/\/www.pedagogie.ac-nice.fr\/cpe\/category\/parcours-de-leleve\/parcours-avenir\/\" rel=\"category tag\">Parcours avenir<\/a> <a href=\"https:\/\/www.pedagogie.ac-nice.fr\/cpe\/category\/parcours-de-leleve\/\" rel=\"category tag\">Parcours de l'\u00e9l\u00e8ve<\/a> <a href=\"https:\/\/www.pedagogie.ac-nice.fr\/cpe\/category\/ressources-numeriques\/\" rel=\"category tag\">Ressources<\/a>","rttpg_excerpt":"L&rsquo;orientation en fin de troisi\u00e8me reste marqu\u00e9e par de fortes disparit\u00e9s scolaires et sociales. &nbsp; &nbsp;&nbsp;","post_mailing_queue_ids":[],"_links":{"self":[{"href":"https:\/\/www.pedagogie.ac-nice.fr\/cpe\/wp-json\/wp\/v2\/posts\/1695","targetHints":{"allow":["GET"]}}],"collection":[{"href":"https:\/\/www.pedagogie.ac-nice.fr\/cpe\/wp-json\/wp\/v2\/posts"}],"about":[{"href":"https:\/\/www.pedagogie.ac-nice.fr\/cpe\/wp-json\/wp\/v2\/types\/post"}],"author":[{"embeddable":true,"href":"https:\/\/www.pedagogie.ac-nice.fr\/cpe\/wp-json\/wp\/v2\/users\/147"}],"replies":[{"embeddable":true,"href":"https:\/\/www.pedagogie.ac-nice.fr\/cpe\/wp-json\/wp\/v2\/comments?post=1695"}],"version-history":[{"count":1,"href":"https:\/\/www.pedagogie.ac-nice.fr\/cpe\/wp-json\/wp\/v2\/posts\/1695\/revisions"}],"predecessor-version":[{"id":1696,"href":"https:\/\/www.pedagogie.ac-nice.fr\/cpe\/wp-json\/wp\/v2\/posts\/1695\/revisions\/1696"}],"wp:attachment":[{"href":"https:\/\/www.pedagogie.ac-nice.fr\/cpe\/wp-json\/wp\/v2\/media?parent=1695"}],"wp:term":[{"taxonomy":"category","embeddable":true,"href":"https:\/\/www.pedagogie.ac-nice.fr\/cpe\/wp-json\/wp\/v2\/categories?post=1695"},{"taxonomy":"post_tag","embeddable":true,"href":"https:\/\/www.pedagogie.ac-nice.fr\/cpe\/wp-json\/wp\/v2\/tags?post=1695"}],"curies":[{"name":"wp","href":"https:\/\/api.w.org\/{rel}","templated":true}]}}