{"id":1866,"date":"2024-05-10T11:17:21","date_gmt":"2024-05-10T09:17:21","guid":{"rendered":"https:\/\/www.pedagogie.ac-nice.fr\/cpe\/?p=1866"},"modified":"2024-05-10T11:17:21","modified_gmt":"2024-05-10T09:17:21","slug":"contre-lhomophobie-et-la-transphobie-a-lecole","status":"publish","type":"post","link":"https:\/\/www.pedagogie.ac-nice.fr\/cpe\/2024\/05\/10\/contre-lhomophobie-et-la-transphobie-a-lecole\/","title":{"rendered":"Contre l&rsquo;homophobie et la transphobie \u00e0 l&rsquo;Ecole"},"content":{"rendered":"<p>Le minist\u00e8re est engag\u00e9 dans la lutte contre toutes les formes de discriminations et de violences, dont celles \u00e0 caract\u00e8re homophobe ou transphobe. Que vous soyez \u00e9l\u00e8ves ou personnels des \u00e9tablissements scolaires de l&rsquo;\u00c9ducation nationale, retrouvez des services et ressources adapt\u00e9s pour pr\u00e9venir, comprendre, \u00e9couter et accompagner :<\/p>\n<p><a href=\"https:\/\/www.education.gouv.fr\/contre-l-homophobie-et-la-transphobie-l-ecole-40706\">BO n\u00b019 9 mai 2024 contre l&rsquo;homophobie et la transphobie \u00e0 l&rsquo;Ecole <\/a><\/p>\n","protected":false},"excerpt":{"rendered":"<p>Le minist\u00e8re est engag\u00e9 dans la lutte contre toutes les formes de discriminations et de violences, dont celles \u00e0 caract\u00e8re homophobe ou transphobe. Que vous soyez \u00e9l\u00e8ves ou personnels des \u00e9tablissements scolaires de l&rsquo;\u00c9ducation nationale, retrouvez des services et ressources adapt\u00e9s pour pr\u00e9venir, comprendre, \u00e9couter et accompagner : BO n\u00b019 9 mai 2024 contre l&rsquo;homophobie [&hellip;]<\/p>\n","protected":false},"author":147,"featured_media":0,"comment_status":"closed","ping_status":"closed","sticky":false,"template":"","format":"standard","meta":{"_et_pb_use_builder":"","_et_pb_old_content":"","_et_gb_content_width":"","ngg_post_thumbnail":0,"footnotes":""},"categories":[25,66,89,92,21],"tags":[],"class_list":["post-1866","post","type-post","status-publish","format-standard","hentry","category-climat-scolaire","category-outils","category-prevention-des-violence-et-du-harcelement","category-qualite-de-vie-a-lecole","category-ressources-numeriques","et-doesnt-have-format-content","et_post_format-et-post-format-standard"],"rttpg_featured_image_url":null,"rttpg_author":{"display_name":"Patrick Martini","author_link":"https:\/\/www.pedagogie.ac-nice.fr\/cpe\/author\/patrickmartini\/"},"rttpg_comment":0,"rttpg_category":"<a href=\"https:\/\/www.pedagogie.ac-nice.fr\/cpe\/category\/climat-scolaire\/\" rel=\"category tag\">Climat scolaire<\/a> <a href=\"https:\/\/www.pedagogie.ac-nice.fr\/cpe\/category\/outils\/\" rel=\"category tag\">Outils<\/a> <a href=\"https:\/\/www.pedagogie.ac-nice.fr\/cpe\/category\/climat-scolaire\/prevention-des-violence-et-du-harcelement\/\" rel=\"category tag\">Pr\u00e9vention des violence et du harc\u00e8lement<\/a> <a href=\"https:\/\/www.pedagogie.ac-nice.fr\/cpe\/category\/climat-scolaire\/qualite-de-vie-a-lecole\/\" rel=\"category tag\">Qualit\u00e9 de vie \u00e0 l'\u00e9cole<\/a> <a href=\"https:\/\/www.pedagogie.ac-nice.fr\/cpe\/category\/ressources-numeriques\/\" rel=\"category tag\">Ressources<\/a>","rttpg_excerpt":"Le minist\u00e8re est engag\u00e9 dans la lutte contre toutes les formes de discriminations et de violences, dont celles \u00e0 caract\u00e8re homophobe ou transphobe. Que vous soyez \u00e9l\u00e8ves ou personnels des \u00e9tablissements scolaires de l&rsquo;\u00c9ducation nationale, retrouvez des services et ressources adapt\u00e9s pour pr\u00e9venir, comprendre, \u00e9couter et accompagner : BO n\u00b019 9 mai 2024 contre l&rsquo;homophobie\u2026","post_mailing_queue_ids":[],"_links":{"self":[{"href":"https:\/\/www.pedagogie.ac-nice.fr\/cpe\/wp-json\/wp\/v2\/posts\/1866","targetHints":{"allow":["GET"]}}],"collection":[{"href":"https:\/\/www.pedagogie.ac-nice.fr\/cpe\/wp-json\/wp\/v2\/posts"}],"about":[{"href":"https:\/\/www.pedagogie.ac-nice.fr\/cpe\/wp-json\/wp\/v2\/types\/post"}],"author":[{"embeddable":true,"href":"https:\/\/www.pedagogie.ac-nice.fr\/cpe\/wp-json\/wp\/v2\/users\/147"}],"replies":[{"embeddable":true,"href":"https:\/\/www.pedagogie.ac-nice.fr\/cpe\/wp-json\/wp\/v2\/comments?post=1866"}],"version-history":[{"count":1,"href":"https:\/\/www.pedagogie.ac-nice.fr\/cpe\/wp-json\/wp\/v2\/posts\/1866\/revisions"}],"predecessor-version":[{"id":1867,"href":"https:\/\/www.pedagogie.ac-nice.fr\/cpe\/wp-json\/wp\/v2\/posts\/1866\/revisions\/1867"}],"wp:attachment":[{"href":"https:\/\/www.pedagogie.ac-nice.fr\/cpe\/wp-json\/wp\/v2\/media?parent=1866"}],"wp:term":[{"taxonomy":"category","embeddable":true,"href":"https:\/\/www.pedagogie.ac-nice.fr\/cpe\/wp-json\/wp\/v2\/categories?post=1866"},{"taxonomy":"post_tag","embeddable":true,"href":"https:\/\/www.pedagogie.ac-nice.fr\/cpe\/wp-json\/wp\/v2\/tags?post=1866"}],"curies":[{"name":"wp","href":"https:\/\/api.w.org\/{rel}","templated":true}]}}