{"id":2008,"date":"2025-04-14T11:48:09","date_gmt":"2025-04-14T09:48:09","guid":{"rendered":"https:\/\/www.pedagogie.ac-nice.fr\/cpe\/?p=2008"},"modified":"2025-04-14T11:51:04","modified_gmt":"2025-04-14T09:51:04","slug":"2008","status":"publish","type":"post","link":"https:\/\/www.pedagogie.ac-nice.fr\/cpe\/2025\/04\/14\/2008\/","title":{"rendered":"Op\u00e9ration Cactus : Sensibiliser \u00e0 l&rsquo;hame\u00e7onnage sur les espaces num\u00e9riques de travail"},"content":{"rendered":"<p>L\u2019op\u00e9ration Cactus vise \u00e0 sensibiliser les \u00e9l\u00e8ves aux risques num\u00e9riques par une action nationale d&rsquo;hame\u00e7onnage (phishing) p\u00e9dagogique. Cette campagne a \u00e9t\u00e9 mise en place en r\u00e9ponse \u00e0 une s\u00e9rie d&rsquo;attaques malveillantes ayant cibl\u00e9 les ENT des \u00e9tablissements scolaires qui ont perturb\u00e9 les enseignements. Cette ann\u00e9e, elle a eu lieu du 19 au 21 mars 2025 :<\/p>\n<p>&nbsp;<\/p>\n<p><a href=\"https:\/\/www.education.gouv.fr\/operation-cactus-sensibiliser-l-hameconnage-sur-les-espaces-numeriques-de-travail-416607\">op\u00e9ration cactus <\/a><\/p>\n<p>&nbsp;<\/p>\n","protected":false},"excerpt":{"rendered":"<p>L\u2019op\u00e9ration Cactus vise \u00e0 sensibiliser les \u00e9l\u00e8ves aux risques num\u00e9riques par une action nationale d&rsquo;hame\u00e7onnage (phishing) p\u00e9dagogique. Cette campagne a \u00e9t\u00e9 mise en place en r\u00e9ponse \u00e0 une s\u00e9rie d&rsquo;attaques malveillantes ayant cibl\u00e9 les ENT des \u00e9tablissements scolaires qui ont perturb\u00e9 les enseignements. Cette ann\u00e9e, elle a eu lieu du 19 au 21 mars 2025 [&hellip;]<\/p>\n","protected":false},"author":147,"featured_media":0,"comment_status":"closed","ping_status":"closed","sticky":false,"template":"","format":"standard","meta":{"_et_pb_use_builder":"","_et_pb_old_content":"","_et_gb_content_width":"","ngg_post_thumbnail":0,"footnotes":""},"categories":[79],"tags":[],"class_list":["post-2008","post","type-post","status-publish","format-standard","hentry","category-tice","et-doesnt-have-format-content","et_post_format-et-post-format-standard"],"rttpg_featured_image_url":null,"rttpg_author":{"display_name":"Patrick Martini","author_link":"https:\/\/www.pedagogie.ac-nice.fr\/cpe\/author\/patrickmartini\/"},"rttpg_comment":0,"rttpg_category":"<a href=\"https:\/\/www.pedagogie.ac-nice.fr\/cpe\/category\/tice\/\" rel=\"category tag\">TICE<\/a>","rttpg_excerpt":"L\u2019op\u00e9ration Cactus vise \u00e0 sensibiliser les \u00e9l\u00e8ves aux risques num\u00e9riques par une action nationale d&rsquo;hame\u00e7onnage (phishing) p\u00e9dagogique. Cette campagne a \u00e9t\u00e9 mise en place en r\u00e9ponse \u00e0 une s\u00e9rie d&rsquo;attaques malveillantes ayant cibl\u00e9 les ENT des \u00e9tablissements scolaires qui ont perturb\u00e9 les enseignements. Cette ann\u00e9e, elle a eu lieu du 19 au 21 mars 2025\u2026","post_mailing_queue_ids":[],"_links":{"self":[{"href":"https:\/\/www.pedagogie.ac-nice.fr\/cpe\/wp-json\/wp\/v2\/posts\/2008","targetHints":{"allow":["GET"]}}],"collection":[{"href":"https:\/\/www.pedagogie.ac-nice.fr\/cpe\/wp-json\/wp\/v2\/posts"}],"about":[{"href":"https:\/\/www.pedagogie.ac-nice.fr\/cpe\/wp-json\/wp\/v2\/types\/post"}],"author":[{"embeddable":true,"href":"https:\/\/www.pedagogie.ac-nice.fr\/cpe\/wp-json\/wp\/v2\/users\/147"}],"replies":[{"embeddable":true,"href":"https:\/\/www.pedagogie.ac-nice.fr\/cpe\/wp-json\/wp\/v2\/comments?post=2008"}],"version-history":[{"count":3,"href":"https:\/\/www.pedagogie.ac-nice.fr\/cpe\/wp-json\/wp\/v2\/posts\/2008\/revisions"}],"predecessor-version":[{"id":2011,"href":"https:\/\/www.pedagogie.ac-nice.fr\/cpe\/wp-json\/wp\/v2\/posts\/2008\/revisions\/2011"}],"wp:attachment":[{"href":"https:\/\/www.pedagogie.ac-nice.fr\/cpe\/wp-json\/wp\/v2\/media?parent=2008"}],"wp:term":[{"taxonomy":"category","embeddable":true,"href":"https:\/\/www.pedagogie.ac-nice.fr\/cpe\/wp-json\/wp\/v2\/categories?post=2008"},{"taxonomy":"post_tag","embeddable":true,"href":"https:\/\/www.pedagogie.ac-nice.fr\/cpe\/wp-json\/wp\/v2\/tags?post=2008"}],"curies":[{"name":"wp","href":"https:\/\/api.w.org\/{rel}","templated":true}]}}