{"id":663,"date":"2019-11-21T22:41:19","date_gmt":"2019-11-21T21:41:19","guid":{"rendered":"https:\/\/www.pedagogie.ac-nice.fr\/cpe\/?p=663"},"modified":"2020-01-31T14:00:48","modified_gmt":"2020-01-31T13:00:48","slug":"annuaire-des-coordonnateurs-cpe-de-bassin-2019-2020","status":"publish","type":"post","link":"https:\/\/www.pedagogie.ac-nice.fr\/cpe\/2019\/11\/21\/annuaire-des-coordonnateurs-cpe-de-bassin-2019-2020\/","title":{"rendered":"Coordonnateurs CPE de Bassin"},"content":{"rendered":"<p>Les missions en bassin des CPE coordonnateurs consistent \u00e0&nbsp;:<\/p>\n<ul>\n<li>Animer le dispositif de formation continue d\u00e9concentr\u00e9e<\/li>\n<li>Recenser les besoins en formation continue<\/li>\n<li>D\u00e9velopper des partenariats en lien avec les besoins professionnels<\/li>\n<li>Favoriser la mutualisation et la production de ressources professionnelles<\/li>\n<li>Accompagner la prise de poste des n\u00e9o-titulaires et des contractuels<\/li>\n<li>Repr\u00e9senter le m\u00e9tier de CPE aupr\u00e8s de l\u2019animateur chef d\u2019\u00e9tablissement du bassin<\/li>\n<li>Organiser les journ\u00e9es de formation des A.E.D.<\/li>\n<\/ul>\n<p>&nbsp;<\/p>\n<p><a href=\"https:\/\/www.pedagogie.ac-nice.fr\/cpe\/wp-content\/uploads\/sites\/24\/2019\/11\/ANNUAIRE-COORDONNATEURS-BEF-CPE-2019-2020.pdf\">ANNUAIRE COORDONNATEURS BEF CPE 2019-2020<\/a><\/p>\n<p>&nbsp;<\/p>\n","protected":false},"excerpt":{"rendered":"<p>Les missions en bassin des CPE coordonnateurs consistent \u00e0&nbsp;: Animer le dispositif de formation continue d\u00e9concentr\u00e9e Recenser les besoins en formation continue D\u00e9velopper des partenariats en lien avec les besoins professionnels Favoriser la mutualisation et la production de ressources professionnelles Accompagner la prise de poste des n\u00e9o-titulaires et des contractuels Repr\u00e9senter le m\u00e9tier de CPE [&hellip;]<\/p>\n","protected":false},"author":147,"featured_media":0,"comment_status":"closed","ping_status":"closed","sticky":false,"template":"","format":"standard","meta":{"_et_pb_use_builder":"","_et_pb_old_content":"","_et_gb_content_width":"","ngg_post_thumbnail":0,"footnotes":""},"categories":[68,64,43,69,62,54,21,22],"tags":[],"class_list":["post-663","post","type-post","status-publish","format-standard","hentry","category-academique","category-contractuels","category-coordonnateurs-des-reseaux","category-cpe-entrant-dans-le-metier","category-culture-professionnelle","category-les-acteurs-academiques","category-ressources-numeriques","category-vie-des-reseaux","et-doesnt-have-format-content","et_post_format-et-post-format-standard"],"rttpg_featured_image_url":null,"rttpg_author":{"display_name":"Patrick Martini","author_link":"https:\/\/www.pedagogie.ac-nice.fr\/cpe\/author\/patrickmartini\/"},"rttpg_comment":0,"rttpg_category":"<a href=\"https:\/\/www.pedagogie.ac-nice.fr\/cpe\/category\/academique\/\" rel=\"category tag\">Acad\u00e9miques<\/a> <a href=\"https:\/\/www.pedagogie.ac-nice.fr\/cpe\/category\/contractuels\/\" rel=\"category tag\">Contractuels<\/a> <a href=\"https:\/\/www.pedagogie.ac-nice.fr\/cpe\/category\/vie-des-reseaux\/coordonnateurs-des-reseaux\/\" rel=\"category tag\">Coordonnateurs des R\u00e9seaux<\/a> <a href=\"https:\/\/www.pedagogie.ac-nice.fr\/cpe\/category\/cpe-entrant-dans-le-metier\/\" rel=\"category tag\">CPE entrant dans le m\u00e9tier<\/a> <a href=\"https:\/\/www.pedagogie.ac-nice.fr\/cpe\/category\/culture-professionnelle\/\" rel=\"category tag\">Culture professionnelle<\/a> <a href=\"https:\/\/www.pedagogie.ac-nice.fr\/cpe\/category\/les-acteurs-academiques\/\" rel=\"category tag\">Les acteurs acad\u00e9miques<\/a> <a href=\"https:\/\/www.pedagogie.ac-nice.fr\/cpe\/category\/ressources-numeriques\/\" rel=\"category tag\">Ressources<\/a> <a href=\"https:\/\/www.pedagogie.ac-nice.fr\/cpe\/category\/vie-des-reseaux\/\" rel=\"category tag\">Vie des r\u00e9seaux<\/a>","rttpg_excerpt":"Les missions en bassin des CPE coordonnateurs consistent \u00e0&nbsp;: Animer le dispositif de formation continue d\u00e9concentr\u00e9e Recenser les besoins en formation continue D\u00e9velopper des partenariats en lien avec les besoins professionnels Favoriser la mutualisation et la production de ressources professionnelles Accompagner la prise de poste des n\u00e9o-titulaires et des contractuels Repr\u00e9senter le m\u00e9tier de CPE\u2026","post_mailing_queue_ids":[],"_links":{"self":[{"href":"https:\/\/www.pedagogie.ac-nice.fr\/cpe\/wp-json\/wp\/v2\/posts\/663","targetHints":{"allow":["GET"]}}],"collection":[{"href":"https:\/\/www.pedagogie.ac-nice.fr\/cpe\/wp-json\/wp\/v2\/posts"}],"about":[{"href":"https:\/\/www.pedagogie.ac-nice.fr\/cpe\/wp-json\/wp\/v2\/types\/post"}],"author":[{"embeddable":true,"href":"https:\/\/www.pedagogie.ac-nice.fr\/cpe\/wp-json\/wp\/v2\/users\/147"}],"replies":[{"embeddable":true,"href":"https:\/\/www.pedagogie.ac-nice.fr\/cpe\/wp-json\/wp\/v2\/comments?post=663"}],"version-history":[{"count":2,"href":"https:\/\/www.pedagogie.ac-nice.fr\/cpe\/wp-json\/wp\/v2\/posts\/663\/revisions"}],"predecessor-version":[{"id":915,"href":"https:\/\/www.pedagogie.ac-nice.fr\/cpe\/wp-json\/wp\/v2\/posts\/663\/revisions\/915"}],"wp:attachment":[{"href":"https:\/\/www.pedagogie.ac-nice.fr\/cpe\/wp-json\/wp\/v2\/media?parent=663"}],"wp:term":[{"taxonomy":"category","embeddable":true,"href":"https:\/\/www.pedagogie.ac-nice.fr\/cpe\/wp-json\/wp\/v2\/categories?post=663"},{"taxonomy":"post_tag","embeddable":true,"href":"https:\/\/www.pedagogie.ac-nice.fr\/cpe\/wp-json\/wp\/v2\/tags?post=663"}],"curies":[{"name":"wp","href":"https:\/\/api.w.org\/{rel}","templated":true}]}}