{"id":13598,"date":"2022-09-09T10:48:11","date_gmt":"2022-09-09T08:48:11","guid":{"rendered":"https:\/\/www.pedagogie.ac-nice.fr\/daac\/?p=13598"},"modified":"2022-09-09T11:00:58","modified_gmt":"2022-09-09T09:00:58","slug":"un-festival-cest-trop-court-7-14-octobre","status":"publish","type":"post","link":"https:\/\/www.pedagogie.ac-nice.fr\/daac\/un-festival-cest-trop-court-7-14-octobre\/","title":{"rendered":"Inscription Un festival c&rsquo;est trop court ! Jusqu&rsquo;au 4 octobre"},"content":{"rendered":"<p>[et_pb_section fb_built=\u00a0\u00bb1&Prime; _builder_version=\u00a0\u00bb4.10.7&Prime; _module_preset=\u00a0\u00bbdefault\u00a0\u00bb global_colors_info=\u00a0\u00bb{}\u00a0\u00bb][et_pb_row _builder_version=\u00a0\u00bb4.10.7&Prime; _module_preset=\u00a0\u00bbdefault\u00a0\u00bb global_colors_info=\u00a0\u00bb{}\u00a0\u00bb][et_pb_column type=\u00a0\u00bb4_4&Prime; _builder_version=\u00a0\u00bb4.10.7&Prime; _module_preset=\u00a0\u00bbdefault\u00a0\u00bb global_colors_info=\u00a0\u00bb{}\u00a0\u00bb][et_pb_text _builder_version=\u00a0\u00bb4.10.7&Prime; _module_preset=\u00a0\u00bbdefault\u00a0\u00bb text_font=\u00a0\u00bbTrebuchet||||||||\u00a0\u00bb text_text_color=\u00a0\u00bb#000000&Prime; text_font_size=\u00a0\u00bb18px\u00a0\u00bb text_orientation=\u00a0\u00bbjustified\u00a0\u00bb global_colors_info=\u00a0\u00bb{}\u00a0\u00bb]<\/p>\n<p><img loading=\"lazy\" decoding=\"async\" class=\"wp-image-13601 alignnone size-full\" src=\"https:\/\/www.pedagogie.ac-nice.fr\/daac\/wp-content\/uploads\/sites\/37\/2022\/09\/un-festival-cest-trop-court-.png\" alt=\"\" width=\"957\" height=\"229\" srcset=\"https:\/\/www.pedagogie.ac-nice.fr\/daac\/wp-content\/uploads\/sites\/37\/2022\/09\/un-festival-cest-trop-court-.png 957w, https:\/\/www.pedagogie.ac-nice.fr\/daac\/wp-content\/uploads\/sites\/37\/2022\/09\/un-festival-cest-trop-court--300x72.png 300w, https:\/\/www.pedagogie.ac-nice.fr\/daac\/wp-content\/uploads\/sites\/37\/2022\/09\/un-festival-cest-trop-court--768x184.png 768w\" sizes=\"(max-width: 957px) 100vw, 957px\" \/><\/p>\n<div class=\"v1v1moz-forward-container\">\n<p>Lancement des inscriptions scolaires pour la nouvelle \u00e9dition d&rsquo;<strong><em>Un Festival C&rsquo;est Trop Court!\u00a0<\/em><\/strong>(07 au 14 octobre).<br \/>La programmation, la coordination et le suivi des inscriptions sont assur\u00e9s par Lilie Fr\u00e9churet (<a class=\"v1v1moz-txt-link-abbreviated                           v1v1moz-txt-link-freetext\" href=\"mailto:scolaire@nicefilmfestival.com\" rel=\"noreferrer\">scolaire@nicefilmfestival.com<\/a>).<\/p>\n<p>Vous trouverez dans le\u00a0<a href=\"https:\/\/drive.google.com\/file\/d\/14GXkjb3DDQ6NW2PapHgo-UfJx4mWZzNP\/view\" target=\"_blank\" rel=\"noopener\"><strong>dossier p\u00e9dagogique<\/strong><\/a>\u00a0 le d\u00e9tail de nos actions et des programmes \u00e9ditorialis\u00e9s (<u>Ecole, coll\u00e8ge et lyc\u00e9e<\/u>), ainsi que des propositions d&rsquo;accompagnement p\u00e9dagogique des s\u00e9ances.<\/p>\n<\/div>\n<div class=\"v1v1moz-forward-container\">\u00a0<\/div>\n<div class=\"v1v1moz-forward-container\">Lilie FRECHURET<br \/>Charg\u00e9e de coordination des actions p\u00e9dagogiques<br \/>Association H\u00e9liotrope &#8211; Nice<br \/>04 93 13 97 65 \/ 06 74 52 05 99<\/div>\n<div class=\"v1v1moz-forward-container\"><a class=\"v1v1moz-txt-link-abbreviated                         v1v1moz-txt-link-freetext\" href=\"mailto:scolaire@nicefilmfestival.com\" rel=\"noreferrer\">scolaire@nicefilmfestival.com<\/a><\/div>\n<p>[\/et_pb_text][\/et_pb_column][\/et_pb_row][\/et_pb_section]<\/p>\n","protected":false},"excerpt":{"rendered":"<p>Lancement des inscriptions scolaires pour la nouvelle \u00e9dition d&rsquo;Un Festival C&rsquo;est Trop Court!\u00a0(07 au 14 octobre).La programmation, la coordination et le suivi des inscriptions sont assur\u00e9s par Lilie Fr\u00e9churet (scolaire@nicefilmfestival.com). Vous trouverez dans le\u00a0dossier p\u00e9dagogique\u00a0 le d\u00e9tail de nos actions et des programmes \u00e9ditorialis\u00e9s (Ecole, coll\u00e8ge et lyc\u00e9e), ainsi que des propositions d&rsquo;accompagnement p\u00e9dagogique des [&hellip;]<\/p>\n","protected":false},"author":241,"featured_media":0,"comment_status":"closed","ping_status":"closed","sticky":false,"template":"","format":"standard","meta":{"_et_pb_use_builder":"on","_et_pb_old_content":"","_et_gb_content_width":"","ngg_post_thumbnail":0,"footnotes":""},"categories":[36],"tags":[],"class_list":["post-13598","post","type-post","status-publish","format-standard","hentry","category-pole-image","et-doesnt-have-format-content","et_post_format-et-post-format-standard"],"rttpg_featured_image_url":null,"rttpg_author":{"display_name":"daacadmin","author_link":"https:\/\/www.pedagogie.ac-nice.fr\/daac\/author\/daacadmin\/"},"rttpg_comment":0,"rttpg_category":"<a href=\"https:\/\/www.pedagogie.ac-nice.fr\/daac\/category\/pole-image\/\" rel=\"category tag\">P\u00f4le image<\/a>","rttpg_excerpt":"Lancement des inscriptions scolaires pour la nouvelle \u00e9dition d'Un Festival C'est Trop Court!\u00a0(07 au 14 octobre).La programmation, la coordination et le suivi des inscriptions sont assur\u00e9s par Lilie Fr\u00e9churet (scolaire@nicefilmfestival.com). Vous trouverez dans le\u00a0dossier p\u00e9dagogique\u00a0 le d\u00e9tail de nos actions et des programmes \u00e9ditorialis\u00e9s (Ecole, coll\u00e8ge et lyc\u00e9e), ainsi que des propositions d'accompagnement p\u00e9dagogique des\u2026","post_mailing_queue_ids":[],"_links":{"self":[{"href":"https:\/\/www.pedagogie.ac-nice.fr\/daac\/wp-json\/wp\/v2\/posts\/13598","targetHints":{"allow":["GET"]}}],"collection":[{"href":"https:\/\/www.pedagogie.ac-nice.fr\/daac\/wp-json\/wp\/v2\/posts"}],"about":[{"href":"https:\/\/www.pedagogie.ac-nice.fr\/daac\/wp-json\/wp\/v2\/types\/post"}],"author":[{"embeddable":true,"href":"https:\/\/www.pedagogie.ac-nice.fr\/daac\/wp-json\/wp\/v2\/users\/241"}],"replies":[{"embeddable":true,"href":"https:\/\/www.pedagogie.ac-nice.fr\/daac\/wp-json\/wp\/v2\/comments?post=13598"}],"version-history":[{"count":7,"href":"https:\/\/www.pedagogie.ac-nice.fr\/daac\/wp-json\/wp\/v2\/posts\/13598\/revisions"}],"predecessor-version":[{"id":13612,"href":"https:\/\/www.pedagogie.ac-nice.fr\/daac\/wp-json\/wp\/v2\/posts\/13598\/revisions\/13612"}],"wp:attachment":[{"href":"https:\/\/www.pedagogie.ac-nice.fr\/daac\/wp-json\/wp\/v2\/media?parent=13598"}],"wp:term":[{"taxonomy":"category","embeddable":true,"href":"https:\/\/www.pedagogie.ac-nice.fr\/daac\/wp-json\/wp\/v2\/categories?post=13598"},{"taxonomy":"post_tag","embeddable":true,"href":"https:\/\/www.pedagogie.ac-nice.fr\/daac\/wp-json\/wp\/v2\/tags?post=13598"}],"curies":[{"name":"wp","href":"https:\/\/api.w.org\/{rel}","templated":true}]}}