{"id":15160,"date":"2023-09-05T10:57:46","date_gmt":"2023-09-05T08:57:46","guid":{"rendered":"https:\/\/www.pedagogie.ac-nice.fr\/daac\/?p=15160"},"modified":"2023-09-05T11:01:39","modified_gmt":"2023-09-05T09:01:39","slug":"cie-kubilai-khan-investigations","status":"publish","type":"post","link":"https:\/\/www.pedagogie.ac-nice.fr\/daac\/cie-kubilai-khan-investigations\/","title":{"rendered":"Cie Kubilai Khan Investigations"},"content":{"rendered":"<p><span style=\"font-family: 'trebuchet ms', geneva, sans-serif; color: #000000;\">Frank Micheletti, chor\u00e9graphe de la <span style=\"color: #993366;\">Cie Kubilai Khan Investigations<\/span>, propose un <span style=\"color: #993366;\">festival de danse dans l&rsquo;aire toulonnaise du 13 au 17 septembre<\/span>. Il ouvrira son festival par la projection d&rsquo;un film, au cin\u00e9ma Le Royal, qui questionne la place des jeunes dans l&rsquo;espace public, \u00e0 travers la danse mais aussi d&rsquo;autres pratiques comme le skate par exemple. La projection sera suivie d&rsquo;une r\u00e9flexion\/ conversation, en pr\u00e9sence du r\u00e9alisateur, et il aimerait que le public soit justement constitu\u00e9 de nos jeunes \u00e9l\u00e8ves. Cela aura lieu mercredi 13\/09 au Royal \u00e0 20h, c&rsquo;est gratuit mais il est pr\u00e9f\u00e9rable de r\u00e9server. Ci-jointe la pr\u00e9sentation du film.<\/span><\/p>\n<p><span style=\"font-family: 'trebuchet ms', geneva, sans-serif; color: #993366;\">\ud835\uddd8\ud835\udde7\ud835\uddd8\ud835\udde5\ud835\udde1\ud835\uddd8\ud835\udddf\ud835\udddf\ud835\uddd8 \ud835\udddd\ud835\uddd8\ud835\udde8\ud835\udde1\ud835\uddd8\ud835\udde6\ud835\udde6\ud835\uddd8&nbsp;<a style=\"color: #993366;\" href=\"https:\/\/www.facebook.com\/hashtag\/%F0%9D%97%94%F0%9D%97%A0%F0%9D%97%9C%F0%9D%97%98%F0%9D%97%A1%F0%9D%97%A6?__eep__=6&amp;__cft__%5b0%5d=AZUw96dGikktcysNN1VxtteCTGxeRUWOKR59bOPS4vmqP0aSwFKVAbj6bG3_mdSnlNQ6iybMtovx-6VVMGm92pUehHIbK4swZ1gZjLGV9OdXAfz2hp2LAOd_0X8r7kEI2gc&amp;__tn__=q\">#\ud835\uddd4\ud835\udde0\ud835\udddc\ud835\uddd8\ud835\udde1\ud835\udde6<\/a>&nbsp;&#8211; 20h<\/span><\/p>\n<p><span style=\"font-family: 'trebuchet ms', geneva, sans-serif; color: #993366;\">La Zouze &#8211; Cie Christophe Haleb<\/span><\/p>\n<p><span style=\"font-family: 'trebuchet ms', geneva, sans-serif; color: #993366;\">Cin\u00e9ma Le Royal<\/span><\/p>\n<p><span style=\"font-family: 'trebuchet ms', geneva, sans-serif; color: #000000;\">S\u00e9ance suivie d&rsquo;un \u00e9change en pr\u00e9sence du chor\u00e9graphe et r\u00e9alisateur Christophe Haleb<\/span><\/p>\n<p><span style=\"font-family: 'trebuchet ms', geneva, sans-serif; color: #000000;\">\u00c9TERNELLE JEUNESSE est un projet au long cours, men\u00e9 par Christophe Haleb, dans diff\u00e9rentes villes de France, qui offre au chor\u00e9graphe l\u2019occasion d\u2019affirmer la tendre puissance de son regard cin\u00e9matographique. \u00c9TERNELLE JEUNESSE rencontre le chemin de nombreux jeunes \u00e0 Valence, \u00e0 Amiens, \u00e0 Uz\u00e8s, \u00e0 Pont-Saint-Esprit, et bient\u00f4t dans d\u2019autres villes encore, dans un monde qui bifiurque. Comment les jeunes s\u2019y projettent-ils aujourd\u2019hui ? Comment s\u2019y font-ils leur place ?<\/span><\/p>\n<p><span style=\"font-family: 'trebuchet ms', geneva, sans-serif; color: #000000;\">Durant plus d\u2019une ann\u00e9e et demie, Christophe Haleb et son \u00e9quipe de La Zouze ont men\u00e9 une aventure artistique et humaine in\u00e9dite avec de nombreux jeunes ami\u00e9nois, danseurs, skateurs, circassiens, traceurs, (etc.) dans des endroits parfois insolites et secrets. \u00c0 travers les relations intimes avec des lieux, des environnements naturels, des ruines, des paysages, cette jeunesse nous invite ici \u00e0 arpenter ses incertitudes, ses \u00e9motions, ses convictions, ses projets d\u2019avenir. En s\u2019appropriant des espaces urbains habit\u00e9s et parfois d\u00e9laiss\u00e9es, elle en fait un formidable terrain d\u2019\u00e9mancipation et d\u2019expression artistique.<\/span><\/p>\n<p>&nbsp;<\/p>\n<p><span style=\"font-family: 'trebuchet ms', geneva, sans-serif; color: #000000;\">Programmation du festival en suivant ce lien: https:\/\/www.kubilai-khan-constellations.com\/<\/span><\/p>\n<p>&nbsp;<\/p>\n","protected":false},"excerpt":{"rendered":"<p>Frank Micheletti, chor\u00e9graphe de la Cie Kubilai Khan Investigations, propose un festival de danse dans l&rsquo;aire toulonnaise du 13 au 17 septembre. Il ouvrira son festival par la projection d&rsquo;un film, au cin\u00e9ma Le Royal, qui questionne la place des jeunes dans l&rsquo;espace public, \u00e0 travers la danse mais aussi d&rsquo;autres pratiques comme le skate [&hellip;]<\/p>\n","protected":false},"author":241,"featured_media":0,"comment_status":"closed","ping_status":"closed","sticky":false,"template":"","format":"standard","meta":{"_et_pb_use_builder":"","_et_pb_old_content":"","_et_gb_content_width":"","ngg_post_thumbnail":0,"footnotes":""},"categories":[1],"tags":[],"class_list":["post-15160","post","type-post","status-publish","format-standard","hentry","category-non-classe","et-doesnt-have-format-content","et_post_format-et-post-format-standard"],"rttpg_featured_image_url":null,"rttpg_author":{"display_name":"daacadmin","author_link":"https:\/\/www.pedagogie.ac-nice.fr\/daac\/author\/daacadmin\/"},"rttpg_comment":0,"rttpg_category":"<a href=\"https:\/\/www.pedagogie.ac-nice.fr\/daac\/category\/non-classe\/\" rel=\"category tag\">Non class\u00e9<\/a>","rttpg_excerpt":"Frank Micheletti, chor\u00e9graphe de la Cie Kubilai Khan Investigations, propose un festival de danse dans l&rsquo;aire toulonnaise du 13 au 17 septembre. Il ouvrira son festival par la projection d&rsquo;un film, au cin\u00e9ma Le Royal, qui questionne la place des jeunes dans l&rsquo;espace public, \u00e0 travers la danse mais aussi d&rsquo;autres pratiques comme le skate\u2026","post_mailing_queue_ids":[],"_links":{"self":[{"href":"https:\/\/www.pedagogie.ac-nice.fr\/daac\/wp-json\/wp\/v2\/posts\/15160","targetHints":{"allow":["GET"]}}],"collection":[{"href":"https:\/\/www.pedagogie.ac-nice.fr\/daac\/wp-json\/wp\/v2\/posts"}],"about":[{"href":"https:\/\/www.pedagogie.ac-nice.fr\/daac\/wp-json\/wp\/v2\/types\/post"}],"author":[{"embeddable":true,"href":"https:\/\/www.pedagogie.ac-nice.fr\/daac\/wp-json\/wp\/v2\/users\/241"}],"replies":[{"embeddable":true,"href":"https:\/\/www.pedagogie.ac-nice.fr\/daac\/wp-json\/wp\/v2\/comments?post=15160"}],"version-history":[{"count":6,"href":"https:\/\/www.pedagogie.ac-nice.fr\/daac\/wp-json\/wp\/v2\/posts\/15160\/revisions"}],"predecessor-version":[{"id":15168,"href":"https:\/\/www.pedagogie.ac-nice.fr\/daac\/wp-json\/wp\/v2\/posts\/15160\/revisions\/15168"}],"wp:attachment":[{"href":"https:\/\/www.pedagogie.ac-nice.fr\/daac\/wp-json\/wp\/v2\/media?parent=15160"}],"wp:term":[{"taxonomy":"category","embeddable":true,"href":"https:\/\/www.pedagogie.ac-nice.fr\/daac\/wp-json\/wp\/v2\/categories?post=15160"},{"taxonomy":"post_tag","embeddable":true,"href":"https:\/\/www.pedagogie.ac-nice.fr\/daac\/wp-json\/wp\/v2\/tags?post=15160"}],"curies":[{"name":"wp","href":"https:\/\/api.w.org\/{rel}","templated":true}]}}