{"id":15357,"date":"2023-12-13T15:22:47","date_gmt":"2023-12-13T14:22:47","guid":{"rendered":"https:\/\/www.pedagogie.ac-nice.fr\/daac\/?p=15357"},"modified":"2023-12-13T15:23:09","modified_gmt":"2023-12-13T14:23:09","slug":"prix-litteraire-des-lyceens-et-apprentis-de-la-region-sud-2023-2024","status":"publish","type":"post","link":"https:\/\/www.pedagogie.ac-nice.fr\/daac\/prix-litteraire-des-lyceens-et-apprentis-de-la-region-sud-2023-2024\/","title":{"rendered":"Prix litt\u00e9raire des lyc\u00e9ens et apprentis de la r\u00e9gion SUD 2023 &#8211; 2024"},"content":{"rendered":"<p>[et_pb_section fb_built=\u00a0\u00bb1&Prime; _builder_version=\u00a0\u00bb4.10.7&Prime; _module_preset=\u00a0\u00bbdefault\u00a0\u00bb global_colors_info=\u00a0\u00bb{}\u00a0\u00bb][et_pb_row _builder_version=\u00a0\u00bb4.10.7&Prime; _module_preset=\u00a0\u00bbdefault\u00a0\u00bb global_colors_info=\u00a0\u00bb{}\u00a0\u00bb][et_pb_column type=\u00a0\u00bb4_4&Prime; _builder_version=\u00a0\u00bb4.10.7&Prime; _module_preset=\u00a0\u00bbdefault\u00a0\u00bb global_colors_info=\u00a0\u00bb{}\u00a0\u00bb][et_pb_text _builder_version=\u00a0\u00bb4.10.7&Prime; _module_preset=\u00a0\u00bbdefault\u00a0\u00bb global_colors_info=\u00a0\u00bb{}\u00a0\u00bb][\/et_pb_text][et_pb_text _builder_version=\u00a0\u00bb4.10.7&Prime; _module_preset=\u00a0\u00bbdefault\u00a0\u00bb text_font=\u00a0\u00bbTrebuchet||||||||\u00a0\u00bb text_text_color=\u00a0\u00bb#000000&Prime; text_font_size=\u00a0\u00bb16px\u00a0\u00bb text_orientation=\u00a0\u00bbjustified\u00a0\u00bb global_colors_info=\u00a0\u00bb{}\u00a0\u00bb]<\/p>\n<p style=\"text-align: center;\"><span style=\"color: #993366; font-size: xx-large;\"><strong>Prix litt\u00e9raire des lyc\u00e9ens et apprentis <\/strong><strong>de la r\u00e9gion SUD 2023\/2024<\/strong><\/span><\/p>\n<p style=\"text-align: center;\"><strong><img loading=\"lazy\" decoding=\"async\" src=\"https:\/\/www.pedagogie.ac-nice.fr\/daac\/wp-content\/uploads\/sites\/37\/2023\/12\/prix-litt-2024-300x118.png\" width=\"300\" height=\"118\" alt=\"\" class=\"wp-image-15361 alignnone size-medium\" srcset=\"https:\/\/www.pedagogie.ac-nice.fr\/daac\/wp-content\/uploads\/sites\/37\/2023\/12\/prix-litt-2024-300x118.png 300w, https:\/\/www.pedagogie.ac-nice.fr\/daac\/wp-content\/uploads\/sites\/37\/2023\/12\/prix-litt-2024-768x302.png 768w, https:\/\/www.pedagogie.ac-nice.fr\/daac\/wp-content\/uploads\/sites\/37\/2023\/12\/prix-litt-2024.png 781w\" sizes=\"(max-width: 300px) 100vw, 300px\" \/><\/strong><\/p>\n<p style=\"text-align: center;\">Depuis 2005, le \u00ab <span style=\"color: #993366;\"><strong>Prix litte\u0301raire des lyce\u0301ens et apprentis de la r\u00e9gion SUD<\/strong><\/span> \u00bb propose une compe\u0301tition amicale a\u0300 caracte\u0300re litte\u0301raire permettant aux jeunes de distinguer, a\u0300 travers un prix, d\u2019une part les \u0153uvres d\u2019un romancier, et d\u2019autre part celles d\u2019un sce\u0301nariste et d\u2019un dessinateur de bande dessine\u0301e. Les lyc\u00e9es\/CFA engagent une classe enti\u00e8re ou un groupe constitu\u00e9 de 30 \u00e0 40 jeunes. Ils b\u00e9n\u00e9ficient d\u2019une subvention allou\u00e9e par la R\u00e9gion pour r\u00e9pondre aux diff\u00e9rents attendus du Prix.<\/p>\n<p><strong>Les jur\u00e9s b\u00e9n\u00e9ficient de\u00a0:<\/strong><\/p>\n<ul>\n<li>la d\u00e9couverte de 10 ouvrages (5 romans et 5\u00a0bandes dessin\u00e9es), s\u00e9lectionn\u00e9s par des professionnels.<\/li>\n<li>la rencontre de 2\u00a0auteurs de la s\u00e9lection dans leur \u00e9tablissement (roman et bande dessin\u00e9e)<\/li>\n<li>la rencontre de 5\u00a0autres auteurs de la s\u00e9lection \u00e0\u00a0l\u2019occasion de l\u2019un des grands forums<\/li>\n<li>15 heures d\u2019atelier artistique<\/li>\n<li>la visite des partenaires\u00a0: biblioth\u00e8que et librairie<\/li>\n<li>la venue d\u2019un \u00e9diteur<\/li>\n<li>le cas \u00e9ch\u00e9ant, ils d\u00e9couvrent d\u2019autres m\u00e9tiers li\u00e9s au livre (imprimerie, reliure, traduction, etc.).<\/li>\n<\/ul>\n<p>Retrouvez <a href=\"https:\/\/prixlitteraire-regionsud.fr\/le-prix-litteraire\/\"><strong>toutes les informations utiles ici<\/strong><\/a>.<\/p>\n<p><strong><u>Les participants pour l\u2019ann\u00e9e 2023-2024<\/u><\/strong><\/p>\n<p><strong>Le prix s\u2019appuie sur un trio lyc\u00e9e\/m\u00e9diath\u00e8que et librairies de proximit\u00e9<\/strong><\/p>\n<p>&#8211; Antibes \u2013 <span style=\"color: #800080;\">JACQUES AUDIBERTI<\/span> (06) Lyc\u00e9e Jacques Audiberti<br \/>M\u00e9diath\u00e8que Albert Camus<\/p>\n<p>Librairie Le Dernier rempart<\/p>\n<p>&#8211; Antibes \u2013 <span style=\"color: #800080;\">JACQUES DOLLE<\/span> (06)<\/p>\n<p>Lyc\u00e9e Jacques Dolle<\/p>\n<p>M\u00e9diath\u00e8que Albert Camus<\/p>\n<p>Librairie Dernier rempart<\/p>\n<p>&#8211; Carros \u2013 <span style=\"color: #800080;\">CFA M\u00c9TROPOLE NICE COTE D\u2019AZUR<\/span> (06)<\/p>\n<p>Biblioth\u00e8que Les Moulins 29, boulevard Paul Montel \u2013 06200 Nice<\/p>\n<p>Librairie Les Journ\u00e9es suspendues<\/p>\n<p>Librairie BD Fugue<\/p>\n<p>&#8211; <span style=\"color: #800080;\">Lyc\u00e9e du Golfe de Saint-Tropez Gassin<\/span><\/p>\n<p>Librairie Le Bateau lavoir<\/p>\n<p>M\u00e9diath\u00e8que Jehanne Arnaud<\/p>\n<p>&#8211; <span style=\"color: #800080;\">Lyc\u00e9e Louis Pasteur<\/span> Nice<\/p>\n<p>Biblioth\u00e8que Pasteur-Camille Claudel<\/p>\n<p>Librairie Les Journ\u00e9es suspendues<\/p>\n<p>Librairie BD Fugue<\/p>\n<p>&#8211; <span style=\"color: #800080;\">Lyc\u00e9e Les Palmiers<\/span> Nice<\/p>\n<p>Biblioth\u00e8que Raoul Mille<\/p>\n<p>Librairie Les Journ\u00e9es suspendues<\/p>\n<p>Librairie BD Fugue<\/p>\n<p>&nbsp;<\/p>\n<p><span style=\"color: #993366;\"><strong><u>La s\u00e9lection de l\u2019ann\u00e9e 2023-2024<\/u><\/strong><\/span><\/p>\n<p>Aller plus loin dans la s\u00e9lection\u00a0:<\/p>\n<p><a href=\"https:\/\/prixlitteraire-regionsud.fr\/la-selection\/#selection\" target=\"_blank\" rel=\"noopener\">\u00a0https:\/\/prixlitteraire-regionsud.fr\/la-selection\/#selection<\/a><\/p>\n<p><strong><u>Un concours d\u2019\u00e9criture<\/u><\/strong><\/p>\n<p>Dans le prolongement du <strong>Prix litt\u00e9raire des lyc\u00e9ens et apprentis, l\u2019Agence R\u00e9gionale du Livre Paca propose <\/strong>\u00e0\u00a0tous les lyc\u00e9ens et apprentis. Les lyc\u00e9ens et apprentis ont jusqu\u2019\u00e0 fin mars pour envoyer leur\u00a0texte.<\/p>\n<p>En savoir plus sur le concours :<\/p>\n<blockquote class=\"wp-embedded-content\" data-secret=\"uk2mMqq8QY\"><p><a href=\"https:\/\/prixlitteraire-regionsud.fr\/le-concours-decriture\/\">Le concours&nbsp;d\u2019\u00e9criture<\/a><\/p><\/blockquote>\n<p><iframe loading=\"lazy\" class=\"wp-embedded-content\" sandbox=\"allow-scripts\" security=\"restricted\" style=\"position: absolute; clip: rect(1px, 1px, 1px, 1px);\" title=\"\u00ab\u00a0Le concours&nbsp;d\u2019\u00e9criture\u00a0\u00bb &#8212; Prix litt\u00e9raire des lyc\u00e9ens et apprentis de la r\u00e9gion Sud Provence Alpes C\u00f4te d&#039;Azur\" src=\"https:\/\/prixlitteraire-regionsud.fr\/le-concours-decriture\/embed\/#?secret=ZDGApSWwD7#?secret=uk2mMqq8QY\" data-secret=\"uk2mMqq8QY\" width=\"600\" height=\"338\" frameborder=\"0\" marginwidth=\"0\" marginheight=\"0\" scrolling=\"no\"><\/iframe><\/p>\n<h2><strong>Finalistes &amp;\u00a0laur\u00e9at 2023<\/strong><\/h2>\n<p><strong>Les 5\u00a0finalistes du Concours d\u2019\u00e9criture 2023 autour de la th\u00e9matique <\/strong><em><strong>\u00ab\u00a0Un peu de douceur\u00a0\u00bb <\/strong><\/em><strong>sont\u00a0:<\/strong><\/p>\n<ul>\n<li>Camille ABATECOLA (lyc\u00e9e Jean Aicard, Hy\u00e8res) &#8211; <a href=\"https:\/\/prixlitteraire-regionsud.fr\/wp-content\/uploads\/2023\/05\/83-jeanaicard-camilleabatecola.pdf\">\u201cLe Temps des\u00a0regrets\u201d<\/a><\/li>\n<li>Anne-Capucine CHABRY (lyc\u00e9e Les Maristes, Marseille) &#8211; <a href=\"https:\/\/prixlitteraire-regionsud.fr\/wp-content\/uploads\/2023\/05\/13-lesmaristes-annecapucinechabry.pdf\">\u201cLa Fleur au bout du\u00a0fusil\u201d<\/a><\/li>\n<li>Mathilde DONAT (lyc\u00e9e Charles de Gaulle, Apt) &#8211; <a href=\"https:\/\/prixlitteraire-regionsud.fr\/wp-content\/uploads\/2023\/05\/84-chdegaulleapt-mathildedonat.pdf\">\u201cAu revoir,\u00a0La\u00efma\u201d<\/a><\/li>\n<li>Lee-Lou GAUD\u00c9 (lyc\u00e9e International, Valbonne) &#8211; <a href=\"https:\/\/prixlitteraire-regionsud.fr\/wp-content\/uploads\/2023\/05\/06-civ-lee-lougaude.pdf\">\u201cCharlotte\u201d<\/a><\/li>\n<li>Jules LANGONNET (lyc\u00e9e Val-de-Durance, Pertuis) &#8211; <a href=\"https:\/\/prixlitteraire-regionsud.fr\/wp-content\/uploads\/2023\/05\/84-valdedurance-juleslangonnet.pdf\">\u201cLe Cr\u00e9puscule de\u00a0coton\u201d<\/a><\/li>\n<\/ul>\n<p>Lors de la Remise de Prix, Yamen Mana\u00ef, laur\u00e9at ROMAN du Prix litt\u00e9raire 2023, a\u00a0d\u00e9sign\u00e9 Jules Langonnet (voir photo ci-contre), laur\u00e9at du concours d\u2019\u00e9criture avec son texte\u00a0: <a href=\"https:\/\/prixlitteraire-regionsud.fr\/wp-content\/uploads\/2023\/05\/84-valdedurance-juleslangonnet.pdf\">\u201cLe Cr\u00e9puscule de\u00a0coton\u201d<\/a><\/p>\n<p>&nbsp;<\/p>\n<p>&nbsp;<\/p>\n<p><u>\u00a0<\/u><\/p>\n<p>&nbsp;<\/p>\n<p>[\/et_pb_text][\/et_pb_column][\/et_pb_row][\/et_pb_section]<\/p>\n","protected":false},"excerpt":{"rendered":"<p>Prix litt\u00e9raire des lyc\u00e9ens et apprentis de la r\u00e9gion SUD 2023\/2024 Depuis 2005, le \u00ab Prix litte\u0301raire des lyce\u0301ens et apprentis de la r\u00e9gion SUD \u00bb propose une compe\u0301tition amicale a\u0300 caracte\u0300re litte\u0301raire permettant aux jeunes de distinguer, a\u0300 travers un prix, d\u2019une part les \u0153uvres d\u2019un romancier, et d\u2019autre part celles d\u2019un sce\u0301nariste et [&hellip;]<\/p>\n","protected":false},"author":241,"featured_media":0,"comment_status":"closed","ping_status":"closed","sticky":false,"template":"","format":"standard","meta":{"_et_pb_use_builder":"on","_et_pb_old_content":"","_et_gb_content_width":"","ngg_post_thumbnail":0,"footnotes":""},"categories":[133],"tags":[],"class_list":["post-15357","post","type-post","status-publish","format-standard","hentry","category-reseau-du-livre","et-doesnt-have-format-content","et_post_format-et-post-format-standard"],"rttpg_featured_image_url":null,"rttpg_author":{"display_name":"daacadmin","author_link":"https:\/\/www.pedagogie.ac-nice.fr\/daac\/author\/daacadmin\/"},"rttpg_comment":0,"rttpg_category":"<a href=\"https:\/\/www.pedagogie.ac-nice.fr\/daac\/category\/page-accueil\/reseau-du-livre\/\" rel=\"category tag\">r\u00e9seau du livre<\/a>","rttpg_excerpt":"Prix litt\u00e9raire des lyc\u00e9ens et apprentis de la r\u00e9gion SUD 2023\/2024 Depuis 2005, le \u00ab Prix litte\u0301raire des lyce\u0301ens et apprentis de la r\u00e9gion SUD \u00bb propose une compe\u0301tition amicale a\u0300 caracte\u0300re litte\u0301raire permettant aux jeunes de distinguer, a\u0300 travers un prix, d\u2019une part les \u0153uvres d\u2019un romancier, et d\u2019autre part celles d\u2019un sce\u0301nariste et\u2026","post_mailing_queue_ids":[],"_links":{"self":[{"href":"https:\/\/www.pedagogie.ac-nice.fr\/daac\/wp-json\/wp\/v2\/posts\/15357","targetHints":{"allow":["GET"]}}],"collection":[{"href":"https:\/\/www.pedagogie.ac-nice.fr\/daac\/wp-json\/wp\/v2\/posts"}],"about":[{"href":"https:\/\/www.pedagogie.ac-nice.fr\/daac\/wp-json\/wp\/v2\/types\/post"}],"author":[{"embeddable":true,"href":"https:\/\/www.pedagogie.ac-nice.fr\/daac\/wp-json\/wp\/v2\/users\/241"}],"replies":[{"embeddable":true,"href":"https:\/\/www.pedagogie.ac-nice.fr\/daac\/wp-json\/wp\/v2\/comments?post=15357"}],"version-history":[{"count":5,"href":"https:\/\/www.pedagogie.ac-nice.fr\/daac\/wp-json\/wp\/v2\/posts\/15357\/revisions"}],"predecessor-version":[{"id":15365,"href":"https:\/\/www.pedagogie.ac-nice.fr\/daac\/wp-json\/wp\/v2\/posts\/15357\/revisions\/15365"}],"wp:attachment":[{"href":"https:\/\/www.pedagogie.ac-nice.fr\/daac\/wp-json\/wp\/v2\/media?parent=15357"}],"wp:term":[{"taxonomy":"category","embeddable":true,"href":"https:\/\/www.pedagogie.ac-nice.fr\/daac\/wp-json\/wp\/v2\/categories?post=15357"},{"taxonomy":"post_tag","embeddable":true,"href":"https:\/\/www.pedagogie.ac-nice.fr\/daac\/wp-json\/wp\/v2\/tags?post=15357"}],"curies":[{"name":"wp","href":"https:\/\/api.w.org\/{rel}","templated":true}]}}