{"id":421,"date":"2020-09-12T09:47:39","date_gmt":"2020-09-12T07:47:39","guid":{"rendered":"https:\/\/www.pedagogie.ac-nice.fr\/daac\/?p=421"},"modified":"2021-09-25T13:01:14","modified_gmt":"2021-09-25T11:01:14","slug":"preac-patrimoines-et-creativite","status":"publish","type":"post","link":"https:\/\/www.pedagogie.ac-nice.fr\/daac\/preac-patrimoines-et-creativite\/","title":{"rendered":"Transmettre l&rsquo;architecture contemporaine"},"content":{"rendered":"<p>[et_pb_section fb_built=\u00a0\u00bb1&Prime; _builder_version=\u00a0\u00bb3.22&Prime; global_colors_info=\u00a0\u00bb{}\u00a0\u00bb][et_pb_row column_structure=\u00a0\u00bb2_5,3_5&Prime; _builder_version=\u00a0\u00bb4.10.7&Prime; _module_preset=\u00a0\u00bbdefault\u00a0\u00bb global_colors_info=\u00a0\u00bb{}\u00a0\u00bb][et_pb_column type=\u00a0\u00bb2_5&Prime; _builder_version=\u00a0\u00bb4.10.7&Prime; _module_preset=\u00a0\u00bbdefault\u00a0\u00bb global_colors_info=\u00a0\u00bb{}\u00a0\u00bb][et_pb_text admin_label=\u00a0\u00bblogo archi\u00a0\u00bb _builder_version=\u00a0\u00bb4.10.7&Prime; background_size=\u00a0\u00bbinitial\u00a0\u00bb background_position=\u00a0\u00bbtop_left\u00a0\u00bb background_repeat=\u00a0\u00bbrepeat\u00a0\u00bb global_colors_info=\u00a0\u00bb{}\u00a0\u00bb]<\/p>\n<div class=\"ce-bodytext\">\n<p style=\"text-align: center;\"><img loading=\"lazy\" decoding=\"async\" class=\"alignnone size-full wp-image-5918\" src=\"https:\/\/www.pedagogie.ac-nice.fr\/daac\/wp-content\/uploads\/sites\/37\/2021\/09\/architecture.png\" alt=\"\" width=\"348\" height=\"221\" srcset=\"https:\/\/www.pedagogie.ac-nice.fr\/daac\/wp-content\/uploads\/sites\/37\/2021\/09\/architecture.png 348w, https:\/\/www.pedagogie.ac-nice.fr\/daac\/wp-content\/uploads\/sites\/37\/2021\/09\/architecture-300x191.png 300w\" sizes=\"(max-width: 348px) 100vw, 348px\" \/><\/p>\n<p>&nbsp;<\/p>\n<\/div>\n<p>[\/et_pb_text][et_pb_divider _builder_version=\u00a0\u00bb4.10.7&Prime; _module_preset=\u00a0\u00bbdefault\u00a0\u00bb global_colors_info=\u00a0\u00bb{}\u00a0\u00bb][\/et_pb_divider][et_pb_text admin_label=\u00a0\u00bbPr\u00e9ac\u00a0\u00bb _builder_version=\u00a0\u00bb4.10.7&Prime; background_size=\u00a0\u00bbinitial\u00a0\u00bb background_position=\u00a0\u00bbtop_left\u00a0\u00bb background_repeat=\u00a0\u00bbrepeat\u00a0\u00bb hover_enabled=\u00a0\u00bb0&Prime; global_colors_info=\u00a0\u00bb{}\u00a0\u00bb sticky_enabled=\u00a0\u00bb0&Prime;]<\/p>\n<p style=\"text-align: center;\"><a href=\"https:\/\/www.reseau-canope.fr\/preac-patrimoines-et-creativite\/outils\/transmettre-larchitecture-contemporaine.html\" target=\"_blank\" rel=\"noopener noreferrer\"><img loading=\"lazy\" decoding=\"async\" class=\"alignnone size-medium wp-image-423 aligncenter\" src=\"https:\/\/www.pedagogie.ac-nice.fr\/daac\/wp-content\/uploads\/sites\/37\/2020\/09\/preac_patrimoines_creativite-300x149.png\" alt=\"\" width=\"300\" height=\"149\" srcset=\"https:\/\/www.pedagogie.ac-nice.fr\/daac\/wp-content\/uploads\/sites\/37\/2020\/09\/preac_patrimoines_creativite-300x149.png 300w, https:\/\/www.pedagogie.ac-nice.fr\/daac\/wp-content\/uploads\/sites\/37\/2020\/09\/preac_patrimoines_creativite.png 591w\" sizes=\"(max-width: 300px) 100vw, 300px\" \/><\/a><span style=\"color: #ff6600;\">Lien vers le Preac<\/span><\/p>\n<div class=\"ce-bodytext\">\n<p style=\"text-align: justify;\"><strong>&nbsp;<\/strong><\/p>\n<p style=\"text-align: center;\">&nbsp;<\/p>\n<p>&nbsp;<\/p>\n<\/div>\n<p>[\/et_pb_text][\/et_pb_column][et_pb_column type=\u00a0\u00bb3_5&Prime; _builder_version=\u00a0\u00bb4.10.7&Prime; _module_preset=\u00a0\u00bbdefault\u00a0\u00bb global_colors_info=\u00a0\u00bb{}\u00a0\u00bb][et_pb_text _builder_version=\u00a0\u00bb4.10.7&Prime; background_size=\u00a0\u00bbinitial\u00a0\u00bb background_position=\u00a0\u00bbtop_left\u00a0\u00bb background_repeat=\u00a0\u00bbrepeat\u00a0\u00bb hover_enabled=\u00a0\u00bb0&Prime; global_colors_info=\u00a0\u00bb{}\u00a0\u00bb sticky_enabled=\u00a0\u00bb0&Prime;]<\/p>\n<div class=\"ce-bodytext\">\n<p style=\"text-align: center;\"><span style=\"color: #0000ff;\"><strong><span style=\"font-size: 18pt;\">Transmettre l&rsquo;architecture contemporaine<\/span><\/strong><\/span><\/p>\n<p style=\"text-align: justify;\"><span style=\"color: #0000ff;\"><strong>Gr\u00e2ce \u00e0 un partenariat entre la DAAC de l&rsquo;Acad\u00e9mie de Nice et le r\u00e9seau CANOPE, d\u00e9couvrez la pr\u00e9sentation de vingt site de l&rsquo;Acad\u00e9mie de Nice issue du travail collectif de professionnels de l\u2019architecture, de l\u2019\u00e9ducation et de la culture<\/strong> r\u00e9alis\u00e9 dans le cadre du Pr\u00e9ac \u00ab\u00a0Patrimoines et Cr\u00e9ativit\u00e9\u00a0\u00bb au cours des ann\u00e9es 2018-2019.<\/span><strong><br \/><\/strong><\/p>\n<p style=\"text-align: center;\"><a href=\"https:\/\/www.reseau-canope.fr\/notice\/transmettre-larchitecture-contemporaine.html\" target=\"_blank\" rel=\"noopener noreferrer\"><img loading=\"lazy\" decoding=\"async\" class=\"alignnone size-medium wp-image-422 aligncenter\" src=\"https:\/\/www.pedagogie.ac-nice.fr\/daac\/wp-content\/uploads\/sites\/37\/2020\/09\/canope-212x300.jpg\" alt=\"\" width=\"212\" height=\"300\" srcset=\"https:\/\/www.pedagogie.ac-nice.fr\/daac\/wp-content\/uploads\/sites\/37\/2020\/09\/canope-212x300.jpg 212w, https:\/\/www.pedagogie.ac-nice.fr\/daac\/wp-content\/uploads\/sites\/37\/2020\/09\/canope-572x810.jpg 572w, https:\/\/www.pedagogie.ac-nice.fr\/daac\/wp-content\/uploads\/sites\/37\/2020\/09\/canope.jpg 623w\" sizes=\"(max-width: 212px) 100vw, 212px\" \/><span style=\"color: #ff6600;\">Consulter l&rsquo;ouvrage ici<\/span><\/a><\/p>\n<p style=\"text-align: justify;\"><span style=\"color: #0000ff;\">Cette \u00e9dition disponible en ligne sur le site de CANOPE permet de faire d\u00e9couvrir \u00e0 nos \u00e9l\u00e8ves&nbsp; l\u2019architecture contemporaine de notre r\u00e9gion :<\/span><\/p>\n<ul style=\"list-style-type: square;\">\n<li><span style=\"color: #0000ff;\">&nbsp;chaque fiche est consacr\u00e9e \u00e0 une b\u00e2timent sur son site ;<\/span><\/li>\n<li><span style=\"color: #0000ff;\">elle&nbsp; offre une approche originale qui m\u00eale les arts, les sciences et les techniques ;<\/span><\/li>\n<li><span style=\"color: #0000ff;\">elle offre des pistes de r\u00e9flexion transversales pour s\u2019interroger sur les enjeux de l\u2019architecture contemporaine.<\/span><\/li>\n<\/ul>\n<\/div>\n<p>[\/et_pb_text][\/et_pb_column][\/et_pb_row][\/et_pb_section]<\/p>\n","protected":false},"excerpt":{"rendered":"<p>&nbsp; Lien vers le Preac &nbsp; &nbsp; &nbsp; Transmettre l&rsquo;architecture contemporaine Gr\u00e2ce \u00e0 un partenariat entre la DAAC de l&rsquo;Acad\u00e9mie de Nice et le r\u00e9seau CANOPE, d\u00e9couvrez la pr\u00e9sentation de vingt site de l&rsquo;Acad\u00e9mie de Nice issue du travail collectif de professionnels de l\u2019architecture, de l\u2019\u00e9ducation et de la culture r\u00e9alis\u00e9 dans le cadre du [&hellip;]<\/p>\n","protected":false},"author":241,"featured_media":0,"comment_status":"closed","ping_status":"closed","sticky":false,"template":"","format":"standard","meta":{"_et_pb_use_builder":"on","_et_pb_old_content":"<p style=\"text-align: center;\"><a href=\"https:\/\/www.reseau-canope.fr\/preac-patrimoines-et-creativite\/outils\/transmettre-larchitecture-contemporaine.html\" target=\"_blank\" rel=\"noopener noreferrer\"><img class=\"alignnone size-medium wp-image-423 aligncenter\" src=\"https:\/\/www.pedagogie.ac-nice.fr\/daac\/wp-content\/uploads\/sites\/37\/2020\/09\/preac_patrimoines_creativite-300x149.png\" alt=\"\" width=\"300\" height=\"149\">Lien vers le Pr\u00e9ac<\/a><\/p><div class=\"ce-bodytext\"><p style=\"text-align: justify;\"><strong>Gr\u00e2ce \u00e0 un partenariat entre la DAAC de l'Acad\u00e9mie de Nice et le r\u00e9seau CANOPE, d\u00e9couvrez la pr\u00e9sentation de vingt site de l'Acad\u00e9mie de Nice issue du travail collectif de professionnels de l\u2019architecture, de l\u2019\u00e9ducation et de la culture<\/strong> r\u00e9alis\u00e9 dans le cadre du Pr\u00e9ac \"Patrimoines et Cr\u00e9ativit\u00e9\" au cours des ann\u00e9es 2018-2019.<strong><br><\/strong><\/p><p style=\"text-align: center;\"><a href=\"https:\/\/www.reseau-canope.fr\/notice\/transmettre-larchitecture-contemporaine.html\" target=\"_blank\" rel=\"noopener noreferrer\"><img class=\"alignnone size-medium wp-image-422 aligncenter\" src=\"https:\/\/www.pedagogie.ac-nice.fr\/daac\/wp-content\/uploads\/sites\/37\/2020\/09\/canope-212x300.jpg\" alt=\"\" width=\"212\" height=\"300\">Consulter l'ouvrage ici<\/a><\/p><p style=\"text-align: justify;\">Cette \u00e9dition disponible en ligne sur le site de CANOPE permet de faire d\u00e9couvrir \u00e0 nos \u00e9l\u00e8ves\u00a0 l\u2019architecture contemporaine de notre r\u00e9gion :<\/p><ul style=\"list-style-type: square;\"><li>\u00a0chaque fiche est consacr\u00e9e \u00e0 une b\u00e2timent sur son site ;<\/li><li>elle\u00a0 offre une approche originale qui m\u00eale les arts, les sciences et les techniques ;<\/li><li>elle offre des pistes de r\u00e9flexion transversales pour s\u2019interroger sur les enjeux de l\u2019architecture contemporaine.<\/li><\/ul><\/div>","_et_gb_content_width":"","ngg_post_thumbnail":0,"footnotes":""},"categories":[29],"tags":[61],"class_list":["post-421","post","type-post","status-publish","format-standard","hentry","category-preac","tag-architecture","et-doesnt-have-format-content","et_post_format-et-post-format-standard"],"rttpg_featured_image_url":null,"rttpg_author":{"display_name":"daacadmin","author_link":"https:\/\/www.pedagogie.ac-nice.fr\/daac\/author\/daacadmin\/"},"rttpg_comment":0,"rttpg_category":"<a href=\"https:\/\/www.pedagogie.ac-nice.fr\/daac\/category\/preac\/\" rel=\"category tag\">Pr\u00e9ac<\/a>","rttpg_excerpt":"&nbsp; Lien vers le Preac &nbsp; &nbsp; &nbsp; Transmettre l'architecture contemporaine Gr\u00e2ce \u00e0 un partenariat entre la DAAC de l'Acad\u00e9mie de Nice et le r\u00e9seau CANOPE, d\u00e9couvrez la pr\u00e9sentation de vingt site de l'Acad\u00e9mie de Nice issue du travail collectif de professionnels de l\u2019architecture, de l\u2019\u00e9ducation et de la culture r\u00e9alis\u00e9 dans le cadre du\u2026","post_mailing_queue_ids":[],"_links":{"self":[{"href":"https:\/\/www.pedagogie.ac-nice.fr\/daac\/wp-json\/wp\/v2\/posts\/421","targetHints":{"allow":["GET"]}}],"collection":[{"href":"https:\/\/www.pedagogie.ac-nice.fr\/daac\/wp-json\/wp\/v2\/posts"}],"about":[{"href":"https:\/\/www.pedagogie.ac-nice.fr\/daac\/wp-json\/wp\/v2\/types\/post"}],"author":[{"embeddable":true,"href":"https:\/\/www.pedagogie.ac-nice.fr\/daac\/wp-json\/wp\/v2\/users\/241"}],"replies":[{"embeddable":true,"href":"https:\/\/www.pedagogie.ac-nice.fr\/daac\/wp-json\/wp\/v2\/comments?post=421"}],"version-history":[{"count":8,"href":"https:\/\/www.pedagogie.ac-nice.fr\/daac\/wp-json\/wp\/v2\/posts\/421\/revisions"}],"predecessor-version":[{"id":6144,"href":"https:\/\/www.pedagogie.ac-nice.fr\/daac\/wp-json\/wp\/v2\/posts\/421\/revisions\/6144"}],"wp:attachment":[{"href":"https:\/\/www.pedagogie.ac-nice.fr\/daac\/wp-json\/wp\/v2\/media?parent=421"}],"wp:term":[{"taxonomy":"category","embeddable":true,"href":"https:\/\/www.pedagogie.ac-nice.fr\/daac\/wp-json\/wp\/v2\/categories?post=421"},{"taxonomy":"post_tag","embeddable":true,"href":"https:\/\/www.pedagogie.ac-nice.fr\/daac\/wp-json\/wp\/v2\/tags?post=421"}],"curies":[{"name":"wp","href":"https:\/\/api.w.org\/{rel}","templated":true}]}}