{"id":5652,"date":"2021-09-17T19:08:46","date_gmt":"2021-09-17T17:08:46","guid":{"rendered":"https:\/\/www.pedagogie.ac-nice.fr\/daac\/?p=5652"},"modified":"2021-11-19T12:11:23","modified_gmt":"2021-11-19T11:11:23","slug":"mercredi-enseignant-chagall","status":"publish","type":"post","link":"https:\/\/www.pedagogie.ac-nice.fr\/daac\/mercredi-enseignant-chagall\/","title":{"rendered":"Mercredi enseignant Chagall"},"content":{"rendered":"<p>[et_pb_section fb_built=\u00a0\u00bb1&Prime; _builder_version=\u00a0\u00bb4.10.7&Prime; _module_preset=\u00a0\u00bbdefault\u00a0\u00bb global_colors_info=\u00a0\u00bb{}\u00a0\u00bb][et_pb_row column_structure=\u00a0\u00bb2_5,3_5&Prime; _builder_version=\u00a0\u00bb4.10.7&Prime; _module_preset=\u00a0\u00bbdefault\u00a0\u00bb global_colors_info=\u00a0\u00bb{}\u00a0\u00bb][et_pb_column type=\u00a0\u00bb2_5&Prime; _builder_version=\u00a0\u00bb4.10.7&Prime; _module_preset=\u00a0\u00bbdefault\u00a0\u00bb global_colors_info=\u00a0\u00bb{}\u00a0\u00bb][et_pb_text admin_label=\u00a0\u00bblogo mercredis Var\u00a0\u00bb _builder_version=\u00a0\u00bb4.10.7&Prime; _module_preset=\u00a0\u00bbdefault\u00a0\u00bb global_colors_info=\u00a0\u00bb{}\u00a0\u00bb]<\/p>\n<p><img loading=\"lazy\" decoding=\"async\" class=\"alignnone size-full wp-image-6497 aligncenter\" src=\"https:\/\/www.pedagogie.ac-nice.fr\/daac\/wp-content\/uploads\/sites\/37\/2021\/09\/mercredis_enseignants_AM.png\" alt=\"\" width=\"281\" height=\"219\"><\/p>\n<p>[\/et_pb_text][et_pb_divider _builder_version=\u00a0\u00bb4.10.7&Prime; _module_preset=\u00a0\u00bbdefault\u00a0\u00bb global_colors_info=\u00a0\u00bb{}\u00a0\u00bb][\/et_pb_divider][et_pb_text admin_label=\u00a0\u00bbvisuel expo chagall\u00a0\u00bb _builder_version=\u00a0\u00bb4.10.7&Prime; _module_preset=\u00a0\u00bbdefault\u00a0\u00bb hover_enabled=\u00a0\u00bb0&Prime; global_colors_info=\u00a0\u00bb{}\u00a0\u00bb sticky_enabled=\u00a0\u00bb0&Prime;]<\/p>\n<p style=\"text-align: center;\"><a href=\"https:\/\/www.pedagogie.ac-nice.fr\/daac\/wp-content\/uploads\/sites\/37\/2021\/09\/visuel_chagall.jpg\" target=\"_blank\" rel=\"noopener\"><img loading=\"lazy\" decoding=\"async\" class=\"alignnone wp-image-5649\" src=\"https:\/\/www.pedagogie.ac-nice.fr\/daac\/wp-content\/uploads\/sites\/37\/2021\/09\/visuel_chagall.jpg\" alt=\"\" width=\"260\" height=\"386\" srcset=\"https:\/\/www.pedagogie.ac-nice.fr\/daac\/wp-content\/uploads\/sites\/37\/2021\/09\/visuel_chagall.jpg 609w, https:\/\/www.pedagogie.ac-nice.fr\/daac\/wp-content\/uploads\/sites\/37\/2021\/09\/visuel_chagall-203x300.jpg 203w\" sizes=\"(max-width: 260px) 100vw, 260px\" \/><\/a><\/p>\n<p>&nbsp;<\/p>\n<p>&nbsp;<\/p>\n<p>&nbsp;<\/p>\n<p>[\/et_pb_text][\/et_pb_column][et_pb_column type=\u00a0\u00bb3_5&Prime; _builder_version=\u00a0\u00bb4.10.7&Prime; _module_preset=\u00a0\u00bbdefault\u00a0\u00bb global_colors_info=\u00a0\u00bb{}\u00a0\u00bb][et_pb_text admin_label=\u00a0\u00bbTexte Julien\u00a0\u00bb _builder_version=\u00a0\u00bb4.10.7&Prime; _module_preset=\u00a0\u00bbdefault\u00a0\u00bb global_colors_info=\u00a0\u00bb{}\u00a0\u00bb]<\/p>\n<p style=\"text-align: center;\" align=\"center\"><strong><span style=\"color: #ff6600;\"><span style=\"font-family: Calibri, serif;\"><span style=\"font-size: large;\"><span lang=\"fr-FR\">Le mercredi 2<\/span><\/span><\/span><span style=\"font-family: Calibri, serif;\"><span style=\"font-size: large;\"><span lang=\"fr-FR\">9<\/span><\/span><\/span><span style=\"font-family: Calibri, serif;\"><span style=\"font-size: large;\"><span lang=\"fr-FR\"> septembre 2021<br \/><\/span>De 14h \u00e0 17h<\/span><\/span><\/span><\/strong><\/p>\n<p style=\"text-align: center;\" align=\"center\"><strong><span style=\"color: #ff6600;\"><span style=\"font-family: Calibri, serif;\"><span style=\"font-size: small;\"><i>Sous r\u00e9serve des consignes sanitaires<\/i><\/span><\/span><\/span><\/strong><\/p>\n<p style=\"text-align: justify;\"><span style=\"font-family: verdana, geneva, sans-serif;\"><span style=\"color: #000000;\"><span style=\"font-size: medium;\">Le service de la m\u00e9diation du <\/span><span style=\"font-size: medium;\"><b>mus\u00e9e national Marc Chagall et la DAAC<\/b><\/span><span style=\"font-size: medium;\"> ont le plaisir de vous inviter, le <\/span><span style=\"font-size: medium;\"><b>mercredi 29 septembre \u00e0 14h<\/b><\/span><span style=\"font-size: medium;\">, \u00e0 une pr\u00e9sentation de la collection permanente, de la nouvelle exposition <\/span><span style=\"font-size: medium;\"><i>Marc Chagall, le passeur de Lumi\u00e8re, <\/i><\/span><\/span><span style=\"font-size: medium;\"><span style=\"color: #000000;\">et des diff\u00e9rents dispositifs p\u00e9dagogiques r\u00e9serv\u00e9s aux enseignants et \u00e0 leurs \u00e9l\u00e8ves.<br \/><\/span> <\/span><\/span><\/p>\n<p style=\"text-align: justify;\">I<span style=\"color: #000000;\">nscription aupr\u00e8s de<\/span><span style=\"font-size: medium;\"><span style=\"color: #000000;\"> C\u00e9cile Ciais, charg\u00e9e de mission DAAC, arts visuels, arts contemporains<\/span><br \/><\/span><span style=\"color: #0563c1;\"><u><a href=\"mailto:Cecile.puel-ciais@ac-nice.fr\"><span style=\"font-size: medium;\">Cecile.puel-ciais@ac-nice.fr<\/span><\/a><\/u><\/span><\/p>\n<p style=\"text-align: center;\"><strong><span style=\"color: #ff6600;\">Consultez l&rsquo;invitation d\u00e9taill\u00e9e en cliquant ci-dessous<br \/><\/span><\/strong><\/p>\n<p style=\"text-align: center;\"><a href=\"https:\/\/www.pedagogie.ac-nice.fr\/daac\/wp-content\/uploads\/sites\/37\/2021\/09\/ME_Chagall_29092021.pdf\" target=\"_blank\" rel=\"noopener\"><img loading=\"lazy\" decoding=\"async\" class=\"wp-image-5655\" src=\"https:\/\/www.pedagogie.ac-nice.fr\/daac\/wp-content\/uploads\/sites\/37\/2021\/09\/puce_chagall.png\" alt=\"\" width=\"69\" height=\"67\"><\/a><\/p>\n<p>[\/et_pb_text][et_pb_divider _builder_version=\u00a0\u00bb4.10.7&Prime; _module_preset=\u00a0\u00bbdefault\u00a0\u00bb global_colors_info=\u00a0\u00bb{}\u00a0\u00bb][\/et_pb_divider][et_pb_text admin_label=\u00a0\u00bbPortail des savoirs\u00a0\u00bb _builder_version=\u00a0\u00bb4.10.7&Prime; _module_preset=\u00a0\u00bbdefault\u00a0\u00bb hover_enabled=\u00a0\u00bb0&Prime; global_colors_info=\u00a0\u00bb{}\u00a0\u00bb sticky_enabled=\u00a0\u00bb0&Prime;]<\/p>\n<p style=\"text-align: center;\"><a href=\"http:\/\/www.savoirs-alpesmaritimes.fr\/Domaines\/Arts-du-visuel\/musee-national-Marc-Chagall\" target=\"_blank\" rel=\"noopener\"><strong><span style=\"color: #ff6600;\">Pour en savoir plus sur Marc Chagall et le Mus\u00e9e Chagall<\/span><\/strong><\/a><a href=\"http:\/\/www.savoirs-alpesmaritimes.fr\/Domaines\/Arts-du-visuel\/musee-national-Marc-Chagall\" target=\"_blank\" rel=\"noopener\"><img loading=\"lazy\" decoding=\"async\" class=\"aligncenter wp-image-1288 size-full\" src=\"https:\/\/www.pedagogie.ac-nice.fr\/daac\/wp-content\/uploads\/sites\/37\/2020\/11\/portail_savoirs_1.png\" alt=\"le portail des savoirs propose une s\u00e9lection de ressources sur le patrimoine des Alpes Maritimes. Ces ressources sont organis\u00e9es par ordre chronoogique et par th\u00e8me de la Pr\u00e9histoire \u00e0 nos jours.\" width=\"263\" height=\"88\"><\/a><\/p>\n<p>[\/et_pb_text][\/et_pb_column][\/et_pb_row][\/et_pb_section]<\/p>\n","protected":false},"excerpt":{"rendered":"<p>&nbsp; &nbsp; &nbsp;Le mercredi 29 septembre 2021De 14h \u00e0 17h Sous r\u00e9serve des consignes sanitaires Le service de la m\u00e9diation du mus\u00e9e national Marc Chagall et la DAAC ont le plaisir de vous inviter, le mercredi 29 septembre \u00e0 14h, \u00e0 une pr\u00e9sentation de la collection permanente, de la nouvelle exposition Marc Chagall, le passeur [&hellip;]<\/p>\n","protected":false},"author":241,"featured_media":0,"comment_status":"closed","ping_status":"closed","sticky":false,"template":"","format":"standard","meta":{"_et_pb_use_builder":"on","_et_pb_old_content":"","_et_gb_content_width":"","ngg_post_thumbnail":0,"footnotes":""},"categories":[67,1],"tags":[],"class_list":["post-5652","post","type-post","status-publish","format-standard","hentry","category-mercredi-enseignants-06","category-non-classe","et-doesnt-have-format-content","et_post_format-et-post-format-standard"],"rttpg_featured_image_url":null,"rttpg_author":{"display_name":"daacadmin","author_link":"https:\/\/www.pedagogie.ac-nice.fr\/daac\/author\/daacadmin\/"},"rttpg_comment":0,"rttpg_category":"<a href=\"https:\/\/www.pedagogie.ac-nice.fr\/daac\/category\/mercredi-enseignants-06\/\" rel=\"category tag\">mercredi enseignants 06<\/a> <a href=\"https:\/\/www.pedagogie.ac-nice.fr\/daac\/category\/non-classe\/\" rel=\"category tag\">Non class\u00e9<\/a>","rttpg_excerpt":"&nbsp; &nbsp; &nbsp;Le mercredi 29 septembre 2021De 14h \u00e0 17h Sous r\u00e9serve des consignes sanitaires Le service de la m\u00e9diation du mus\u00e9e national Marc Chagall et la DAAC ont le plaisir de vous inviter, le mercredi 29 septembre \u00e0 14h, \u00e0 une pr\u00e9sentation de la collection permanente, de la nouvelle exposition Marc Chagall, le passeur\u2026","post_mailing_queue_ids":[],"_links":{"self":[{"href":"https:\/\/www.pedagogie.ac-nice.fr\/daac\/wp-json\/wp\/v2\/posts\/5652","targetHints":{"allow":["GET"]}}],"collection":[{"href":"https:\/\/www.pedagogie.ac-nice.fr\/daac\/wp-json\/wp\/v2\/posts"}],"about":[{"href":"https:\/\/www.pedagogie.ac-nice.fr\/daac\/wp-json\/wp\/v2\/types\/post"}],"author":[{"embeddable":true,"href":"https:\/\/www.pedagogie.ac-nice.fr\/daac\/wp-json\/wp\/v2\/users\/241"}],"replies":[{"embeddable":true,"href":"https:\/\/www.pedagogie.ac-nice.fr\/daac\/wp-json\/wp\/v2\/comments?post=5652"}],"version-history":[{"count":13,"href":"https:\/\/www.pedagogie.ac-nice.fr\/daac\/wp-json\/wp\/v2\/posts\/5652\/revisions"}],"predecessor-version":[{"id":9416,"href":"https:\/\/www.pedagogie.ac-nice.fr\/daac\/wp-json\/wp\/v2\/posts\/5652\/revisions\/9416"}],"wp:attachment":[{"href":"https:\/\/www.pedagogie.ac-nice.fr\/daac\/wp-json\/wp\/v2\/media?parent=5652"}],"wp:term":[{"taxonomy":"category","embeddable":true,"href":"https:\/\/www.pedagogie.ac-nice.fr\/daac\/wp-json\/wp\/v2\/categories?post=5652"},{"taxonomy":"post_tag","embeddable":true,"href":"https:\/\/www.pedagogie.ac-nice.fr\/daac\/wp-json\/wp\/v2\/tags?post=5652"}],"curies":[{"name":"wp","href":"https:\/\/api.w.org\/{rel}","templated":true}]}}