{"id":5796,"date":"2021-09-21T21:08:56","date_gmt":"2021-09-21T19:08:56","guid":{"rendered":"https:\/\/www.pedagogie.ac-nice.fr\/daac\/?p=5796"},"modified":"2021-09-29T19:08:28","modified_gmt":"2021-09-29T17:08:28","slug":"mercredis_enseignants_ravel","status":"publish","type":"post","link":"https:\/\/www.pedagogie.ac-nice.fr\/daac\/mercredis_enseignants_ravel\/","title":{"rendered":"Ravel Var 2010"},"content":{"rendered":"<p>[et_pb_section fb_built=\u00a0\u00bb1&Prime; _builder_version=\u00a0\u00bb4.10.7&Prime; _module_preset=\u00a0\u00bbdefault\u00a0\u00bb global_colors_info=\u00a0\u00bb{}\u00a0\u00bb][et_pb_row column_structure=\u00a0\u00bb2_5,3_5&Prime; _builder_version=\u00a0\u00bb4.10.7&Prime; _module_preset=\u00a0\u00bbdefault\u00a0\u00bb global_colors_info=\u00a0\u00bb{}\u00a0\u00bb][et_pb_column type=\u00a0\u00bb2_5&Prime; _builder_version=\u00a0\u00bb4.10.7&Prime; _module_preset=\u00a0\u00bbdefault\u00a0\u00bb global_colors_info=\u00a0\u00bb{}\u00a0\u00bb][et_pb_text admin_label=\u00a0\u00bbLogo mercredi\u00a0\u00bb _builder_version=\u00a0\u00bb4.10.7&Prime; _module_preset=\u00a0\u00bbdefault\u00a0\u00bb global_colors_info=\u00a0\u00bb{}\u00a0\u00bb]<\/p>\n<p><img loading=\"lazy\" decoding=\"async\" class=\"alignnone size-full wp-image-6498 aligncenter\" src=\"https:\/\/www.pedagogie.ac-nice.fr\/daac\/wp-content\/uploads\/sites\/37\/2021\/09\/mercredis_enseignants_Var.png\" alt=\"\" width=\"284\" height=\"216\"><\/p>\n<p>[\/et_pb_text][et_pb_text admin_label=\u00a0\u00bbvisuel expo\u00a0\u00bb _builder_version=\u00a0\u00bb4.10.7&Prime; _module_preset=\u00a0\u00bbdefault\u00a0\u00bb global_colors_info=\u00a0\u00bb{}\u00a0\u00bb]<\/p>\n<p><img loading=\"lazy\" decoding=\"async\" class=\"alignnone  wp-image-5770\" src=\"https:\/\/www.pedagogie.ac-nice.fr\/daac\/wp-content\/uploads\/sites\/37\/2021\/09\/affiche-ravel.jpg_img.jpg\" alt=\"expo Ravel 83\" width=\"530\" height=\"751\" srcset=\"https:\/\/www.pedagogie.ac-nice.fr\/daac\/wp-content\/uploads\/sites\/37\/2021\/09\/affiche-ravel.jpg_img.jpg 635w, https:\/\/www.pedagogie.ac-nice.fr\/daac\/wp-content\/uploads\/sites\/37\/2021\/09\/affiche-ravel.jpg_img-212x300.jpg 212w\" sizes=\"(max-width: 530px) 100vw, 530px\" \/><\/p>\n<p>[\/et_pb_text][\/et_pb_column][et_pb_column type=\u00a0\u00bb3_5&Prime; _builder_version=\u00a0\u00bb4.10.7&Prime; _module_preset=\u00a0\u00bbdefault\u00a0\u00bb global_colors_info=\u00a0\u00bb{}\u00a0\u00bb][et_pb_text _builder_version=\u00a0\u00bb4.10.7&Prime; _module_preset=\u00a0\u00bbdefault\u00a0\u00bb global_colors_info=\u00a0\u00bb{}\u00a0\u00bb]<\/p>\n<p style=\"text-align: center;\"><span style=\"color: #800000;\"><strong>Mercredi Enseignants \u00e0 Saint-Rapha\u00ebl<\/strong><\/span><br \/><span style=\"color: #800000;\">20 octobre 2021 de 14h \u00e0 17h<\/span><\/p>\n<p>&nbsp;<\/p>\n<p style=\"text-align: justify;\"><span style=\"color: #338ccc;\"><span dir=\"ltr\" role=\"presentation\">Dans le cadre de l\u2019exposition \u00ab <\/span><span dir=\"ltr\" role=\"presentation\">Sign\u00e9 S.J. Ravel, dessins <\/span><span dir=\"ltr\" role=\"presentation\">d\u2019architecture de Saint<\/span><span dir=\"ltr\" role=\"presentation\">\u2013<\/span><span dir=\"ltr\" role=\"presentation\">Rapha\u00ebl \u00e0 Sainte<\/span><span dir=\"ltr\" role=\"presentation\">\u2013<\/span><span dir=\"ltr\" role=\"presentation\">Maxime (1880<\/span><span dir=\"ltr\" role=\"presentation\">\u2013<\/span><span dir=\"ltr\" role=\"presentation\">1895)<\/span><span dir=\"ltr\" role=\"presentation\">\u00bb, la DAAC (D\u00e9l\u00e9gation Acad\u00e9mique \u00e0 l\u2019\u00e9ducation Artistique et Culturelle de <\/span><span dir=\"ltr\" role=\"presentation\">Nice) et les Archives d\u00e9partementales du Var<\/span><span dir=\"ltr\" role=\"presentation\">,<\/span> <span dir=\"ltr\" role=\"presentation\">en partenariat avec le CAUE (Conseil d\u2019Architecture, <\/span><span dir=\"ltr\" role=\"presentation\">d\u2019Urbanisme et d\u2019Enviro<\/span><span dir=\"ltr\" role=\"presentation\">nnement du Var), vous proposent deux Mercredis enseignants les 13 et <\/span><span dir=\"ltr\" role=\"presentation\">20 octobre prochains, \u00e0 partir de 14h.<\/span><\/span><\/p>\n<p>[\/et_pb_text][et_pb_text admin_label=\u00a0\u00bbLien vers le programme\u00a0\u00bb _builder_version=\u00a0\u00bb4.10.7&Prime; _module_preset=\u00a0\u00bbdefault\u00a0\u00bb hover_enabled=\u00a0\u00bb0&Prime; global_colors_info=\u00a0\u00bb{}\u00a0\u00bb sticky_enabled=\u00a0\u00bb0&Prime;]<\/p>\n<p style=\"text-align: center;\"><strong><span style=\"color: #800000;\">Acc\u00e8s au programme d\u00e9taill\u00e9 de la journ\u00e9e du 20 octobre 2021<br \/><a href=\"https:\/\/www.pedagogie.ac-nice.fr\/daac\/wp-content\/uploads\/sites\/37\/2021\/09\/Ravel_programme.pdf\" target=\"_blank\" rel=\"noopener\"><img loading=\"lazy\" decoding=\"async\" class=\"alignnone wp-image-4841 size-full\" src=\"https:\/\/www.pedagogie.ac-nice.fr\/daac\/wp-content\/uploads\/sites\/37\/2021\/09\/puce_noire.png\" alt=\"\" width=\"46\" height=\"39\"><\/a><\/span><\/strong><\/p>\n<p style=\"text-align: center;\"><strong><span style=\"color: #800000;\">Date d&rsquo;inscription aux Journ\u00e9es repouss\u00e9e au 8 octobre 2021<\/span><\/strong><\/p>\n<p>[\/et_pb_text][et_pb_divider _builder_version=\u00a0\u00bb4.10.7&Prime; _module_preset=\u00a0\u00bbdefault\u00a0\u00bb global_colors_info=\u00a0\u00bb{}\u00a0\u00bb][\/et_pb_divider][et_pb_text admin_label=\u00a0\u00bbLien vers le 13 octobre\u00a0\u00bb _builder_version=\u00a0\u00bb4.10.7&Prime; _module_preset=\u00a0\u00bbdefault\u00a0\u00bb hover_enabled=\u00a0\u00bb0&Prime; global_colors_info=\u00a0\u00bb{}\u00a0\u00bb sticky_enabled=\u00a0\u00bb0&Prime;]<\/p>\n<p style=\"text-align: center;\"><span style=\"color: #800000;\">Une premi\u00e8re journ\u00e9e aux Archives D\u00e9partementales du Var<\/span><br \/><strong><span style=\"color: #800000;\">le 13 octobre 2021 <\/span><\/strong><\/p>\n<p>[\/et_pb_text][et_pb_divider _builder_version=\u00a0\u00bb4.10.7&Prime; _module_preset=\u00a0\u00bbdefault\u00a0\u00bb global_colors_info=\u00a0\u00bb{}\u00a0\u00bb][\/et_pb_divider][et_pb_text _builder_version=\u00a0\u00bb4.10.7&Prime; _module_preset=\u00a0\u00bbdefault\u00a0\u00bb global_colors_info=\u00a0\u00bb{}\u00a0\u00bb]<\/p>\n<p style=\"text-align: center;\"><strong><span style=\"color: #800000;\">En savoir plus sur l&rsquo;exposition et le dossier p\u00e9dagogique<br \/><a href=\"https:\/\/archives.var.fr\/article.php?larub=413&amp;titre=exposition-temporaire\" target=\"_blank\" rel=\"noopener\"><img loading=\"lazy\" decoding=\"async\" class=\"alignnone wp-image-1383 size-full\" src=\"https:\/\/www.pedagogie.ac-nice.fr\/daac\/wp-content\/uploads\/sites\/37\/2020\/11\/ADVAR.png\" alt=\"logo des archives d\u00e9partementales du Var. En un clic, retrouvez les ressources propos\u00e9es aux enseignants\" width=\"472\" height=\"148\" srcset=\"https:\/\/www.pedagogie.ac-nice.fr\/daac\/wp-content\/uploads\/sites\/37\/2020\/11\/ADVAR.png 472w, https:\/\/www.pedagogie.ac-nice.fr\/daac\/wp-content\/uploads\/sites\/37\/2020\/11\/ADVAR-300x94.png 300w\" sizes=\"(max-width: 472px) 100vw, 472px\" \/><\/a><br \/><\/span><\/strong><\/p>\n<p>[\/et_pb_text][\/et_pb_column][\/et_pb_row][\/et_pb_section]<\/p>\n","protected":false},"excerpt":{"rendered":"<p>Mercredi Enseignants \u00e0 Saint-Rapha\u00ebl20 octobre 2021 de 14h \u00e0 17h &nbsp; Dans le cadre de l\u2019exposition \u00ab Sign\u00e9 S.J. Ravel, dessins d\u2019architecture de Saint\u2013Rapha\u00ebl \u00e0 Sainte\u2013Maxime (1880\u20131895)\u00bb, la DAAC (D\u00e9l\u00e9gation Acad\u00e9mique \u00e0 l\u2019\u00e9ducation Artistique et Culturelle de Nice) et les Archives d\u00e9partementales du Var, en partenariat avec le CAUE (Conseil d\u2019Architecture, d\u2019Urbanisme et d\u2019Environnement du [&hellip;]<\/p>\n","protected":false},"author":241,"featured_media":0,"comment_status":"closed","ping_status":"closed","sticky":false,"template":"","format":"standard","meta":{"_et_pb_use_builder":"on","_et_pb_old_content":"","_et_gb_content_width":"","ngg_post_thumbnail":0,"footnotes":""},"categories":[1],"tags":[],"class_list":["post-5796","post","type-post","status-publish","format-standard","hentry","category-non-classe","et-doesnt-have-format-content","et_post_format-et-post-format-standard"],"rttpg_featured_image_url":null,"rttpg_author":{"display_name":"daacadmin","author_link":"https:\/\/www.pedagogie.ac-nice.fr\/daac\/author\/daacadmin\/"},"rttpg_comment":0,"rttpg_category":"<a href=\"https:\/\/www.pedagogie.ac-nice.fr\/daac\/category\/non-classe\/\" rel=\"category tag\">Non class\u00e9<\/a>","rttpg_excerpt":"Mercredi Enseignants \u00e0 Saint-Rapha\u00ebl20 octobre 2021 de 14h \u00e0 17h &nbsp; Dans le cadre de l\u2019exposition \u00ab Sign\u00e9 S.J. Ravel, dessins d\u2019architecture de Saint\u2013Rapha\u00ebl \u00e0 Sainte\u2013Maxime (1880\u20131895)\u00bb, la DAAC (D\u00e9l\u00e9gation Acad\u00e9mique \u00e0 l\u2019\u00e9ducation Artistique et Culturelle de Nice) et les Archives d\u00e9partementales du Var, en partenariat avec le CAUE (Conseil d\u2019Architecture, d\u2019Urbanisme et d\u2019Environnement du\u2026","post_mailing_queue_ids":[],"_links":{"self":[{"href":"https:\/\/www.pedagogie.ac-nice.fr\/daac\/wp-json\/wp\/v2\/posts\/5796","targetHints":{"allow":["GET"]}}],"collection":[{"href":"https:\/\/www.pedagogie.ac-nice.fr\/daac\/wp-json\/wp\/v2\/posts"}],"about":[{"href":"https:\/\/www.pedagogie.ac-nice.fr\/daac\/wp-json\/wp\/v2\/types\/post"}],"author":[{"embeddable":true,"href":"https:\/\/www.pedagogie.ac-nice.fr\/daac\/wp-json\/wp\/v2\/users\/241"}],"replies":[{"embeddable":true,"href":"https:\/\/www.pedagogie.ac-nice.fr\/daac\/wp-json\/wp\/v2\/comments?post=5796"}],"version-history":[{"count":11,"href":"https:\/\/www.pedagogie.ac-nice.fr\/daac\/wp-json\/wp\/v2\/posts\/5796\/revisions"}],"predecessor-version":[{"id":6712,"href":"https:\/\/www.pedagogie.ac-nice.fr\/daac\/wp-json\/wp\/v2\/posts\/5796\/revisions\/6712"}],"wp:attachment":[{"href":"https:\/\/www.pedagogie.ac-nice.fr\/daac\/wp-json\/wp\/v2\/media?parent=5796"}],"wp:term":[{"taxonomy":"category","embeddable":true,"href":"https:\/\/www.pedagogie.ac-nice.fr\/daac\/wp-json\/wp\/v2\/categories?post=5796"},{"taxonomy":"post_tag","embeddable":true,"href":"https:\/\/www.pedagogie.ac-nice.fr\/daac\/wp-json\/wp\/v2\/tags?post=5796"}],"curies":[{"name":"wp","href":"https:\/\/api.w.org\/{rel}","templated":true}]}}