{"id":6789,"date":"2021-09-30T16:48:06","date_gmt":"2021-09-30T14:48:06","guid":{"rendered":"https:\/\/www.pedagogie.ac-nice.fr\/daac\/?p=6789"},"modified":"2023-02-21T14:53:58","modified_gmt":"2023-02-21T13:53:58","slug":"fete-du-livre-var","status":"publish","type":"post","link":"https:\/\/www.pedagogie.ac-nice.fr\/daac\/fete-du-livre-var\/","title":{"rendered":"F\u00eate du livre Var"},"content":{"rendered":"<p>[et_pb_section fb_built=\u00a0\u00bb1&Prime; _builder_version=\u00a0\u00bb4.10.7&Prime; _module_preset=\u00a0\u00bbdefault\u00a0\u00bb global_colors_info=\u00a0\u00bb{}\u00a0\u00bb][et_pb_row column_structure=\u00a0\u00bb2_5,3_5&Prime; _builder_version=\u00a0\u00bb4.10.7&Prime; _module_preset=\u00a0\u00bbdefault\u00a0\u00bb global_colors_info=\u00a0\u00bb{}\u00a0\u00bb][et_pb_column type=\u00a0\u00bb2_5&Prime; _builder_version=\u00a0\u00bb4.10.7&Prime; _module_preset=\u00a0\u00bbdefault\u00a0\u00bb global_colors_info=\u00a0\u00bb{}\u00a0\u00bb][et_pb_text admin_label=\u00a0\u00bblogo livre\u00a0\u00bb _builder_version=\u00a0\u00bb4.10.7&Prime; _module_preset=\u00a0\u00bbdefault\u00a0\u00bb global_colors_info=\u00a0\u00bb{}\u00a0\u00bb]<\/p>\n<p><a href=\"https:\/\/www.pedagogie.ac-nice.fr\/daac\/domaine-reseau-du-livre\/\" target=\"_blank\" rel=\"noopener\"><img loading=\"lazy\" decoding=\"async\" class=\"aligncenter wp-image-5927 size-full\" src=\"https:\/\/www.pedagogie.ac-nice.fr\/daac\/wp-content\/uploads\/sites\/37\/2021\/09\/reseau_livre.png\" alt=\"\" width=\"350\" height=\"218\" srcset=\"https:\/\/www.pedagogie.ac-nice.fr\/daac\/wp-content\/uploads\/sites\/37\/2021\/09\/reseau_livre.png 350w, https:\/\/www.pedagogie.ac-nice.fr\/daac\/wp-content\/uploads\/sites\/37\/2021\/09\/reseau_livre-300x187.png 300w\" sizes=\"(max-width: 350px) 100vw, 350px\" \/><\/a><\/p>\n<p>[\/et_pb_text][et_pb_text admin_label=\u00a0\u00bblogo f\u00eate livre Var\u00a0\u00bb _builder_version=\u00a0\u00bb4.10.7&Prime; _module_preset=\u00a0\u00bbdefault\u00a0\u00bb global_colors_info=\u00a0\u00bb{}\u00a0\u00bb]<\/p>\n<p><img loading=\"lazy\" decoding=\"async\" class=\"alignnone  wp-image-6793 aligncenter\" src=\"https:\/\/www.pedagogie.ac-nice.fr\/daac\/wp-content\/uploads\/sites\/37\/2021\/09\/FetedulivrevarJPG.jpg\" alt=\"\" width=\"307\" height=\"290\" srcset=\"https:\/\/www.pedagogie.ac-nice.fr\/daac\/wp-content\/uploads\/sites\/37\/2021\/09\/FetedulivrevarJPG.jpg 426w, https:\/\/www.pedagogie.ac-nice.fr\/daac\/wp-content\/uploads\/sites\/37\/2021\/09\/FetedulivrevarJPG-300x283.jpg 300w\" sizes=\"(max-width: 307px) 100vw, 307px\" \/><\/p>\n<p>[\/et_pb_text][\/et_pb_column][et_pb_column type=\u00a0\u00bb3_5&Prime; _builder_version=\u00a0\u00bb4.10.7&Prime; _module_preset=\u00a0\u00bbdefault\u00a0\u00bb global_colors_info=\u00a0\u00bb{}\u00a0\u00bb][et_pb_text admin_label=\u00a0\u00bbtexte thierry\u00a0\u00bb _builder_version=\u00a0\u00bb4.10.7&Prime; _module_preset=\u00a0\u00bbdefault\u00a0\u00bb hover_enabled=\u00a0\u00bb0&Prime; global_colors_info=\u00a0\u00bb{}\u00a0\u00bb text_font=\u00a0\u00bbTrebuchet||||||||\u00a0\u00bb text_orientation=\u00a0\u00bbjustified\u00a0\u00bb sticky_enabled=\u00a0\u00bb0&Prime;]<\/p>\n<p class=\"western\" lang=\"en-US\" align=\"center\"><span style=\"font-family: georgia, palatino, serif; font-size: 14pt; color: #993366;\"> <b>F\u00eate du livre du Var<\/b><\/span><\/p>\n<p class=\"western\" lang=\"en-US\" align=\"center\"><span style=\"color: #993366;\"><strong><span style=\"font-family: georgia, palatino, serif; font-size: 14pt;\">JOURN\u00c9E P\u00c9DAGOGIQUE \u00c0 DESTINATION DU PUBLIC SCOLAIRE<\/span><\/strong><\/span><\/p>\n<p class=\"western\" lang=\"en-US\" align=\"center\"><span style=\"font-family: georgia, palatino, serif; font-size: 14pt; color: #993366;\"><b>VENDREDI<\/b><b> <\/b><b>19<\/b><b> <\/b><b>NOVEMBRE<\/b><b> <\/b><b>2021<\/b><\/span><\/p>\n<p class=\"western\" style=\"text-align: justify;\" lang=\"en-US\"><span style=\"font-family: georgia, palatino, serif; font-size: 12pt; color: #000000;\">Du <strong>19 au 21 novembre 2021<\/strong> \u00e0 Toulon (place d&rsquo;Armes) se tiendra <strong>la F\u00eate du Livre du Var<\/strong>, organis\u00e9e par le D\u00e9partement, qui vise \u00e0 favoriser et promouvoir la lecture publique dans tout le territoire.<\/span><\/p>\n<p class=\"western\" style=\"text-align: justify;\" lang=\"en-US\" align=\"justify\"><span style=\"font-family: georgia, palatino, serif; font-size: 12pt; color: #000000;\">En collaboration avec la D\u00e9l\u00e9gation acad\u00e9mique \u00e0 l&rsquo;\u00e9ducation artistique et culturelle de Nice, des animations p\u00e9dagogiques sous forme d&rsquo;ateliers, de rencontres d&rsquo;auteurs et autres prestations seront organis\u00e9es tout au long du<strong> vendredi 19 novembre pour les Scolaires<\/strong>. Votre participation \u00e0 cette journ\u00e9e devra bien \u00e9videmment faire l&rsquo;objet d&rsquo;une pr\u00e9paration en amont en classe.<\/span><\/p>\n<p style=\"text-align: justify;\" lang=\"en-US\" align=\"justify\"><span style=\"color: #000000;\"><strong>Des rencontres avec les auteurs sont encore accessibles sur inscriptions aupr\u00e8s de <\/strong><a href=\"mailto:amichelangeli@var.fr\" target=\"_blank\" rel=\"noopener\" style=\"color: #000000;\"><strong>amichelangeli@var.fr<\/strong><\/a><\/span><\/p>\n<p style=\"text-align: justify;\"><span style=\"font-family: georgia, palatino, serif; color: #000000;\">&#8211; 10 h &#8211; <strong>Masterclass Philo avec Marylin MAESO : \u00ab\u00a0L&rsquo;inhumain\u00a0\u00bb<\/strong>, (lyc\u00e9e)<br \/>&#8211; 13h &#8211; <strong>Rencontre avec DAvid FORTEMS, \u00ab\u00a0Louis veut partir\u00a0\u00bb<\/strong>, (lyc\u00e9e)<br \/>&#8211; 14h &#8211;<strong> Gilles MARCHAND et Jennifer MURZEAU,\u00a0\u00bb le second souffle\u00a0\u00bb<\/strong>, (coll\u00e8ge et lyc\u00e9e)<br \/>&#8211; 15h &#8211; <strong>Elizabeth BRAMI, \u00ab\u00a0M\u00eame pas en r\u00eave\u00a0\u00bb<\/strong> (coll\u00e8ge)<br \/>&#8211; 15h &#8211; <strong>Daniel PICOULY, \u00ab\u00a0Longtemps je me suis couch\u00e9 de bonheur\u00a0\u00bb<\/strong>, (coll\u00e8ges et lyc\u00e9es de l&rsquo;aire toulonnaise uniquement)<b><\/b><\/span><\/p>\n<p style=\"text-align: justify;\"><span style=\"color: #000000; font-family: 'comic sans ms', sans-serif; font-size: 12pt;\">Un transport d\u00e9partemental peut-\u00eatre sollicit\u00e9 gratuitement en fonction de la situation g\u00e9ographique de l&rsquo;\u00e9tablissement.\u00a0<\/span><\/p>\n<p style=\"text-align: justify;\"><span style=\"font-size: 12pt; font-family: georgia, palatino, serif; color: #000000;\"><b>Programme \u00e0 t\u00e9l\u00e9charger sur ce lien :\u00a0<\/b><a href=\"https:\/\/filesender.renater.fr\/?s=download&amp;token=59fa6d18-3037-4cb8-8c8a-0556711f0877\" target=\"_blank\" rel=\"noopener\" style=\"color: #000000;\"><u>https:\/\/filesender.renater.fr\/?s=download&amp;token=59fa6d18-3037-4cb8-8c8a-0556711f0877<\/u><\/a><\/span><\/p>\n<p class=\"western\" style=\"text-align: justify;\" lang=\"en-US\"><span style=\"font-family: georgia, palatino, serif; font-size: 12pt; color: #000000;\">Vous trouverez ci-dessous le programme ainsi que les modalit\u00e9s et formulaire d&rsquo;inscription pour cette nouvelle \u00e9dition 2021 \u00e0 laquelle le D\u00e9partement a le plaisir de vous convier.<\/span><\/p>\n<p class=\"western\" style=\"text-align: justify;\" lang=\"en-US\"><span style=\"font-family: georgia, palatino, serif; font-size: 12pt; color: #000000;\"><span lang=\"fr-FR\"><b>Programme des ateliers et rencontres-auteurs de la F\u00eate du Livre du Var<\/b><\/span><span lang=\"fr-FR\">\u00a0organis\u00e9e pour les\u00a0scolaires\u00a0le\u00a0<\/span><span lang=\"fr-FR\"><b>vendredi 19 novembre 2021<\/b><\/span><span lang=\"fr-FR\">, Place d&rsquo;Armes \u00e0 Toulon.<\/span><\/span><\/p>\n<p class=\"western\" style=\"text-align: justify;\" lang=\"en-US\"><span style=\"font-family: georgia, palatino, serif; font-size: 12pt; color: #000000;\"><span lang=\"fr-FR\">La d\u00e9l\u00e9gation acad\u00e9mique \u00e0 l&rsquo;\u00e9ducation artistique et culturelle de Nice s&rsquo;associe au D\u00e9partement pour la diffusion de cet \u00e9v\u00e9nement culturel.\/<\/span><\/span><\/p>\n<p class=\"western\" style=\"text-align: justify;\" lang=\"en-US\"><span style=\"font-family: georgia, palatino, serif; color: #000000; font-size: 12pt;\"><span lang=\"fr-FR\">Sauf changement apr\u00e8s le 15 novembre 2021, le\u00a0<strong>pass sanitaire<\/strong>\u00a0est exig\u00e9 sur la F\u00eate du Livre pour <strong>toutes les personnes de plus de 12 ans et deux mois<\/strong>. Il est pr\u00e9conis\u00e9\u00a0que les enseignants contr\u00f4lent les passes des \u00e9l\u00e8ves avant le d\u00e9part.<br \/><\/span><\/span><\/p>\n<p class=\"western\" style=\"text-align: justify;\" lang=\"en-US\"><span style=\"color: #000000;\">\u00a0<\/span><\/p>\n<p lang=\"en-US\"><span style=\"color: #000000;\"><strong>Contact et suivi du dispositif DAAC :\u00a0\u00a0virginie.guiaud@ac-nice.fr<\/strong><\/span><\/p>\n<p>[\/et_pb_text][\/et_pb_column][\/et_pb_row][\/et_pb_section]<\/p>\n","protected":false},"excerpt":{"rendered":"<p>F\u00eate du livre du Var JOURN\u00c9E P\u00c9DAGOGIQUE \u00c0 DESTINATION DU PUBLIC SCOLAIRE VENDREDI 19 NOVEMBRE 2021 Du 19 au 21 novembre 2021 \u00e0 Toulon (place d&rsquo;Armes) se tiendra la F\u00eate du Livre du Var, organis\u00e9e par le D\u00e9partement, qui vise \u00e0 favoriser et promouvoir la lecture publique dans tout le territoire. En collaboration avec la [&hellip;]<\/p>\n","protected":false},"author":241,"featured_media":0,"comment_status":"closed","ping_status":"closed","sticky":false,"template":"","format":"standard","meta":{"_et_pb_use_builder":"on","_et_pb_old_content":"","_et_gb_content_width":"","ngg_post_thumbnail":0,"footnotes":""},"categories":[1],"tags":[],"class_list":["post-6789","post","type-post","status-publish","format-standard","hentry","category-non-classe","et-doesnt-have-format-content","et_post_format-et-post-format-standard"],"rttpg_featured_image_url":null,"rttpg_author":{"display_name":"daacadmin","author_link":"https:\/\/www.pedagogie.ac-nice.fr\/daac\/author\/daacadmin\/"},"rttpg_comment":0,"rttpg_category":"<a href=\"https:\/\/www.pedagogie.ac-nice.fr\/daac\/category\/non-classe\/\" rel=\"category tag\">Non class\u00e9<\/a>","rttpg_excerpt":"F\u00eate du livre du Var JOURN\u00c9E P\u00c9DAGOGIQUE \u00c0 DESTINATION DU PUBLIC SCOLAIRE VENDREDI 19 NOVEMBRE 2021 Du 19 au 21 novembre 2021 \u00e0 Toulon (place d'Armes) se tiendra la F\u00eate du Livre du Var, organis\u00e9e par le D\u00e9partement, qui vise \u00e0 favoriser et promouvoir la lecture publique dans tout le territoire. En collaboration avec la\u2026","post_mailing_queue_ids":[],"_links":{"self":[{"href":"https:\/\/www.pedagogie.ac-nice.fr\/daac\/wp-json\/wp\/v2\/posts\/6789","targetHints":{"allow":["GET"]}}],"collection":[{"href":"https:\/\/www.pedagogie.ac-nice.fr\/daac\/wp-json\/wp\/v2\/posts"}],"about":[{"href":"https:\/\/www.pedagogie.ac-nice.fr\/daac\/wp-json\/wp\/v2\/types\/post"}],"author":[{"embeddable":true,"href":"https:\/\/www.pedagogie.ac-nice.fr\/daac\/wp-json\/wp\/v2\/users\/241"}],"replies":[{"embeddable":true,"href":"https:\/\/www.pedagogie.ac-nice.fr\/daac\/wp-json\/wp\/v2\/comments?post=6789"}],"version-history":[{"count":11,"href":"https:\/\/www.pedagogie.ac-nice.fr\/daac\/wp-json\/wp\/v2\/posts\/6789\/revisions"}],"predecessor-version":[{"id":14656,"href":"https:\/\/www.pedagogie.ac-nice.fr\/daac\/wp-json\/wp\/v2\/posts\/6789\/revisions\/14656"}],"wp:attachment":[{"href":"https:\/\/www.pedagogie.ac-nice.fr\/daac\/wp-json\/wp\/v2\/media?parent=6789"}],"wp:term":[{"taxonomy":"category","embeddable":true,"href":"https:\/\/www.pedagogie.ac-nice.fr\/daac\/wp-json\/wp\/v2\/categories?post=6789"},{"taxonomy":"post_tag","embeddable":true,"href":"https:\/\/www.pedagogie.ac-nice.fr\/daac\/wp-json\/wp\/v2\/tags?post=6789"}],"curies":[{"name":"wp","href":"https:\/\/api.w.org\/{rel}","templated":true}]}}