{"id":8255,"date":"2021-10-18T20:09:19","date_gmt":"2021-10-18T18:09:19","guid":{"rendered":"https:\/\/www.pedagogie.ac-nice.fr\/daac\/?p=8255"},"modified":"2021-10-18T20:30:53","modified_gmt":"2021-10-18T18:30:53","slug":"cineduc-inscription-week-end","status":"publish","type":"post","link":"https:\/\/www.pedagogie.ac-nice.fr\/daac\/cineduc-inscription-week-end\/","title":{"rendered":"Cineduc inscription week end"},"content":{"rendered":"<p>[et_pb_section fb_built=\u00a0\u00bb1&Prime; _builder_version=\u00a0\u00bb4.10.7&Prime; _module_preset=\u00a0\u00bbdefault\u00a0\u00bb global_colors_info=\u00a0\u00bb{}\u00a0\u00bb][et_pb_row column_structure=\u00a0\u00bb2_5,3_5&Prime; _builder_version=\u00a0\u00bb4.10.7&Prime; _module_preset=\u00a0\u00bbdefault\u00a0\u00bb global_colors_info=\u00a0\u00bb{}\u00a0\u00bb][et_pb_column type=\u00a0\u00bb2_5&Prime; _builder_version=\u00a0\u00bb4.10.7&Prime; _module_preset=\u00a0\u00bbdefault\u00a0\u00bb global_colors_info=\u00a0\u00bb{}\u00a0\u00bb][et_pb_text admin_label=\u00a0\u00bblogo cinema\u00a0\u00bb _builder_version=\u00a0\u00bb4.10.7&Prime; _module_preset=\u00a0\u00bbdefault\u00a0\u00bb global_colors_info=\u00a0\u00bb{}\u00a0\u00bb]<\/p>\n<p style=\"text-align: center;\"><a href=\"https:\/\/www.pedagogie.ac-nice.fr\/daac\/pole_cinema_2021\/\" target=\"_blank\" rel=\"noopener\"><img loading=\"lazy\" decoding=\"async\" class=\"alignnone  wp-image-5920\" src=\"https:\/\/www.pedagogie.ac-nice.fr\/daac\/wp-content\/uploads\/sites\/37\/2021\/09\/cinema-300x183.png\" alt=\"\" width=\"351\" height=\"214\" srcset=\"https:\/\/www.pedagogie.ac-nice.fr\/daac\/wp-content\/uploads\/sites\/37\/2021\/09\/cinema-300x183.png 300w, https:\/\/www.pedagogie.ac-nice.fr\/daac\/wp-content\/uploads\/sites\/37\/2021\/09\/cinema.png 349w\" sizes=\"(max-width: 351px) 100vw, 351px\" \/><\/a><\/p>\n<p>[\/et_pb_text][et_pb_divider _builder_version=\u00a0\u00bb4.10.7&Prime; _module_preset=\u00a0\u00bbdefault\u00a0\u00bb global_colors_info=\u00a0\u00bb{}\u00a0\u00bb][\/et_pb_divider][et_pb_text admin_label=\u00a0\u00bbinscriptions en ligne\u00a0\u00bb _builder_version=\u00a0\u00bb4.10.7&Prime; _module_preset=\u00a0\u00bbdefault\u00a0\u00bb global_colors_info=\u00a0\u00bb{}\u00a0\u00bb]<\/p>\n<p style=\"text-align: center;\"><a href=\"https:\/\/enquetes.ac-nice.fr\/index.php\/126341?lang=fr\" target=\"_blank\" rel=\"noopener\"><img loading=\"lazy\" decoding=\"async\" class=\"alignnone wp-image-8270 size-full\" src=\"https:\/\/www.pedagogie.ac-nice.fr\/daac\/wp-content\/uploads\/sites\/37\/2021\/10\/inscriptions.jpg\" alt=\"\" width=\"162\" height=\"217\"><\/a><\/p>\n<p>[\/et_pb_text][et_pb_divider _builder_version=\u00a0\u00bb4.10.7&Prime; _module_preset=\u00a0\u00bbdefault\u00a0\u00bb global_colors_info=\u00a0\u00bb{}\u00a0\u00bb][\/et_pb_divider][et_pb_text admin_label=\u00a0\u00bbinscriptions en ligne\u00a0\u00bb _builder_version=\u00a0\u00bb4.10.7&Prime; _module_preset=\u00a0\u00bbdefault\u00a0\u00bb global_colors_info=\u00a0\u00bb{}\u00a0\u00bb]<\/p>\n<p style=\"text-align: center;\"><strong><span style=\"color: #800000;\">Tout savoir sur CINEDUC<\/span><\/strong><a href=\"https:\/\/www.pedagogie.ac-nice.fr\/daac\/les-domaines-de-leac\/pole-images\/cineduc\/\" target=\"_blank\" rel=\"noopener\"><img loading=\"lazy\" decoding=\"async\" class=\"aligncenter wp-image-2423 size-medium\" src=\"https:\/\/www.pedagogie.ac-nice.fr\/daac\/wp-content\/uploads\/sites\/37\/2021\/02\/logo_cineduc_2021-300x150.png\" alt=\"\" width=\"300\" height=\"150\" srcset=\"https:\/\/www.pedagogie.ac-nice.fr\/daac\/wp-content\/uploads\/sites\/37\/2021\/02\/logo_cineduc_2021-300x150.png 300w, https:\/\/www.pedagogie.ac-nice.fr\/daac\/wp-content\/uploads\/sites\/37\/2021\/02\/logo_cineduc_2021-1024x512.png 1024w, https:\/\/www.pedagogie.ac-nice.fr\/daac\/wp-content\/uploads\/sites\/37\/2021\/02\/logo_cineduc_2021-768x384.png 768w, https:\/\/www.pedagogie.ac-nice.fr\/daac\/wp-content\/uploads\/sites\/37\/2021\/02\/logo_cineduc_2021-1536x768.png 1536w, https:\/\/www.pedagogie.ac-nice.fr\/daac\/wp-content\/uploads\/sites\/37\/2021\/02\/logo_cineduc_2021-2048x1024.png 2048w\" sizes=\"(max-width: 300px) 100vw, 300px\" \/><\/a><\/p>\n<p>[\/et_pb_text][et_pb_divider _builder_version=\u00a0\u00bb4.10.7&Prime; _module_preset=\u00a0\u00bbdefault\u00a0\u00bb global_colors_info=\u00a0\u00bb{}\u00a0\u00bb][\/et_pb_divider][\/et_pb_column][et_pb_column type=\u00a0\u00bb3_5&Prime; _builder_version=\u00a0\u00bb4.10.7&Prime; _module_preset=\u00a0\u00bbdefault\u00a0\u00bb global_colors_info=\u00a0\u00bb{}\u00a0\u00bb][et_pb_text admin_label=\u00a0\u00bbinscriptions cinedu 2022&Prime; _builder_version=\u00a0\u00bb4.10.7&Prime; _module_preset=\u00a0\u00bbdefault\u00a0\u00bb global_colors_info=\u00a0\u00bb{}\u00a0\u00bb]<\/p>\n<p style=\"text-align: center;\">&nbsp;<img loading=\"lazy\" decoding=\"async\" class=\"alignnone size-medium wp-image-8259\" src=\"https:\/\/www.pedagogie.ac-nice.fr\/daac\/wp-content\/uploads\/sites\/37\/2021\/10\/inscriptions_2022_cineduc-300x154.jpg\" alt=\"\" width=\"300\" height=\"154\" srcset=\"https:\/\/www.pedagogie.ac-nice.fr\/daac\/wp-content\/uploads\/sites\/37\/2021\/10\/inscriptions_2022_cineduc-300x154.jpg 300w, https:\/\/www.pedagogie.ac-nice.fr\/daac\/wp-content\/uploads\/sites\/37\/2021\/10\/inscriptions_2022_cineduc.jpg 585w\" sizes=\"(max-width: 300px) 100vw, 300px\" \/><\/p>\n<p>[\/et_pb_text][et_pb_text admin_label=\u00a0\u00bbprogramme\u00a0\u00bb _builder_version=\u00a0\u00bb4.10.7&Prime; _module_preset=\u00a0\u00bbdefault\u00a0\u00bb global_colors_info=\u00a0\u00bb{}\u00a0\u00bb]<\/p>\n<p><span style=\"color: #800000;\"><strong>Lieu et dates de l&rsquo;Edition 2022<\/strong><\/span><\/p>\n<p><span style=\"color: #0000ff;\">Salle Miramar &#8211; angle Croisette\/rue Pasteur &#8211; Cannes<\/span><br \/><span style=\"color: #0000ff;\">Du Samedi <strong>28 mai 2022 \u00e0 9h00<\/strong> au dimanche <strong>29 mai 2022 \u00e0 12h30<\/strong>.<\/span><\/p>\n<p><span style=\"color: #800000;\"><strong>D\u00e9roulement de la manifestation<\/strong><\/span><\/p>\n<ul>\n<li>\n<p align=\"justify\"><span style=\"color: #0000ff;\"><strong>Samedi 28 mai 2022<\/strong> &#8211; \u00e0 partir de <strong>8h00<\/strong> : Accueil des participants.<\/span><\/p>\n<\/li>\n<li>\n<p align=\"justify\"><span style=\"color: #0000ff;\"><strong>Samedi 28 mai 2022<\/strong> &#8211; <strong>9h00<\/strong> : Ouverture officielle de la manifestation Cin\u00c9duc.<\/span><\/p>\n<\/li>\n<li>\n<p align=\"justify\"><span style=\"color: #0000ff;\">Du <strong>Samedi 28 mai 2022 \u00e0 9h30<\/strong> au <strong>dimanche 29 mai 2022 \u00e0 12h00<\/strong> : Projection en continu des onze films et deux courts m\u00e9trages, pr\u00e9sent\u00e9s par les membres de la commission de choix de films ou par un professionnel du cin\u00e9ma.<\/span><\/p>\n<\/li>\n<li>\n<p align=\"justify\"><span style=\"color: #0000ff;\"><strong>Dimanche 29 mai 2022<\/strong> &#8211; <strong>12h00*<\/strong> : Annonce du \u00ab\u00a0Coup de C\u0153ur Cin\u00c9duc\u00a0\u00bb et Cl\u00f4ture<\/span><\/p>\n<\/li>\n<li>\n<p align=\"justify\"><span style=\"color: #0000ff;\">Dimanche <strong>29 mai 2022 &#8211; 12 h 30*<\/strong>&nbsp;: Ap\u00e9ritif de Cl\u00f4ture<\/span><\/p>\n<\/li>\n<\/ul>\n<p><span style=\"color: #0000ff;\">*&nbsp;: Horaires donn\u00e9s \u00e0 titre indicatif.<\/span><\/p>\n<p><span style=\"color: #800000;\"><b>Les inscriptions pour le week-end sont ouvertes en ligne et&nbsp;seront closes le vendredi 4 f\u00e9vrier 2022.<br \/>ATTENTION : Le protocole sanitaire appliqu\u00e9 sera celui en vigueur aux dates de la manifestation.<\/b><\/span><\/p>\n<p><span style=\"color: #800000;\"><b>Ne pas omettre d\u2019envoyer sans d\u00e9lai, d\u00e8s l\u2019inscription en ligne effectu\u00e9e, le dossier complet** \u00e0&nbsp;:<\/b><\/span><img loading=\"lazy\" decoding=\"async\" class=\"size-medium wp-image-8272 alignright\" src=\"https:\/\/www.pedagogie.ac-nice.fr\/daac\/wp-content\/uploads\/sites\/37\/2021\/10\/enveloppe_inscription_canneseries-300x176.jpg\" alt=\"\" width=\"300\" height=\"176\" srcset=\"https:\/\/www.pedagogie.ac-nice.fr\/daac\/wp-content\/uploads\/sites\/37\/2021\/10\/enveloppe_inscription_canneseries-300x176.jpg 300w, https:\/\/www.pedagogie.ac-nice.fr\/daac\/wp-content\/uploads\/sites\/37\/2021\/10\/enveloppe_inscription_canneseries.jpg 472w\" sizes=\"(max-width: 300px) 100vw, 300px\" \/><b><br \/><\/b><\/p>\n<p><span style=\"color: #000000;\">** &#8211; un ch\u00e8que de 40 euros<\/span><br \/><span style=\"color: #000000;\"> &nbsp;&nbsp;&nbsp;&nbsp; &#8211; une enveloppe affrachie \u00e0 votre nom<\/span><br \/><span style=\"color: #000000;\"> &nbsp;&nbsp;&nbsp; &#8211; une vraie photo d&rsquo;identit\u00e9<\/span><\/p>\n<p>&nbsp;<\/p>\n<p><span style=\"color: #0000ff;\">Pour tout renseignement compl\u00e9mentaire, contactez : Jean Gouny, charg\u00e9 de mission DAAC : <\/span><u><a href=\"mailto:jean.gouny@ac-nice.fr\"><span style=\"color: #0000ff;\">jean.gouny@ac-nice.fr<\/span><\/a><\/u><\/p>\n<p>[\/et_pb_text][\/et_pb_column][\/et_pb_row][\/et_pb_section]<\/p>\n","protected":false},"excerpt":{"rendered":"<p>Tout savoir sur CINEDUC&nbsp;Lieu et dates de l&rsquo;Edition 2022 Salle Miramar &#8211; angle Croisette\/rue Pasteur &#8211; CannesDu Samedi 28 mai 2022 \u00e0 9h00 au dimanche 29 mai 2022 \u00e0 12h30. D\u00e9roulement de la manifestation Samedi 28 mai 2022 &#8211; \u00e0 partir de 8h00 : Accueil des participants. Samedi 28 mai 2022 &#8211; 9h00 : Ouverture [&hellip;]<\/p>\n","protected":false},"author":241,"featured_media":0,"comment_status":"open","ping_status":"open","sticky":false,"template":"","format":"standard","meta":{"_et_pb_use_builder":"on","_et_pb_old_content":"","_et_gb_content_width":"","ngg_post_thumbnail":0,"footnotes":""},"categories":[1],"tags":[],"class_list":["post-8255","post","type-post","status-publish","format-standard","hentry","category-non-classe","et-doesnt-have-format-content","et_post_format-et-post-format-standard"],"rttpg_featured_image_url":null,"rttpg_author":{"display_name":"daacadmin","author_link":"https:\/\/www.pedagogie.ac-nice.fr\/daac\/author\/daacadmin\/"},"rttpg_comment":0,"rttpg_category":"<a href=\"https:\/\/www.pedagogie.ac-nice.fr\/daac\/category\/non-classe\/\" rel=\"category tag\">Non class\u00e9<\/a>","rttpg_excerpt":"Tout savoir sur CINEDUC&nbsp;Lieu et dates de l'Edition 2022 Salle Miramar - angle Croisette\/rue Pasteur - CannesDu Samedi 28 mai 2022 \u00e0 9h00 au dimanche 29 mai 2022 \u00e0 12h30. D\u00e9roulement de la manifestation Samedi 28 mai 2022 - \u00e0 partir de 8h00 : Accueil des participants. Samedi 28 mai 2022 - 9h00 : Ouverture\u2026","post_mailing_queue_ids":[],"_links":{"self":[{"href":"https:\/\/www.pedagogie.ac-nice.fr\/daac\/wp-json\/wp\/v2\/posts\/8255","targetHints":{"allow":["GET"]}}],"collection":[{"href":"https:\/\/www.pedagogie.ac-nice.fr\/daac\/wp-json\/wp\/v2\/posts"}],"about":[{"href":"https:\/\/www.pedagogie.ac-nice.fr\/daac\/wp-json\/wp\/v2\/types\/post"}],"author":[{"embeddable":true,"href":"https:\/\/www.pedagogie.ac-nice.fr\/daac\/wp-json\/wp\/v2\/users\/241"}],"replies":[{"embeddable":true,"href":"https:\/\/www.pedagogie.ac-nice.fr\/daac\/wp-json\/wp\/v2\/comments?post=8255"}],"version-history":[{"count":10,"href":"https:\/\/www.pedagogie.ac-nice.fr\/daac\/wp-json\/wp\/v2\/posts\/8255\/revisions"}],"predecessor-version":[{"id":8277,"href":"https:\/\/www.pedagogie.ac-nice.fr\/daac\/wp-json\/wp\/v2\/posts\/8255\/revisions\/8277"}],"wp:attachment":[{"href":"https:\/\/www.pedagogie.ac-nice.fr\/daac\/wp-json\/wp\/v2\/media?parent=8255"}],"wp:term":[{"taxonomy":"category","embeddable":true,"href":"https:\/\/www.pedagogie.ac-nice.fr\/daac\/wp-json\/wp\/v2\/categories?post=8255"},{"taxonomy":"post_tag","embeddable":true,"href":"https:\/\/www.pedagogie.ac-nice.fr\/daac\/wp-json\/wp\/v2\/tags?post=8255"}],"curies":[{"name":"wp","href":"https:\/\/api.w.org\/{rel}","templated":true}]}}