{"id":9020,"date":"2021-11-08T20:10:31","date_gmt":"2021-11-08T19:10:31","guid":{"rendered":"https:\/\/www.pedagogie.ac-nice.fr\/daac\/?p=9020"},"modified":"2021-11-08T20:28:58","modified_gmt":"2021-11-08T19:28:58","slug":"rdvenseignants-au-theatre-de-grasse-lhomme-de-vitruve","status":"publish","type":"post","link":"https:\/\/www.pedagogie.ac-nice.fr\/daac\/rdvenseignants-au-theatre-de-grasse-lhomme-de-vitruve\/","title":{"rendered":"RDVenseignants au Th\u00e9\u00e2tre de Grasse \u2013 L\u2019homme de Vitruve"},"content":{"rendered":"<p>[et_pb_section fb_built=\u00a0\u00bb1&Prime; _builder_version=\u00a0\u00bb4.10.7&Prime; _module_preset=\u00a0\u00bbdefault\u00a0\u00bb global_colors_info=\u00a0\u00bb{}\u00a0\u00bb][et_pb_row column_structure=\u00a0\u00bb2_5,3_5&Prime; _builder_version=\u00a0\u00bb4.10.7&Prime; _module_preset=\u00a0\u00bbdefault\u00a0\u00bb global_colors_info=\u00a0\u00bb{}\u00a0\u00bb][et_pb_column type=\u00a0\u00bb2_5&Prime; _builder_version=\u00a0\u00bb4.10.7&Prime; _module_preset=\u00a0\u00bbdefault\u00a0\u00bb global_colors_info=\u00a0\u00bb{}\u00a0\u00bb][et_pb_text admin_label=\u00a0\u00bblogo danse\u00a0\u00bb _builder_version=\u00a0\u00bb4.10.7&Prime; _module_preset=\u00a0\u00bbdefault\u00a0\u00bb global_colors_info=\u00a0\u00bb{}\u00a0\u00bb]<\/p>\n<p><a href=\"https:\/\/www.pedagogie.ac-nice.fr\/daac\/domaine-danse-asv\/\" target=\"_blank\" rel=\"noopener\"><img loading=\"lazy\" decoding=\"async\" class=\"aligncenter wp-image-5923 size-medium\" src=\"https:\/\/www.pedagogie.ac-nice.fr\/daac\/wp-content\/uploads\/sites\/37\/2021\/09\/danse-300x192.png\" alt=\"\" width=\"300\" height=\"192\" srcset=\"https:\/\/www.pedagogie.ac-nice.fr\/daac\/wp-content\/uploads\/sites\/37\/2021\/09\/danse-300x192.png 300w, https:\/\/www.pedagogie.ac-nice.fr\/daac\/wp-content\/uploads\/sites\/37\/2021\/09\/danse.png 346w\" sizes=\"(max-width: 300px) 100vw, 300px\" \/><\/a><\/p>\n<p>[\/et_pb_text][et_pb_divider _builder_version=\u00a0\u00bb4.10.7&Prime; _module_preset=\u00a0\u00bbdefault\u00a0\u00bb global_colors_info=\u00a0\u00bb{}\u00a0\u00bb][\/et_pb_divider][et_pb_text admin_label=\u00a0\u00bblogo TgD\u00a0\u00bb _builder_version=\u00a0\u00bb4.10.7&Prime; _module_preset=\u00a0\u00bbdefault\u00a0\u00bb global_colors_info=\u00a0\u00bb{}\u00a0\u00bb]<\/p>\n<p><a href=\"https:\/\/www.theatredegrasse.com\/\" target=\"_blank\" rel=\"noopener\"><img loading=\"lazy\" decoding=\"async\" class=\"aligncenter wp-image-3414 size-full\" src=\"https:\/\/www.pedagogie.ac-nice.fr\/daac\/wp-content\/uploads\/sites\/37\/2021\/05\/logo_th_grasse.jpg\" alt=\"\" width=\"225\" height=\"225\" srcset=\"https:\/\/www.pedagogie.ac-nice.fr\/daac\/wp-content\/uploads\/sites\/37\/2021\/05\/logo_th_grasse.jpg 225w, https:\/\/www.pedagogie.ac-nice.fr\/daac\/wp-content\/uploads\/sites\/37\/2021\/05\/logo_th_grasse-150x150.jpg 150w\" sizes=\"(max-width: 225px) 100vw, 225px\" \/><\/a><\/p>\n<p>[\/et_pb_text][et_pb_divider _builder_version=\u00a0\u00bb4.10.7&Prime; _module_preset=\u00a0\u00bbdefault\u00a0\u00bb global_colors_info=\u00a0\u00bb{}\u00a0\u00bb][\/et_pb_divider][et_pb_text admin_label=\u00a0\u00bbfichier imprimable\u00a0\u00bb _builder_version=\u00a0\u00bb4.10.7&Prime; _module_preset=\u00a0\u00bbdefault\u00a0\u00bb global_colors_info=\u00a0\u00bb{}\u00a0\u00bb]<\/p>\n<p style=\"text-align: center;\"><span style=\"color: #0000ff;\">version imprimable<\/span><a href=\"https:\/\/www.pedagogie.ac-nice.fr\/daac\/wp-content\/uploads\/sites\/37\/2021\/11\/RendezvousTDG-.pdf\" target=\"_blank\" rel=\"noopener\"><img loading=\"lazy\" decoding=\"async\" class=\"aligncenter wp-image-8629\" src=\"https:\/\/www.pedagogie.ac-nice.fr\/daac\/wp-content\/uploads\/sites\/37\/2021\/10\/fichier_pdf.jpg\" alt=\"\" width=\"161\" height=\"168\"><\/a><\/p>\n<p>[\/et_pb_text][\/et_pb_column][et_pb_column type=\u00a0\u00bb3_5&Prime; _builder_version=\u00a0\u00bb4.10.7&Prime; _module_preset=\u00a0\u00bbdefault\u00a0\u00bb global_colors_info=\u00a0\u00bb{}\u00a0\u00bb][et_pb_text _builder_version=\u00a0\u00bb4.10.7&Prime; _module_preset=\u00a0\u00bbdefault\u00a0\u00bb hover_enabled=\u00a0\u00bb0&Prime; global_colors_info=\u00a0\u00bb{}\u00a0\u00bb sticky_enabled=\u00a0\u00bb0&Prime;]<\/p>\n<p style=\"text-align: center;\"><span style=\"color: #0000ff; font-size: 14pt;\">Mercredi enseignants au Th\u00e9\u00e2tre de Grasse<\/span><\/p>\n<p style=\"text-align: center;\"><strong><span style=\"color: #ff00ff; font-size: 18pt;\">Mercredi 24 Novembre de 14h00 \u00e0 16h30<\/span><\/strong><\/p>\n<p style=\"text-align: justify;\"><span style=\"color: #0000ff;\">Un rendez-vous organis\u00e9 par le th\u00e9\u00e2tre de Grasse et par Florence Leyat et Aria Florent, charg\u00e9es de mission de la DAAC (d\u00e9l\u00e9gation acad\u00e9mique \u00e0 l\u2019action artistique et culturelle de Nice) th\u00e9\u00e2tre et danse dans le cadre des mercredis enseignants de la DAAC.<\/span><\/p>\n<p style=\"text-align: justify;\"><span style=\"color: #0000ff;\"><strong>\u25ba Un rendez-vous pour qui ?<\/strong> <\/span><br \/><span style=\"color: #0000ff;\">Enseignants de primaire et secondaire, toutes disciplines confondues, <\/span><span style=\"color: #0000ff;\">en particulier niveaux CM2-6e-5e<\/span><\/p>\n<p style=\"text-align: justify;\"><span style=\"color: #0000ff;\"><strong>\u25baObjectifs :<\/strong> <\/span><br \/><span style=\"color: #0000ff;\">\uf0d8 Faire d\u00e9couvrir et comprendre les enjeux p\u00e9dagogiques de la danse et de l\u2019\u00e9criture <\/span><span style=\"color: #0000ff;\">chor\u00e9graphique dans le cadre scolaire.<\/span><br \/><span style=\"color: #0000ff;\">\uf0d8 D\u00e9couvrir le spectacle L\u2019Homme de Vitruve et rencontrer la chor\u00e9graphe, B\u00e9rang\u00e8re Andreo.<\/span><\/p>\n<p style=\"text-align: justify;\"><span style=\"color: #0000ff;\"><strong>\u25baProgramme<\/strong> <\/span><\/p>\n<p style=\"text-align: justify;\"><span style=\"color: #0000ff;\"><strong>14 h<\/strong> : accueil et pr\u00e9sentation<\/span><\/p>\n<p style=\"text-align: justify;\"><span style=\"color: #0000ff;\"><strong>14h30 \u2013 16h<\/strong> : Rencontre et discussion avec la chor\u00e9graphe B\u00e9rang\u00e8re Andreo autour des th\u00e8mes du <\/span><span style=\"color: #0000ff;\">spectacle L\u2019Homme de Vitruve et du langage du corps en mouvement<\/span><\/p>\n<p style=\"text-align: justify;\"><span style=\"color: #0000ff;\"><strong>16h \u2013 16h30<\/strong> : Temps d\u2019\u00e9change p\u00e9dagogique et pr\u00e9sentation de pistes d\u2019exploitation <\/span><br \/><span style=\"color: #0000ff;\">interdisciplinaires<\/span><\/p>\n<p style=\"text-align: justify;\"><span style=\"color: #0000ff;\"><strong>\u25baComment participer ?<\/strong> <\/span><br \/><span style=\"color: #0000ff;\">Une inscription pr\u00e9alable est obligatoire \u00e0 l\u2019adresse florence.leyat@ac-nice.fr avant le <strong><span style=\"color: #ff00ff;\">20 novembre au plus tard<\/span><\/strong>, en pr\u00e9cisant nom et pr\u00e9nom, fonction, discipline, \u00e9tablissement.<\/span><\/p>\n<p><strong><span style=\"color: #0000ff;\">\u25baPoint de rendez-vous :<\/span><\/strong><br \/><span style=\"color: #0000ff;\"><strong>Les enseignants seront attendus \u00e0 partir de 14h00 au Th\u00e9\u00e2tre de Grasse<\/strong><\/span><\/p>\n<p><strong><span style=\"color: #0000ff;\">\u25baAcc\u00e8s et stationnement :<\/span> <\/strong><br \/><span style=\"color: #0000ff;\">TH\u00c9\u00c2TRE DE GRASSE<\/span><br \/><span style=\"color: #0000ff;\">2 AVENUE MAXIMIN ISNARD<\/span><br \/><span style=\"color: #0000ff;\">06130 GRASSE<\/span><br \/><span style=\"color: #0000ff;\">\u00c0 50m du th\u00e9\u00e2tre de Grasse, parkings Notre-Dame des Fleurs et La Foux<\/span><\/p>\n<p>[\/et_pb_text][\/et_pb_column][\/et_pb_row][\/et_pb_section]<\/p>\n","protected":false},"excerpt":{"rendered":"<p>version imprimableMercredi enseignants au Th\u00e9\u00e2tre de Grasse Mercredi 24 Novembre de 14h00 \u00e0 16h30 Un rendez-vous organis\u00e9 par le th\u00e9\u00e2tre de Grasse et par Florence Leyat et Aria Florent, charg\u00e9es de mission de la DAAC (d\u00e9l\u00e9gation acad\u00e9mique \u00e0 l\u2019action artistique et culturelle de Nice) th\u00e9\u00e2tre et danse dans le cadre des mercredis enseignants de la [&hellip;]<\/p>\n","protected":false},"author":241,"featured_media":0,"comment_status":"closed","ping_status":"open","sticky":false,"template":"","format":"standard","meta":{"_et_pb_use_builder":"on","_et_pb_old_content":"","_et_gb_content_width":"","ngg_post_thumbnail":0,"footnotes":""},"categories":[1],"tags":[],"class_list":["post-9020","post","type-post","status-publish","format-standard","hentry","category-non-classe","et-doesnt-have-format-content","et_post_format-et-post-format-standard"],"rttpg_featured_image_url":null,"rttpg_author":{"display_name":"daacadmin","author_link":"https:\/\/www.pedagogie.ac-nice.fr\/daac\/author\/daacadmin\/"},"rttpg_comment":0,"rttpg_category":"<a href=\"https:\/\/www.pedagogie.ac-nice.fr\/daac\/category\/non-classe\/\" rel=\"category tag\">Non class\u00e9<\/a>","rttpg_excerpt":"version imprimableMercredi enseignants au Th\u00e9\u00e2tre de Grasse Mercredi 24 Novembre de 14h00 \u00e0 16h30 Un rendez-vous organis\u00e9 par le th\u00e9\u00e2tre de Grasse et par Florence Leyat et Aria Florent, charg\u00e9es de mission de la DAAC (d\u00e9l\u00e9gation acad\u00e9mique \u00e0 l\u2019action artistique et culturelle de Nice) th\u00e9\u00e2tre et danse dans le cadre des mercredis enseignants de la\u2026","post_mailing_queue_ids":[],"_links":{"self":[{"href":"https:\/\/www.pedagogie.ac-nice.fr\/daac\/wp-json\/wp\/v2\/posts\/9020","targetHints":{"allow":["GET"]}}],"collection":[{"href":"https:\/\/www.pedagogie.ac-nice.fr\/daac\/wp-json\/wp\/v2\/posts"}],"about":[{"href":"https:\/\/www.pedagogie.ac-nice.fr\/daac\/wp-json\/wp\/v2\/types\/post"}],"author":[{"embeddable":true,"href":"https:\/\/www.pedagogie.ac-nice.fr\/daac\/wp-json\/wp\/v2\/users\/241"}],"replies":[{"embeddable":true,"href":"https:\/\/www.pedagogie.ac-nice.fr\/daac\/wp-json\/wp\/v2\/comments?post=9020"}],"version-history":[{"count":7,"href":"https:\/\/www.pedagogie.ac-nice.fr\/daac\/wp-json\/wp\/v2\/posts\/9020\/revisions"}],"predecessor-version":[{"id":9041,"href":"https:\/\/www.pedagogie.ac-nice.fr\/daac\/wp-json\/wp\/v2\/posts\/9020\/revisions\/9041"}],"wp:attachment":[{"href":"https:\/\/www.pedagogie.ac-nice.fr\/daac\/wp-json\/wp\/v2\/media?parent=9020"}],"wp:term":[{"taxonomy":"category","embeddable":true,"href":"https:\/\/www.pedagogie.ac-nice.fr\/daac\/wp-json\/wp\/v2\/categories?post=9020"},{"taxonomy":"post_tag","embeddable":true,"href":"https:\/\/www.pedagogie.ac-nice.fr\/daac\/wp-json\/wp\/v2\/tags?post=9020"}],"curies":[{"name":"wp","href":"https:\/\/api.w.org\/{rel}","templated":true}]}}