{"id":9503,"date":"2021-11-22T19:51:36","date_gmt":"2021-11-22T18:51:36","guid":{"rendered":"https:\/\/www.pedagogie.ac-nice.fr\/daac\/?p=9503"},"modified":"2023-02-15T13:31:31","modified_gmt":"2023-02-15T12:31:31","slug":"programme-cinema-et-citoyennete","status":"publish","type":"post","link":"https:\/\/www.pedagogie.ac-nice.fr\/daac\/programme-cinema-et-citoyennete\/","title":{"rendered":"Programme Cin\u00e9ma et Citoyennet\u00e9"},"content":{"rendered":"<p>[et_pb_section fb_built=\u00a0\u00bb1&Prime; _builder_version=\u00a0\u00bb4.10.7&Prime; _module_preset=\u00a0\u00bbdefault\u00a0\u00bb global_colors_info=\u00a0\u00bb{}\u00a0\u00bb][et_pb_row column_structure=\u00a0\u00bb2_5,3_5&Prime; _builder_version=\u00a0\u00bb4.10.7&Prime; _module_preset=\u00a0\u00bbdefault\u00a0\u00bb global_colors_info=\u00a0\u00bb{}\u00a0\u00bb][et_pb_column type=\u00a0\u00bb2_5&Prime; _builder_version=\u00a0\u00bb4.10.7&Prime; _module_preset=\u00a0\u00bbdefault\u00a0\u00bb global_colors_info=\u00a0\u00bb{}\u00a0\u00bb][et_pb_text admin_label=\u00a0\u00bbLogo cinema\u00a0\u00bb _builder_version=\u00a0\u00bb4.10.7&Prime; _module_preset=\u00a0\u00bbdefault\u00a0\u00bb global_colors_info=\u00a0\u00bb{}\u00a0\u00bb]<\/p>\n<p><a href=\"https:\/\/www.pedagogie.ac-nice.fr\/daac\/pole_cinema_2021\/\" target=\"_blank\" rel=\"noopener\"><img loading=\"lazy\" decoding=\"async\" class=\"aligncenter wp-image-5920\" src=\"https:\/\/www.pedagogie.ac-nice.fr\/daac\/wp-content\/uploads\/sites\/37\/2021\/09\/cinema-300x183.png\" alt=\"\" width=\"252\" height=\"154\" srcset=\"https:\/\/www.pedagogie.ac-nice.fr\/daac\/wp-content\/uploads\/sites\/37\/2021\/09\/cinema-300x183.png 300w, https:\/\/www.pedagogie.ac-nice.fr\/daac\/wp-content\/uploads\/sites\/37\/2021\/09\/cinema.png 349w\" sizes=\"(max-width: 252px) 100vw, 252px\" \/><\/a><\/p>\n<p>[\/et_pb_text][et_pb_divider _builder_version=\u00a0\u00bb4.10.7&Prime; _module_preset=\u00a0\u00bbdefault\u00a0\u00bb global_colors_info=\u00a0\u00bb{}\u00a0\u00bb][\/et_pb_divider][et_pb_text admin_label=\u00a0\u00bbpartenariat\u00a0\u00bb _builder_version=\u00a0\u00bb4.10.7&Prime; _module_preset=\u00a0\u00bbdefault\u00a0\u00bb global_colors_info=\u00a0\u00bb{}\u00a0\u00bb]<\/p>\n<p><img loading=\"lazy\" decoding=\"async\" class=\"wp-image-6275 aligncenter\" src=\"https:\/\/www.pedagogie.ac-nice.fr\/daac\/wp-content\/uploads\/sites\/37\/2021\/09\/partenariat-300x196.png\" alt=\"\" width=\"246\" height=\"161\" srcset=\"https:\/\/www.pedagogie.ac-nice.fr\/daac\/wp-content\/uploads\/sites\/37\/2021\/09\/partenariat-300x196.png 300w, https:\/\/www.pedagogie.ac-nice.fr\/daac\/wp-content\/uploads\/sites\/37\/2021\/09\/partenariat.png 344w\" sizes=\"(max-width: 246px) 100vw, 246px\" \/><\/p>\n<p>[\/et_pb_text][et_pb_divider _builder_version=\u00a0\u00bb4.10.7&Prime; _module_preset=\u00a0\u00bbdefault\u00a0\u00bb global_colors_info=\u00a0\u00bb{}\u00a0\u00bb][\/et_pb_divider][\/et_pb_column][et_pb_column type=\u00a0\u00bb3_5&Prime; _builder_version=\u00a0\u00bb4.10.7&Prime; _module_preset=\u00a0\u00bbdefault\u00a0\u00bb global_colors_info=\u00a0\u00bb{}\u00a0\u00bb][et_pb_text admin_label=\u00a0\u00bblogo\u00a0\u00bb _builder_version=\u00a0\u00bb4.10.7&Prime; _module_preset=\u00a0\u00bbdefault\u00a0\u00bb global_colors_info=\u00a0\u00bb{}\u00a0\u00bb]<\/p>\n<p><img loading=\"lazy\" decoding=\"async\" class=\"size-full wp-image-9502 aligncenter\" src=\"https:\/\/www.pedagogie.ac-nice.fr\/daac\/wp-content\/uploads\/sites\/37\/2021\/11\/unicite_logo.jpg\" alt=\"\" width=\"161\" height=\"175\"><\/p>\n<p>[\/et_pb_text][et_pb_text admin_label=\u00a0\u00bbltexte\u00a0\u00bb _builder_version=\u00a0\u00bb4.10.7&Prime; _module_preset=\u00a0\u00bbdefault\u00a0\u00bb text_font=\u00a0\u00bbTrebuchet||||||||\u00a0\u00bb text_text_color=\u00a0\u00bb#000000&Prime; text_font_size=\u00a0\u00bb16px\u00a0\u00bb text_orientation=\u00a0\u00bbjustified\u00a0\u00bb hover_enabled=\u00a0\u00bb0&Prime; global_colors_info=\u00a0\u00bb{}\u00a0\u00bb sticky_enabled=\u00a0\u00bb0&Prime;]<\/p>\n<div class=\"v1gmail_default\" style=\"text-align: center;\"><img loading=\"lazy\" decoding=\"async\" src=\"https:\/\/www.pedagogie.ac-nice.fr\/daac\/wp-content\/uploads\/sites\/37\/2023\/02\/logo_uc_2022_o_hd-300x98.png\" width=\"300\" height=\"98\" alt=\"\" class=\"wp-image-14511 alignnone size-medium\" srcset=\"https:\/\/www.pedagogie.ac-nice.fr\/daac\/wp-content\/uploads\/sites\/37\/2023\/02\/logo_uc_2022_o_hd-300x98.png 300w, https:\/\/www.pedagogie.ac-nice.fr\/daac\/wp-content\/uploads\/sites\/37\/2023\/02\/logo_uc_2022_o_hd-1024x335.png 1024w, https:\/\/www.pedagogie.ac-nice.fr\/daac\/wp-content\/uploads\/sites\/37\/2023\/02\/logo_uc_2022_o_hd-768x251.png 768w, https:\/\/www.pedagogie.ac-nice.fr\/daac\/wp-content\/uploads\/sites\/37\/2023\/02\/logo_uc_2022_o_hd-1536x502.png 1536w, https:\/\/www.pedagogie.ac-nice.fr\/daac\/wp-content\/uploads\/sites\/37\/2023\/02\/logo_uc_2022_o_hd-1080x353.png 1080w, https:\/\/www.pedagogie.ac-nice.fr\/daac\/wp-content\/uploads\/sites\/37\/2023\/02\/logo_uc_2022_o_hd.png 1807w\" sizes=\"(max-width: 300px) 100vw, 300px\" \/><\/div>\n<div>\n<div dir=\"ltr\">\n<div dir=\"ltr\">\n<div dir=\"ltr\">\n<div dir=\"ltr\">\n<div dir=\"ltr\">\n<div dir=\"ltr\">\n<div dir=\"ltr\" style=\"text-align: justify;\">\n<div>\n<div dir=\"ltr\">\n<div class=\"v1v1gmail_default\" style=\"text-align: center;\"><\/div>\n<div class=\"v1v1gmail_default\">L&rsquo;association Unis-Cit\u00e9 lancera en novembre prochain son programme<span>\u00a0<\/span><strong>\u00ab\u00a0Cin\u00e9ma &amp; Citoyennet\u00e9\u00a0\u00bb<\/strong><span>\u00a0<\/span>en partenariat du CNC et avec le soutien du Minist\u00e8re de l&rsquo;Education Nationale.<\/div>\n<div class=\"v1v1gmail_default\"><\/div>\n<div class=\"v1v1gmail_default\">Ainsi, tout au long de l&rsquo;ann\u00e9e\u00a0scolaire, des \u00e9quipes de volontaires en Service Civique proposeront d&rsquo;animer des s\u00e9ances \u00ab\u00a0<strong>Clubs-Cin\u00e9\u00a0\u00bb ou des \u00ab\u00a0Cin\u00e9-d\u00e9bats\u00a0\u00bb<\/strong><span>\u00a0<\/span>ponctuelles destin\u00e9es aux lyc\u00e9ens et coll\u00e9giens dans les Alpes-Maritimes. Ces interventions se d\u00e9rouleront durant les<span>\u00a0<\/span><strong>temps p\u00e9riscolaires<\/strong><span>\u00a0<\/span>(ex : pause m\u00e9ridienne, fin de journ\u00e9e, d\u00e9but de soir\u00e9e en internat) ou lors d&rsquo;\u00e9v\u00e8nements organis\u00e9s dans les \u00e9tablissements (ex : journ\u00e9es \u00e0 th\u00e8me).<\/div>\n<div class=\"v1v1gmail_default\"><\/div>\n<div class=\"v1v1gmail_default\">A noter que ces<span>\u00a0<\/span><strong>interventions sont gratuites<\/strong><span>\u00a0<\/span>et qu&rsquo;Unis-Cit\u00e9 dispose de l<strong>&lsquo;agr\u00e9ment de l&rsquo;Education Nationale<\/strong>.<\/div>\n<div class=\"v1v1gmail_default\"><\/div>\n<div class=\"v1v1gmail_default\">Enfin, ce programme peut\u00a0s&rsquo;articuler avec les dispositifs du CNC sur temps de cours (ex: \u00ab Coll\u00e8ge au Cin\u00e9ma \u00bb).<\/div>\n<\/div>\n<div dir=\"ltr\"><span style=\"color: #000000;\"><strong><span style=\"font-size: 10pt;\">\u00a0<\/span><\/strong><\/span><\/div>\n<div dir=\"ltr\"><span style=\"color: #000000;\"><strong><span style=\"font-size: 10pt;\">Coordinateur d&rsquo;Equipe et de Projet &#8211;\u00a0 <\/span><\/strong><strong><span style=\"font-size: 10pt;\">Programme Cin\u00e9ma &amp; Citoyennet\u00e9 (C&amp;C)<\/span><\/strong><\/span><\/div>\n<div>\n<div><span style=\"font-size: 10pt; color: #000000;\">J\u00e9r\u00f4me SCHELL<\/span><\/div>\n<div><span style=\"color: #000000; font-size: 10pt;\">T\u00e9l : 06 78 68 93 40<\/span><\/div>\n<div><span style=\"color: #000000; font-size: 10pt;\">Courriel :\u00a0j<a style=\"color: #000000;\" title=\"Composer un message \u00e0 jschell@uniscite.fr\" rel=\"noreferrer\">jschell@uniscite.f<\/a>r<br \/><\/span><\/div>\n<\/div>\n<\/div>\n<\/div>\n<\/div>\n<\/div>\n<\/div>\n<\/div>\n<\/div>\n<div><\/div>\n<div><span style=\"color: #000000; font-size: 10pt;\"><strong>Coordination DAAC<\/strong>\u00a0 &#8211; Florence Vargas-Luiggi<br \/>Courriel : Florence.Vargas-Luiggi@ac-nice.fr <\/span><br \/><span style=\"color: #000000; font-size: 10pt;\">Conseill\u00e8re EAC Cin\u00e9ma DAAC &#8211; (Rectorat de Nice)<\/span><br \/><span style=\"color: #000000; font-size: 10pt;\">Coordination d\u00e9partementale EAC (DSDEN Var)<\/span><\/div>\n<div dir=\"ltr\">\n<div dir=\"ltr\">\n<div dir=\"ltr\">\n<div dir=\"ltr\">\n<div dir=\"ltr\">\n<div dir=\"ltr\" style=\"text-align: justify;\">\n<div>\n<div><\/div>\n<\/div>\n<\/div>\n<\/div>\n<\/div>\n<\/div>\n<\/div>\n<\/div>\n<\/div>\n<\/div>\n<p>[\/et_pb_text][\/et_pb_column][\/et_pb_row][\/et_pb_section]<\/p>\n","protected":false},"excerpt":{"rendered":"<p>L&rsquo;association Unis-Cit\u00e9 lancera en novembre prochain son programme\u00a0\u00ab\u00a0Cin\u00e9ma &amp; Citoyennet\u00e9\u00a0\u00bb\u00a0en partenariat du CNC et avec le soutien du Minist\u00e8re de l&rsquo;Education Nationale. Ainsi, tout au long de l&rsquo;ann\u00e9e\u00a0scolaire, des \u00e9quipes de volontaires en Service Civique proposeront d&rsquo;animer des s\u00e9ances \u00ab\u00a0Clubs-Cin\u00e9\u00a0\u00bb ou des \u00ab\u00a0Cin\u00e9-d\u00e9bats\u00a0\u00bb\u00a0ponctuelles destin\u00e9es aux lyc\u00e9ens et coll\u00e9giens dans les Alpes-Maritimes. Ces interventions se d\u00e9rouleront [&hellip;]<\/p>\n","protected":false},"author":241,"featured_media":0,"comment_status":"open","ping_status":"open","sticky":false,"template":"","format":"standard","meta":{"_et_pb_use_builder":"on","_et_pb_old_content":"","_et_gb_content_width":"","ngg_post_thumbnail":0,"footnotes":""},"categories":[1],"tags":[],"class_list":["post-9503","post","type-post","status-publish","format-standard","hentry","category-non-classe","et-doesnt-have-format-content","et_post_format-et-post-format-standard"],"rttpg_featured_image_url":null,"rttpg_author":{"display_name":"daacadmin","author_link":"https:\/\/www.pedagogie.ac-nice.fr\/daac\/author\/daacadmin\/"},"rttpg_comment":0,"rttpg_category":"<a href=\"https:\/\/www.pedagogie.ac-nice.fr\/daac\/category\/non-classe\/\" rel=\"category tag\">Non class\u00e9<\/a>","rttpg_excerpt":"L'association Unis-Cit\u00e9 lancera en novembre prochain son programme\u00a0\"Cin\u00e9ma &amp; Citoyennet\u00e9\"\u00a0en partenariat du CNC et avec le soutien du Minist\u00e8re de l'Education Nationale. Ainsi, tout au long de l'ann\u00e9e\u00a0scolaire, des \u00e9quipes de volontaires en Service Civique proposeront d'animer des s\u00e9ances \"Clubs-Cin\u00e9\" ou des \"Cin\u00e9-d\u00e9bats\"\u00a0ponctuelles destin\u00e9es aux lyc\u00e9ens et coll\u00e9giens dans les Alpes-Maritimes. Ces interventions se d\u00e9rouleront\u2026","post_mailing_queue_ids":[],"_links":{"self":[{"href":"https:\/\/www.pedagogie.ac-nice.fr\/daac\/wp-json\/wp\/v2\/posts\/9503","targetHints":{"allow":["GET"]}}],"collection":[{"href":"https:\/\/www.pedagogie.ac-nice.fr\/daac\/wp-json\/wp\/v2\/posts"}],"about":[{"href":"https:\/\/www.pedagogie.ac-nice.fr\/daac\/wp-json\/wp\/v2\/types\/post"}],"author":[{"embeddable":true,"href":"https:\/\/www.pedagogie.ac-nice.fr\/daac\/wp-json\/wp\/v2\/users\/241"}],"replies":[{"embeddable":true,"href":"https:\/\/www.pedagogie.ac-nice.fr\/daac\/wp-json\/wp\/v2\/comments?post=9503"}],"version-history":[{"count":9,"href":"https:\/\/www.pedagogie.ac-nice.fr\/daac\/wp-json\/wp\/v2\/posts\/9503\/revisions"}],"predecessor-version":[{"id":14512,"href":"https:\/\/www.pedagogie.ac-nice.fr\/daac\/wp-json\/wp\/v2\/posts\/9503\/revisions\/14512"}],"wp:attachment":[{"href":"https:\/\/www.pedagogie.ac-nice.fr\/daac\/wp-json\/wp\/v2\/media?parent=9503"}],"wp:term":[{"taxonomy":"category","embeddable":true,"href":"https:\/\/www.pedagogie.ac-nice.fr\/daac\/wp-json\/wp\/v2\/categories?post=9503"},{"taxonomy":"post_tag","embeddable":true,"href":"https:\/\/www.pedagogie.ac-nice.fr\/daac\/wp-json\/wp\/v2\/tags?post=9503"}],"curies":[{"name":"wp","href":"https:\/\/api.w.org\/{rel}","templated":true}]}}