{"id":1104,"date":"2020-07-26T08:39:33","date_gmt":"2020-07-26T06:39:33","guid":{"rendered":"http:\/\/www.pedagogie.ac-nice.fr\/doc-azur\/?p=1104"},"modified":"2020-07-26T10:13:47","modified_gmt":"2020-07-26T08:13:47","slug":"nouveaux-espaces","status":"publish","type":"post","link":"https:\/\/www.pedagogie.ac-nice.fr\/doc-azur\/2020\/07\/26\/nouveaux-espaces\/","title":{"rendered":"Nouveaux espaces"},"content":{"rendered":"<ul>\n<li><a href=\"https:\/\/www.pedagogie.ac-nice.fr\/doc-azur\/2020\/07\/26\/traam-emi-creation-dune-borne-darcade-de-retro-gaming\/\" target=\"_blank\" rel=\"noopener noreferrer\">TRAAM EMI : Cr\u00e9ation d&rsquo;une borne d&rsquo;arcade de r\u00e9tro gaming<\/a> (05\/06\/2019)<\/li>\n<li><a href=\"https:\/\/www.pedagogie.ac-nice.fr\/doc-azur\/2020\/07\/26\/traam-documentation-repenser-le-cdi-avec-les-eleves-et-la-communaute-educative\/\" target=\"_blank\" rel=\"noopener noreferrer\">TRAAM Documentation : Repenser le CDI avec les \u00e9l\u00e8ves et la communaut\u00e9 \u00e9ducative<\/a> (13\/06\/2018)<\/li>\n<li><a href=\"https:\/\/www.pedagogie.ac-nice.fr\/doc-azur\/2020\/07\/26\/traam-documentation-co-creer-un-nouvel-espace-cdi-avec-les-eleves\/\" target=\"_blank\" rel=\"noopener noreferrer\">TRAAM Documentation : Co-cr\u00e9er un nouvel espace CDI avec les \u00e9l\u00e8ves<\/a> (10\/06\/2018)<\/li>\n<li><a href=\"https:\/\/www.pedagogie.ac-nice.fr\/doc-azur\/2020\/07\/26\/traam-documentation-cdi-espaces-de-detente\/\" target=\"_blank\" rel=\"noopener noreferrer\">TRAAM Documentation : CDI et Espaces de d\u00e9tente<\/a> (09\/06\/2018)<\/li>\n<li><a href=\"https:\/\/www.pedagogie.ac-nice.fr\/doc-azur\/2020\/07\/26\/traam-documentation-developper-linteraction-et-la-communication-entre-les-espaces-dans-un-eple\/\" target=\"_blank\" rel=\"noopener noreferrer\">TRAAM Documentation : D\u00e9velopper l&rsquo;interaction et la communication entre les espaces dans un EPLE<\/a> (07\/06\/2018)<\/li>\n<li><a href=\"https:\/\/www.pedagogie.ac-nice.fr\/doc-azur\/2020\/07\/26\/traam-documentation-creations-despaces-de-creativite-au-cdi\/\" target=\"_blank\" rel=\"noopener noreferrer\">TRAAM Documentation : Cr\u00e9ations d&rsquo;espaces de cr\u00e9ativit\u00e9 au CDI<\/a> (06\/06\/2018)<\/li>\n<li><a href=\"https:\/\/www.pedagogie.ac-nice.fr\/doc-azur\/2020\/07\/26\/traam-documentation-le-fab-lab-pour-lacquisition-des-competences-valorisees-dans-les-parcours\/\" target=\"_blank\" rel=\"noopener noreferrer\">TRAAM Documentation : Le Fab-Lab pour l&rsquo;acquisition des comp\u00e9tences valoris\u00e9es dans les Parcours<\/a> (06\/06\/2018)<\/li>\n<li><a href=\"http:\/\/www.pedagogie.ac-nice.fr\/doc-azur\/2020\/07\/26\/traam-documentation-la-bulle-du-cdi-college-paul-cezanne-brignoles\/\" target=\"_blank\" rel=\"noopener noreferrer\">TRAAM Documentation : La bulle du CDI (Coll\u00e8ge Paul C\u00e9zanne &#8211; Brignoles)<\/a> (05\/06\/2018)<\/li>\n<li><a href=\"https:\/\/www.pedagogie.ac-nice.fr\/doc-azur\/2020\/07\/26\/traam-documentation-2016-2017-lincubateur-didee-ou-le-fab-lab-multi-mediatique\/\" target=\"_blank\" rel=\"noopener noreferrer\">TRAAM Documentation : 2016-2017 L&rsquo;incubateur d&rsquo;id\u00e9e ou le FabLab multi-m\u00e9diatique<\/a> (23\/06\/2017)<\/li>\n<li><a href=\"https:\/\/www.pedagogie.ac-nice.fr\/doc-azur\/2020\/07\/26\/traam-documentation-infodoclab-un-laboratoire-pedagogique-dun-nouveau-genre-pour-les-enseignants-documentalistes\/\" target=\"_blank\" rel=\"noopener noreferrer\">TRAAM Documentation : InfodocLab : un laboratoire p\u00e9dagogique d&rsquo;un nouveau genre pour les enseignants documentalistes<\/a> (29\/06\/2015)<\/li>\n<li><a href=\"https:\/\/www.pedagogie.ac-nice.fr\/doc-azur\/2020\/07\/26\/traam-documentation-un-epaa-espace-personnel-dapprentissage-academique-pour-les-enseignants-documentalistes\/\" target=\"_blank\" rel=\"noopener noreferrer\">TRAAM Documentation : Un EPAA (Espace Personnel d&rsquo;Apprentissage Acad\u00e9mique) pour les enseignants documentalistes<\/a> (28\/06\/2015)<\/li>\n<li><a href=\"https:\/\/www.pedagogie.ac-nice.fr\/doc-azur\/2020\/07\/26\/un-espace-performance-au-cdi-rendre-les-eleves-acteurs-de-leur-culture-et-de-leurs-apprentissages\/\" target=\"_blank\" rel=\"noopener noreferrer\">Un espace \u00ab\u00a0Performance\u00a0\u00bb au CDI : rendre les \u00e9l\u00e8ves acteurs de leur culture et de leurs apprentissages<\/a> (21\/09\/2014)<\/li>\n<li><a href=\"http:\/\/www.pedagogie.ac-nice.fr\/doc-azur\/2020\/07\/26\/du-cdi-au-learning-center\/\" target=\"_blank\" rel=\"noopener noreferrer\">Du CDI au Learning Center<\/a> (01\/12\/2013)<\/li>\n<li><a href=\"https:\/\/www.pedagogie.ac-nice.fr\/doc-azur\/2020\/07\/26\/vers-e3c-centre-de-connaissances-et-de-culture\/\" target=\"_blank\" rel=\"noopener noreferrer\">Vers E3C : Centre de Connaissances et de Culture<\/a> (10\/11\/2013)<\/li>\n<li><a href=\"https:\/\/www.pedagogie.ac-nice.fr\/doc-azur\/2020\/07\/26\/amenager-une-bibliotheque\/\" target=\"_blank\" rel=\"noopener noreferrer\">Am\u00e9nager une Biblioth\u00e8que<\/a> (02\/08\/2013)<\/li>\n<\/ul>\n","protected":false},"excerpt":{"rendered":"<p>TRAAM EMI : Cr\u00e9ation d&rsquo;une borne d&rsquo;arcade de r\u00e9tro gaming (05\/06\/2019) TRAAM Documentation : Repenser le CDI avec les \u00e9l\u00e8ves et la communaut\u00e9 \u00e9ducative (13\/06\/2018) TRAAM Documentation : Co-cr\u00e9er un nouvel espace CDI avec les \u00e9l\u00e8ves (10\/06\/2018) TRAAM Documentation : CDI et Espaces de d\u00e9tente (09\/06\/2018) TRAAM Documentation : D\u00e9velopper [&hellip;]<\/p>\n","protected":false},"author":237,"featured_media":0,"comment_status":"closed","ping_status":"closed","sticky":false,"template":"","format":"standard","meta":{"ngg_post_thumbnail":0,"footnotes":""},"categories":[16,61],"tags":[],"class_list":["post-1104","post","type-post","status-publish","format-standard","hentry","category-_","category-amenager-son-cdi"],"rttpg_featured_image_url":null,"rttpg_author":{"display_name":"docazur","author_link":"https:\/\/www.pedagogie.ac-nice.fr\/doc-azur\/author\/docazur\/"},"rttpg_comment":0,"rttpg_category":"<a href=\"https:\/\/www.pedagogie.ac-nice.fr\/doc-azur\/category\/_\/\" rel=\"category tag\">_<\/a> <a href=\"https:\/\/www.pedagogie.ac-nice.fr\/doc-azur\/category\/amenager-son-cdi\/\" rel=\"category tag\">Am\u00e9nager son CDI<\/a>","rttpg_excerpt":"TRAAM EMI : Cr\u00e9ation d&rsquo;une borne d&rsquo;arcade de r\u00e9tro gaming (05\/06\/2019) TRAAM Documentation : Repenser le CDI avec les \u00e9l\u00e8ves et la communaut\u00e9 \u00e9ducative (13\/06\/2018) TRAAM Documentation : Co-cr\u00e9er un nouvel espace CDI avec les \u00e9l\u00e8ves (10\/06\/2018) TRAAM Documentation : CDI et Espaces de d\u00e9tente (09\/06\/2018) TRAAM Documentation : D\u00e9velopper [&hellip;]","post_mailing_queue_ids":[],"_links":{"self":[{"href":"https:\/\/www.pedagogie.ac-nice.fr\/doc-azur\/wp-json\/wp\/v2\/posts\/1104","targetHints":{"allow":["GET"]}}],"collection":[{"href":"https:\/\/www.pedagogie.ac-nice.fr\/doc-azur\/wp-json\/wp\/v2\/posts"}],"about":[{"href":"https:\/\/www.pedagogie.ac-nice.fr\/doc-azur\/wp-json\/wp\/v2\/types\/post"}],"author":[{"embeddable":true,"href":"https:\/\/www.pedagogie.ac-nice.fr\/doc-azur\/wp-json\/wp\/v2\/users\/237"}],"replies":[{"embeddable":true,"href":"https:\/\/www.pedagogie.ac-nice.fr\/doc-azur\/wp-json\/wp\/v2\/comments?post=1104"}],"version-history":[{"count":17,"href":"https:\/\/www.pedagogie.ac-nice.fr\/doc-azur\/wp-json\/wp\/v2\/posts\/1104\/revisions"}],"predecessor-version":[{"id":1187,"href":"https:\/\/www.pedagogie.ac-nice.fr\/doc-azur\/wp-json\/wp\/v2\/posts\/1104\/revisions\/1187"}],"wp:attachment":[{"href":"https:\/\/www.pedagogie.ac-nice.fr\/doc-azur\/wp-json\/wp\/v2\/media?parent=1104"}],"wp:term":[{"taxonomy":"category","embeddable":true,"href":"https:\/\/www.pedagogie.ac-nice.fr\/doc-azur\/wp-json\/wp\/v2\/categories?post=1104"},{"taxonomy":"post_tag","embeddable":true,"href":"https:\/\/www.pedagogie.ac-nice.fr\/doc-azur\/wp-json\/wp\/v2\/tags?post=1104"}],"curies":[{"name":"wp","href":"https:\/\/api.w.org\/{rel}","templated":true}]}}