{"id":1117,"date":"2020-07-26T08:51:44","date_gmt":"2020-07-26T06:51:44","guid":{"rendered":"http:\/\/www.pedagogie.ac-nice.fr\/doc-azur\/?p=1117"},"modified":"2020-07-26T08:54:16","modified_gmt":"2020-07-26T06:54:16","slug":"vers-e3c-centre-de-connaissances-et-de-culture","status":"publish","type":"post","link":"https:\/\/www.pedagogie.ac-nice.fr\/doc-azur\/2020\/07\/26\/vers-e3c-centre-de-connaissances-et-de-culture\/","title":{"rendered":"Vers E3C : Centre de Connaissances et de Culture"},"content":{"rendered":"<p class=\"western\" align=\"justify\">Au sommaire :<\/p>\n<p class=\"western\" align=\"justify\">Engager une d\u00e9marche collective et concert\u00e9e<\/p>\n<p class=\"western\" align=\"justify\">1. \u00c9laborer et conduire une politique d&rsquo;acc\u00e8s aux ressources<\/p>\n<p class=\"western\" align=\"justify\">2. Faire vivre la culture humaniste dans la soci\u00e9t\u00e9 num\u00e9rique &#8230;&#8230;&#8230;&#8230;.. 12<\/p>\n<p class=\"western\" align=\"justify\">3. Co -construire le projet de centre de connaissances et de culture entre l&rsquo;EPLE et la collectivit\u00e9 territoriale<\/p>\n<p class=\"western\" align=\"justify\">Mettre les espaces et les temps au service de chacun des \u00e9l\u00e8ves<\/p>\n<p class=\"western\" align=\"justify\">4. R\u00e9pondre aux attentes de la communaut\u00e9 \u00e9ducative<\/p>\n<p class=\"western\" align=\"justify\">5. Accueillir dans un cadre convivial et chaleureux<\/p>\n<p class=\"western\" align=\"justify\">6. Faciliter la construction de l&rsquo;autonomie et de l&rsquo;initiative<\/p>\n<p class=\"western\" align=\"justify\">7. Mieux utiliser les temps pour favoriser les apprentissages et usages \u00e0 la carte<\/p>\n<p class=\"western\" align=\"justify\">8. Repenser les m\u00e9diations pour optimiser l&rsquo;accompagnement de tous les \u00e9l\u00e8ves<\/p>\n<p class=\"western\" align=\"justify\">Diversifier et personnaliser ressources et services<\/p>\n<p class=\"western\" align=\"justify\">9. Cr\u00e9er de meilleures conditions d&rsquo;apprentissage<\/p>\n<p class=\"western\" align=\"justify\">10. D\u00e9velopper les ressources pour la formation<\/p>\n<p class=\"western\" align=\"justify\">11. Repenser les ressources informatives en mati\u00e8re d&rsquo;orientation<\/p>\n<p class=\"western\" align=\"justify\">12. Repenser les m\u00e9diations par la mise \u00e0 disposition<\/p>\n<p class=\"western\" align=\"justify\">de services en ligne<\/p>\n<p class=\"western\" align=\"justify\">13. Favoriser la formation des personnels<\/p>\n<p align=\"justify\"><a href=\"https:\/\/www.pedagogie.ac-nice.fr\/doc-azur\/wp-content\/uploads\/sites\/40\/2020\/07\/2012_vademecum_culture_int_web_214771.pdf\">2012_vademecum_culture_int_web_214771 (\u00e0 t\u00e9l\u00e9charger)<\/a><\/p>\n<p class=\"western\" align=\"justify\">F. Rondet<\/p>\n<p class=\"western\">\n","protected":false},"excerpt":{"rendered":"<p>Au sommaire : Engager une d\u00e9marche collective et concert\u00e9e 1. \u00c9laborer et conduire une politique d&rsquo;acc\u00e8s aux ressources 2. Faire vivre la culture humaniste dans la soci\u00e9t\u00e9 num\u00e9rique &#8230;&#8230;&#8230;&#8230;.. 12 3. Co -construire le projet de centre de connaissances et de culture entre l&rsquo;EPLE et la collectivit\u00e9 territoriale Mettre les [&hellip;]<\/p>\n","protected":false},"author":237,"featured_media":0,"comment_status":"closed","ping_status":"closed","sticky":false,"template":"","format":"standard","meta":{"ngg_post_thumbnail":0,"footnotes":""},"categories":[61,46],"tags":[],"class_list":["post-1117","post","type-post","status-publish","format-standard","hentry","category-amenager-son-cdi","category-espaces-de-vie"],"rttpg_featured_image_url":null,"rttpg_author":{"display_name":"docazur","author_link":"https:\/\/www.pedagogie.ac-nice.fr\/doc-azur\/author\/docazur\/"},"rttpg_comment":0,"rttpg_category":"<a href=\"https:\/\/www.pedagogie.ac-nice.fr\/doc-azur\/category\/amenager-son-cdi\/\" rel=\"category tag\">Am\u00e9nager son CDI<\/a> <a href=\"https:\/\/www.pedagogie.ac-nice.fr\/doc-azur\/category\/espaces-de-vie\/\" rel=\"category tag\">Espaces de vie<\/a>","rttpg_excerpt":"Au sommaire : Engager une d\u00e9marche collective et concert\u00e9e 1. \u00c9laborer et conduire une politique d&rsquo;acc\u00e8s aux ressources 2. Faire vivre la culture humaniste dans la soci\u00e9t\u00e9 num\u00e9rique &#8230;&#8230;&#8230;&#8230;.. 12 3. Co -construire le projet de centre de connaissances et de culture entre l&rsquo;EPLE et la collectivit\u00e9 territoriale Mettre les [&hellip;]","post_mailing_queue_ids":[],"_links":{"self":[{"href":"https:\/\/www.pedagogie.ac-nice.fr\/doc-azur\/wp-json\/wp\/v2\/posts\/1117","targetHints":{"allow":["GET"]}}],"collection":[{"href":"https:\/\/www.pedagogie.ac-nice.fr\/doc-azur\/wp-json\/wp\/v2\/posts"}],"about":[{"href":"https:\/\/www.pedagogie.ac-nice.fr\/doc-azur\/wp-json\/wp\/v2\/types\/post"}],"author":[{"embeddable":true,"href":"https:\/\/www.pedagogie.ac-nice.fr\/doc-azur\/wp-json\/wp\/v2\/users\/237"}],"replies":[{"embeddable":true,"href":"https:\/\/www.pedagogie.ac-nice.fr\/doc-azur\/wp-json\/wp\/v2\/comments?post=1117"}],"version-history":[{"count":5,"href":"https:\/\/www.pedagogie.ac-nice.fr\/doc-azur\/wp-json\/wp\/v2\/posts\/1117\/revisions"}],"predecessor-version":[{"id":1124,"href":"https:\/\/www.pedagogie.ac-nice.fr\/doc-azur\/wp-json\/wp\/v2\/posts\/1117\/revisions\/1124"}],"wp:attachment":[{"href":"https:\/\/www.pedagogie.ac-nice.fr\/doc-azur\/wp-json\/wp\/v2\/media?parent=1117"}],"wp:term":[{"taxonomy":"category","embeddable":true,"href":"https:\/\/www.pedagogie.ac-nice.fr\/doc-azur\/wp-json\/wp\/v2\/categories?post=1117"},{"taxonomy":"post_tag","embeddable":true,"href":"https:\/\/www.pedagogie.ac-nice.fr\/doc-azur\/wp-json\/wp\/v2\/tags?post=1117"}],"curies":[{"name":"wp","href":"https:\/\/api.w.org\/{rel}","templated":true}]}}