{"id":1127,"date":"2020-07-26T08:57:36","date_gmt":"2020-07-26T06:57:36","guid":{"rendered":"http:\/\/www.pedagogie.ac-nice.fr\/doc-azur\/?p=1127"},"modified":"2020-07-26T08:57:36","modified_gmt":"2020-07-26T06:57:36","slug":"amenager-une-bibliotheque","status":"publish","type":"post","link":"https:\/\/www.pedagogie.ac-nice.fr\/doc-azur\/2020\/07\/26\/amenager-une-bibliotheque\/","title":{"rendered":"Am\u00e9nager une Biblioth\u00e8que"},"content":{"rendered":"<p class=\"western\"><strong><span style=\"color: #000000;\"><i>Un court dossier sur l&rsquo;am\u00e9nagement de biblioth\u00e8ques propos\u00e9 sur le blogue des professionnels du r\u00e9seau des Biblioth\u00e8ques de Montr\u00e9al : \u00ab\u00a07 principes \u00e0 consid\u00e9rer en am\u00e9nagement de biblioth\u00e8ques\u00a0\u00bb.<\/i><\/span><\/strong><\/p>\n<p class=\"western\"><span style=\"color: #000080;\"><span lang=\"zxx\"><u><a href=\"http:\/\/espaceb.bibliomontreal.com\/2012\/08\/02\/7-principes-a-considerer-en-amenagement-de-bibliotheques\/\" rel=\"noopener\">Lien<\/a><\/u><\/span><\/span><\/p>\n<p class=\"western\">\n<p class=\"western\">D Mouren<\/p>\n","protected":false},"excerpt":{"rendered":"<p>Un court dossier sur l&rsquo;am\u00e9nagement de biblioth\u00e8ques propos\u00e9 sur le blogue des professionnels du r\u00e9seau des Biblioth\u00e8ques de Montr\u00e9al : \u00ab\u00a07 principes \u00e0 consid\u00e9rer en am\u00e9nagement de biblioth\u00e8ques\u00a0\u00bb. Lien D Mouren<\/p>\n","protected":false},"author":237,"featured_media":0,"comment_status":"closed","ping_status":"closed","sticky":false,"template":"","format":"standard","meta":{"ngg_post_thumbnail":0,"footnotes":""},"categories":[61],"tags":[],"class_list":["post-1127","post","type-post","status-publish","format-standard","hentry","category-amenager-son-cdi"],"rttpg_featured_image_url":null,"rttpg_author":{"display_name":"docazur","author_link":"https:\/\/www.pedagogie.ac-nice.fr\/doc-azur\/author\/docazur\/"},"rttpg_comment":0,"rttpg_category":"<a href=\"https:\/\/www.pedagogie.ac-nice.fr\/doc-azur\/category\/amenager-son-cdi\/\" rel=\"category tag\">Am\u00e9nager son CDI<\/a>","rttpg_excerpt":"Un court dossier sur l&rsquo;am\u00e9nagement de biblioth\u00e8ques propos\u00e9 sur le blogue des professionnels du r\u00e9seau des Biblioth\u00e8ques de Montr\u00e9al : \u00ab\u00a07 principes \u00e0 consid\u00e9rer en am\u00e9nagement de biblioth\u00e8ques\u00a0\u00bb. Lien D Mouren","post_mailing_queue_ids":[],"_links":{"self":[{"href":"https:\/\/www.pedagogie.ac-nice.fr\/doc-azur\/wp-json\/wp\/v2\/posts\/1127","targetHints":{"allow":["GET"]}}],"collection":[{"href":"https:\/\/www.pedagogie.ac-nice.fr\/doc-azur\/wp-json\/wp\/v2\/posts"}],"about":[{"href":"https:\/\/www.pedagogie.ac-nice.fr\/doc-azur\/wp-json\/wp\/v2\/types\/post"}],"author":[{"embeddable":true,"href":"https:\/\/www.pedagogie.ac-nice.fr\/doc-azur\/wp-json\/wp\/v2\/users\/237"}],"replies":[{"embeddable":true,"href":"https:\/\/www.pedagogie.ac-nice.fr\/doc-azur\/wp-json\/wp\/v2\/comments?post=1127"}],"version-history":[{"count":1,"href":"https:\/\/www.pedagogie.ac-nice.fr\/doc-azur\/wp-json\/wp\/v2\/posts\/1127\/revisions"}],"predecessor-version":[{"id":1128,"href":"https:\/\/www.pedagogie.ac-nice.fr\/doc-azur\/wp-json\/wp\/v2\/posts\/1127\/revisions\/1128"}],"wp:attachment":[{"href":"https:\/\/www.pedagogie.ac-nice.fr\/doc-azur\/wp-json\/wp\/v2\/media?parent=1127"}],"wp:term":[{"taxonomy":"category","embeddable":true,"href":"https:\/\/www.pedagogie.ac-nice.fr\/doc-azur\/wp-json\/wp\/v2\/categories?post=1127"},{"taxonomy":"post_tag","embeddable":true,"href":"https:\/\/www.pedagogie.ac-nice.fr\/doc-azur\/wp-json\/wp\/v2\/tags?post=1127"}],"curies":[{"name":"wp","href":"https:\/\/api.w.org\/{rel}","templated":true}]}}