{"id":1130,"date":"2020-07-26T08:59:29","date_gmt":"2020-07-26T06:59:29","guid":{"rendered":"http:\/\/www.pedagogie.ac-nice.fr\/doc-azur\/?p=1130"},"modified":"2020-07-26T09:00:50","modified_gmt":"2020-07-26T07:00:50","slug":"du-cdi-au-learning-center","status":"publish","type":"post","link":"https:\/\/www.pedagogie.ac-nice.fr\/doc-azur\/2020\/07\/26\/du-cdi-au-learning-center\/","title":{"rendered":"Du CDI au Learning Center"},"content":{"rendered":"<p class=\"western\">Le diaporama ci -joint a \u00e9t\u00e9 \u00e9labor\u00e9 pour lancer la discussion sur le sujet lors de la deuxi\u00e8me r\u00e9union des documentalistes du bassin de Toulon. Il se pr\u00e9sente comme une synth\u00e8se des travaux et conf\u00e9rences men\u00e9s sur le th\u00e8me des learning centers (rapport de Suzanne Jouguelet, S\u00e9minaire de l&rsquo;ESEN du 23 au 25 mars 2011, conf\u00e9rences de Jean -Louis Durpaire et de Fran\u00e7oise Chapron&#8230;) et s&rsquo;organise selon le plan suivant\u00a0:<\/p>\n<ul>\n<li>\n<p class=\"western\"><strong>Le concept de learning center<\/strong> (Jouguelet, Lamouroux, Bulpitt, Arot)<\/p>\n<ul>\n<li>\n<p class=\"western\">Qu&rsquo;est -ce qu&rsquo;un learning center\u00a0?<\/p>\n<\/li>\n<li>\n<p class=\"western\">D\u00e9finition<\/p>\n<\/li>\n<li>\n<p class=\"western\">Historique<\/p>\n<\/li>\n<li>\n<p class=\"western\">Arriv\u00e9e des learning centers en Europe\u00a0: le contexte<\/p>\n<\/li>\n<li>\n<p class=\"western\">Arriv\u00e9e des LC en France<\/p>\n<\/li>\n<li>\n<p class=\"western\">Philosophie<\/p>\n<\/li>\n<li>\n<p class=\"western\">Autres caract\u00e9ristiques<\/p>\n<\/li>\n<li>\n<p class=\"western\">Crit\u00e8res d\u00e9finissant un LC<\/p>\n<\/li>\n<li>\n<p class=\"western\">Missions<\/p>\n<\/li>\n<\/ul>\n<\/li>\n<\/ul>\n<ul>\n<li>\n<p class=\"western\"><strong>R\u00e9inventer les CDI\u00a0? <\/strong>(Durpaire, Bisbrouck)<\/p>\n<ul>\n<li>\n<p class=\"western\">Le LC\u00a0: \u00ab\u00a0retour aux sources\u00a0\u00bb et continuit\u00e9 de l&rsquo;\u00e9volution des CDI<\/p>\n<\/li>\n<li>\n<p class=\"western\">La d\u00e9marche Student -Centered Learning<\/p>\n<\/li>\n<li>\n<p class=\"western\">L&rsquo;articulation CDI \/ Vie Scolaire<\/p>\n<\/li>\n<li>\n<p class=\"western\">Le CDI aujourd&rsquo;hui\u00a0: deux conceptions<\/p>\n<\/li>\n<li>\n<p class=\"western\">5 conditions pour passer du CDI au LC<\/p>\n<\/li>\n<li>\n<p class=\"western\">Repenser l&rsquo;espace CDI<\/p>\n<\/li>\n<li>\n<p class=\"western\">L&rsquo;am\u00e9nagement du CDI aujourd&rsquo;hui<\/p>\n<\/li>\n<li>\n<p class=\"western\">Typologie des activit\u00e9s et de l&rsquo;attitude des corps dans l&rsquo;espace<\/p>\n<\/li>\n<li>\n<p class=\"western\">Evolution de l&rsquo;espace CDI<\/p>\n<\/li>\n<li>\n<p class=\"western\">Qualit\u00e9s d&rsquo;un espace documentaire<\/p>\n<\/li>\n<li>\n<p class=\"western\">Mettre en place un projet de LC<\/p>\n<\/li>\n<\/ul>\n<\/li>\n<\/ul>\n<ul>\n<li>\n<p class=\"western\"><strong>L&rsquo;\u00e9volution de la profession<\/strong> (Durpaire, Chapron)<\/p>\n<ul>\n<li>\n<p class=\"western\">Plan de l&rsquo;intervention de M.\u00a0Durpaire<\/p>\n<\/li>\n<li>\n<p class=\"western\">Les learning centre ou apprendre ensemble \u00e0 l&rsquo;\u00e8re du num\u00e9rique<\/p>\n<\/li>\n<li>\n<p class=\"western\">Le documentaliste aura -t -il encore un mandat enseignant\u00a0?<\/p>\n<\/li>\n<li>\n<p class=\"western\">Le LC en soi, pourquoi pas\u00a0?<\/p>\n<\/li>\n<li>\n<p class=\"western\">Le d\u00e9veloppement d&rsquo;Internet, l&rsquo;av\u00e8nement des LC transforme notre m\u00e9tier<\/p>\n<\/li>\n<li>\n<p class=\"western\">Le projet de mise en place des LC<\/p>\n<\/li>\n<li>\n<p class=\"western\">Perspectives pour la profession<\/p>\n<\/li>\n<\/ul>\n<\/li>\n<\/ul>\n<p class=\"western\">Vous trouverez quelques exemples de r\u00e9alisations en cliquant sur les liens suivants\u00a0:<\/p>\n<ul>\n<li>\n<p class=\"western\">Rolex Learning Center de Lausanne\u00a0: <span style=\"color: #000080;\"><span lang=\"zxx\"><u><a href=\"http:\/\/www.rolexlearningcenter.ch\/the_building\/image_gallery\/\" target=\"_blank\" rel=\"noopener noreferrer\">http:\/\/www.rolexlearningcenter.ch\/the_building\/image_gallery\/ <\/a><\/u><\/span><\/span><\/p>\n<\/li>\n<li>\n<p class=\"western\">Sheffield Information Commons\u00a0: <span style=\"color: #000080;\"><span lang=\"zxx\"><u><a href=\"http:\/\/www.sheffield.ac.uk\/infocommons\" target=\"_blank\" rel=\"noopener noreferrer\">http:\/\/www.sheffield.ac.uk\/infocommons <\/a><\/u><\/span><\/span><\/p>\n<\/li>\n<li>\n<p class=\"western\">Universit\u00e9 Technique de Delft\u00a0: <span style=\"color: #000080;\"><span lang=\"zxx\"><u><a href=\"http:\/\/www.a-brest.net\/article7537.html\">http:\/\/www.a -brest.net\/article7537.html<\/a><\/u><\/span><\/span><\/p>\n<\/li>\n<li>\n<p class=\"western\">Glasgow Caledonian University\u00a0: <span style=\"color: #000080;\"><span lang=\"zxx\"><u><a href=\"http:\/\/www.gcu.ac.uk\/library\/about\/level0\/\" target=\"_blank\" rel=\"noopener noreferrer\">http:\/\/www.gcu.ac.uk\/library\/about\/level0\/ <\/a><\/u><\/span><\/span><\/p>\n<\/li>\n<\/ul>\n<p class=\"western\">\n","protected":false},"excerpt":{"rendered":"<p>Le diaporama ci -joint a \u00e9t\u00e9 \u00e9labor\u00e9 pour lancer la discussion sur le sujet lors de la deuxi\u00e8me r\u00e9union des documentalistes du bassin de Toulon. Il se pr\u00e9sente comme une synth\u00e8se des travaux et conf\u00e9rences men\u00e9s sur le th\u00e8me des learning centers (rapport de Suzanne Jouguelet, S\u00e9minaire de l&rsquo;ESEN du [&hellip;]<\/p>\n","protected":false},"author":237,"featured_media":0,"comment_status":"closed","ping_status":"closed","sticky":false,"template":"","format":"standard","meta":{"ngg_post_thumbnail":0,"footnotes":""},"categories":[61],"tags":[],"class_list":["post-1130","post","type-post","status-publish","format-standard","hentry","category-amenager-son-cdi"],"rttpg_featured_image_url":null,"rttpg_author":{"display_name":"docazur","author_link":"https:\/\/www.pedagogie.ac-nice.fr\/doc-azur\/author\/docazur\/"},"rttpg_comment":0,"rttpg_category":"<a href=\"https:\/\/www.pedagogie.ac-nice.fr\/doc-azur\/category\/amenager-son-cdi\/\" rel=\"category tag\">Am\u00e9nager son CDI<\/a>","rttpg_excerpt":"Le diaporama ci -joint a \u00e9t\u00e9 \u00e9labor\u00e9 pour lancer la discussion sur le sujet lors de la deuxi\u00e8me r\u00e9union des documentalistes du bassin de Toulon. Il se pr\u00e9sente comme une synth\u00e8se des travaux et conf\u00e9rences men\u00e9s sur le th\u00e8me des learning centers (rapport de Suzanne Jouguelet, S\u00e9minaire de l&rsquo;ESEN du [&hellip;]","post_mailing_queue_ids":[],"_links":{"self":[{"href":"https:\/\/www.pedagogie.ac-nice.fr\/doc-azur\/wp-json\/wp\/v2\/posts\/1130","targetHints":{"allow":["GET"]}}],"collection":[{"href":"https:\/\/www.pedagogie.ac-nice.fr\/doc-azur\/wp-json\/wp\/v2\/posts"}],"about":[{"href":"https:\/\/www.pedagogie.ac-nice.fr\/doc-azur\/wp-json\/wp\/v2\/types\/post"}],"author":[{"embeddable":true,"href":"https:\/\/www.pedagogie.ac-nice.fr\/doc-azur\/wp-json\/wp\/v2\/users\/237"}],"replies":[{"embeddable":true,"href":"https:\/\/www.pedagogie.ac-nice.fr\/doc-azur\/wp-json\/wp\/v2\/comments?post=1130"}],"version-history":[{"count":1,"href":"https:\/\/www.pedagogie.ac-nice.fr\/doc-azur\/wp-json\/wp\/v2\/posts\/1130\/revisions"}],"predecessor-version":[{"id":1131,"href":"https:\/\/www.pedagogie.ac-nice.fr\/doc-azur\/wp-json\/wp\/v2\/posts\/1130\/revisions\/1131"}],"wp:attachment":[{"href":"https:\/\/www.pedagogie.ac-nice.fr\/doc-azur\/wp-json\/wp\/v2\/media?parent=1130"}],"wp:term":[{"taxonomy":"category","embeddable":true,"href":"https:\/\/www.pedagogie.ac-nice.fr\/doc-azur\/wp-json\/wp\/v2\/categories?post=1130"},{"taxonomy":"post_tag","embeddable":true,"href":"https:\/\/www.pedagogie.ac-nice.fr\/doc-azur\/wp-json\/wp\/v2\/tags?post=1130"}],"curies":[{"name":"wp","href":"https:\/\/api.w.org\/{rel}","templated":true}]}}