{"id":1208,"date":"2020-07-27T09:53:59","date_gmt":"2020-07-27T07:53:59","guid":{"rendered":"http:\/\/www.pedagogie.ac-nice.fr\/doc-azur\/?p=1208"},"modified":"2020-07-27T09:53:59","modified_gmt":"2020-07-27T07:53:59","slug":"panorama-des-differentes-ressources-numeriques-pedagogiques","status":"publish","type":"post","link":"https:\/\/www.pedagogie.ac-nice.fr\/doc-azur\/2020\/07\/27\/panorama-des-differentes-ressources-numeriques-pedagogiques\/","title":{"rendered":"Panorama des diff\u00e9rentes ressources num\u00e9riques p\u00e9dagogiques"},"content":{"rendered":"<div>Enseignant en lyc\u00e9e professionnel (Toulon), j&rsquo;informe de mani\u00e8re hebdomadaire et par mail mes coll\u00e8gues <strong>concernant les diff\u00e9rentes ressources p\u00e9dagogiques num\u00e9riques qui existent.<\/strong> Mais il y en a beaucoup (et de plus en plus), ce qui m&rsquo;a incit\u00e9 \u00e0 faire un catalogue que j&rsquo;aimerais partager avec vous.<\/div>\n<div>Pour ce faire, je me suis inspir\u00e9 d&rsquo;un travail, sous forme de carte heuristique, effectu\u00e9 sur ce m\u00eame sujet dans le cadre des TrAamdoc 2014\/2015 (<a href=\"https:\/\/www.mindomo.com\/fr\/mindmap\/f9ef34fd9d6c41d2b5388be71c1f2b2e\">A retrouver sur ce lien<\/a>).<\/div>\n<div><\/div>\n<div>J&rsquo;ai adapt\u00e9 cette id\u00e9e pour mon lyc\u00e9e professionnel, en privil\u00e9giant la qualit\u00e9 des ressources propos\u00e9es \u00e0 la quantit\u00e9.<\/div>\n<div>A cot\u00e9 de chaque ressources, vous retrouverez une note descriptive ainsi que le lien pour acc\u00e9der au site.<\/div>\n<div><strong>Bien entendu, la carte n&rsquo;est pas finie et je cherche \u00e0 l&rsquo;enrichir<\/strong>. Si vous avez des suggestions, n&rsquo;h\u00e9sitez pas \u00e0 me contacter ou \u00e0 me proposer vos travaux !<\/div>\n<div><\/div>\n<div>Je mets en PJ un doc Word d\u00e9crivant de mani\u00e8re simplifi\u00e9e chaque ressource (ou presque). La carte disponible via <a href=\"https:\/\/www.mindomo.com\/mindmap\/ressources -tice -au -lyce -professionnel -claret -e2212211c73542dc8c783f57012e7634\">ce lien <\/a><\/div>\n<div><\/div>\n<div>\n<p><strong><a href=\"https:\/\/www.pedagogie.ac-nice.fr\/doc-azur\/wp-content\/uploads\/sites\/40\/2020\/07\/ressources_numerique_claret-2.docx\">ressources_numerique_claret-2<\/a><\/strong><\/p>\n<p>Auteur : Laurent Dulout<\/p>\n<\/div>\n","protected":false},"excerpt":{"rendered":"<p>Enseignant en lyc\u00e9e professionnel (Toulon), j&rsquo;informe de mani\u00e8re hebdomadaire et par mail mes coll\u00e8gues concernant les diff\u00e9rentes ressources p\u00e9dagogiques num\u00e9riques qui existent. Mais il y en a beaucoup (et de plus en plus), ce qui m&rsquo;a incit\u00e9 \u00e0 faire un catalogue que j&rsquo;aimerais partager avec vous. Pour ce faire, je [&hellip;]<\/p>\n","protected":false},"author":237,"featured_media":0,"comment_status":"closed","ping_status":"closed","sticky":false,"template":"","format":"standard","meta":{"ngg_post_thumbnail":0,"footnotes":""},"categories":[66,63],"tags":[],"class_list":["post-1208","post","type-post","status-publish","format-standard","hentry","category-catalogage","category-fonds-documentaire"],"rttpg_featured_image_url":null,"rttpg_author":{"display_name":"docazur","author_link":"https:\/\/www.pedagogie.ac-nice.fr\/doc-azur\/author\/docazur\/"},"rttpg_comment":0,"rttpg_category":"<a href=\"https:\/\/www.pedagogie.ac-nice.fr\/doc-azur\/category\/catalogage\/\" rel=\"category tag\">Catalogage<\/a> <a href=\"https:\/\/www.pedagogie.ac-nice.fr\/doc-azur\/category\/fonds-documentaire\/\" rel=\"category tag\">Fonds documentaire<\/a>","rttpg_excerpt":"Enseignant en lyc\u00e9e professionnel (Toulon), j&rsquo;informe de mani\u00e8re hebdomadaire et par mail mes coll\u00e8gues concernant les diff\u00e9rentes ressources p\u00e9dagogiques num\u00e9riques qui existent. Mais il y en a beaucoup (et de plus en plus), ce qui m&rsquo;a incit\u00e9 \u00e0 faire un catalogue que j&rsquo;aimerais partager avec vous. Pour ce faire, je [&hellip;]","post_mailing_queue_ids":[],"_links":{"self":[{"href":"https:\/\/www.pedagogie.ac-nice.fr\/doc-azur\/wp-json\/wp\/v2\/posts\/1208","targetHints":{"allow":["GET"]}}],"collection":[{"href":"https:\/\/www.pedagogie.ac-nice.fr\/doc-azur\/wp-json\/wp\/v2\/posts"}],"about":[{"href":"https:\/\/www.pedagogie.ac-nice.fr\/doc-azur\/wp-json\/wp\/v2\/types\/post"}],"author":[{"embeddable":true,"href":"https:\/\/www.pedagogie.ac-nice.fr\/doc-azur\/wp-json\/wp\/v2\/users\/237"}],"replies":[{"embeddable":true,"href":"https:\/\/www.pedagogie.ac-nice.fr\/doc-azur\/wp-json\/wp\/v2\/comments?post=1208"}],"version-history":[{"count":1,"href":"https:\/\/www.pedagogie.ac-nice.fr\/doc-azur\/wp-json\/wp\/v2\/posts\/1208\/revisions"}],"predecessor-version":[{"id":1210,"href":"https:\/\/www.pedagogie.ac-nice.fr\/doc-azur\/wp-json\/wp\/v2\/posts\/1208\/revisions\/1210"}],"wp:attachment":[{"href":"https:\/\/www.pedagogie.ac-nice.fr\/doc-azur\/wp-json\/wp\/v2\/media?parent=1208"}],"wp:term":[{"taxonomy":"category","embeddable":true,"href":"https:\/\/www.pedagogie.ac-nice.fr\/doc-azur\/wp-json\/wp\/v2\/categories?post=1208"},{"taxonomy":"post_tag","embeddable":true,"href":"https:\/\/www.pedagogie.ac-nice.fr\/doc-azur\/wp-json\/wp\/v2\/tags?post=1208"}],"curies":[{"name":"wp","href":"https:\/\/api.w.org\/{rel}","templated":true}]}}