{"id":1315,"date":"2020-07-28T11:24:29","date_gmt":"2020-07-28T09:24:29","guid":{"rendered":"http:\/\/www.pedagogie.ac-nice.fr\/doc-azur\/?p=1315"},"modified":"2020-07-28T11:27:05","modified_gmt":"2020-07-28T09:27:05","slug":"traam-documentation-2015-2016-projet-multimediatique-et-transmediatique-autour-de-lectures-de-fictions","status":"publish","type":"post","link":"https:\/\/www.pedagogie.ac-nice.fr\/doc-azur\/2020\/07\/28\/traam-documentation-2015-2016-projet-multimediatique-et-transmediatique-autour-de-lectures-de-fictions\/","title":{"rendered":"TRAAM Documentation 2015-2016 : Projet multim\u00e9diatique et transm\u00e9diatique autour de lectures de fictions"},"content":{"rendered":"<div><img loading=\"lazy\" decoding=\"async\" class=\"alignnone size-full wp-image-172\" src=\"https:\/\/www.pedagogie.ac-nice.fr\/doc-azur\/wp-content\/uploads\/sites\/40\/2020\/07\/traam.jpg\" alt=\"\" width=\"192\" height=\"74\" \/><\/div>\n<div style=\"text-align: justify;\">Ce projet a \u00e9t\u00e9 men\u00e9 au sein des acad\u00e9mies par Marion Carbillet (Toulouse), C\u00e9cile Chabassier, Magalie Lesince et Marie Cure Bousquet (Limoges), Ga\u00eblle Le Pen (Reims), Christelle Lehec, Marion Allo Aubin (Rouen), G\u00e9raldine Mocquais, Caroline Soubic (Nice) en partenariat avec les professeurs du Canop\u00e9 de Toulon et Nice (Philippe Colinot, Dominic Di Rosa et Sophie Sicard).<\/div>\n<div style=\"text-align: justify;\"><\/div>\n<div style=\"text-align: center;\"><img loading=\"lazy\" decoding=\"async\" class=\"size-full wp-image-1316 alignleft\" src=\"https:\/\/www.pedagogie.ac-nice.fr\/doc-azur\/wp-content\/uploads\/sites\/40\/2020\/07\/transmedia1.jpg\" alt=\"\" width=\"577\" height=\"513\" srcset=\"https:\/\/www.pedagogie.ac-nice.fr\/doc-azur\/wp-content\/uploads\/sites\/40\/2020\/07\/transmedia1.jpg 577w, https:\/\/www.pedagogie.ac-nice.fr\/doc-azur\/wp-content\/uploads\/sites\/40\/2020\/07\/transmedia1-300x267.jpg 300w\" sizes=\"auto, (max-width: 577px) 100vw, 577px\" \/><\/div>\n<div><img loading=\"lazy\" decoding=\"async\" class=\"alignnone size-full wp-image-1317\" src=\"https:\/\/www.pedagogie.ac-nice.fr\/doc-azur\/wp-content\/uploads\/sites\/40\/2020\/07\/transmedia2.jpg\" alt=\"\" width=\"579\" height=\"516\" srcset=\"https:\/\/www.pedagogie.ac-nice.fr\/doc-azur\/wp-content\/uploads\/sites\/40\/2020\/07\/transmedia2.jpg 579w, https:\/\/www.pedagogie.ac-nice.fr\/doc-azur\/wp-content\/uploads\/sites\/40\/2020\/07\/transmedia2-300x267.jpg 300w\" sizes=\"auto, (max-width: 579px) 100vw, 579px\" \/><\/div>\n<div style=\"text-align: justify;\"><\/div>\n<div style=\"text-align: justify;\"><\/div>\n<div style=\"text-align: justify;\">Avec la num\u00e9risation documentaire, le document a perdu la stabilit\u00e9 et l&rsquo;unit\u00e9 qui le caract\u00e9risait. Aujourd&rsquo;hui, un document mis en ligne peut \u00eatre r\u00e9agenc\u00e9 de multiples fa\u00e7ons : comment\u00e9, coup\u00e9 en extraits (cit\u00e9, r\u00e9f\u00e9renc\u00e9), tagu\u00e9, il est aussi parfois republi\u00e9 sur de nouvelles plateformes ou transform\u00e9 avec d&rsquo;autres m\u00e9dias.<\/div>\n<div style=\"text-align: justify;\">Par leurs pratiques non formelles, les \u00e9l\u00e8ves participent \u00e0 cette diffusion documentaire parfois transm\u00e9diatique (passage d&rsquo;un m\u00e9dia \u00e0 l&rsquo;autre), en commentant, recommentant, cr\u00e9ant de nouveaux documents \u00e0 partir de ceux qu&rsquo;ils lisent, visualisent, \u00e9coutent. Pour autant, nos \u00e9l\u00e8ves n&rsquo;ont pas n\u00e9cessairement une vision claire et consciente de cette instabilit\u00e9 documentaire. Ils peuvent avoir du mal \u00e0 distinguer un document de ses commentaires, un extrait du contenu initial, une recommandation d&rsquo;une premi\u00e8re publication, etc.<\/div>\n<div style=\"text-align: justify;\">Aussi, il nous semble pertinent de travailler avec les \u00e9l\u00e8ves, \u00e0 partir d&rsquo;un document \u00e0 la structure relativement stable, le livre de fiction, sur les transformations documentaires possibles. Amener nos \u00e9l\u00e8ves \u00e0 cr\u00e9er des documents vari\u00e9s \u00e0 partir d&rsquo;une m\u00eame lecture nous semble une entr\u00e9e p\u00e9dagogique forte. Elle permet de comprendre le ph\u00e9nom\u00e8ne de documentarisation (et redocumentarisation) constante de nos activit\u00e9s, nos opinions, nos identit\u00e9s, tout en gardant en t\u00eate l&rsquo;unit\u00e9 documentaire de r\u00e9f\u00e9rence : le livre lu.<\/div>\n<div style=\"text-align: justify;\">Cela nous semble aussi une activit\u00e9 int\u00e9ressante car elle prend appui sur des pratiques non formelles, sur l&rsquo;expression de go\u00fbts personnels, la cr\u00e9ativit\u00e9 et s&rsquo;inscrit dans des r\u00e9seaux d&rsquo;\u00e9changes et de mise en valeur des productions. Ces projets nous semblent potentiellement porteurs d&rsquo;une forte motivation.<\/div>\n<div style=\"text-align: justify;\"><\/div>\n<div style=\"text-align: justify;\">Notre probl\u00e9matique commune, interacad\u00e9mique, \u00e9tait :<\/div>\n<div style=\"text-align: justify;\"><\/div>\n<ul>\n<li style=\"text-align: justify;\"><strong>A partir d&rsquo;un m\u00eame livre imprim\u00e9, quelles diverses formes de productions m\u00e9diatiques peut -on envisager ? <\/strong><\/li>\n<li style=\"text-align: justify;\"><strong>Comment se compl\u00e8tent -elles ? Comment se diff\u00e9rencient -elles ? <\/strong><\/li>\n<li style=\"text-align: justify;\"><strong>Comment se r\u00e9pondent -elles ?<\/strong><\/li>\n<\/ul>\n<div style=\"text-align: justify;\"><\/div>\n<div style=\"text-align: justify;\">Les productions interacad\u00e9miques r\u00e9alis\u00e9es par les \u00e9l\u00e8ves ont \u00e9t\u00e9 rassembl\u00e9es sur un padlet. (<a href=\"https:\/\/padlet.com\/cdicollegej\/traamdoc\" target=\"_blank\" rel=\"noopener noreferrer\">lien vers le mur collaboratif<\/a>)<\/div>\n<div style=\"text-align: justify;\">Elles seront ensuite r\u00e9parties par livre, de mani\u00e8re \u00e0 pouvoir apposer un QRCode sur les livres. Cette t\u00e2che permettra de visualiser concr\u00e8tement l&rsquo;activit\u00e9 sociale de \u00ab\u00a0redocumentarisation\u00a0\u00bb.<\/div>\n<div style=\"text-align: justify;\"><\/div>\n<div style=\"text-align: justify;\">Pour chaque type de production, une grille de questionnement commune \u00e9tait propos\u00e9e :<\/div>\n<div style=\"text-align: justify;\"><\/div>\n<ul>\n<li style=\"text-align: justify;\">Quelle est le type d&rsquo;information ? Documentaire, communicationnelle ou promotionnelle, subjective, \u00e9motionnelle, appropriation personnelle par une nouvelle cr\u00e9ation ?<\/li>\n<li style=\"text-align: justify;\">Est -ce une forme d&rsquo;\u00e9criture traditionnelle ou nouvelle ? S&rsquo;il s&rsquo;agit d&rsquo;une forme traditionnelle, y -a -t -il eu une transformation de cette forme ? Est -ce une forme n\u00e9e avec le num\u00e9rique ?<\/li>\n<li style=\"text-align: justify;\">Est -ce que cette production s&rsquo;appuie sur un usage social ? des pratiques non formelles ?<\/li>\n<li style=\"text-align: justify;\">Y -a -t -il eu un apprentissage autour d&rsquo;un media sp\u00e9cifique ?<\/li>\n<li style=\"text-align: justify;\">Y -a -t -il eu un r\u00e9agencement (citation, r\u00e9f\u00e9rence, utilisation d&rsquo;extraits), d&rsquo;autres productions, mashup &#8230; ?<\/li>\n<li style=\"text-align: justify;\">Quels apprentissages en \u00ab\u00a0\u00e9criture m\u00e9diatique\u00a0\u00bb d\u00e9veloppe -t -on ?<\/li>\n<li style=\"text-align: justify;\">Cette grille est disponible en t\u00e9l\u00e9chargement sur le site de l&rsquo;Acad\u00e9mie de Toulouse. (<a href=\"http:\/\/docs.ac -toulouse.fr\/wp\/wp -content\/uploads\/2016\/06\/Recommander -une -lecture -tableau -traam.docx\" target=\"_blank\" rel=\"noopener noreferrer\">accessible ici<\/a>)<\/li>\n<\/ul>\n<div><\/div>\n<div style=\"text-align: justify;\"><strong>Le projet sur l&rsquo;Acad\u00e9mie de Nice : <\/strong><\/div>\n<div style=\"text-align: justify;\"><\/div>\n<div style=\"text-align: justify;\">Nous avons travaill\u00e9 avec des classes de 6e et de 3e autour du d\u00e9fi babelio. Les \u00e9l\u00e8ves ont publi\u00e9 sur babelio des critiques litt\u00e9raires (6e 3e), ont partag\u00e9 sur des murs collaboratifs des nuages de mots cl\u00e9s (6e 3e), des infographies (6e 3e), des bandes dessin\u00e9es num\u00e9riques (3e), des booktrailers (h\u00e9berg\u00e9s sur YouTube avec cr\u00e9ation de playlists) (6e 3e) des productions journalistiques (6e) (pour ces derni\u00e8res, les publications sont \u00e0 venir). Ils ont \u00e9galement cr\u00e9\u00e9 des quiz sur le r\u00e9seau social Babelio (6e 3e).<\/div>\n<div style=\"text-align: justify;\">Pour les classes de 3e, les productions ont \u00e9t\u00e9 valoris\u00e9es sur le r\u00e9seau social Twitter.<\/div>\n<div style=\"text-align: justify;\"><\/div>\n<div style=\"text-align: justify;\">6 classes de 6e \u00e9taient concern\u00e9es par le projet, 4 classes au Coll\u00e8ge Sydney B\u00e9chet dans le cadre de l&rsquo;AP Fran\u00e7ais, et 2 classes de 6e au coll\u00e8ge Wallon, dans le cadre du cours de fran\u00e7ais.<\/div>\n<div style=\"text-align: justify;\">2 classes de 3e \u00e9taient concern\u00e9es par le projet au coll\u00e8ge Wallon.<\/div>\n<div style=\"text-align: justify;\"><\/div>\n<div style=\"text-align: justify;\"><strong>Les objectifs vis\u00e9s par ce projet \u00e9taient les suivants : <\/strong><\/div>\n<ul>\n<li style=\"text-align: justify;\">Savoir utiliser les outils de r\u00e9seautages sociaux tout en comprenant les enjeux de l&rsquo;\u00e9criture num\u00e9rique (identit\u00e9 et tra\u00e7abilit\u00e9 num\u00e9riques, notion de sph\u00e8re publique et priv\u00e9e)<\/li>\n<li style=\"text-align: justify;\">Capacit\u00e9 \u00e0 avoir une lecture critique et distanci\u00e9e, \u00e0 produire de l&rsquo;information (auteur), \u00e0 publier de l&rsquo;information en respectant les codes de la propri\u00e9t\u00e9 intellectuelle, et d\u00e9velopper des litt\u00e9raties num\u00e9riques.<\/li>\n<\/ul>\n<div style=\"text-align: justify;\"><\/div>\n<div style=\"text-align: justify;\"><strong>L&rsquo;\u00e9criture de critiques et citations sur le r\u00e9seau social litt\u00e9raire <\/strong>Babelio a permis aux \u00e9l\u00e8ves de d\u00e9velopper leur capacit\u00e9 \u00e0 argumenter, analyser. Le num\u00e9rique a introduit de nouvelles formes de prescription partag\u00e9es par une communaut\u00e9, en introduisant \u00e9galement la notion de recommandation, et en travaillant sur les commentaires bienveillants indispensables lors de l&rsquo;utilisation d&rsquo;un r\u00e9seau social. Cette \u00e9criture a \u00e9galement permis de faire la distinction entre un contenu initial, son commentaire, la recommandation d&rsquo;une premi\u00e8re publication. Ces notions ont petit \u00e0 petit \u00e9t\u00e9 prises en compte par les \u00e9l\u00e8ves, par une utilisation r\u00e9guli\u00e8re tout au long de l&rsquo;ann\u00e9e scolaire du r\u00e9seau social.<\/div>\n<div style=\"text-align: justify;\"><\/div>\n<div style=\"text-align: justify;\"><strong>L&rsquo;instadefibabelio, jeu de devinettes \u00e0 partir de photo -montages autour des livres du d\u00e9fi<\/strong>, a permis de travailler avec les \u00e9l\u00e8ves autour des images circulant sur les r\u00e9seaux sociaux (notamment Snapchat et instagram), le droit \u00e0 l&rsquo;image, mais \u00e9galement les commentaires laiss\u00e9s sur les r\u00e9seaux suite \u00e0 la diffusion de ces photographies ou vid\u00e9os. L&rsquo;utilisation et le r\u00f4le des hashtags a \u00e9t\u00e9 \u00e9galement mis en \u00e9vidence, pour inciter les \u00e9l\u00e8ves \u00e0 avoir une pratique raisonn\u00e9e des r\u00e9seaux sociaux. Ces notions ont \u00e9t\u00e9 \u00e9galement abord\u00e9es lors de l&rsquo;utilisation de Twitter.<\/div>\n<div style=\"text-align: justify;\"><\/div>\n<div style=\"text-align: justify;\"><strong>Les nuages de mots -cl\u00e9s cr\u00e9\u00e9s autour des livres de fiction<\/strong> (avec Tagul) ont permis aux \u00e9l\u00e8ves d&rsquo;aborder la notion de tags, d&rsquo;\u00eatre capable de souligner l&rsquo;essentiel d&rsquo;un ouvrage en d\u00e9gageant des mots cl\u00e9s, et comprendre le fonctionnement des bases de donn\u00e9s documentaires.<\/div>\n<div style=\"text-align: justify;\">Ces nuages de mots -cl\u00e9s ont \u00e9t\u00e9 repris pour certains dans les infographies qui ont \u00e9t\u00e9 cr\u00e9\u00e9es autour des livres de fiction.<\/div>\n<div style=\"text-align: justify;\"><a href=\"https:\/\/padlet.com\/walloncdi\/tagslesreaderswallon34\" target=\"_blank\" rel=\"noopener noreferrer\">Lien vers le <\/a><a href=\"http:\/\/padlet.com\/walloncdi\/tagslesreaderswallon34\" target=\"_blank\" rel=\"noopener noreferrer\">padlet<\/a><a href=\"http:\/\/padlet.com\/walloncdi\/tagslesreaderswallon34\" target=\"_blank\" rel=\"noopener noreferrer\"> des 3e<\/a><\/div>\n<div style=\"text-align: justify;\"><a href=\"https:\/\/padlet.com\/walloncdi\/tagslaseynesurlivre\" target=\"_blank\" rel=\"noopener noreferrer\">Lien vers le padlet des 6e<\/a><\/div>\n<div style=\"text-align: justify;\"><\/div>\n<div style=\"text-align: justify;\"><strong>L&rsquo;\u00e9criture infographique (avec Piktochart)<\/strong> a permis d&rsquo;\u00e9tudier la place qu&rsquo;occupe actuellement l&rsquo;infographie dans le monde m\u00e9diatique, a permis d&rsquo;introduire la notion de design informationnel. Elle a conduit les \u00e9l\u00e8ves \u00e0 reprendre certaines critiques qui avaient \u00e9t\u00e9 initialement publi\u00e9es sur Babelio, ainsi que les citations, en traduisant les id\u00e9es en pictogrammes, symboles. Le travail de groupe a permis une confrontation des id\u00e9es, des \u00e9changes porteurs autour des livres lus, mais \u00e9galement autour de la mise en sc\u00e8ne de l&rsquo;information.<\/div>\n<div style=\"text-align: justify;\"><a href=\"https:\/\/padlet.com\/walloncdi\/infographieslesreaderswallon34\" target=\"_blank\" rel=\"noopener noreferrer\">Lien vers le <\/a><a href=\"http:\/\/padlet.com\/walloncdi\/infographieslesreaderswallon34\" target=\"_blank\" rel=\"noopener noreferrer\">padlet<\/a><a href=\"http:\/\/padlet.com\/walloncdi\/infographieslesreaderswallon34\" target=\"_blank\" rel=\"noopener noreferrer\"> des 3e<\/a><\/div>\n<div style=\"text-align: justify;\"><a href=\"https:\/\/padlet.com\/walloncdi\/infographieslaseynesurlivre\" target=\"_blank\" rel=\"noopener noreferrer\">Lien vers le padlet des 6e<\/a><\/div>\n<div style=\"text-align: justify;\"><\/div>\n<div style=\"text-align: justify;\">Enfin, nous nous sommes int\u00e9ress\u00e9s aux <strong>booktubeurs<\/strong>. Nous avions l&rsquo;ambition de r\u00e9aliser quelques publications de type booktubeurs \u00e0 partir des critiques publi\u00e9es. Nous avons donc \u00e9tudi\u00e9 les techniques utilis\u00e9es par les booktubeurs.<\/div>\n<div style=\"text-align: justify;\">Pour l&rsquo;occasion, nous avons rassembl\u00e9 sur un pearltree les cha\u00eenes des booktubeurs. (<a href=\"http:\/\/www.pearltrees.com\/t\/lecture -ecriture -numerique\/les -chaines -booktubeurs\/id15967445\" target=\"_blank\" rel=\"noopener noreferrer\">\u00e0 voir ici<\/a>)<\/div>\n<div style=\"text-align: justify;\">Cependant, lorsque les \u00e9l\u00e8ves se sont retrouv\u00e9s seuls ou \u00e0 deux, face \u00e0 la cam\u00e9ra, ils n&rsquo;ont pas r\u00e9ussi \u00e0 produire. Nous avons donc d\u00e9cid\u00e9 de repartir sur la cr\u00e9ation de <strong>booktrailers<\/strong>. Les \u00e9l\u00e8ves se sont rapidement mis en sc\u00e8ne, ils ont travaill\u00e9 en groupe (ce qui diff\u00e9rait de la production booktubeur), en r\u00e9digeant au pr\u00e9alable la construction et l&rsquo;\u00e9criture cin\u00e9matographique.<\/div>\n<div style=\"text-align: justify;\">Nous avons ensuite travaill\u00e9 sur la publication sur la plateforme YouTube. Nous avons rencontr\u00e9 quelques difficult\u00e9s quant \u00e0 la publication de certains booktrailers, car la cha\u00eene bloquait certaines bandes annonces cr\u00e9\u00e9es sur iMovie.<\/div>\n<div style=\"text-align: justify;\"><a href=\"https:\/\/www.youtube.com\/playlist?list=PLDQbAXzyrkUjbO6bEpKVPn9v48smT5iw0\" target=\"_blank\" rel=\"noopener noreferrer\">Lien vers la playlist sur YouTube<\/a><\/div>\n<div style=\"text-align: justify;\"><\/div>\n<div style=\"text-align: justify;\">En ce qui concerne l&rsquo;<strong>\u00e9criture journalistique<\/strong>, nous avons voulu mettre en forme avec Tellagami les rencontres auteurs qui ont jalonn\u00e9 cette ann\u00e9e scolaire autour des D\u00e9fis Babelio. Cette \u00e9criture permet de reprendre toutes les productions m\u00e9diatiques vues tout au long de l&rsquo;ann\u00e9e et d&rsquo;en faire une synth\u00e8se.<\/div>\n<div style=\"text-align: justify;\">Les \u00e9l\u00e8ves du Lyc\u00e9e Bonaparte (professeur documentaliste Mme Gebelin et professeur de lettres Mme David) ont cr\u00e9\u00e9 un Madmagz autour des productions du d\u00e9fi babelio (<a href=\"https:\/\/madmagz.com\/fr\/magazine\/803655#\/page\/34\" target=\"_blank\" rel=\"noopener noreferrer\">\u00e0 voir ici<\/a>).<\/div>\n<div><\/div>\n<div><\/div>\n<div>Les productions cr\u00e9\u00e9es autour de ce projet sont visibles <a href=\"http:\/\/0830180v.esidoc.fr\/rubrique\/view\/id\/95\" target=\"_blank\" rel=\"noopener noreferrer\">ici<\/a>.<\/div>\n<div><\/div>\n<div>Ce projet, avec un accent mis sur le D\u00e9fi Babelio, a fait l&rsquo;objet d&rsquo;une pr\u00e9sentation \u00e0 Ecritech et aux rencontres de l&rsquo;Orme. Voici le prezi cr\u00e9\u00e9 pour ces \u00e9v\u00e9nements :<\/div>\n<div><\/div>\n<div><\/div>\n<div><iframe loading=\"lazy\" id=\"iframe_container\" src=\"https:\/\/prezi.com\/embed\/ajcthiczz_mr\/?bgcolor=ffffff&amp;lock_to_path=0&amp;autoplay=0&amp;autohide_ctrls=0&amp;landing_data=bHVZZmNaNDBIWnNjdEVENDRhZDFNZGNIUE43MHdLNWpsdFJLb2ZHanI5eXBpUHFyZFQzU2lWdVJsampXOUdNUGNRPT0&amp;landing_sign=ZPsuppNYyvl04cSWIU9hCASMQ3PuVtyH9rzNx -q3ENY\" width=\"550\" height=\"400\" frameborder=\"0\" allowfullscreen=\"allowfullscreen\"><\/iframe><\/div>\n<div>\n<div><\/div>\n<\/div>\n<div><\/div>\n<div>A voir \u00e9galement, les articles des Acad\u00e9mies de Toulouse et Limoges :<\/div>\n<div>Acad\u00e9mie de Toulouse : <a href=\"http:\/\/docs.ac -toulouse.fr\/wp\/?p=5382\" target=\"_blank\" rel=\"noopener noreferrer\">Recommander une lecture<\/a><\/div>\n<div>Acad\u00e9mie de Limoges : <a href=\"http:\/\/pedagogie.ac -limoges.fr\/doc\/spip.php?article1349\" target=\"_blank\" rel=\"noopener noreferrer\">Recommander une lecture : des booktubeurs au coll\u00e8ge<\/a><\/div>\n<div>Acad\u00e9mie de Rouen : <a href=\"http:\/\/documentation.spip.ac -rouen.fr\/spip.php?article841\" target=\"_blank\" rel=\"noopener noreferrer\">Des Booktubes en club lecture<\/a><\/div>\n<div>Acad\u00e9mie de Reims : <a href=\"https:\/\/pedagogie.ac -reims.fr\/index.php\/lycee\/arts -et -sc -humaines\/documentation -lycee\/765 -enseigner -documentation -lycee\/3709 -traam -2015 -2016 -synthese -des -travaux\" target=\"_blank\" rel=\"noopener noreferrer\">Projet multim\u00e9diatique et transm\u00e9diatique<\/a><\/div>\n<div><\/div>\n<div>Auteur : Caroline Soubic<\/div>\n","protected":false},"excerpt":{"rendered":"<p>Ce projet a \u00e9t\u00e9 men\u00e9 au sein des acad\u00e9mies par Marion Carbillet (Toulouse), C\u00e9cile Chabassier, Magalie Lesince et Marie Cure Bousquet (Limoges), Ga\u00eblle Le Pen (Reims), Christelle Lehec, Marion Allo Aubin (Rouen), G\u00e9raldine Mocquais, Caroline Soubic (Nice) en partenariat avec les professeurs du Canop\u00e9 de Toulon et Nice (Philippe Colinot, [&hellip;]<\/p>\n","protected":false},"author":237,"featured_media":0,"comment_status":"closed","ping_status":"closed","sticky":false,"template":"","format":"standard","meta":{"ngg_post_thumbnail":0,"footnotes":""},"categories":[23,8,9],"tags":[],"class_list":["post-1315","post","type-post","status-publish","format-standard","hentry","category-lecture","category-projets-pedagogiques","category-traam-documentation"],"rttpg_featured_image_url":null,"rttpg_author":{"display_name":"docazur","author_link":"https:\/\/www.pedagogie.ac-nice.fr\/doc-azur\/author\/docazur\/"},"rttpg_comment":0,"rttpg_category":"<a href=\"https:\/\/www.pedagogie.ac-nice.fr\/doc-azur\/category\/lecture\/\" rel=\"category tag\">Lecture<\/a> <a href=\"https:\/\/www.pedagogie.ac-nice.fr\/doc-azur\/category\/projets-pedagogiques\/\" rel=\"category tag\">Projets P\u00e9dagogiques<\/a> <a href=\"https:\/\/www.pedagogie.ac-nice.fr\/doc-azur\/category\/traam-documentation\/\" rel=\"category tag\">TraAM Documentation<\/a>","rttpg_excerpt":"Ce projet a \u00e9t\u00e9 men\u00e9 au sein des acad\u00e9mies par Marion Carbillet (Toulouse), C\u00e9cile Chabassier, Magalie Lesince et Marie Cure Bousquet (Limoges), Ga\u00eblle Le Pen (Reims), Christelle Lehec, Marion Allo Aubin (Rouen), G\u00e9raldine Mocquais, Caroline Soubic (Nice) en partenariat avec les professeurs du Canop\u00e9 de Toulon et Nice (Philippe Colinot, [&hellip;]","post_mailing_queue_ids":[],"_links":{"self":[{"href":"https:\/\/www.pedagogie.ac-nice.fr\/doc-azur\/wp-json\/wp\/v2\/posts\/1315","targetHints":{"allow":["GET"]}}],"collection":[{"href":"https:\/\/www.pedagogie.ac-nice.fr\/doc-azur\/wp-json\/wp\/v2\/posts"}],"about":[{"href":"https:\/\/www.pedagogie.ac-nice.fr\/doc-azur\/wp-json\/wp\/v2\/types\/post"}],"author":[{"embeddable":true,"href":"https:\/\/www.pedagogie.ac-nice.fr\/doc-azur\/wp-json\/wp\/v2\/users\/237"}],"replies":[{"embeddable":true,"href":"https:\/\/www.pedagogie.ac-nice.fr\/doc-azur\/wp-json\/wp\/v2\/comments?post=1315"}],"version-history":[{"count":3,"href":"https:\/\/www.pedagogie.ac-nice.fr\/doc-azur\/wp-json\/wp\/v2\/posts\/1315\/revisions"}],"predecessor-version":[{"id":1323,"href":"https:\/\/www.pedagogie.ac-nice.fr\/doc-azur\/wp-json\/wp\/v2\/posts\/1315\/revisions\/1323"}],"wp:attachment":[{"href":"https:\/\/www.pedagogie.ac-nice.fr\/doc-azur\/wp-json\/wp\/v2\/media?parent=1315"}],"wp:term":[{"taxonomy":"category","embeddable":true,"href":"https:\/\/www.pedagogie.ac-nice.fr\/doc-azur\/wp-json\/wp\/v2\/categories?post=1315"},{"taxonomy":"post_tag","embeddable":true,"href":"https:\/\/www.pedagogie.ac-nice.fr\/doc-azur\/wp-json\/wp\/v2\/tags?post=1315"}],"curies":[{"name":"wp","href":"https:\/\/api.w.org\/{rel}","templated":true}]}}