{"id":1324,"date":"2020-07-28T11:30:08","date_gmt":"2020-07-28T09:30:08","guid":{"rendered":"http:\/\/www.pedagogie.ac-nice.fr\/doc-azur\/?p=1324"},"modified":"2020-07-28T11:30:08","modified_gmt":"2020-07-28T09:30:08","slug":"la-lecture-cest-pas-dur-concours-lecture-du-bassin-de-hyeres","status":"publish","type":"post","link":"https:\/\/www.pedagogie.ac-nice.fr\/doc-azur\/2020\/07\/28\/la-lecture-cest-pas-dur-concours-lecture-du-bassin-de-hyeres\/","title":{"rendered":"\u00ab\u00a0La lecture, c&rsquo;est pas dur ! \u00a0\u00bb : Concours lecture du bassin de Hy\u00e8res"},"content":{"rendered":"<div>\n<p style=\"text-align: center;\"><u><strong>Projet lecture du bassin de Hy\u00e8res<\/strong><\/u><br \/>\n<strong>Ann\u00e9e scolaire 2013 -2014<\/strong><\/p>\n<div style=\"text-align: justify;\"><strong>* <\/strong><u><strong>Origine du projet :<\/strong><\/u><\/div>\n<div style=\"text-align: justify;\">Il est apparu lors d&rsquo;une r\u00e9union que presque tous les documentalistes participaient \u00e0 divers projets lecture, que ce soit en interne dans leur \u00e9tablissement ou avec d\u00e9j\u00e0 un ou plusieurs coll\u00e8gues du bassin. Il a donc sembl\u00e9 int\u00e9ressant de d\u00e9velopper un projet plus global au niveau du bassin et qui permettrait de faire travailler conjointement coll\u00e8ges et lyc\u00e9es.<\/div>\n<p><strong>* <\/strong><u><strong>Objectifs :<\/strong><\/u><br \/>\n&#8211; Faire d\u00e9couvrir au plus grand nombre la litt\u00e9rature de jeunesse et amener les jeunes \u00e0 la lecture plaisir.<br \/>\n&#8211; Assurer une liaison coll\u00e8ge\/lyc\u00e9e en organisant des rencontres avec les diff\u00e9rentes classes inscrites au projet.<br \/>\n&#8211; Ouvrir sur l&rsquo;ext\u00e9rieur et travailler avec des partenaires culturels de proximit\u00e9 (m\u00e9diath\u00e8ques, librairies).<br \/>\n&#8211; D\u00e9couvrir les m\u00e9tiers du livre : auteur, biblioth\u00e9caire, libraire &#8230;<br \/>\n&#8211; D\u00e9velopper le sens de la cr\u00e9ation et de la culture artistique de l&rsquo;\u00e9l\u00e8ve.<br \/>\n&#8211; Prendre en compte des notions telles que l&rsquo;\u00e9change, la diff\u00e9rence et la solidarit\u00e9.<br \/>\n&#8211; Travailler sur les genres et les mouvements litt\u00e9raires ; les replacer dans un contexte historique.<br \/>\n&#8211; Pour les \u00e9l\u00e8ves de seconde plus particuli\u00e8rement : les valoriser en leur attribuant des responsabilit\u00e9s dans le cadre d&rsquo;un jury de concours, les pr\u00e9parer \u00e0 leurs futurs oraux du baccalaur\u00e9at en les mettant en situation d&rsquo;examinateur.<\/p>\n<div><strong>* <\/strong><u><strong>D\u00e9roulement :<\/strong><\/u><br \/>\n&#8211; S\u00e9lection des livres par les documentalistes au cours de la derni\u00e8re r\u00e9union de bassin (Roman, BD, Th\u00e9\u00e2tre, Conte, Po\u00e9sie&#8230;.)<\/div>\n<p>&#8211; Rentr\u00e9e 2013 : achat des livres.<\/p>\n<div>&#8211; Lecture dans chaque \u00e9tablissement.<br \/>\nDans le cadre de l&rsquo;enseignement d&rsquo;exploration \u00ab Litt\u00e9rature et Soci\u00e9t\u00e9 \u00bb (une s\u00e9quence de 5 s\u00e9ances d&rsquo;1h30), les secondes r\u00e9alisent des jeux, exercices, travaux pour leurs camarades de 6\u00e8me\/5\u00e8me \u00e0 partir de ces ouvrages. Les \u00e9changes se font par mails et par l&rsquo;interm\u00e9diaire d&rsquo;un blog cr\u00e9\u00e9 dans cet objectif, consultable \u00e0 l&rsquo;adresse suivante :<br \/>\n<a class=\"spip_url spip_out auto\" href=\"http:\/\/philippe.longhi.free.fr\/blog\/\" rel=\"nofollow external\">http:\/\/philippe.longhi.free.fr\/blog\/<\/a><\/div>\n<p>Il leur sera \u00e9galement demand\u00e9 de travailler sur les genres et les mouvements litt\u00e9raires, de les replacer dans un contexte historique.<\/p>\n<p>&#8211; Au fur et \u00e0 mesure de leurs lectures et de leur travail autour des livres, chaque groupe d&rsquo;\u00e9l\u00e8ves d\u00e9finit quel est son ouvrage favori et doit pr\u00e9senter son choix au travers d&rsquo;une production artistique (plastiques, litt\u00e9raire, musicale&#8230;).<\/p>\n<div>&#8211; Ces productions seront jug\u00e9es par un jury compos\u00e9 d&rsquo;\u00e9l\u00e8ves de seconde.<\/div>\n<p>&#8211; Aboutissement du projet par une journ\u00e9e banalis\u00e9e au Lyc\u00e9e Costebelle et une rencontre pour pr\u00e9senter les productions (et les r\u00e9compenser), \u00e9changer autour des livres.<\/p>\n<div>Les lyc\u00e9ens animeront aussi des ateliers pour les coll\u00e9giens autour des th\u00e8mes abord\u00e9s dans les ouvrages.<\/div>\n<p><strong>* <u>\u00c9tablissements participants <\/u><\/strong><br \/>\n&#8211; Lyc\u00e9e Costebelle (Hy\u00e8res)<br \/>\n&#8211; Coll\u00e8ge Gustave Roux (Hy\u00e8res)<br \/>\n&#8211; Coll\u00e8ge La Ferrage (Cuers)<br \/>\n&#8211; Coll\u00e8ge Le Fenouillet (La Crau)<\/p>\n<div><strong>* <\/strong><u><strong>Public concern\u00e9 :<\/strong><\/u><br \/>\n&#8211; Des \u00e9l\u00e8ves de 6\u00b0, 5\u00b0 et 4\u00b0.<br \/>\n&#8211; Des \u00e9l\u00e8ves de 2nde (module d&rsquo;exploration Litt\u00e9rature et soci\u00e9t\u00e9)<br \/>\n&#8211; Les documentalistes de chaque \u00e9tablissement.<br \/>\n&#8211; Des professeurs de discipline (Lettres ; Histoire -G\u00e9ographie ).<br \/>\n&#8211; Le travail peut s&rsquo;effectuer soit avec une classe enti\u00e8re, soit un club lecture ou m\u00eame des \u00e9l\u00e8ves volontaires en autonomie.<\/div>\n<p><strong>* <u>Besoins \/Financement<\/u> :<\/strong><br \/>\n&#8211; Achat de livres en quantit\u00e9 suffisante.<br \/>\n&#8211; Achat de petit mat\u00e9riel pour certaines productions et pour la pr\u00e9paration des ateliers.<br \/>\n&#8211; Rencontre avec un auteur envisag\u00e9e.<br \/>\n&#8211; Transport des classes \u00e9loign\u00e9es pour rencontre en fin d&rsquo;ann\u00e9e scolaire (Conseil R\u00e9gional, FSE, fonds des \u00e9tablissements scolaires : APC, par exemple).<br \/>\n&#8211; Achats des r\u00e9compenses.<\/p>\n<div><strong>* <u>Partenaires <\/u>:<\/strong><br \/>\n&#8211; M\u00e9diath\u00e8que de Hy\u00e8res<br \/>\n&#8211; Librairies de Hy\u00e8res (Moulin des contes, Charlemagne&#8230;)<br \/>\n&#8211; R\u00e9gion PACA<\/div>\n<div style=\"text-align: center;\"><strong>*<\/strong><\/div>\n<p style=\"text-align: center;\"><strong><u>Bilan du concours lecture du bassin de Hy\u00e8res 2013 -2014<br \/>\nRencontre au lyc\u00e9e Costebelle<\/u><\/strong><\/p>\n<div><strong>*<u> Points positifs<\/u><\/strong><br \/>\n&#8211; Accueil chaleureux : les coll\u00e9giens se sont tout de suite sentis \u00e0 leur aise.<\/div>\n<div>&#8211; Liaison Coll\u00e8ge &#8211; Lyc\u00e9e v\u00e9ritablement aboutie : \u00e9changes riches ; complicit\u00e9 entre les \u00e9l\u00e8ves ; d\u00e9couverte du lyc\u00e9e de mani\u00e8re ludique.<\/div>\n<div>&#8211; Investissement des lyc\u00e9ens :<\/div>\n<div>* Lors des ateliers (prise en charge des groupes de coll\u00e9giens ; animations int\u00e9ressantes sur supports vari\u00e9s : panneaux ; quizz papier ; vid\u00e9os).<\/div>\n<div>* Lors des \u00e9valuations des productions.<\/div>\n<p>&#8211; En se chargeant de l&rsquo;organisation de cette journ\u00e9e de rencontre et de l&rsquo;encadrement des coll\u00e9giens, les lyc\u00e9ens ont prouv\u00e9 qu&rsquo;ils avaient assimil\u00e9 la notion de responsabilit\u00e9 et d&rsquo;autonomie.<\/p>\n<div><strong>* <\/strong><u><strong>A am\u00e9liorer<\/strong><\/u><\/div>\n<p><strong> &#8211; En amont <\/strong>:<br \/>\n* Faire des badges pour les \u00e9l\u00e8ves avec leur nom et leur coll\u00e8ge.<br \/>\n* Choisir des livres qui traitent de sujets li\u00e9s aux probl\u00e9matiques contemporaines, voire aux programmes scolaires (\u00e9ducation \u00e0 la citoyennet\u00e9 ; d\u00e9veloppement durable ; devoir de m\u00e9moire, litt\u00e9rature classique).<\/p>\n<div><strong> &#8211; Remise des prix <\/strong>: pr\u00e9voir une remise de dipl\u00f4mes en fonction de la diversit\u00e9 des productions artistiques.<\/div>\n<p><strong> &#8211; Evaluation <\/strong>:<br \/>\nFormaliser des crit\u00e8res d&rsquo;\u00e9valuation des productions pour faciliter la d\u00e9lib\u00e9ration des lyc\u00e9ens.<\/p>\n<div style=\"text-align: justify;\"><strong> &#8211; Mieux structurer la journ\u00e9e :<\/strong><br \/>\n* Pr\u00e9voir un temps de pr\u00e9sentation des productions par les coll\u00e9giens devant les lyc\u00e9ens.<br \/>\n* Permettre aux coll\u00e9giens d&rsquo;animer des ateliers \u00e0 partir de leurs cr\u00e9ations, \u00e0 destination des lyc\u00e9ens.<\/div>\n<div style=\"text-align: justify;\"><\/div>\n<div style=\"text-align: center;\"><strong>*<\/strong><\/div>\n<div style=\"text-align: center;\"><u><strong>Niveaux s\u00e9lectionn\u00e9s pour 2014 &#8211; 2015<\/strong><\/u><br \/>\nPanachage : 6\u00b0, 5\u00b0, 4\u00b0 et 3\u00b0<\/div>\n<div style=\"text-align: center;\">*<\/div>\n<div style=\"text-align: center;\"><u><strong>\u00c9tablissements participants pour l&rsquo;ann\u00e9e scolaire 2014 -2015 (liste \u00e9volutive)<\/strong><\/u><\/div>\n<div style=\"text-align: justify;\"><\/div>\n<div style=\"text-align: justify;\">&#8211; Lyc\u00e9e Costebelle (Hy\u00e8res).<br \/>\n&#8211; Coll\u00e8ge Gustave Roux (Hy\u00e8res).<br \/>\n&#8211; Coll\u00e8ge La Ferrage (Cuers).<\/div>\n<div style=\"text-align: justify;\"><\/div>\n<p style=\"text-align: center;\">*<br \/>\n<u><strong>Blog<\/strong><\/u><\/p>\n<p>Archivage des activit\u00e9s de 2013 &#8211; 2014 sur le blog <a class=\"spip_url spip_out auto\" href=\"http:\/\/philippe.longhi.free.fr\/blog\/\" rel=\"nofollow external\">http:\/\/philippe.longhi.free.fr\/blog\/<\/a> et utilisation du blog du coll\u00e8ge Gustave Roux, plus interactif : <a href=\"http:\/\/bloglecture.wordpress.com\" target=\"_blank\" rel=\"noopener noreferrer\">http:\/\/ bloglecture.wordpress.com<\/a><\/p>\n<div><\/div>\n<div style=\"text-align: center;\"><strong>*<\/strong><\/div>\n<div><\/div>\n<div style=\"text-align: center;\"><u><strong>Concours lecture du bassin de Hy\u00e8res 2013 -2014<br \/>\nTitres s\u00e9lectionn\u00e9s<\/strong><\/u><\/div>\n<p><strong>Romans<\/strong><br \/>\n&#8211; Le Petit Prince\/ Antoine de Saint -Exup\u00e9ry. Gallimard jeunesse. (Folio). 6,45\u20ac<br \/>\n&#8211; Ariane contre le minotaure\/ Marie -Odile Hartmann. Nathan. (Histoires noires de la mythologie). 5,50\u20ac<br \/>\n&#8211; Papillons noirs\/ Claire Mazard. Oskar jeunesse. 12,95\u20ac<br \/>\n&#8211; Tous press\u00e9s\/ Bernard Friot. Milan. 10,90\u20ac<br \/>\n&#8211; \u0152dipe Schalc ! Schlac !\/ Sophie Dieuaide. Casterman. 5,25\u20ac<\/p>\n<div>*<br \/>\n<strong>BD<\/strong><br \/>\n&#8211; La guerre des boutons\/ Aude Soleilhac, Philippe Tirault. Delcourt. 10,95\u20ac<br \/>\n&#8211; Les quatre de Baker Street. T.1 : l&rsquo;affaire du rideau bleu\/ David Etien, Jean -Blaise Dijan. Vents d&rsquo;Ouest. 13,90\u20ac<br \/>\n&#8211; Les trois mousquetaires d&rsquo;Alexandre Dumas. T.1\/ Jean -David Morvan ; Ruben. Delcourt. 10,95\u20ac (4 tomes parus).<br \/>\n&#8211; Le roman de Renart. T.1, les jambons d&rsquo;Isengrin\/ Jean -Marc Mathis, Thierry Martin. Delcourt. 9,95\u20ac<br \/>\n&#8211; Oliver Twist de Charles Dickens. T.1\/ Lo\u00efc Dauvillier, Yves D\u00e9loyes. Delcourt. 10,95\u20ac<br \/>\n(5 tomes parus)<\/div>\n<p style=\"text-align: center;\">*<\/p>\n<p><strong>Contes<\/strong><br \/>\n&#8211; Trois histoires de Blanche -neige racont\u00e9es dans le monde. Editions Syros (collection Le tour du monde d&rsquo;un conte), (avec le texte int\u00e9gral des fr\u00e8res Grimm) 4.90 \u20ac.<br \/>\n&#8211; Contes \u00e0 l&rsquo;envers\/ Philippe Dumas, Boris Moissard. Ecole des loisirs. 7,10\u20ac<br \/>\n&#8211; L&rsquo;ogre maigre et l&rsquo;enfant fou\/ Sophie Ch\u00e9rer. Ecole des Loisirs. 7\u20ac<\/p>\n<div><\/div>\n<div style=\"text-align: center;\">*<\/div>\n<div style=\"text-align: justify;\"><strong>Th\u00e9\u00e2tre<\/strong><br \/>\n&#8211; Mon fr\u00e8re, ma princesse\/ Catherine Zambon. Ecole des Loisirs. 6,50\u20ac<br \/>\n&#8211; Poil de Carotte (com\u00e9die en un acte)\/ Anne Leteissier. Magnard. 3,60\u20ac<\/div>\n<div style=\"text-align: justify;\"><\/div>\n<div style=\"text-align: justify;\"><\/div>\n<div style=\"text-align: center;\">*<\/div>\n<p><strong>Po\u00e9sie<\/strong><br \/>\n&#8211; Trente haiku rouges ou bleus\/ J -H Malineau. Pluie d&rsquo;\u00e9toiles. 5,50\u20ac<\/p>\n<\/div>\n<div><\/div>\n","protected":false},"excerpt":{"rendered":"<p>Projet lecture du bassin de Hy\u00e8res Ann\u00e9e scolaire 2013 -2014 * Origine du projet : Il est apparu lors d&rsquo;une r\u00e9union que presque tous les documentalistes participaient \u00e0 divers projets lecture, que ce soit en interne dans leur \u00e9tablissement ou avec d\u00e9j\u00e0 un ou plusieurs coll\u00e8gues du bassin. Il a [&hellip;]<\/p>\n","protected":false},"author":237,"featured_media":0,"comment_status":"closed","ping_status":"closed","sticky":false,"template":"","format":"standard","meta":{"ngg_post_thumbnail":0,"footnotes":""},"categories":[23],"tags":[],"class_list":["post-1324","post","type-post","status-publish","format-standard","hentry","category-lecture"],"rttpg_featured_image_url":null,"rttpg_author":{"display_name":"docazur","author_link":"https:\/\/www.pedagogie.ac-nice.fr\/doc-azur\/author\/docazur\/"},"rttpg_comment":0,"rttpg_category":"<a href=\"https:\/\/www.pedagogie.ac-nice.fr\/doc-azur\/category\/lecture\/\" rel=\"category tag\">Lecture<\/a>","rttpg_excerpt":"Projet lecture du bassin de Hy\u00e8res Ann\u00e9e scolaire 2013 -2014 * Origine du projet : Il est apparu lors d&rsquo;une r\u00e9union que presque tous les documentalistes participaient \u00e0 divers projets lecture, que ce soit en interne dans leur \u00e9tablissement ou avec d\u00e9j\u00e0 un ou plusieurs coll\u00e8gues du bassin. Il a [&hellip;]","post_mailing_queue_ids":[],"_links":{"self":[{"href":"https:\/\/www.pedagogie.ac-nice.fr\/doc-azur\/wp-json\/wp\/v2\/posts\/1324","targetHints":{"allow":["GET"]}}],"collection":[{"href":"https:\/\/www.pedagogie.ac-nice.fr\/doc-azur\/wp-json\/wp\/v2\/posts"}],"about":[{"href":"https:\/\/www.pedagogie.ac-nice.fr\/doc-azur\/wp-json\/wp\/v2\/types\/post"}],"author":[{"embeddable":true,"href":"https:\/\/www.pedagogie.ac-nice.fr\/doc-azur\/wp-json\/wp\/v2\/users\/237"}],"replies":[{"embeddable":true,"href":"https:\/\/www.pedagogie.ac-nice.fr\/doc-azur\/wp-json\/wp\/v2\/comments?post=1324"}],"version-history":[{"count":1,"href":"https:\/\/www.pedagogie.ac-nice.fr\/doc-azur\/wp-json\/wp\/v2\/posts\/1324\/revisions"}],"predecessor-version":[{"id":1326,"href":"https:\/\/www.pedagogie.ac-nice.fr\/doc-azur\/wp-json\/wp\/v2\/posts\/1324\/revisions\/1326"}],"wp:attachment":[{"href":"https:\/\/www.pedagogie.ac-nice.fr\/doc-azur\/wp-json\/wp\/v2\/media?parent=1324"}],"wp:term":[{"taxonomy":"category","embeddable":true,"href":"https:\/\/www.pedagogie.ac-nice.fr\/doc-azur\/wp-json\/wp\/v2\/categories?post=1324"},{"taxonomy":"post_tag","embeddable":true,"href":"https:\/\/www.pedagogie.ac-nice.fr\/doc-azur\/wp-json\/wp\/v2\/tags?post=1324"}],"curies":[{"name":"wp","href":"https:\/\/api.w.org\/{rel}","templated":true}]}}