{"id":1328,"date":"2020-07-28T11:33:20","date_gmt":"2020-07-28T09:33:20","guid":{"rendered":"http:\/\/www.pedagogie.ac-nice.fr\/doc-azur\/?p=1328"},"modified":"2020-07-28T11:33:20","modified_gmt":"2020-07-28T09:33:20","slug":"ecrire-et-publier","status":"publish","type":"post","link":"https:\/\/www.pedagogie.ac-nice.fr\/doc-azur\/2020\/07\/28\/ecrire-et-publier\/","title":{"rendered":"Ecrire et publier"},"content":{"rendered":"<div>\n<p style=\"text-align: center;\"><strong>Le projet<\/strong><\/p>\n<div><strong>En 2004<\/strong> nous avons propos\u00e9 aux coll\u00e8gues de Lettres d&rsquo;organiser un concours d&rsquo;\u00e9criture de nouvelles sur un th\u00e8me impos\u00e9.<br \/>\nNous nous sommes appuy\u00e9es sur le programme de lettres &#8211; \u00e9tude de la nouvelle en seconde &#8211; pour impulser ce projet. Les enseignants faisaient \u00e9crire les \u00e9l\u00e8ves en individuel ou en groupe.<br \/>\nCe concours \u00e9tait ouvert \u00e0 tous les niveaux, classes pr\u00e9paratoires comprises.<br \/>\nAfin d&rsquo;\u00e9lire les meilleures productions litt\u00e9raires, un jury compos\u00e9 majoritairement d&rsquo;\u00e9l\u00e8ves a \u00e9t\u00e9 constitu\u00e9, leur permettant ainsi une r\u00e9elle implication dans la vie de l&rsquo;\u00e9tablissement.<br \/>\nCette action a tr\u00e8s rapidement connu un vif succ\u00e8s.<br \/>\nUn recueil tr\u00e8s \u00ab artisanal \u00bb \u00e9tait imprim\u00e9 au sein du lyc\u00e9e et ne n\u00e9cessitait pas de financement particulier.<br \/>\nLes \u00e9l\u00e8ves prim\u00e9s recevaient chacun un livre.<\/div>\n<p><strong>En 2008<\/strong>, l&rsquo;arriv\u00e9e d&rsquo;un nouveau proviseur a donn\u00e9 une autre dimension au projet.<br \/>\nNous avons sollicit\u00e9 un financement aupr\u00e8s de la R\u00e9gion PACA dans le cadre des CVLA pour passer de l&rsquo;\u00e9criture \u00e0 l&rsquo;\u00e9dition d&rsquo;un recueil \u00ab professionnel \u00bb. La participation financi\u00e8re du lyc\u00e9e a alors \u00e9t\u00e9 soumise au vote des membres du Conseil d&rsquo;Administration.<br \/>\nUn nom de collection a \u00e9t\u00e9 choisi : \u00ab Eclats de lire : nouvelles durvilliennes \u00bb.<br \/>\nLe projet est devenu f\u00e9d\u00e9rateur car transdisciplinaire : les \u00e9l\u00e8ves pouvaient \u00e9crire en fran\u00e7ais ou en langues \u00e9trang\u00e8res. De nombreux enseignants de langues (anglais, allemand, italien, espagnol, russe, arabe) se sont alors impliqu\u00e9s.<br \/>\nLe professeur d&rsquo;arts plastiques a rejoint l&rsquo;aventure aussi en faisant travailler ses \u00e9l\u00e8ves sur le m\u00eame th\u00e8me. Ces documents iconiques allaient donner un \u00e9clat suppl\u00e9mentaire au recueil.<\/p>\n<div><strong>En 2009<\/strong>, un professeur d&rsquo;\u00e9ducation physique et sportive a d\u00e9cid\u00e9 de faire \u00e9crire \u00e0 ses \u00e9l\u00e8ves des scripts sur le th\u00e8me choisi pour monter ensuite des chor\u00e9graphies et les pr\u00e9senter lors de la remise des prix.<br \/>\nUne dimension nouvelle \u00e9tait encore donn\u00e9e \u00e0 l&rsquo;action.<\/div>\n<p>Depuis, le projet continue et la collection \u00ab Eclats de lire : nouvelles durvilliennes \u00bb s&rsquo;enrichit chaque ann\u00e9e d&rsquo;un nouveau recueil.<br \/>\n<strong>Cette ann\u00e9e<\/strong>, nous avons m\u00eame fait \u00e9cho \u00e0 la manifestation \u00ab Marseille 2013 capitale europ\u00e9enne de la culture \u00bb, en choisissant le th\u00e8me : \u00ab Naviguer en M\u00e9diterran\u00e9e \u00bb et en pr\u00e9sentant deux \u0153uvres de nos \u00e9l\u00e8ves plasticiens au concours \u00ab Des lyc\u00e9ens au mus\u00e9e \u00bb.<\/p>\n<div style=\"text-align: center;\"><strong>La mise en oeuvre<\/strong><\/div>\n<p>Un groupe de pilotage constitu\u00e9 de personnels enseignants, administratifs et de vie scolaire g\u00e8re les diff\u00e9rentes \u00e9tapes.<\/p>\n<div>Un tel projet n\u00e9cessite en effet une organisation rigoureuse :<br \/>\no le choix d&rsquo;un th\u00e8me photographique (photos libres de droit) ou litt\u00e9raire<br \/>\no la r\u00e9daction d&rsquo;un r\u00e8glement du concours (revu chaque ann\u00e9e et valid\u00e9 par le chef d&rsquo;\u00e9tablissement) avec les dates \u00e0 respecter et les contraintes techniques (police, format du fichier, nombre de pages, typographie&#8230;)<br \/>\no la transmission aux familles d&rsquo;une autorisation de publication \u00e0 signer<br \/>\no les modalit\u00e9s d&rsquo;inscription des \u00e9l\u00e8ves<br \/>\no la constitution de diff\u00e9rents jurys (pour fran\u00e7ais et langues \u00e9trang\u00e8res) et la duplication des textes<\/div>\n<p>Notre r\u00f4le sp\u00e9cifique dans ce projet, outre la \u00ab gestion \u00bb du groupe de pilotage, est :<br \/>\no l&rsquo;\u00e9laboration d&rsquo;un calendrier pr\u00e9visionnel<br \/>\no la r\u00e9ception des nouvelles<br \/>\no l&rsquo;organisation de la journ\u00e9e du vote<br \/>\no les corrections n\u00e9cessaires aux textes prim\u00e9s (lourde charge)<br \/>\no l&rsquo;utilisation d&rsquo;un logiciel sp\u00e9cifique de mise en page et publication QuarkXpress (une formation nous a \u00e9t\u00e9 dispens\u00e9e par notre ancien proviseur)<br \/>\no l&rsquo;\u00e9laboration de la maquette<br \/>\no l&rsquo;envoi \u00e0 l&rsquo;imprimeur de tous les fichiers, op\u00e9ration n\u00e9cessitant temps et rigueur<br \/>\no la relecture de l&rsquo;\u00e9preuve provisoire pour corrections ultimes<br \/>\no la pr\u00e9paration de la remise des prix : collation, \u00ab timing \u00bb, achat des bons cadeaux<\/p>\n<div>L&rsquo;aventure continuera -t -elle en 2014 ? Nous l&rsquo;esp\u00e9rons, mais elle prendra peut -\u00eatre une autre forme&#8230;<br \/>\nEn effet, un bilan s&rsquo;impose chaque ann\u00e9e et pour l&rsquo;heure, nous constatons que la motivation des enseignants faiblit, que les \u00e9l\u00e8ves ont de plus en plus de mal \u00e0 s&rsquo;investir dans un projet d&rsquo;\u00e9criture et que le financement est restreint d&rsquo;ann\u00e9e en ann\u00e9e.<\/div>\n<p style=\"text-align: right;\">Lydie Arneodo, Annie Guiot et Catherine Linget -Delmas, coordonnatrices du projet<\/p>\n<div style=\"text-align: right;\">Mai 2013<\/div>\n<\/div>\n<div><\/div>\n","protected":false},"excerpt":{"rendered":"<p>Le projet En 2004 nous avons propos\u00e9 aux coll\u00e8gues de Lettres d&rsquo;organiser un concours d&rsquo;\u00e9criture de nouvelles sur un th\u00e8me impos\u00e9. Nous nous sommes appuy\u00e9es sur le programme de lettres &#8211; \u00e9tude de la nouvelle en seconde &#8211; pour impulser ce projet. Les enseignants faisaient \u00e9crire les \u00e9l\u00e8ves en individuel [&hellip;]<\/p>\n","protected":false},"author":237,"featured_media":0,"comment_status":"closed","ping_status":"closed","sticky":false,"template":"","format":"standard","meta":{"ngg_post_thumbnail":0,"footnotes":""},"categories":[31,25],"tags":[],"class_list":["post-1328","post","type-post","status-publish","format-standard","hentry","category-droits-dauteur","category-ecriture"],"rttpg_featured_image_url":null,"rttpg_author":{"display_name":"docazur","author_link":"https:\/\/www.pedagogie.ac-nice.fr\/doc-azur\/author\/docazur\/"},"rttpg_comment":0,"rttpg_category":"<a href=\"https:\/\/www.pedagogie.ac-nice.fr\/doc-azur\/category\/droits-dauteur\/\" rel=\"category tag\">Droits d'auteur<\/a> <a href=\"https:\/\/www.pedagogie.ac-nice.fr\/doc-azur\/category\/ecriture\/\" rel=\"category tag\">Ecriture<\/a>","rttpg_excerpt":"Le projet En 2004 nous avons propos\u00e9 aux coll\u00e8gues de Lettres d&rsquo;organiser un concours d&rsquo;\u00e9criture de nouvelles sur un th\u00e8me impos\u00e9. Nous nous sommes appuy\u00e9es sur le programme de lettres &#8211; \u00e9tude de la nouvelle en seconde &#8211; pour impulser ce projet. Les enseignants faisaient \u00e9crire les \u00e9l\u00e8ves en individuel [&hellip;]","post_mailing_queue_ids":[],"_links":{"self":[{"href":"https:\/\/www.pedagogie.ac-nice.fr\/doc-azur\/wp-json\/wp\/v2\/posts\/1328","targetHints":{"allow":["GET"]}}],"collection":[{"href":"https:\/\/www.pedagogie.ac-nice.fr\/doc-azur\/wp-json\/wp\/v2\/posts"}],"about":[{"href":"https:\/\/www.pedagogie.ac-nice.fr\/doc-azur\/wp-json\/wp\/v2\/types\/post"}],"author":[{"embeddable":true,"href":"https:\/\/www.pedagogie.ac-nice.fr\/doc-azur\/wp-json\/wp\/v2\/users\/237"}],"replies":[{"embeddable":true,"href":"https:\/\/www.pedagogie.ac-nice.fr\/doc-azur\/wp-json\/wp\/v2\/comments?post=1328"}],"version-history":[{"count":1,"href":"https:\/\/www.pedagogie.ac-nice.fr\/doc-azur\/wp-json\/wp\/v2\/posts\/1328\/revisions"}],"predecessor-version":[{"id":1329,"href":"https:\/\/www.pedagogie.ac-nice.fr\/doc-azur\/wp-json\/wp\/v2\/posts\/1328\/revisions\/1329"}],"wp:attachment":[{"href":"https:\/\/www.pedagogie.ac-nice.fr\/doc-azur\/wp-json\/wp\/v2\/media?parent=1328"}],"wp:term":[{"taxonomy":"category","embeddable":true,"href":"https:\/\/www.pedagogie.ac-nice.fr\/doc-azur\/wp-json\/wp\/v2\/categories?post=1328"},{"taxonomy":"post_tag","embeddable":true,"href":"https:\/\/www.pedagogie.ac-nice.fr\/doc-azur\/wp-json\/wp\/v2\/tags?post=1328"}],"curies":[{"name":"wp","href":"https:\/\/api.w.org\/{rel}","templated":true}]}}