{"id":2073,"date":"2020-12-16T12:12:39","date_gmt":"2020-12-16T11:12:39","guid":{"rendered":"https:\/\/www.pedagogie.ac-nice.fr\/doc-azur\/?p=2073"},"modified":"2021-10-01T13:51:42","modified_gmt":"2021-10-01T11:51:42","slug":"presentation-de-lepreuve-du-grand-oral","status":"publish","type":"post","link":"https:\/\/www.pedagogie.ac-nice.fr\/doc-azur\/2020\/12\/16\/presentation-de-lepreuve-du-grand-oral\/","title":{"rendered":"Proposer une  premi\u00e8re s\u00e9ance consacr\u00e9e \u00e0 l&rsquo;\u00e9preuve du Grand Oral"},"content":{"rendered":"<p style=\"text-align: center;\">Pr\u00e9sentation de l&rsquo;\u00e9preuve du grand oral (lien <a href=\"https:\/\/view.genial.ly\/5f72ee32e068e00d7d89edb4\/horizontal-infographic-review-grand-oral\">ici<\/a>)&nbsp;<\/p>\n<p>L&rsquo; intention est, certes, d&rsquo;informer les \u00e9l\u00e8ves et leurs parents mais ce support sera aussi utilis\u00e9 lors des premi\u00e8res s\u00e9ances consacr\u00e9es \u00e0 ce nouvel examen (voir lien ci-dessous).<\/p>\n<p>Le mod\u00e8le est adapt\u00e9 au contexte d&rsquo;un lyc\u00e9e g\u00e9n\u00e9ral et technologique particulier (donc avec ses sp\u00e9cialit\u00e9s et sa base documentaire), mais il est propos\u00e9 en mode \u00ab\u00a0r\u00e9utilisable\u00a0\u00bb sur la plateforme Genially. Il est donc \u00e0 disposition de tout enseignant ou r\u00e9f\u00e9rent num\u00e9rique qui souhaiterait le conformer \u00e0 son \u00e9tablissement et l&rsquo;int\u00e9grer \u00e0 son ENT.<\/p>\n<p style=\"text-align: center;\">Pour consulter la s\u00e9ance sur le Grand Oral : <a href=\"https:\/\/www.pedagogie.ac-nice.fr\/doc-azur\/wp-content\/uploads\/sites\/40\/2021\/09\/Seance-GrandOral.pdf\" target=\"_blank\" rel=\"noopener\">cliquer ici<\/a><\/p>\n<div style=\"width: 100%;\">\n<div style=\"position: relative; padding-bottom: 56.25%; padding-top: 0; height: 0;\"><iframe loading=\"lazy\" style=\"position: absolute; top: 0; left: 0; width: 100%; height: 100%;\" src=\"https:\/\/view.genial.ly\/5f72ee32e068e00d7d89edb4\" scrolling=\"yes\" allowfullscreen=\"allowfullscreen\" data-mce-fragment=\"1\" width=\"1200\" height=\"675\" frameborder=\"0\"><\/iframe><\/div>\n<\/div>\n<p>&nbsp;<\/p>\n<p>&nbsp;<\/p>\n<p>&nbsp;<\/p>\n","protected":false},"excerpt":{"rendered":"<p>Pr\u00e9sentation de l&rsquo;\u00e9preuve du grand oral (lien ici)&nbsp; L&rsquo; intention est, certes, d&rsquo;informer les \u00e9l\u00e8ves et leurs parents mais ce support sera aussi utilis\u00e9 lors des premi\u00e8res s\u00e9ances consacr\u00e9es \u00e0 ce nouvel examen (voir lien ci-dessous). Le mod\u00e8le est adapt\u00e9 au contexte d&rsquo;un lyc\u00e9e g\u00e9n\u00e9ral et technologique particulier (donc avec [&hellip;]<\/p>\n","protected":false},"author":266,"featured_media":2718,"comment_status":"closed","ping_status":"closed","sticky":false,"template":"","format":"standard","meta":{"ngg_post_thumbnail":0,"footnotes":""},"categories":[14,41,18],"tags":[],"class_list":["post-2073","post","type-post","status-publish","format-standard","has-post-thumbnail","hentry","category-education-aux-medias-et-a-linformation-emi","category-oral","category-sequences-pedagogiques"],"rttpg_featured_image_url":{"full":["https:\/\/www.pedagogie.ac-nice.fr\/doc-azur\/wp-content\/uploads\/sites\/40\/2020\/12\/GO.png",1704,869,false],"landscape":["https:\/\/www.pedagogie.ac-nice.fr\/doc-azur\/wp-content\/uploads\/sites\/40\/2020\/12\/GO.png",1704,869,false],"portraits":["https:\/\/www.pedagogie.ac-nice.fr\/doc-azur\/wp-content\/uploads\/sites\/40\/2020\/12\/GO.png",1704,869,false],"thumbnail":["https:\/\/www.pedagogie.ac-nice.fr\/doc-azur\/wp-content\/uploads\/sites\/40\/2020\/12\/GO-150x150.png",150,150,true],"medium":["https:\/\/www.pedagogie.ac-nice.fr\/doc-azur\/wp-content\/uploads\/sites\/40\/2020\/12\/GO-300x153.png",300,153,true],"large":["https:\/\/www.pedagogie.ac-nice.fr\/doc-azur\/wp-content\/uploads\/sites\/40\/2020\/12\/GO-1024x522.png",750,382,true],"1536x1536":["https:\/\/www.pedagogie.ac-nice.fr\/doc-azur\/wp-content\/uploads\/sites\/40\/2020\/12\/GO-1536x783.png",1536,783,true],"2048x2048":["https:\/\/www.pedagogie.ac-nice.fr\/doc-azur\/wp-content\/uploads\/sites\/40\/2020\/12\/GO.png",1704,869,false],"hestia-blog":["https:\/\/www.pedagogie.ac-nice.fr\/doc-azur\/wp-content\/uploads\/sites\/40\/2020\/12\/GO.png",360,184,false],"advps-thumb-one":["https:\/\/www.pedagogie.ac-nice.fr\/doc-azur\/wp-content\/uploads\/sites\/40\/2020\/12\/GO.png",431,220,false]},"rttpg_author":{"display_name":"Elsa Riquier","author_link":"https:\/\/www.pedagogie.ac-nice.fr\/doc-azur\/author\/ian1\/"},"rttpg_comment":0,"rttpg_category":"<a href=\"https:\/\/www.pedagogie.ac-nice.fr\/doc-azur\/category\/education-aux-medias-et-a-linformation-emi\/\" rel=\"category tag\">Education aux M\u00e9dias et \u00e0 l'Information EMI<\/a> <a href=\"https:\/\/www.pedagogie.ac-nice.fr\/doc-azur\/category\/oral\/\" rel=\"category tag\">Oral<\/a> <a href=\"https:\/\/www.pedagogie.ac-nice.fr\/doc-azur\/category\/sequences-pedagogiques\/\" rel=\"category tag\">S\u00e9quences P\u00e9dagogiques<\/a>","rttpg_excerpt":"Pr\u00e9sentation de l&rsquo;\u00e9preuve du grand oral (lien ici)&nbsp; L&rsquo; intention est, certes, d&rsquo;informer les \u00e9l\u00e8ves et leurs parents mais ce support sera aussi utilis\u00e9 lors des premi\u00e8res s\u00e9ances consacr\u00e9es \u00e0 ce nouvel examen (voir lien ci-dessous). Le mod\u00e8le est adapt\u00e9 au contexte d&rsquo;un lyc\u00e9e g\u00e9n\u00e9ral et technologique particulier (donc avec [&hellip;]","post_mailing_queue_ids":[],"_links":{"self":[{"href":"https:\/\/www.pedagogie.ac-nice.fr\/doc-azur\/wp-json\/wp\/v2\/posts\/2073","targetHints":{"allow":["GET"]}}],"collection":[{"href":"https:\/\/www.pedagogie.ac-nice.fr\/doc-azur\/wp-json\/wp\/v2\/posts"}],"about":[{"href":"https:\/\/www.pedagogie.ac-nice.fr\/doc-azur\/wp-json\/wp\/v2\/types\/post"}],"author":[{"embeddable":true,"href":"https:\/\/www.pedagogie.ac-nice.fr\/doc-azur\/wp-json\/wp\/v2\/users\/266"}],"replies":[{"embeddable":true,"href":"https:\/\/www.pedagogie.ac-nice.fr\/doc-azur\/wp-json\/wp\/v2\/comments?post=2073"}],"version-history":[{"count":18,"href":"https:\/\/www.pedagogie.ac-nice.fr\/doc-azur\/wp-json\/wp\/v2\/posts\/2073\/revisions"}],"predecessor-version":[{"id":2716,"href":"https:\/\/www.pedagogie.ac-nice.fr\/doc-azur\/wp-json\/wp\/v2\/posts\/2073\/revisions\/2716"}],"wp:featuredmedia":[{"embeddable":true,"href":"https:\/\/www.pedagogie.ac-nice.fr\/doc-azur\/wp-json\/wp\/v2\/media\/2718"}],"wp:attachment":[{"href":"https:\/\/www.pedagogie.ac-nice.fr\/doc-azur\/wp-json\/wp\/v2\/media?parent=2073"}],"wp:term":[{"taxonomy":"category","embeddable":true,"href":"https:\/\/www.pedagogie.ac-nice.fr\/doc-azur\/wp-json\/wp\/v2\/categories?post=2073"},{"taxonomy":"post_tag","embeddable":true,"href":"https:\/\/www.pedagogie.ac-nice.fr\/doc-azur\/wp-json\/wp\/v2\/tags?post=2073"}],"curies":[{"name":"wp","href":"https:\/\/api.w.org\/{rel}","templated":true}]}}