{"id":2750,"date":"2022-05-15T15:00:44","date_gmt":"2022-05-15T13:00:44","guid":{"rendered":"https:\/\/www.pedagogie.ac-nice.fr\/doc-azur\/?p=2750"},"modified":"2022-07-05T12:01:31","modified_gmt":"2022-07-05T10:01:31","slug":"cafe-doc-numero-1","status":"publish","type":"post","link":"https:\/\/www.pedagogie.ac-nice.fr\/doc-azur\/2022\/05\/15\/cafe-doc-numero-1\/","title":{"rendered":"Th\u00e9 Doc&rsquo; 001"},"content":{"rendered":"<p>Le 1er Caf\u00e9 Doc des professeurs-documentalistes de l&rsquo;Acad\u00e9mie de Nice a eu lieu ce jeudi 9 d\u00e9cembre 2021.<\/p>\n<div style=\"width: 100%;\">\n<div style=\"position: relative; padding-bottom: 56.25%; padding-top: 0; height: 0;\"><iframe loading=\"lazy\" style=\"position: absolute; top: 0; left: 0; width: 100%; height: 100%;\" src=\"https:\/\/view.genial.ly\/61d310b5019bb20de6e626e3\" width=\"1200px\" height=\"675px\" frameborder=\"0\" scrolling=\"yes\" allowfullscreen=\"allowfullscreen\"><\/iframe><\/div>\n<\/div>\n<p>Si la pr\u00e9sentation ne s&rsquo;ouvre pas,<a href=\"https:\/\/view.genial.ly\/61d310b5019bb20de6e626e3\/interactive-image-cafe-doc-1\" target=\"_blank\" rel=\"noopener\"> cliquez ici<\/a><\/p>\n<p>&nbsp;<\/p>\n","protected":false},"excerpt":{"rendered":"<p>Le 1er Caf\u00e9 Doc des professeurs-documentalistes de l&rsquo;Acad\u00e9mie de Nice a eu lieu ce jeudi 9 d\u00e9cembre 2021. Si la pr\u00e9sentation ne s&rsquo;ouvre pas, cliquez ici &nbsp;<\/p>\n","protected":false},"author":237,"featured_media":2756,"comment_status":"closed","ping_status":"closed","sticky":false,"template":"","format":"standard","meta":{"ngg_post_thumbnail":0,"footnotes":""},"categories":[134],"tags":[],"class_list":["post-2750","post","type-post","status-publish","format-standard","has-post-thumbnail","hentry","category-the-doc"],"rttpg_featured_image_url":{"full":["https:\/\/www.pedagogie.ac-nice.fr\/doc-azur\/wp-content\/uploads\/sites\/40\/2022\/01\/CafeDoc.png",1920,1042,false],"landscape":["https:\/\/www.pedagogie.ac-nice.fr\/doc-azur\/wp-content\/uploads\/sites\/40\/2022\/01\/CafeDoc.png",1920,1042,false],"portraits":["https:\/\/www.pedagogie.ac-nice.fr\/doc-azur\/wp-content\/uploads\/sites\/40\/2022\/01\/CafeDoc.png",1920,1042,false],"thumbnail":["https:\/\/www.pedagogie.ac-nice.fr\/doc-azur\/wp-content\/uploads\/sites\/40\/2022\/01\/CafeDoc-150x150.png",150,150,true],"medium":["https:\/\/www.pedagogie.ac-nice.fr\/doc-azur\/wp-content\/uploads\/sites\/40\/2022\/01\/CafeDoc-300x163.png",300,163,true],"large":["https:\/\/www.pedagogie.ac-nice.fr\/doc-azur\/wp-content\/uploads\/sites\/40\/2022\/01\/CafeDoc-1024x556.png",750,407,true],"1536x1536":["https:\/\/www.pedagogie.ac-nice.fr\/doc-azur\/wp-content\/uploads\/sites\/40\/2022\/01\/CafeDoc-1536x834.png",1536,834,true],"2048x2048":["https:\/\/www.pedagogie.ac-nice.fr\/doc-azur\/wp-content\/uploads\/sites\/40\/2022\/01\/CafeDoc.png",1920,1042,false],"hestia-blog":["https:\/\/www.pedagogie.ac-nice.fr\/doc-azur\/wp-content\/uploads\/sites\/40\/2022\/01\/CafeDoc.png",360,195,false],"advps-thumb-one":["https:\/\/www.pedagogie.ac-nice.fr\/doc-azur\/wp-content\/uploads\/sites\/40\/2022\/01\/CafeDoc.png",405,220,false]},"rttpg_author":{"display_name":"docazur","author_link":"https:\/\/www.pedagogie.ac-nice.fr\/doc-azur\/author\/docazur\/"},"rttpg_comment":0,"rttpg_category":"<a href=\"https:\/\/www.pedagogie.ac-nice.fr\/doc-azur\/category\/the-doc\/\" rel=\"category tag\">Th\u00e9 Doc'<\/a>","rttpg_excerpt":"Le 1er Caf\u00e9 Doc des professeurs-documentalistes de l&rsquo;Acad\u00e9mie de Nice a eu lieu ce jeudi 9 d\u00e9cembre 2021. Si la pr\u00e9sentation ne s&rsquo;ouvre pas, cliquez ici &nbsp;","post_mailing_queue_ids":[],"_links":{"self":[{"href":"https:\/\/www.pedagogie.ac-nice.fr\/doc-azur\/wp-json\/wp\/v2\/posts\/2750","targetHints":{"allow":["GET"]}}],"collection":[{"href":"https:\/\/www.pedagogie.ac-nice.fr\/doc-azur\/wp-json\/wp\/v2\/posts"}],"about":[{"href":"https:\/\/www.pedagogie.ac-nice.fr\/doc-azur\/wp-json\/wp\/v2\/types\/post"}],"author":[{"embeddable":true,"href":"https:\/\/www.pedagogie.ac-nice.fr\/doc-azur\/wp-json\/wp\/v2\/users\/237"}],"replies":[{"embeddable":true,"href":"https:\/\/www.pedagogie.ac-nice.fr\/doc-azur\/wp-json\/wp\/v2\/comments?post=2750"}],"version-history":[{"count":7,"href":"https:\/\/www.pedagogie.ac-nice.fr\/doc-azur\/wp-json\/wp\/v2\/posts\/2750\/revisions"}],"predecessor-version":[{"id":3393,"href":"https:\/\/www.pedagogie.ac-nice.fr\/doc-azur\/wp-json\/wp\/v2\/posts\/2750\/revisions\/3393"}],"wp:featuredmedia":[{"embeddable":true,"href":"https:\/\/www.pedagogie.ac-nice.fr\/doc-azur\/wp-json\/wp\/v2\/media\/2756"}],"wp:attachment":[{"href":"https:\/\/www.pedagogie.ac-nice.fr\/doc-azur\/wp-json\/wp\/v2\/media?parent=2750"}],"wp:term":[{"taxonomy":"category","embeddable":true,"href":"https:\/\/www.pedagogie.ac-nice.fr\/doc-azur\/wp-json\/wp\/v2\/categories?post=2750"},{"taxonomy":"post_tag","embeddable":true,"href":"https:\/\/www.pedagogie.ac-nice.fr\/doc-azur\/wp-json\/wp\/v2\/tags?post=2750"}],"curies":[{"name":"wp","href":"https:\/\/api.w.org\/{rel}","templated":true}]}}