{"id":2804,"date":"2022-05-31T11:17:49","date_gmt":"2022-05-31T09:17:49","guid":{"rendered":"https:\/\/www.pedagogie.ac-nice.fr\/doc-azur\/?p=2804"},"modified":"2022-06-21T10:58:38","modified_gmt":"2022-06-21T08:58:38","slug":"traam-emi-creation-dune-exposition-virtuelle-autour-du-livre-de-la-lecture-et-des-bibliotheques-dans-lantiquite-et-le-moyen-age-lycee-simone-veil-2021-2022","status":"publish","type":"post","link":"https:\/\/www.pedagogie.ac-nice.fr\/doc-azur\/2022\/05\/31\/traam-emi-creation-dune-exposition-virtuelle-autour-du-livre-de-la-lecture-et-des-bibliotheques-dans-lantiquite-et-le-moyen-age-lycee-simone-veil-2021-2022\/","title":{"rendered":"TRAAM EMI : Cr\u00e9ation d\u2019une exposition virtuelle autour du livre, de la lecture et des biblioth\u00e8ques dans l\u2019Antiquit\u00e9 et le Moyen Age. Lyc\u00e9e Simone Veil 2021-2022"},"content":{"rendered":"<p align=\"CENTER\"><img loading=\"lazy\" decoding=\"async\" class=\"alignnone wp-image-2946\" src=\"https:\/\/www.pedagogie.ac-nice.fr\/doc-azur\/wp-content\/uploads\/sites\/40\/2022\/05\/Traam-EMI-3.jpg\" alt=\"\" width=\"268\" height=\"151\" srcset=\"https:\/\/www.pedagogie.ac-nice.fr\/doc-azur\/wp-content\/uploads\/sites\/40\/2022\/05\/Traam-EMI-3.jpg 680w, https:\/\/www.pedagogie.ac-nice.fr\/doc-azur\/wp-content\/uploads\/sites\/40\/2022\/05\/Traam-EMI-3-300x169.jpg 300w\" sizes=\"auto, (max-width: 268px) 100vw, 268px\" \/><\/p>\n<p align=\"CENTER\"><span style=\"font-family: Times New Roman, serif;\"><span style=\"font-size: large;\"><b>Cr\u00e9ation d\u2019une exposition virtuelle autour du livre, de la lecture et des biblioth\u00e8ques dans l\u2019Antiquit\u00e9 et le Moyen Age.<\/b><\/span><\/span><\/p>\n<p align=\"CENTER\"><span style=\"font-family: Times New Roman, serif;\"><span style=\"font-size: medium;\"><b><span style=\"font-size: large;\">Latin &#8211; Documentation<\/span><\/b><\/span><\/span><\/p>\n<p align=\"CENTER\"><span style=\"font-family: Times New Roman, serif;\"><span style=\"font-size: medium;\"><b><span style=\"font-size: large;\">Lyc\u00e9e Simone Veil<\/span><\/b><\/span><\/span><\/p>\n<p align=\"JUSTIFY\"><span style=\"font-family: 'Times New Roman', serif; font-size: 12pt;\"><b>Mots cl\u00e9s du projet : livre, biblioth\u00e8que antique, lecture , mus\u00e9e virtuel, LCA, Jeunes en librairie, Creative Commons, EMI, Antiquit\u00e9, Moyen-\u00e2ge.<\/b><\/span><\/p>\n<p align=\"JUSTIFY\"><span style=\"font-family: 'Times New Roman', serif; font-size: 12pt;\">Dans le cadre des travaux acad\u00e9miques mutualis\u00e9s 2021-2022 sur la th\u00e9matique de la cr\u00e9ativit\u00e9 num\u00e9rique encadr\u00e9s par Caroline Soubic et G\u00e9raldine Rouard, un travail a \u00e9t\u00e9 men\u00e9 autour de la probl\u00e9matique suivante : \u00ab Comment l\u2019enseignant peut-il accompagner les \u00e9l\u00e8ves \u00e0 devenir des citoyens responsables, cr\u00e9ateurs et utilisateurs de contenus num\u00e9riques et hybrides ? \u00bb.<\/span><\/p>\n<p align=\"JUSTIFY\"><span style=\"font-family: 'Times New Roman', serif; font-size: 12pt;\">Ce projet est le fruit d\u2019une collaboration entre la professeure de lettres classiques, Julie Hugues et le professeur documentaliste, Jean-Christophe Boj.<\/span><\/p>\n<p align=\"JUSTIFY\"><span style=\"font-family: 'Times New Roman', serif; font-size: 12pt;\">Nous avons d\u00e9cid\u00e9 d\u2019explorer les pistes suivantes :<\/span><\/p>\n<p align=\"JUSTIFY\"><span style=\"font-family: 'Times New Roman', serif; font-size: 12pt;\">Comment permettre aux \u00e9l\u00e8ves de produire du contenu (vid\u00e9os, audios, images interactives&#8230;) afin de vulgariser les savoirs et les rendre accessibles \u00e0 tous les \u00e9l\u00e8ves ?<\/span><\/p>\n<p align=\"JUSTIFY\"><span style=\"font-family: 'Times New Roman', serif; font-size: 12pt;\"><b>1) Objectif&nbsp;<\/b><\/span><\/p>\n<p align=\"JUSTIFY\"><span style=\"font-family: 'Times New Roman', serif; font-size: 12pt;\">Apr\u00e8s avoir r\u00e9alis\u00e9 des recherches, les \u00e9l\u00e8ves en s\u2019appuyant sur la visite des archives d\u00e9partementales, vont r\u00e9aliser une exposition virtuelle. Le but est de les amener \u00e0 cr\u00e9er des documents \u00e0 partir des informations recueillies en utilisant diff\u00e9rents m\u00e9dias, vid\u00e9o, audio&#8230; pour construire l\u2019exposition virtuelle. A travers leur cr\u00e9ativit\u00e9, ils vont vulgariser les connaissances acquises lors de ce projet \u00e0 destination des autres \u00e9l\u00e8ves du lyc\u00e9e et des coll\u00e9giens du r\u00e9seau <em>Sophia-CLE<\/em>.<\/span><\/p>\n<p align=\"JUSTIFY\"><span style=\"font-family: 'Times New Roman', serif; font-size: 12pt;\">Elle s\u2019inscrit \u00e0 la fois dans la progression des latinistes en classe de seconde et terminale mais aussi dans la liaison coll\u00e8ge-lyc\u00e9e mise en place avec les \u00e9tablissements du r\u00e9seau <em>Sophia-CLE<\/em> et au sein du dispositif <i>Jeunes en librairie<\/i>.<\/span><\/p>\n<p align=\"JUSTIFY\"><span style=\"font-family: 'Times New Roman', serif; font-size: 12pt;\"><b>2) Organisation de la s\u00e9quence : S\u00e9ances de recherches documentaires<\/b><\/span><\/p>\n<ul>\n<li><span style=\"font-family: 'Times New Roman', serif; font-size: 12pt;\">Il s\u2019agit dans le cadre de ce projet dans un premier temps de se demander comment les \u00e9crits d\u2019auteurs antiques nous sont parvenus. <\/span><span style=\"font-family: 'times new roman', times, serif;\">Pour cela, il convient de sensibiliser les \u00e9l\u00e8ves \u00e0 la diversit\u00e9 et \u00e0 l&rsquo;\u00e9volution des m\u00e9tiers autour du livre, de l\u2019Antiquit\u00e9 \u00e0 nos jours.<\/span><\/li>\n<\/ul>\n<p>&nbsp;<\/p>\n<ul>\n<li><span style=\"font-family: 'Times New Roman', serif; font-size: 12pt;\">Dans un second temps, il faut expliquer l&rsquo;\u00e9volution de la cr\u00e9ation du livre le mot livre (du rouleau de papyrus \u00e0 l\u2019objet moderne, en passant par les codex de parchemin).<\/span><\/li>\n<\/ul>\n<p>&nbsp;<\/p>\n<ul>\n<li><span style=\"font-family: 'Times New Roman', serif; font-size: 12pt;\">Enfin, il convient de comprendre comment les \u00e9crits ont \u00e9t\u00e9 conserv\u00e9s d\u00e8s l\u2019Antiquit\u00e9. Les \u00e9l\u00e8ves de seconde et de terminale ont d\u2019abord \u00e9t\u00e9 sensibilis\u00e9s en cours de latin aux supports de l\u2019\u00e9criture durant l\u2019Antiquit\u00e9 et au Moyen-\u00e2ge. Les \u00e9l\u00e8ves de terminale, dans le cadre d\u2019une s\u00e9quence sur la M\u00e9diterran\u00e9e (mondes antiques, lieux de culture et du savoir&#8230;), encadr\u00e9s par leur professeur de documentation ont men\u00e9 diff\u00e9rentes recherches : les lieux de conservation des \u00e9crits dans l\u2019Antiquit\u00e9 et les diff\u00e9rentes biblioth\u00e8ques, la transmission des \u00e9crits au Moyen-\u00e2ge avec la question des <i>scriptoria<\/i> et des moines copistes, la lecture et l&rsquo;oralit\u00e9.<\/span><\/li>\n<\/ul>\n<p>&nbsp;<\/p>\n<p align=\"JUSTIFY\"><span style=\"font-family: 'Times New Roman', serif; font-size: 12pt;\">Les \u00e9l\u00e8ves de seconde, dans le cadre d\u2019une s\u00e9quence au programme de Latin autour de l\u2019Homme et l\u2019Animal, ont travaill\u00e9 sur le bestiaire fantastique dont l\u2019origine remonte \u00e0 l\u2019Antiquit\u00e9 (griffon, sphinx, licorne\u2026). Le professeur documentaliste a men\u00e9 une s\u00e9ance sur la m\u00e9thodologie de recherche d&rsquo;informations et l&rsquo;utilisation des images en ligne. <\/span><\/p>\n<p align=\"JUSTIFY\"><span style=\"font-family: 'Times New Roman', serif; font-size: 12pt;\">Ces recherches vari\u00e9es vont permettre de constituer un mus\u00e9e virtuel : vid\u00e9os cr\u00e9\u00e9es par les \u00e9l\u00e8ves, supports textuels (textes antiques, d\u00e9finitions, explications\u2026), oraux (lectures \u00e0 voix haute de textes latins) et iconographiques (images libres de droit).<\/span><\/p>\n<p><span style=\"color: #000000; font-size: 12pt;\"><span style=\"font-family: Times New Roman, serif;\"><b>3) Comp\u00e9tences num\u00e9riques<\/b><\/span><\/span><\/p>\n<table border=\"1\" width=\"698\" cellspacing=\"0\" cellpadding=\"7\">\n<tbody>\n<tr>\n<td width=\"135\"><span style=\"color: #000000; font-size: 12pt;\"><span style=\"font-family: Calibri, sans-serif;\">Domaine<\/span><\/span><\/td>\n<td width=\"175\"><span style=\"color: #000000; font-size: 12pt;\"><span style=\"font-family: Calibri, sans-serif;\">Comp\u00e9tence <\/span><\/span><\/td>\n<td width=\"344\"><span style=\"color: #000000; font-size: 12pt;\"><span style=\"font-family: Calibri, sans-serif;\">Lien avec les programmes<\/span><\/span><\/td>\n<\/tr>\n<tr>\n<td width=\"135\"><span style=\"color: #000000; font-size: 12pt;\"><span style=\"font-family: Calibri, sans-serif;\"><b>CRCN : cr\u00e9ation de contenus<\/b><\/span><\/span><\/td>\n<td width=\"175\"><span style=\"color: #000000; font-size: 12pt;\"><span style=\"font-family: Calibri, sans-serif;\"><b>Comp\u00e9tence 2.2 Partager et publier<\/b><\/span><\/span><\/p>\n<p>&nbsp;<\/p>\n<p><span style=\"font-size: 12pt;\">&nbsp;&nbsp;<\/span><\/p>\n<p>&nbsp;<\/p>\n<p>&nbsp;<\/p>\n<p>&nbsp;<\/p>\n<p><span style=\"color: #000000; font-size: 12pt;\"><span style=\"font-family: Calibri, sans-serif;\"><b>Comp\u00e9tence 3.1 D\u00e9velopper des documents textuels<\/b><\/span><\/span><\/p>\n<p>&nbsp;<\/p>\n<p>&nbsp;<\/p>\n<p>&nbsp;<\/p>\n<p>&nbsp;<\/p>\n<p>&nbsp;<\/p>\n<p>&nbsp;<\/p>\n<p><span style=\"font-size: 12pt;\">&nbsp;&nbsp;<\/span><\/p>\n<p>&nbsp;<\/p>\n<p><span style=\"color: #000000; font-size: 12pt;\"><span style=\"font-family: Calibri, sans-serif;\"><b>Comp\u00e9tence 3.2 D\u00e9velopper des documents multim\u00e9dia<\/b><\/span><\/span><\/p>\n<p>&nbsp;<\/p>\n<p>&nbsp;<\/td>\n<td width=\"344\"><span style=\"color: #000000; font-size: 12pt;\">&nbsp;<\/span><\/p>\n<p><span style=\"color: #000000; font-size: 12pt;\"><span style=\"font-family: Calibri, sans-serif;\"><b>Niveau 5 :<\/b><\/span><\/span><\/p>\n<p><span style=\"color: #000000; font-size: 12pt;\"><span style=\"font-family: Calibri, sans-serif;\">&#8211; Ma\u00eetriser son expression publique en ligne en fonction du m\u00e9dia<\/span><\/span><\/p>\n<p><span style=\"color: #000000; font-size: 12pt;\"><span style=\"font-family: Calibri, sans-serif;\">&#8211; Conna\u00eetre et appliquer les bases du droit de la propri\u00e9t\u00e9 intellectuelle ainsi que les licences associ\u00e9es au partage de contenus<\/span><\/span><\/p>\n<p>&nbsp;<\/p>\n<p>&nbsp;<\/p>\n<p><span style=\"color: #000000; font-size: 12pt;\"><span style=\"font-family: Calibri, sans-serif;\"><b>Niveau 4 : <\/b><\/span><\/span><\/p>\n<p><span style=\"color: #000000; font-size: 12pt;\"><span style=\"font-family: Calibri, sans-serif;\">-Concevoir, organiser et \u00e9ditorialiser des contenus majoritairement textuels sur diff\u00e9rents supports et dans diff\u00e9rents formats <\/span><\/span><\/p>\n<p><span style=\"color: #000000; font-size: 12pt;\"><span style=\"font-family: Calibri, sans-serif;\">&#8211; Importer, \u00e9diter et modifier des contenus existants en y int\u00e9grant de nouveaux objets num\u00e9riques <\/span><\/span><\/p>\n<p><span style=\"font-size: 12pt;\"><span style=\"color: #000000;\"><span style=\"font-family: Calibri, sans-serif;\"><b>Niveau 5<\/b><\/span><\/span><span style=\"color: #000000;\"><span style=\"font-family: Calibri, sans-serif;\">&nbsp;<\/span><\/span><\/span><\/p>\n<p><span style=\"color: #000000; font-size: 12pt;\"><span style=\"font-family: Calibri, sans-serif;\">-Choisir le format de diffusion d\u2019une publication en ligne<\/span><\/span><\/p>\n<p><span style=\"color: #000000; font-size: 12pt;\"><span style=\"font-family: Calibri, sans-serif;\">&#8211; Syst\u00e9matiser la mise en forme<\/span><\/span><\/p>\n<p>&nbsp;<\/p>\n<p><span style=\"color: #000000; font-size: 12pt;\"><span style=\"font-family: Calibri, sans-serif;\"><b>Niveau 4 :<\/b><\/span><\/span><\/p>\n<p><span style=\"color: #000000; font-size: 12pt;\"><span style=\"font-family: Calibri, sans-serif;\">&#8211; Acqu\u00e9rir, produire et modifier des objets multim\u00e9dia<\/span><\/span><\/p>\n<p><span style=\"color: #000000; font-size: 12pt;\"><span style=\"font-family: Calibri, sans-serif;\">&#8211; Traiter des images et des sons<\/span><\/span><\/p>\n<p><span style=\"color: #000000; font-size: 12pt;\"><span style=\"font-family: Calibri, sans-serif;\">&#8211;&nbsp; R\u00e9aliser des cr\u00e9ations multim\u00e9dia comportant des programmes de g\u00e9n\u00e9ration automatique (de texte, image, son&#8230;)<\/span><\/span><\/p>\n<p><span style=\"font-size: 12pt;\"><span style=\"color: #000000;\"><span style=\"font-family: Calibri, sans-serif;\"><b>Niveau 5<\/b><\/span><\/span><span style=\"color: #000000;\"><span style=\"font-family: Calibri, sans-serif;\"> :<\/span><\/span><\/span><\/p>\n<p><span style=\"font-size: 12pt;\"><span style=\"color: #000000;\"><span style=\"font-family: Calibri, sans-serif;\">-Cr\u00e9er un objet multim\u00e9dia<\/span><\/span><span style=\"font-family: Times New Roman, serif;\">&nbsp;<\/span><\/span><\/td>\n<\/tr>\n<\/tbody>\n<\/table>\n<p align=\"JUSTIFY\"><span style=\"font-family: 'Times New Roman', serif; font-size: 12pt;\"><b>4) Organisation de la s\u00e9quence : S\u00e9ances d\u2019\u00e9laboration de l\u2019exposition virtuelle<\/b><\/span><\/p>\n<p align=\"JUSTIFY\"><span style=\"font-size: 12pt;\"><span style=\"font-family: Times New Roman, serif;\">Notre exposition virtuelle prend la forme d\u2019un manuscrit virtuel, r\u00e9alis\u00e9 avec l&rsquo;outil <\/span><span style=\"font-family: Times New Roman, serif;\"><i>genia.ly. <\/i>Cela permettra de le publier et le partager en ligne. <\/span><span style=\"font-family: Times New Roman, serif;\">La plateforme est h\u00e9berg\u00e9e en Espagne et la formule <\/span><span style=\"font-family: Times New Roman, serif;\"><i>\u00e9ducation<\/i><\/span><span style=\"font-family: Times New Roman, serif;\"> respecte la r\u00e9glementation RGPD<\/span><span style=\"font-family: Arial, sans-serif;\">.<\/span><\/span><\/p>\n<p align=\"JUSTIFY\"><span style=\"font-family: 'Times New Roman', serif; font-size: 12pt;\">Par groupe, les latinistes cr\u00e9ent une page pour chaque th\u00e8me de l\u2019exposition : Les secondes travaillent sur les animaux mythologiques fabuleux et leurs auteurs. Les terminales se concentrent sur les biblioth\u00e8ques et la lecture dans l\u2019Antiquit\u00e9 et le Moyen-\u00e2ge. L&rsquo;utilisation des diff\u00e9rents m\u00e9dias est recommand\u00e9e: audio, vid\u00e9os, images anim\u00e9es ou interactives, dessins et animations personnels. <\/span><\/p>\n<p align=\"JUSTIFY\"><span style=\"font-family: 'Times New Roman', serif; font-size: 12pt;\"><b>D\u00e9roulement :<\/b><\/span><\/p>\n<p align=\"JUSTIFY\"><span style=\"font-family: 'Times New Roman', serif; font-size: 12pt;\"><b>S\u00e9ance 1 :<\/b> Pr\u00e9sentation du projet et r\u00e9flexion sur les diff\u00e9rents th\u00e8mes. <\/span><\/p>\n<p align=\"JUSTIFY\"><span style=\"font-family: 'Times New Roman', serif; font-size: 12pt;\">R\u00e9flexion commune sur les diff\u00e9rents m\u00e9dias possibles d&rsquo;utiliser. Cela orientera leurs recherches documentaires.<\/span><\/p>\n<p align=\"JUSTIFY\"><span style=\"font-family: 'Times New Roman', serif; font-size: 12pt;\"><b>S\u00e9ance 2 :<\/b> Recherches documentaires via le portail <i>E-SIDOC<\/i> et le web<\/span><\/p>\n<p align=\"JUSTIFY\"><span style=\"font-family: 'Times New Roman', serif; font-size: 12pt;\">Les \u00e9l\u00e8vent recherchent sur <i>E-SIDOC <\/i>et les moteurs de recherche autour des cr\u00e9atures mythologiques (secondes) et sur les biblioth\u00e8ques de l\u2019Antiquit\u00e9 et du Moyen-\u00e2ge (terminales). Les r\u00e9sultats de ces recherches vont ensuite \u00eatre reformul\u00e9es afin qu&rsquo;elles soient compr\u00e9hensible par les coll\u00e9giens qui visiteront l\u2019exposition virtuelle.<\/span><\/p>\n<p align=\"JUSTIFY\"><span style=\"font-family: 'Times New Roman', serif; font-size: 12pt;\"><b>S\u00e9ance 3 : <\/b>R\u00e9alisation d\u2018un <i>story-board<\/i> pour leur page virtuelle<\/span><\/p>\n<p align=\"JUSTIFY\"><span style=\"font-family: 'Times New Roman', serif; font-size: 12pt;\">Tri et organisation des informations par les \u00e9l\u00e8ves. Ils vont r\u00e9aliser un <i>story-board<\/i> avec la pr\u00e9sentation des diff\u00e9rents \u00e9l\u00e9ments (points d\u2019interaction et m\u00e9dias choisi). Cette \u00e9tape est importante pour les aider \u00e0 vulgariser, hi\u00e9rarchiser et synth\u00e9tiser les informations.<\/span><\/p>\n<p align=\"JUSTIFY\"><span style=\"font-family: 'Times New Roman', serif; font-size: 12pt;\"><b>S\u00e9ance 4 : <\/b>Cr\u00e9ation des productions m\u00e9dias (vid\u00e9os, audios, images interactives\u2026)<\/span><\/p>\n<p align=\"JUSTIFY\"><span style=\"font-family: 'Times New Roman', serif; font-size: 12pt;\">Les \u00e9l\u00e8ves r\u00e9alisent en autonomie pendant les vacances leurs productions qu\u2019ils int\u00e8greront dans l\u2019exposition virtuelle.<\/span><\/p>\n<p align=\"JUSTIFY\"><span style=\"font-family: 'Times New Roman', serif; font-size: 12pt;\"><b>S\u00e9ance 5&nbsp;: <\/b>Visionnage commun des vid\u00e9os r\u00e9alis\u00e9es<\/span><\/p>\n<p align=\"JUSTIFY\"><span style=\"font-family: 'Times New Roman', serif; font-size: 12pt;\">Les vid\u00e9os sont projet\u00e9es au CDI. Cette s\u00e9ance permet d&rsquo;avoir une r\u00e9flexion commune et critique des travaux r\u00e9alis\u00e9s. Ils prennent conscience des difficult\u00e9s de la vulgarisation de tout travail scientifique et de la transmission des informations voulue (par exemple : un travail bien document\u00e9 a perdu en dynamisme et pertinence en raison d\u2019une vid\u00e9o qui montrait trop longuement la m\u00eame image). <\/span><\/p>\n<p align=\"JUSTIFY\"><span style=\"font-family: 'Times New Roman', serif; font-size: 12pt;\">Suite \u00e0 cette s\u00e9ance, les \u00e9l\u00e8ves ont modifi\u00e9 leur production.<\/span><\/p>\n<p align=\"JUSTIFY\"><span style=\"font-family: 'Times New Roman', serif; font-size: 12pt;\"><b>S\u00e9ance 6&nbsp;: <\/b>R\u00e9alisation de l\u2019exposition virtuelle<\/span><\/p>\n<p align=\"JUSTIFY\"><span style=\"font-family: 'Times New Roman', serif; font-size: 12pt;\">A partir du story-board de la s\u00e9ance 3, les \u00e9l\u00e8ves, avec l\u2019aide du professeur documentaliste, construisent l\u2019exposition virtuelle via <i>Genia.ly. <\/i>Ils r\u00e9investissent les s\u00e9ances sur la bibliographie pour citer leurs sources et sur les <i>creative commons<\/i> pour notifier les permissions sur leurs \u0153uvres. <\/span><\/p>\n<p align=\"JUSTIFY\"><span style=\"font-family: 'Times New Roman', serif; font-size: 12pt;\"><b>5) Retour sur le projet<\/b><\/span><\/p>\n<p align=\"JUSTIFY\"><span style=\"font-family: 'Times New Roman', serif; font-size: 12pt;\">Dans le cadre du cours de latin, les retomb\u00e9es positives sont multiples et ce, aussi bien pour les Terminales que pour les Secondes.<\/span><\/p>\n<p align=\"JUSTIFY\"><span style=\"font-family: 'Times New Roman', serif; font-size: 12pt;\">Le projet a permis d\u2019aborder deux s\u00e9quences en int\u00e9grant les nouvelles technologies. Un cours de latin original, dynamis\u00e9 et attractif.&nbsp;<\/span><\/p>\n<p align=\"JUSTIFY\"><span style=\"font-family: 'Times New Roman', serif; font-size: 12pt;\">Les \u00e9l\u00e8ves ont appr\u00e9ci\u00e9 la vari\u00e9t\u00e9 des supports de travail (textes antiques, pr\u00e9sentation de diaporamas en cours, s\u00e9ances au CDI, visite des archives\u2026).<\/span><\/p>\n<p align=\"JUSTIFY\"><span style=\"font-family: 'Times New Roman', serif; font-size: 12pt;\">Plusieurs \u00e9l\u00e8ves de Terminale, d\u00e9j\u00e0 \u00e0 l\u2019aise avec les outils informatiques, ont pu mettre en valeur leurs capacit\u00e9s et leurs cr\u00e9ativit\u00e9s, alors m\u00eame qu\u2019ils \u00e9taient plut\u00f4t silencieux en cours de latin. Cela les avait motiv\u00e9s pour faire leurs recherches et \u00e0 <\/span><span style=\"font-family: 'Times New Roman', serif; font-size: 12pt;\">participer davantage en cours de latin.<\/span><\/p>\n<p align=\"JUSTIFY\"><span style=\"font-family: 'Times New Roman', serif; font-size: 12pt;\">Les \u00e9l\u00e8ves de terminale ont appr\u00e9ci\u00e9 pouvoir transmettre aux coll\u00e9giens le fruit de leurs recherches.<\/span><\/p>\n<p align=\"JUSTIFY\"><span style=\"font-family: 'Times New Roman', serif; font-size: 12pt;\">Par contre, les \u00e9l\u00e8ves de seconde ont \u00e9t\u00e9 moins cr\u00e9atifs et ambitieux (pr\u00e9sentations plus proches d\u2019un expos\u00e9 traditionnel). N\u00e9anmoins, voir le travail de leurs camarades de Terminale leur a montr\u00e9 les possibilit\u00e9s et cela a vivement \u00e9veill\u00e9 leur int\u00e9r\u00eat.<\/span><\/p>\n<p align=\"JUSTIFY\"><span style=\"font-family: 'Times New Roman', serif; font-size: 12pt;\">Ce type de projet permet aux latinistes de valoriser et dynamiser leur travail au pr\u00e8s d&rsquo;autres classes.&nbsp;<\/span><\/p>\n<p align=\"JUSTIFY\"><span style=\"font-family: 'Times New Roman', serif; font-size: 12pt;\">La professeure de lettres classiques a suivi une formation sur l\u2019utilisation des outils num\u00e9riques dont g<i>enia.ly<\/i> et l&rsquo;int\u00e9r\u00eat de leur r\u00e9investissement en classe<\/span><span style=\"font-family: 'Times New Roman', serif; font-size: 12pt;\">.<\/span><\/p>\n<p align=\"JUSTIFY\"><span style=\"font-family: 'Times New Roman', serif; font-size: 12pt;\">Elle a pu gr\u00e2ce \u00e0 ce projet collaboratif proposer une approche p\u00e9dagogique de cet outil innovant et rendre attrayant son cours de latin.&nbsp;<\/span><\/p>\n<p align=\"JUSTIFY\"><span style=\"font-family: 'Times New Roman', serif; font-size: 12pt;\">Julie Hugues, professeure de lettres classiques<\/span><\/p>\n<p align=\"JUSTIFY\"><span style=\"font-family: 'Times New Roman', serif; font-size: 12pt;\">Jean-Christophe Boj, professeur documentaliste<\/span><\/p>\n<p align=\"JUSTIFY\"><span style=\"font-family: 'Times New Roman', serif; font-size: 12pt;\">Lyc\u00e9e Simone Veil, Valbonne&nbsp;<\/span><\/p>\n<div style=\"width: 100%;\">\n<div style=\"position: relative; padding-bottom: 56.25%; padding-top: 0; height: 0;\"><iframe loading=\"lazy\" style=\"position: absolute; top: 0; left: 0; width: 100%; height: 100%;\" src=\"https:\/\/view.genial.ly\/621f6ee9bc3482001a3049ae\" width=\"1200\" height=\"675\" frameborder=\"0\" scrolling=\"yes\" allowfullscreen=\"allowfullscreen\"><\/iframe><\/div>\n<\/div>\n","protected":false},"excerpt":{"rendered":"<p>Cr\u00e9ation d\u2019une exposition virtuelle autour du livre, de la lecture et des biblioth\u00e8ques dans l\u2019Antiquit\u00e9 et le Moyen Age. Latin &#8211; Documentation Lyc\u00e9e Simone Veil Mots cl\u00e9s du projet : livre, biblioth\u00e8que antique, lecture , mus\u00e9e virtuel, LCA, Jeunes en librairie, Creative Commons, EMI, Antiquit\u00e9, Moyen-\u00e2ge. Dans le cadre des [&hellip;]<\/p>\n","protected":false},"author":281,"featured_media":3017,"comment_status":"closed","ping_status":"closed","sticky":false,"template":"","format":"standard","meta":{"ngg_post_thumbnail":0,"footnotes":""},"categories":[11],"tags":[112,106,110,91,109,108,99,105,113,107],"class_list":["post-2804","post","type-post","status-publish","format-standard","has-post-thumbnail","hentry","category-traam-emi","tag-antiquite","tag-bibliotheque-antique","tag-creative-commons","tag-education-aux-medias-et-a-linformation","tag-jeunes-en-librairie","tag-lca","tag-lecture","tag-livre","tag-moyen-age","tag-musee-virtuel"],"rttpg_featured_image_url":{"full":["https:\/\/www.pedagogie.ac-nice.fr\/doc-azur\/wp-content\/uploads\/sites\/40\/2022\/05\/expo-1-e1654002268942.png",1226,648,false],"landscape":["https:\/\/www.pedagogie.ac-nice.fr\/doc-azur\/wp-content\/uploads\/sites\/40\/2022\/05\/expo-1-e1654002268942.png",1226,648,false],"portraits":["https:\/\/www.pedagogie.ac-nice.fr\/doc-azur\/wp-content\/uploads\/sites\/40\/2022\/05\/expo-1-e1654002268942.png",1226,648,false],"thumbnail":["https:\/\/www.pedagogie.ac-nice.fr\/doc-azur\/wp-content\/uploads\/sites\/40\/2022\/05\/expo-1-e1654002268942-150x150.png",150,150,true],"medium":["https:\/\/www.pedagogie.ac-nice.fr\/doc-azur\/wp-content\/uploads\/sites\/40\/2022\/05\/expo-1-e1654002268942-300x159.png",300,159,true],"large":["https:\/\/www.pedagogie.ac-nice.fr\/doc-azur\/wp-content\/uploads\/sites\/40\/2022\/05\/expo-1-e1654002268942-1024x541.png",750,396,true],"1536x1536":["https:\/\/www.pedagogie.ac-nice.fr\/doc-azur\/wp-content\/uploads\/sites\/40\/2022\/05\/expo-1-e1654002268942.png",1226,648,false],"2048x2048":["https:\/\/www.pedagogie.ac-nice.fr\/doc-azur\/wp-content\/uploads\/sites\/40\/2022\/05\/expo-1-e1654002268942.png",1226,648,false],"hestia-blog":["https:\/\/www.pedagogie.ac-nice.fr\/doc-azur\/wp-content\/uploads\/sites\/40\/2022\/05\/expo-1-e1654002268942.png",360,190,false],"advps-thumb-one":["https:\/\/www.pedagogie.ac-nice.fr\/doc-azur\/wp-content\/uploads\/sites\/40\/2022\/05\/expo-1-e1654002268942.png",416,220,false]},"rttpg_author":{"display_name":"Jean-Christophe Boj","author_link":"https:\/\/www.pedagogie.ac-nice.fr\/doc-azur\/author\/ant5\/"},"rttpg_comment":0,"rttpg_category":"<a href=\"https:\/\/www.pedagogie.ac-nice.fr\/doc-azur\/category\/traam-emi\/\" rel=\"category tag\">TRAAM EMI<\/a>","rttpg_excerpt":"Cr\u00e9ation d\u2019une exposition virtuelle autour du livre, de la lecture et des biblioth\u00e8ques dans l\u2019Antiquit\u00e9 et le Moyen Age. Latin &#8211; Documentation Lyc\u00e9e Simone Veil Mots cl\u00e9s du projet : livre, biblioth\u00e8que antique, lecture , mus\u00e9e virtuel, LCA, Jeunes en librairie, Creative Commons, EMI, Antiquit\u00e9, Moyen-\u00e2ge. Dans le cadre des [&hellip;]","post_mailing_queue_ids":[],"_links":{"self":[{"href":"https:\/\/www.pedagogie.ac-nice.fr\/doc-azur\/wp-json\/wp\/v2\/posts\/2804","targetHints":{"allow":["GET"]}}],"collection":[{"href":"https:\/\/www.pedagogie.ac-nice.fr\/doc-azur\/wp-json\/wp\/v2\/posts"}],"about":[{"href":"https:\/\/www.pedagogie.ac-nice.fr\/doc-azur\/wp-json\/wp\/v2\/types\/post"}],"author":[{"embeddable":true,"href":"https:\/\/www.pedagogie.ac-nice.fr\/doc-azur\/wp-json\/wp\/v2\/users\/281"}],"replies":[{"embeddable":true,"href":"https:\/\/www.pedagogie.ac-nice.fr\/doc-azur\/wp-json\/wp\/v2\/comments?post=2804"}],"version-history":[{"count":9,"href":"https:\/\/www.pedagogie.ac-nice.fr\/doc-azur\/wp-json\/wp\/v2\/posts\/2804\/revisions"}],"predecessor-version":[{"id":3342,"href":"https:\/\/www.pedagogie.ac-nice.fr\/doc-azur\/wp-json\/wp\/v2\/posts\/2804\/revisions\/3342"}],"wp:featuredmedia":[{"embeddable":true,"href":"https:\/\/www.pedagogie.ac-nice.fr\/doc-azur\/wp-json\/wp\/v2\/media\/3017"}],"wp:attachment":[{"href":"https:\/\/www.pedagogie.ac-nice.fr\/doc-azur\/wp-json\/wp\/v2\/media?parent=2804"}],"wp:term":[{"taxonomy":"category","embeddable":true,"href":"https:\/\/www.pedagogie.ac-nice.fr\/doc-azur\/wp-json\/wp\/v2\/categories?post=2804"},{"taxonomy":"post_tag","embeddable":true,"href":"https:\/\/www.pedagogie.ac-nice.fr\/doc-azur\/wp-json\/wp\/v2\/tags?post=2804"}],"curies":[{"name":"wp","href":"https:\/\/api.w.org\/{rel}","templated":true}]}}