{"id":3370,"date":"2022-07-04T14:40:51","date_gmt":"2022-07-04T12:40:51","guid":{"rendered":"https:\/\/www.pedagogie.ac-nice.fr\/doc-azur\/?p=3370"},"modified":"2022-07-04T14:40:51","modified_gmt":"2022-07-04T12:40:51","slug":"the-doc-002","status":"publish","type":"post","link":"https:\/\/www.pedagogie.ac-nice.fr\/doc-azur\/2022\/07\/04\/the-doc-002\/","title":{"rendered":"Th\u00e9 Doc&rsquo; 002"},"content":{"rendered":"<p>Le Th\u00e9 Doc&rsquo; des professeurs-documentalistes de l&rsquo;Acad\u00e9mie de Nice a eu lieu le 28 f\u00e9vrier 2022.<\/p>\n<p>Pour voir le compte-rendu en ligne : https:\/\/view.genial.ly\/62b2c6e1dfcd54001099d668\/interactive-image-the-doc-2<\/p>\n<div style=\"width: 100%;\">\n<div style=\"position: relative; padding-bottom: 56.25%; padding-top: 0; height: 0;\"><iframe loading=\"lazy\" style=\"position: absolute; top: 0; left: 0; width: 100%; height: 100%;\" src=\"https:\/\/view.genial.ly\/62b2c6e1dfcd54001099d668\" scrolling=\"yes\" allowfullscreen=\"allowfullscreen\" width=\"1200\" height=\"675\" frameborder=\"0\"><\/iframe><\/div>\n<\/div>\n","protected":false},"excerpt":{"rendered":"<p>Le Th\u00e9 Doc&rsquo; des professeurs-documentalistes de l&rsquo;Acad\u00e9mie de Nice a eu lieu le 28 f\u00e9vrier 2022. Pour voir le compte-rendu en ligne : https:\/\/view.genial.ly\/62b2c6e1dfcd54001099d668\/interactive-image-the-doc-2<\/p>\n","protected":false},"author":266,"featured_media":3376,"comment_status":"closed","ping_status":"closed","sticky":false,"template":"","format":"standard","meta":{"ngg_post_thumbnail":0,"footnotes":""},"categories":[134],"tags":[135],"class_list":["post-3370","post","type-post","status-publish","format-standard","has-post-thumbnail","hentry","category-the-doc","tag-the-doc"],"rttpg_featured_image_url":{"full":["https:\/\/www.pedagogie.ac-nice.fr\/doc-azur\/wp-content\/uploads\/sites\/40\/2022\/06\/image2.png",1194,670,false],"landscape":["https:\/\/www.pedagogie.ac-nice.fr\/doc-azur\/wp-content\/uploads\/sites\/40\/2022\/06\/image2.png",1194,670,false],"portraits":["https:\/\/www.pedagogie.ac-nice.fr\/doc-azur\/wp-content\/uploads\/sites\/40\/2022\/06\/image2.png",1194,670,false],"thumbnail":["https:\/\/www.pedagogie.ac-nice.fr\/doc-azur\/wp-content\/uploads\/sites\/40\/2022\/06\/image2-150x150.png",150,150,true],"medium":["https:\/\/www.pedagogie.ac-nice.fr\/doc-azur\/wp-content\/uploads\/sites\/40\/2022\/06\/image2-300x168.png",300,168,true],"large":["https:\/\/www.pedagogie.ac-nice.fr\/doc-azur\/wp-content\/uploads\/sites\/40\/2022\/06\/image2-1024x575.png",750,421,true],"1536x1536":["https:\/\/www.pedagogie.ac-nice.fr\/doc-azur\/wp-content\/uploads\/sites\/40\/2022\/06\/image2.png",1194,670,false],"2048x2048":["https:\/\/www.pedagogie.ac-nice.fr\/doc-azur\/wp-content\/uploads\/sites\/40\/2022\/06\/image2.png",1194,670,false],"hestia-blog":["https:\/\/www.pedagogie.ac-nice.fr\/doc-azur\/wp-content\/uploads\/sites\/40\/2022\/06\/image2.png",360,202,false],"advps-thumb-one":["https:\/\/www.pedagogie.ac-nice.fr\/doc-azur\/wp-content\/uploads\/sites\/40\/2022\/06\/image2.png",392,220,false]},"rttpg_author":{"display_name":"Elsa Riquier","author_link":"https:\/\/www.pedagogie.ac-nice.fr\/doc-azur\/author\/ian1\/"},"rttpg_comment":0,"rttpg_category":"<a href=\"https:\/\/www.pedagogie.ac-nice.fr\/doc-azur\/category\/the-doc\/\" rel=\"category tag\">Th\u00e9 Doc'<\/a>","rttpg_excerpt":"Le Th\u00e9 Doc&rsquo; des professeurs-documentalistes de l&rsquo;Acad\u00e9mie de Nice a eu lieu le 28 f\u00e9vrier 2022. Pour voir le compte-rendu en ligne : https:\/\/view.genial.ly\/62b2c6e1dfcd54001099d668\/interactive-image-the-doc-2","post_mailing_queue_ids":[],"_links":{"self":[{"href":"https:\/\/www.pedagogie.ac-nice.fr\/doc-azur\/wp-json\/wp\/v2\/posts\/3370","targetHints":{"allow":["GET"]}}],"collection":[{"href":"https:\/\/www.pedagogie.ac-nice.fr\/doc-azur\/wp-json\/wp\/v2\/posts"}],"about":[{"href":"https:\/\/www.pedagogie.ac-nice.fr\/doc-azur\/wp-json\/wp\/v2\/types\/post"}],"author":[{"embeddable":true,"href":"https:\/\/www.pedagogie.ac-nice.fr\/doc-azur\/wp-json\/wp\/v2\/users\/266"}],"replies":[{"embeddable":true,"href":"https:\/\/www.pedagogie.ac-nice.fr\/doc-azur\/wp-json\/wp\/v2\/comments?post=3370"}],"version-history":[{"count":2,"href":"https:\/\/www.pedagogie.ac-nice.fr\/doc-azur\/wp-json\/wp\/v2\/posts\/3370\/revisions"}],"predecessor-version":[{"id":3377,"href":"https:\/\/www.pedagogie.ac-nice.fr\/doc-azur\/wp-json\/wp\/v2\/posts\/3370\/revisions\/3377"}],"wp:featuredmedia":[{"embeddable":true,"href":"https:\/\/www.pedagogie.ac-nice.fr\/doc-azur\/wp-json\/wp\/v2\/media\/3376"}],"wp:attachment":[{"href":"https:\/\/www.pedagogie.ac-nice.fr\/doc-azur\/wp-json\/wp\/v2\/media?parent=3370"}],"wp:term":[{"taxonomy":"category","embeddable":true,"href":"https:\/\/www.pedagogie.ac-nice.fr\/doc-azur\/wp-json\/wp\/v2\/categories?post=3370"},{"taxonomy":"post_tag","embeddable":true,"href":"https:\/\/www.pedagogie.ac-nice.fr\/doc-azur\/wp-json\/wp\/v2\/tags?post=3370"}],"curies":[{"name":"wp","href":"https:\/\/api.w.org\/{rel}","templated":true}]}}