{"id":3436,"date":"2022-12-05T11:23:48","date_gmt":"2022-12-05T10:23:48","guid":{"rendered":"https:\/\/www.pedagogie.ac-nice.fr\/doc-azur\/?p=3436"},"modified":"2023-12-29T19:51:25","modified_gmt":"2023-12-29T18:51:25","slug":"bilan-reunion-reseaux-du-lundi-14-novembre-2022-cannes-grasse","status":"publish","type":"post","link":"https:\/\/www.pedagogie.ac-nice.fr\/doc-azur\/2022\/12\/05\/bilan-reunion-reseaux-du-lundi-14-novembre-2022-cannes-grasse\/","title":{"rendered":"Bilan r\u00e9union \u00ab\u00a0r\u00e9seaux\u00a0\u00bb du lundi 14 novembre 2022 &#8211; Cannes-Grasse"},"content":{"rendered":"<p align=\"left\"><strong>9h-10h30<\/strong>&nbsp;: \u00c9changes de pratiques professionnelles<\/p>\n<p align=\"center\"><strong>R\u00e9f\u00e9rent culture &#8211; Pass culture &#8211; Adage<\/strong><\/p>\n<p align=\"left\">R\u00e9union pour les r\u00e9f\u00e9rents culture le 15 d\u00e9cembre en visio de 1<span style=\"color: #000000;\"><span style=\"font-family: Calibri, Arial, Helvetica, sans-serif;\"><span style=\"font-size: medium;\">3h30-16h30.<\/span><\/span><\/span><\/p>\n<p align=\"left\">Le r\u00e9f\u00e9rent culture (le plus souvent) renseigne les actions EAC de l&rsquo;\u00e9tablissement sur Adage.<\/p>\n<p align=\"left\">Les enseignants, voir juste les coordonnateurs de discipline, peuvent obtenir des codes r\u00e9dacteurs.<\/p>\n<p align=\"left\">Conseil pratique&nbsp;: si c&rsquo;est le r\u00e9f\u00e9rent culture qui saisit les projets, les enseignants peuvent remplir une fiche type \u00ab&nbsp;action-projet&nbsp;\u00bb a donner au r\u00e9f\u00e9rent culture.<\/p>\n<p align=\"left\">Certains coll\u00e8gues ont d\u00e9j\u00e0 utilis\u00e9 la plateforme pour utiliser l&rsquo;argent collectif du Pass culture.<\/p>\n<p align=\"left\"><u>Remarques&nbsp;<\/u>:<\/p>\n<p align=\"left\">Difficult\u00e9s de s&rsquo;inscrire pour les partenaires&nbsp;: dossier complet et complexe \u00e0 saisir.<\/p>\n<p align=\"left\">La validation n&rsquo;est pas automatique.<\/p>\n<p align=\"left\">L&rsquo;inscription peut \u00eatre valid\u00e9e apr\u00e8s plusieurs semaines.<\/p>\n<p align=\"left\">Le moteur de recherche n&rsquo;est pas pertinent et doit \u00eatre am\u00e9lior\u00e9.<\/p>\n<p align=\"center\">Ecole Acad\u00e9mique de la Formation Continue (EAFC) (ancien PAF)<\/p>\n<p>Plateforme Sofia-FMo via Esterel-Nice. \u00ab&nbsp;<i>mon plan de formation individuel<\/i>&nbsp;\u00bb<\/p>\n<p><u>D\u00e9marche pour \u00eatre convoqu\u00e9 \u00e0 une formation propos\u00e9e&nbsp;:<\/u><\/p>\n<ol>\n<li>Je consulte les formations<\/li>\n<\/ol>\n<p><a href=\"https:\/\/www.ac-nice.fr\/cycle-enseignement-second-degre-documentation-122824\">Lien direct pour voir les formations li\u00e9es \u00e0 la Doc<\/a><\/p>\n<ol start=\"2\">\n<li>Je m&rsquo;abonne \u00e0 un module \u2013 Je peux m\u2019inscrire \u00e0 autant de module que je veux<\/li>\n<li>Je re\u00e7ois quelques temps apr\u00e8s un mail avec le jour et la date du module. <span style=\"color: #ff0000;\"><b>Il faut obligatoirement confirmer son inscription via un lien sur le mail<\/b><\/span><\/li>\n<li><span style=\"color: #ff0000;\"><b>Attention&nbsp;! Le chef d&rsquo;\u00e9tablissement dispose de 3 jours pour donner son accord<\/b><\/span><\/li>\n<li>Je re\u00e7ois un e-mail r\u00e9capitulant les d\u00e9tails de la formation<\/li>\n<li>Je suis convoqu\u00e9e en pr\u00e9sentiel ou en distanciel<\/li>\n<\/ol>\n<p align=\"left\"><strong>10h30-12h<\/strong>&nbsp;: Maison de l&rsquo;intelligence artificielle \u2013 MIA<\/p>\n<p align=\"left\"><u>Intervenante&nbsp;<\/u>:<\/p>\n<p align=\"left\"><b>Florence Tressols<\/b><\/p>\n<p align=\"left\"><i>Cheffe de projets num\u00e9riques &amp; intelligence artificielle<\/i><\/p>\n<p align=\"left\">06 47 66 31 99<\/p>\n<p align=\"left\"><span style=\"font-family: Times New Roman, serif;\"><span style=\"font-size: medium;\"><u>Autre contact&nbsp;<\/u>: <\/span><\/span><\/p>\n<p><span style=\"color: #242424;\"><span style=\"font-family: Times New Roman, serif;\"><span style=\"font-size: medium;\"><b>Laurent&nbsp;Laugier<\/b><\/span><\/span><\/span><\/p>\n<p><span style=\"color: #000000;\"><span style=\"font-family: Times New Roman, serif;\"><span style=\"font-size: medium;\"><i>Charg\u00e9 de m\u00e9diation et projets num\u00e9riques<\/i><\/span><\/span><\/span><\/p>\n<p><span style=\"color: #000000;\"><span style=\"font-family: Times New Roman, serif;\"><span style=\"font-size: medium;\">06 07 39 97 85 &#8211; 0<span style=\"color: #0d0d0d;\">4 22 21 50 42<\/span><\/span><\/span><\/span><\/p>\n<p align=\"left\"><a href=\"mailto:llaugier@maison-intelligence-artificielle.com\" target=\"_blank\" rel=\"noopener\"><span style=\"color: #0563c1;\"><span style=\"font-family: Times New Roman, serif;\"><span style=\"font-size: medium;\">llaugier@maison-intelligence-artificielle.com<\/span><\/span><\/span><\/a><\/p>\n<p align=\"left\"><a href=\"mailto:contact@maison-intelligence-artificielle.com\">contact@maison-intelligence-artificielle.com<\/a><\/p>\n<p align=\"left\"><a href=\"https:\/\/maison-intelligence-artificielle.com\/\">Acc\u00e8s au site web<\/a>.<\/p>\n<p align=\"left\">En septembre 2020, mission de sensibilisation de 35000 enfants de France.<\/p>\n<p align=\"left\">Tous les \u00e9tablissements scolaires sont concern\u00e9s.<\/p>\n<p align=\"left\">Le programme \u00ab&nbsp;<i>Arc en ciel<\/i>&nbsp;\u00bb concerne seulement les coll\u00e9giens.<\/p>\n<p align=\"left\"><u>Ils proposent&nbsp;:<\/u><\/p>\n<ul>\n<li>\n<p align=\"left\">Ateliers p\u00e9dagogiques in situ \u00e0 la MIA<\/p>\n<\/li>\n<li>\n<p align=\"left\">Animations p\u00e9dagogiques dans les \u00e9tablissements scolaires<\/p>\n<\/li>\n<li>\n<p align=\"left\">Exposition \u00ab&nbsp;IA by MIA Acr-en-ciel&nbsp;\u00bb incluant un challenge par classe<\/p>\n<\/li>\n<\/ul>\n<p align=\"left\"><b>Cadeau offert<\/b>&nbsp;: 1 exemplaire du \u00ab&nbsp;Jeu de 7 familles de l&rsquo;informatique \u00bb<\/p>\n<p align=\"left\"><u>Exp\u00e9riences v\u00e9cues de leur intervention&nbsp;:<\/u><\/p>\n<ul>\n<li>\n<p align=\"left\">1h par classe<\/p>\n<\/li>\n<li>\n<p align=\"left\">Q. pour les 6e-5e et les 4e-3e<\/p>\n<\/li>\n<li>\n<p align=\"left\">3 ateliers&nbsp;: 10 min par atelier = 3 \u00eelots&nbsp;: visionner, lire, jeu \u00e9nigme (besoin de 5 tablettes-sans wifi)<\/p>\n<\/li>\n<li>\n<p align=\"left\">Difficult\u00e9 des \u00e9l\u00e8ves \u00e0 trouver les r\u00e9ponses&nbsp;: revoir la comp\u00e9tence de lecture rapide et de compr\u00e9hension d&rsquo;une signal\u00e9tique (codes couleurs, police et caract\u00e8re d\u2019\u00e9critures&#8230;)<\/p>\n<\/li>\n<li>\n<p align=\"left\">L&rsquo;intervention est \u00e0 pr\u00e9parer en amont<\/p>\n<\/li>\n<li>\n<p align=\"left\">Dense. Ce serait plus confortable de pr\u00e9voir 1h30\/classe<\/p>\n<\/li>\n<\/ul>\n<p align=\"left\">Vous pouvez aussi vous int\u00e9resser \u00e0<\/p>\n<ul>\n<li>\n<p align=\"left\"><a href=\"https:\/\/terra-numerica.org\/terra-numerica-sophia\/\">Terra Numerica<\/a>, Nice<\/p>\n<\/li>\n<li>\n<p align=\"left\">Association <a href=\"https:\/\/www.lespetitsdebrouillards.org\/\">Les petits d\u00e9brouillards<\/a><\/p>\n<\/li>\n<\/ul>\n<p align=\"left\"><strong>12h15-13h15&nbsp;<\/strong>: Repas au lyc\u00e9e De Croisset \u2013 Restaurant d&rsquo;application<\/p>\n<p align=\"left\"><strong>13h15-14h&nbsp;<\/strong>: D\u00e9part \u00e0 la retraite de V\u00e9ronique Monssu<\/p>\n<p align=\"left\"><strong>14h-14h30<\/strong>&nbsp;: Centre de la photographie \u00e0 Mougins<\/p>\n<p align=\"left\"><u>Intervenante&nbsp;<\/u>:<\/p>\n<p align=\"left\"><b>Kim Peacock<\/b><\/p>\n<p align=\"left\"><i>Charg\u00e9e des publics et de la m\u00e9diation<\/i><\/p>\n<p align=\"left\"><a href=\"mailto:kpeacock@villedemougins.com\"><span style=\"color: #000000;\">kpeacock@villedemougins.com<\/span><\/a><\/p>\n<p align=\"left\">04 22 21 52 14 &#8211; 06 87 14 72 39<\/p>\n<p align=\"left\">Ouverture en juillet 2021.<\/p>\n<p align=\"left\">3 expositions\/an et 1 r\u00e9sident d&rsquo;artiste\/an.<\/p>\n<p align=\"left\">Ils produisent des livres-revues. Auto-\u00e9dition.<\/p>\n<p align=\"left\">Il y a une librairie, une boutique et un centre de documentation.<\/p>\n<p align=\"left\">\u00c9ducation \u00e0 l&rsquo;image et \u00e0 la photographie&nbsp;: projections de films, expositions, mise en relation avec des professionnels, atelier.<\/p>\n<p align=\"left\">Du primaire au lyc\u00e9e.<\/p>\n<p align=\"left\">6 euros l\u2019entr\u00e9e \u00e0 partir de 18 ans.<\/p>\n<p align=\"left\">Gratuit pour les -18 ans et les \u00e9tablissements scolaires.<\/p>\n<p align=\"left\">1 classe enti\u00e8re peut \u00eatre accueillie.<\/p>\n<p align=\"left\">Pour plus d&rsquo;informations&nbsp;: <a href=\"https:\/\/centrephotographiemougins.com\/\">Site web<\/a><\/p>\n<p align=\"left\"><strong>14h30<\/strong>&nbsp;: Association CIDISOL<\/p>\n<p align=\"left\"><u>Intervenants&nbsp;:<\/u><\/p>\n<table width=\"100%\" cellspacing=\"0\" cellpadding=\"4\">\n<tbody>\n<tr valign=\"top\">\n<td width=\"33%\">Philippe Caner<\/p>\n<p><a href=\"mailto:ppi@cidisol.org\"><span style=\"color: #000000;\">ppi@cidisol.org<\/span><\/a><\/p>\n<p>06 15 27 81 10<\/td>\n<td width=\"33%\">Le slameur Mesko<\/p>\n<p><a href=\"mailto:dap@cidisol.org\"><span style=\"color: #000000;\">dap@cidisol.org<\/span><\/a><\/p>\n<p><a href=\"http:\/\/www.slamsol.org\/\">www.slamsol.org<\/a><\/td>\n<td width=\"33%\"><a href=\"mailto:hello@cidisol.org\"><span style=\"color: #000000;\">hello@cidisol.org<\/span><\/a><\/p>\n<p>07 69 87 84 58<\/p>\n<p align=\"left\"><a href=\"https:\/\/cidisol.org\/\">Site web<\/a><\/p>\n<p>Am\u00e9lie (animatrice)<\/p>\n<p>dod@cidisol.org<\/td>\n<\/tr>\n<\/tbody>\n<\/table>\n<p>Association reconnue d\u2019int\u00e9r\u00eat g\u00e9n\u00e9ral pour ses actions culturelles et humanitaires, agr\u00e9\u00e9e Acad\u00e9mie de Nice et Pass Culture.<\/p>\n<p><b><\/b><u>Champs d\u2019action :<\/u><\/p>\n<p>* l\u2019\u00e9cole * l\u2019agriculture * la culture * les infrastructures * la sant\u00e9<\/p>\n<p><u>Programme culturel&nbsp;:<\/u><\/p>\n<p>* Sauver des livres<\/p>\n<p>* Librairie solidaire<\/p>\n<p>* Slamsol (depuis 2019)&nbsp;: \u00ab&nbsp;<i>\u00e9crire pour se faire entendre&nbsp;<\/i>\u00bb<\/p>\n<p><u>Qu\u2019est-ce que le slam&nbsp;?<\/u><\/p>\n<p>D\u00e9clamer un texte que l\u2019on a \u00e9crit, seul(e) ou en \u00e9quipe. En vers libres comme une sorte de po\u00e8me, en 3 minutes ou moins, sans accessoires, ni d\u00e9guisements, ni musiques (sauf pour un accompagnement).<\/p>\n<p>Diff\u00e9rent du Spoken word.<\/p>\n","protected":false},"excerpt":{"rendered":"<p>9h-10h30&nbsp;: \u00c9changes de pratiques professionnelles R\u00e9f\u00e9rent culture &#8211; Pass culture &#8211; Adage R\u00e9union pour les r\u00e9f\u00e9rents culture le 15 d\u00e9cembre en visio de 13h30-16h30. Le r\u00e9f\u00e9rent culture (le plus souvent) renseigne les actions EAC de l&rsquo;\u00e9tablissement sur Adage. Les enseignants, voir juste les coordonnateurs de discipline, peuvent obtenir des codes [&hellip;]<\/p>\n","protected":false},"author":282,"featured_media":3711,"comment_status":"closed","ping_status":"closed","sticky":false,"template":"","format":"standard","meta":{"ngg_post_thumbnail":0,"footnotes":""},"categories":[50],"tags":[],"class_list":["post-3436","post","type-post","status-publish","format-standard","has-post-thumbnail","hentry","category-reseau-cannes-grasse"],"rttpg_featured_image_url":{"full":["https:\/\/www.pedagogie.ac-nice.fr\/doc-azur\/wp-content\/uploads\/sites\/40\/2023\/12\/network.jpg",150,150,false],"landscape":["https:\/\/www.pedagogie.ac-nice.fr\/doc-azur\/wp-content\/uploads\/sites\/40\/2023\/12\/network.jpg",150,150,false],"portraits":["https:\/\/www.pedagogie.ac-nice.fr\/doc-azur\/wp-content\/uploads\/sites\/40\/2023\/12\/network.jpg",150,150,false],"thumbnail":["https:\/\/www.pedagogie.ac-nice.fr\/doc-azur\/wp-content\/uploads\/sites\/40\/2023\/12\/network.jpg",150,150,false],"medium":["https:\/\/www.pedagogie.ac-nice.fr\/doc-azur\/wp-content\/uploads\/sites\/40\/2023\/12\/network.jpg",150,150,false],"large":["https:\/\/www.pedagogie.ac-nice.fr\/doc-azur\/wp-content\/uploads\/sites\/40\/2023\/12\/network.jpg",150,150,false],"1536x1536":["https:\/\/www.pedagogie.ac-nice.fr\/doc-azur\/wp-content\/uploads\/sites\/40\/2023\/12\/network.jpg",150,150,false],"2048x2048":["https:\/\/www.pedagogie.ac-nice.fr\/doc-azur\/wp-content\/uploads\/sites\/40\/2023\/12\/network.jpg",150,150,false],"hestia-blog":["https:\/\/www.pedagogie.ac-nice.fr\/doc-azur\/wp-content\/uploads\/sites\/40\/2023\/12\/network.jpg",150,150,false],"advps-thumb-one":["https:\/\/www.pedagogie.ac-nice.fr\/doc-azur\/wp-content\/uploads\/sites\/40\/2023\/12\/network.jpg",150,150,false]},"rttpg_author":{"display_name":"Audrey_C","author_link":"https:\/\/www.pedagogie.ac-nice.fr\/doc-azur\/author\/can5\/"},"rttpg_comment":0,"rttpg_category":"<a href=\"https:\/\/www.pedagogie.ac-nice.fr\/doc-azur\/category\/reseau-cannes-grasse\/\" rel=\"category tag\">R\u00e9seau Cannes Grasse<\/a>","rttpg_excerpt":"9h-10h30&nbsp;: \u00c9changes de pratiques professionnelles R\u00e9f\u00e9rent culture &#8211; Pass culture &#8211; Adage R\u00e9union pour les r\u00e9f\u00e9rents culture le 15 d\u00e9cembre en visio de 13h30-16h30. Le r\u00e9f\u00e9rent culture (le plus souvent) renseigne les actions EAC de l&rsquo;\u00e9tablissement sur Adage. Les enseignants, voir juste les coordonnateurs de discipline, peuvent obtenir des codes [&hellip;]","post_mailing_queue_ids":[],"_links":{"self":[{"href":"https:\/\/www.pedagogie.ac-nice.fr\/doc-azur\/wp-json\/wp\/v2\/posts\/3436","targetHints":{"allow":["GET"]}}],"collection":[{"href":"https:\/\/www.pedagogie.ac-nice.fr\/doc-azur\/wp-json\/wp\/v2\/posts"}],"about":[{"href":"https:\/\/www.pedagogie.ac-nice.fr\/doc-azur\/wp-json\/wp\/v2\/types\/post"}],"author":[{"embeddable":true,"href":"https:\/\/www.pedagogie.ac-nice.fr\/doc-azur\/wp-json\/wp\/v2\/users\/282"}],"replies":[{"embeddable":true,"href":"https:\/\/www.pedagogie.ac-nice.fr\/doc-azur\/wp-json\/wp\/v2\/comments?post=3436"}],"version-history":[{"count":2,"href":"https:\/\/www.pedagogie.ac-nice.fr\/doc-azur\/wp-json\/wp\/v2\/posts\/3436\/revisions"}],"predecessor-version":[{"id":3714,"href":"https:\/\/www.pedagogie.ac-nice.fr\/doc-azur\/wp-json\/wp\/v2\/posts\/3436\/revisions\/3714"}],"wp:featuredmedia":[{"embeddable":true,"href":"https:\/\/www.pedagogie.ac-nice.fr\/doc-azur\/wp-json\/wp\/v2\/media\/3711"}],"wp:attachment":[{"href":"https:\/\/www.pedagogie.ac-nice.fr\/doc-azur\/wp-json\/wp\/v2\/media?parent=3436"}],"wp:term":[{"taxonomy":"category","embeddable":true,"href":"https:\/\/www.pedagogie.ac-nice.fr\/doc-azur\/wp-json\/wp\/v2\/categories?post=3436"},{"taxonomy":"post_tag","embeddable":true,"href":"https:\/\/www.pedagogie.ac-nice.fr\/doc-azur\/wp-json\/wp\/v2\/tags?post=3436"}],"curies":[{"name":"wp","href":"https:\/\/api.w.org\/{rel}","templated":true}]}}