{"id":3619,"date":"2023-12-14T12:06:30","date_gmt":"2023-12-14T11:06:30","guid":{"rendered":"https:\/\/www.pedagogie.ac-nice.fr\/doc-azur\/?p=3619"},"modified":"2023-12-29T19:50:13","modified_gmt":"2023-12-29T18:50:13","slug":"bilan-reunion-inter-reseaux-du-mardi-12-decembre-2023-cannes-grasse","status":"publish","type":"post","link":"https:\/\/www.pedagogie.ac-nice.fr\/doc-azur\/2023\/12\/14\/bilan-reunion-inter-reseaux-du-mardi-12-decembre-2023-cannes-grasse\/","title":{"rendered":"Bilan r\u00e9union inter-r\u00e9seaux du mardi 12 d\u00e9cembre 2023 \u2013 Cannes-Grasse"},"content":{"rendered":"<p align=\"CENTER\"><span style=\"color: #cc00cc;\"><span style=\"font-family: Times New Roman, serif;\"><span style=\"font-size: large;\"><b>R\u00e9union r\u00e9seau Cannes &#8211; Pays de L\u00e9rins \u2013 Grasse<\/b><\/span><\/span><\/span><\/p>\n<p align=\"CENTER\"><span style=\"color: #cc00cc;\"><span style=\"font-family: Times New Roman, serif;\"><span style=\"font-size: large;\"><b>Mardi 12 d\u00e9cembre 2023<\/b><\/span><\/span><\/span><\/p>\n<p align=\"LEFT\"><span style=\"color: #000000;\"><span style=\"font-family: Times New Roman, serif;\"><span style=\"font-size: medium;\"><b>Module&nbsp;<\/b>: Groupes de d\u00e9veloppement professionnels r\u00e9seaux<\/span><\/span><\/span><\/p>\n<p align=\"LEFT\"><strong><span style=\"color: #000000;\"><span style=\"font-family: Times New Roman, serif;\"><span style=\"font-size: medium;\"><b>Lieu de la r\u00e9union<\/b><\/span><\/span><\/span><\/strong><span style=\"color: #000000;\"><span style=\"font-family: Times New Roman, serif;\"><span style=\"font-size: medium;\">&nbsp;: Coll\u00e8ge Canteperdrix, 06130 Grasse<\/span><\/span><\/span><\/p>\n<p align=\"LEFT\"><strong><span style=\"color: #000000;\"><span style=\"font-family: Times New Roman, serif;\"><span style=\"font-size: medium;\"><b>Horaire<\/b><\/span><\/span><\/span><\/strong><span style=\"color: #000000;\"><span style=\"font-family: Times New Roman, serif;\"><span style=\"font-size: medium;\">&nbsp;: 9h-16h<\/span><\/span><\/span><\/p>\n<p align=\"LEFT\"><span style=\"font-family: Times New Roman, serif;\"><span style=\"font-size: medium;\"><span style=\"color: #000000;\"><b>Pr\u00e9sents&nbsp;<\/b><\/span><span style=\"color: #000000;\">: 28 personnes sur 34.<\/span><\/span><\/span><\/p>\n<table border=\"1\" width=\"100%\" cellspacing=\"0\" cellpadding=\"4\">\n<tbody>\n<tr>\n<td valign=\"TOP\" width=\"100%\">\n<p align=\"CENTER\"><span style=\"color: #000000;\"><span style=\"font-family: Times New Roman, serif;\"><span style=\"font-size: medium;\"><b>LE MATIN<\/b><\/span><\/span><\/span><\/p>\n<\/td>\n<\/tr>\n<\/tbody>\n<\/table>\n<p align=\"LEFT\"><span style=\"font-family: 'Times New Roman', serif; color: #0000ff;\"><span style=\"font-size: medium;\">Accueil caf\u00e9-th\u00e9<\/span><\/span><\/p>\n<p align=\"LEFT\"><span style=\"font-family: 'Times New Roman', serif; color: #0000ff;\"><span style=\"font-size: medium;\">\u00c9changes professionnels autour de plusieurs th\u00e9matiques<\/span><\/span><\/p>\n<ul>\n<li>\n<p align=\"LEFT\"><span style=\"color: #000000;\"><span style=\"font-family: Times New Roman, serif;\"><span style=\"font-size: medium;\"><b>Tour de table<\/b><b> <\/b>et pr\u00e9sentation des nouveaux professeurs documentalistes.<\/span><\/span><\/span><\/p>\n<\/li>\n<\/ul>\n<p align=\"LEFT\"><span style=\"color: #000000;\"><span style=\"font-family: Times New Roman, serif;\"><span style=\"font-size: medium;\">Nombreux sont \u00abr\u00e9f\u00e9rent culture&nbsp;\u00bb, 2 sont \u00ab&nbsp;r\u00e9f\u00e9rent EDD&nbsp;\u00bb, 1 personne est r\u00e9f\u00e9rente \u00ab&nbsp;d\u00e9couverte des m\u00e9tiers&nbsp;\u00bb, 1 r\u00e9f\u00e9rent \u00ab&nbsp;Pix&nbsp;\u00bb, 2 sont \u00ab&nbsp;r\u00e9f\u00e9rent num\u00e9rique&nbsp;\u00bb.<\/span><\/span><\/span><\/p>\n<ul>\n<li>\n<p align=\"LEFT\"><span style=\"color: #000000;\"><span style=\"font-family: Times New Roman, serif;\"><span style=\"font-size: medium;\"><b>EAFC 2023-2024<\/b><\/span><\/span><\/span><\/p>\n<\/li>\n<\/ul>\n<p align=\"LEFT\"><span style=\"color: #000000;\"><span style=\"font-family: Times New Roman, serif;\"><span style=\"font-size: medium;\">Invitation \u00e0 s&rsquo;inscrire aux diverses formations propos\u00e9es.<\/span><\/span><\/span><\/p>\n<p align=\"LEFT\"><span style=\"color: #000000;\"><span style=\"font-family: Times New Roman, serif;\"><span style=\"font-size: medium;\">Certains ne valident pas leur inscription car la date (ou l&rsquo;horaire) propos\u00e9e ne convient pas.<\/span><\/span><\/span><\/p>\n<p align=\"LEFT\"><span style=\"color: #000000;\"><span style=\"font-family: Times New Roman, serif;\"><span style=\"font-size: medium;\">Certaines personnes ne re\u00e7oivent pas les mails pour les inscriptions alors qu&rsquo;elles sont pr\u00e9-inscrites.<\/span><\/span><\/span><\/p>\n<ul>\n<li>\n<p align=\"LEFT\"><span style=\"color: #000000;\"><span style=\"font-family: Times New Roman, serif;\"><span style=\"font-size: medium;\"><b>Docazur.<\/b><\/span><\/span><\/span><\/p>\n<p align=\"LEFT\"><span style=\"color: #000000;\"><span style=\"font-family: Times New Roman, serif;\"><span style=\"font-size: medium;\">Invitation \u00e0 consulter le site et surtout \u00e0 y contribuer en partageant, par exemple, des s\u00e9ances p\u00e9dagogiques.<\/span><\/span><\/span><\/p>\n<p align=\"LEFT\"><span style=\"color: #000000;\"><span style=\"font-family: Times New Roman, serif;\"><span style=\"font-size: medium;\">Invitation \u00e0 lire le bulletin Doc@zur.<\/span><\/span><\/span><\/p>\n<\/li>\n<li>\n<p align=\"LEFT\"><span style=\"color: #000000;\"><span style=\"font-family: Times New Roman, serif;\"><span style=\"font-size: medium;\"><b>Pacte &#8211; RCD<\/b><\/span><\/span><\/span><\/p>\n<ul>\n<li><span style=\"font-family: Times New Roman, serif;\"><span style=\"font-size: medium;\"><span style=\"color: #000000;\">IMP transform\u00e9 en Pacte.<\/span><\/span><\/span><\/li>\n<li><span style=\"font-family: Times New Roman, serif;\"><span style=\"font-size: medium;\"><span style=\"color: #000000;\">Les situations sont vari\u00e9es et tout d\u00e9pend de la mise en place d\u00e9cid\u00e9e par les chefs d&rsquo;\u00e9tablissement.<\/span><\/span><\/span><\/li>\n<li><span style=\"font-family: Times New Roman, serif;\"><span style=\"font-size: medium;\"><span style=\"color: #000000;\">RCD : Les coll\u00e8gues assurent des cours li\u00e9s aux missions des profs-docs.<\/span><\/span><\/span>\n<ul>\n<li style=\"list-style-type: none;\">\n<ul>\n<li>\n<p align=\"LEFT\"><span style=\"font-family: Times New Roman, serif;\"><span style=\"font-size: medium;\"><span style=\"color: #000000;\">Les cours sont assur\u00e9s pendant les heures de service mais ensuite rattrap\u00e9s sur les jours libres.<\/span><\/span><\/span><\/p>\n<\/li>\n<li>\n<p align=\"LEFT\"><span style=\"font-family: Times New Roman, serif;\"><span style=\"font-size: medium;\"><span style=\"color: #000000;\">Les cours sont assur\u00e9s pendant les heures de service mais renonciation \u00e0 la r\u00e9cup\u00e9ration des heures ORS<\/span><\/span><\/span><\/p>\n<\/li>\n<li>\n<p align=\"LEFT\"><span style=\"font-family: Times New Roman, serif;\"><span style=\"font-size: medium;\"><span style=\"color: #000000;\">Une coll\u00e8gue se voit contrainte de faire des remplacements dans la discipline de la personne remplac\u00e9e. Elle fait autant du fran\u00e7ais, que des maths, que de l&rsquo;Histoire&#8230;<\/span><\/span><\/span><\/p>\n<\/li>\n<li>\n<p align=\"LEFT\"><span style=\"font-family: Times New Roman, serif;\"><span style=\"font-size: medium;\"><span style=\"color: #000000;\">Les cours sont assur\u00e9s sur des horaires en dehors du temps de service.<\/span><\/span><\/span><\/p>\n<\/li>\n<\/ul>\n<\/li>\n<\/ul>\n<\/li>\n<\/ul>\n<\/li>\n<li>\n<p align=\"LEFT\"><span style=\"font-family: Times New Roman, serif;\"><span style=\"font-size: medium;\"><span style=\"color: #000000;\">Pacte sign\u00e9&nbsp;: RCD et projet innovant<\/span><\/span><\/span><\/p>\n<\/li>\n<\/ul>\n<p align=\"LEFT\"><span style=\"color: #000000;\"><span style=\"font-family: Times New Roman, serif;\"><span style=\"font-size: medium;\">Certains pensent que le Pacte permet de la reconnaissance car cela institutionnalise les heures d&rsquo;enseignement. Il y a un avantage financier.<\/span><\/span><\/span><\/p>\n<p align=\"LEFT\"><span style=\"color: #000000;\"><span style=\"font-family: Times New Roman, serif;\"><span style=\"font-size: medium;\">Les coll\u00e8gues n&rsquo;ont pas l&rsquo;impression d&rsquo;avoir moins d&rsquo;\u00e9l\u00e8ves au CDI.<\/span><\/span><\/span><\/p>\n<p align=\"LEFT\"><span style=\"color: #000000;\"><span style=\"font-family: Times New Roman, serif;\"><span style=\"font-size: medium;\">Certains n&rsquo;ont pu signer des pactes hors RCD car le premier bloc du Pacte n&rsquo;a pas \u00e9t\u00e9 atteint dans leur \u00e9tablissement.<\/span><\/span><\/span><\/p>\n<p align=\"LEFT\"><span style=\"color: #000000;\"><span style=\"font-family: Times New Roman, serif;\"><span style=\"font-size: medium;\">D&rsquo;autres refusent de le signer par peur de perdre justement la reconnaissance, parce que le RCD s&rsquo;apparente \u00e0 de la garderie et parce que cela renforce les probl\u00e8mes de recrutement des enseignants.<\/span><\/span><\/span><\/p>\n<ul>\n<li>\n<p align=\"LEFT\"><span style=\"color: #000000;\"><span style=\"font-family: Times New Roman, serif;\"><span style=\"font-size: medium;\"><b>Sofia<\/b><\/span><\/span><\/span><\/p>\n<p align=\"LEFT\"><span style=\"color: #000000;\"><span style=\"font-family: Times New Roman, serif;\"><span style=\"font-size: medium;\">La d\u00e9claration \u00e0 La Sofia doit \u00eatre effectu\u00e9e par le gestionnaire de l&rsquo;\u00e9tablissement.<\/span><\/span><\/span><\/p>\n<p align=\"LEFT\"><span style=\"color: #000000;\"><span style=\"font-family: Times New Roman, serif;\"><span style=\"font-size: medium;\">Mais les professeurs documentalistes se voient relancer par les courriers de La Sofia et aussi par leur direction.<\/span><\/span><\/span><\/p>\n<p align=\"LEFT\"><span style=\"color: #000000;\"><span style=\"font-family: Times New Roman, serif;\"><span style=\"font-size: medium;\"><a href=\"https:\/\/www.la-sofiabibliotheque.org\/\">https:\/\/www.la-sofiabibliotheque.org\/<\/a><\/span><\/span><\/span><\/p>\n<\/li>\n<\/ul>\n<ul>\n<li>\n<p align=\"LEFT\"><span style=\"color: #000000;\"><span style=\"font-family: Times New Roman, serif;\"><span style=\"font-size: medium;\"><b>Gidec<\/b><\/span><\/span><\/span><\/p>\n<\/li>\n<\/ul>\n<p align=\"LEFT\"><span style=\"color: #000000;\"><span style=\"font-family: Times New Roman, serif;\"><span style=\"font-size: medium;\">Certains renseignent les donn\u00e9es n\u00e9cessaires pour tout l&rsquo;\u00e9tablissement scolaire.<\/span><\/span><\/span><\/p>\n<p align=\"LEFT\"><span style=\"color: #000000;\"><span style=\"font-family: Times New Roman, serif;\"><span style=\"font-size: medium;\">D&rsquo;autres communiquent les codes d&rsquo;acc\u00e8s aux enseignants pour qu&rsquo;ils puissent eux-m\u00eame renseigner les champs correspondants \u00e0 leur discipline.<\/span><\/span><\/span><\/p>\n<ul>\n<li>\n<p align=\"LEFT\"><span style=\"color: #000000;\"><span style=\"font-family: Times New Roman, serif;\"><span style=\"font-size: medium;\"><b>Pass Culture<\/b><\/span><\/span><\/span><\/p>\n<p align=\"LEFT\"><span style=\"color: #000000;\"><span style=\"font-family: Times New Roman, serif;\"><span style=\"font-size: medium;\">Le Pass culture est utilis\u00e9 de plus en plus. Mais toujours le souci des bus qui bloque les demandes.<\/span><\/span><\/span><\/p>\n<p align=\"LEFT\"><span style=\"color: #000000;\"><span style=\"font-family: Times New Roman, serif;\"><span style=\"font-size: medium;\">D\u00e9ception de certaines associations sollicit\u00e9es. Les intervenants manquent de p\u00e9dagogie. Le contact aux \u00e9l\u00e8ves est inadapt\u00e9 = Questionnement sur la qualit\u00e9 des partenaires inscrits au Pass culture.<\/span><\/span><\/span><\/p>\n<p align=\"LEFT\"><span style=\"color: #000000;\"><span style=\"font-family: Times New Roman, serif;\"><span style=\"font-size: medium;\">Constatation d&rsquo;une augmentation des tarifs des offres, voir m\u00eame des offres gratuites qui sont devenues payantes.<\/span><\/span><\/span><\/p>\n<\/li>\n<\/ul>\n<p align=\"LEFT\"><span style=\"color: #0000ff;\"><span style=\"font-family: Times New Roman, serif;\"><span style=\"font-size: medium;\">Informations sur les expositions itin\u00e9rantes des archives d\u00e9partementales.<\/span><\/span><\/span><\/p>\n<p align=\"LEFT\"><span style=\"color: #000000;\"><span style=\"font-family: Times New Roman, serif;\"><span style=\"font-size: medium;\">D\u00e9couverte d&rsquo;une exposition sur la la\u00efcit\u00e9.<\/span><\/span><\/span><\/p>\n<p align=\"LEFT\"><span style=\"font-family: Times New Roman, serif;\"><span style=\"font-size: medium;\"><span style=\"color: #0000ff;\">Intervention de&nbsp;M. Sabatier,&nbsp;directeur territorial de l&rsquo;Onisep R\u00e9gion Sud, a<\/span><span style=\"color: #000000;\"><span style=\"color: #0000ff;\">vec deux charg\u00e9es d&rsquo;accompagnement p\u00e9dagogique.<\/span> <\/span><\/span><\/span><\/p>\n<p align=\"LEFT\"><span style=\"font-family: Times New Roman, serif;\"><span style=\"font-size: medium;\"><span style=\"color: #000000;\">Pr\u00e9sentation des nouveaux outils et de nouvelles ressources de l&rsquo;Onisep.<\/span><\/span><\/span><\/p>\n<p align=\"LEFT\"><span style=\"color: #000000;\"><span style=\"font-family: Times New Roman, serif;\"><span style=\"font-size: medium;\">Site pr\u00e9sent\u00e9&nbsp;: <a href=\"https:\/\/avenirs.onisep.fr\/\">https:\/\/avenirs.onisep.fr\/<\/a> <\/span><\/span><\/span><\/p>\n<p align=\"LEFT\"><span style=\"color: #000000;\"><span style=\"font-family: Times New Roman, serif;\"><span style=\"font-size: medium;\">Vous pouvez les contacter pour \u00e9laborer un projet d&rsquo;intervention aupr\u00e8s de vos coll\u00e8gues enseignants ou m\u00eame pour des s\u00e9ances devant les \u00e9l\u00e8ves.<\/span><\/span><\/span><\/p>\n<p align=\"LEFT\"><span style=\"color: #000000;\"><span style=\"font-family: Times New Roman, serif;\"><span style=\"font-size: medium;\">Ils s&rsquo;adaptent \u00e0 vos besoins.<\/span><\/span><\/span><\/p>\n<p align=\"LEFT\"><span style=\"color: #000000;\"><span style=\"font-family: Times New Roman, serif;\"><span style=\"font-size: medium;\"><a href=\"mailto:pascal.sabatier@onisep.fr\">pascal.sabatier@onisep.fr<\/a> <\/span><\/span><\/span><\/p>\n<p align=\"LEFT\"><span style=\"color: #2c363a;\"><span style=\"font-family: Noto Sans, sans-serif;\"><span style=\"font-size: small;\"><span style=\"color: #000000;\"><span style=\"font-family: Times New Roman, serif;\"><span style=\"font-size: medium;\"><a href=\"mailto:virginie.staels@onisep.fr\">virginie.staels@onisep.fr<\/a> &#8211; <\/span><\/span><\/span><span style=\"color: #000000;\"><span style=\"font-family: Times New Roman, serif;\"><span style=\"font-size: medium;\">06 98 58 00 29<\/span><\/span><\/span><\/span><\/span><\/span><\/p>\n<table border=\"1\" width=\"100%\" cellspacing=\"0\" cellpadding=\"4\">\n<tbody>\n<tr>\n<td valign=\"TOP\" width=\"100%\">\n<p align=\"CENTER\"><span style=\"font-family: Times New Roman, serif;\"><span style=\"font-size: medium;\"><b><span style=\"color: #000000;\">APRES-MIDI<\/span><\/b><\/span><\/span><\/p>\n<\/td>\n<\/tr>\n<\/tbody>\n<\/table>\n<p align=\"LEFT\"><span style=\"color: #0000ff;\"><span style=\"font-family: Times New Roman, serif;\"><span style=\"font-size: medium;\">Budget CDI \u2013 livres et abonnement :<\/span><\/span><\/span><\/p>\n<p align=\"LEFT\"><span style=\"color: #000000;\"><span style=\"font-family: Times New Roman, serif;\"><span style=\"font-size: medium;\">Tour de table des budgets de chaque CDI en fonction du nombre d&rsquo;\u00e9l\u00e8ves dans l&rsquo;\u00e9tablissement.<\/span><\/span><\/span><\/p>\n<p align=\"LEFT\"><span style=\"color: #000000;\"><span style=\"font-family: Times New Roman, serif;\"><span style=\"font-size: medium;\">En moyenne, le budget est de 3500 euros.<\/span><\/span><\/span><\/p>\n<p align=\"LEFT\"><span style=\"color: #000000;\"><span style=\"font-family: Times New Roman, serif;\"><span style=\"font-size: medium;\">Certains n&rsquo;ont pas de limite dans leur budget. D&rsquo;autres doivent \u00e9tablir des projets concrets pour pouvoir effectuer des commandes. <\/span><\/span><\/span><\/p>\n<p align=\"LEFT\"><span style=\"color: #000000;\"><span style=\"font-family: Times New Roman, serif;\"><span style=\"font-size: medium;\">Quelques budgets \u00e0 la hausse cette ann\u00e9e.<\/span><\/span><\/span><\/p>\n<p align=\"LEFT\"><span style=\"color: #000000;\"><span style=\"font-family: Times New Roman, serif;\"><span style=\"font-size: medium;\">Rappel&nbsp;: le budget est normalement globalis\u00e9 dans les \u00e9tablissements scolaires. La gestion cr\u00e9e des lignes budg\u00e9taires pour g\u00e9rer la globalisation.<\/span><\/span><\/span><\/p>\n<p align=\"LEFT\"><span style=\"font-family: Times New Roman, serif;\"><span style=\"font-size: medium;\"><span style=\"color: #0000ff;\">Intervention de Michel St Dragon<\/span><span style=\"color: #000000;\"><span style=\"color: #0000ff;\">, slameur-performeur.<\/span> <\/span><\/span><\/span><\/p>\n<p align=\"LEFT\"><span style=\"color: #000000;\"><span style=\"font-family: Times New Roman, serif;\"><span style=\"font-size: medium;\"><u>Site web<\/u>&nbsp;: michelsaintdragon.fr<\/span><\/span><\/span><\/p>\n<p align=\"LEFT\"><span style=\"color: #000000;\"><span style=\"font-family: Times New Roman, serif;\"><span style=\"font-size: medium;\"><u>Twitter<\/u>&nbsp;:@MichelStDragon<\/span><\/span><\/span><\/p>\n<p align=\"LEFT\"><span style=\"color: #000000;\"><span style=\"font-family: Times New Roman, serif;\"><span style=\"font-size: medium;\"><u>Siret&nbsp;<\/u>: 87796740600019<\/span><\/span><\/span><\/p>\n<p><span style=\"color: #000000;\"><span style=\"font-family: Times New Roman, serif;\"><span style=\"font-size: medium;\"><u>T\u00e9l\u00e9phone&nbsp;<\/u>: 06 62 37 81 16<\/span><\/span><\/span><\/p>\n<p><span style=\"color: #000000;\"><span style=\"font-family: Times New Roman, serif;\"><span style=\"font-size: medium;\"><u>Voici les dates de ses disponibilit\u00e9s&nbsp;:<\/u> <\/span><\/span><\/span><\/p>\n<table border=\"1\" width=\"100%\" cellspacing=\"0\" cellpadding=\"4\">\n<tbody>\n<tr valign=\"TOP\">\n<td width=\"50%\"><span style=\"color: #000000;\"><span style=\"font-family: Times New Roman, serif;\"><span style=\"font-size: medium;\">Mercredi 13 d\u00e9cembre \u00e0 partir de 13h<\/span><\/span><\/span><\/p>\n<p><span style=\"color: #000000;\"><span style=\"font-family: Times New Roman, serif;\"><span style=\"font-size: medium;\">Vendredi 15 d\u00e9cembre jusqu&rsquo;\u00e0 12h30<\/span><\/span><\/span><\/p>\n<p><span style=\"color: #000000;\"><span style=\"font-family: Times New Roman, serif;\"><span style=\"font-size: medium;\">Mercredi 20 d\u00e9cembre \u00e0 partir de 13h<\/span><\/span><\/span><\/p>\n<p><span style=\"color: #000000;\"><span style=\"font-family: Times New Roman, serif;\"><span style=\"font-size: medium;\">Mercredi 10 janvier \u00e0 partir de 11h<\/span><\/span><\/span><\/p>\n<p><span style=\"color: #000000;\"><span style=\"font-family: Times New Roman, serif;\"><span style=\"font-size: medium;\">Jeudi 11 janvier \u00e0 partir de 15h<\/span><\/span><\/span><\/p>\n<p><span style=\"color: #000000;\"><span style=\"font-family: Times New Roman, serif;\"><span style=\"font-size: medium;\">Mercredi 17 janvier toute la journ\u00e9e<\/span><\/span><\/span><\/p>\n<p><span style=\"color: #000000;\"><span style=\"font-family: Times New Roman, serif;\"><span style=\"font-size: medium;\">Vendredi 19 janvier \u00e0 partir de 16h<\/span><\/span><\/span><\/p>\n<p><span style=\"color: #000000;\"><span style=\"font-family: Times New Roman, serif;\"><span style=\"font-size: medium;\">Mercredi 24 janvier toute la journ\u00e9e<\/span><\/span><\/span><\/p>\n<p><span style=\"color: #000000;\"><span style=\"font-family: Times New Roman, serif;\"><span style=\"font-size: medium;\">Jeudi 25 janvier \u00e0 partir de 15h<\/span><\/span><\/span><\/p>\n<p><span style=\"color: #000000;\"><span style=\"font-family: Times New Roman, serif;\"><span style=\"font-size: medium;\">Mercredi 31 janvier toute la journ\u00e9e<\/span><\/span><\/span><\/p>\n<p><span style=\"color: #000000;\"><span style=\"font-family: Times New Roman, serif;\"><span style=\"font-size: medium;\">Mercredi 7 f\u00e9vrier toute la journ\u00e9e<\/span><\/span><\/span><\/p>\n<p><span style=\"color: #000000;\"><span style=\"font-family: Times New Roman, serif;\"><span style=\"font-size: medium;\">Jeudi 15 f\u00e9vrier jusqu&rsquo;\u00e0 12h<\/span><\/span><\/span><\/p>\n<p><span style=\"color: #000000;\"><span style=\"font-family: Times New Roman, serif;\"><span style=\"font-size: medium;\">Vendredi 16 f\u00e9vrier \u00e0 partir de 12h<\/span><\/span><\/span><\/p>\n<p><span style=\"color: #000000;\"><span style=\"font-family: Times New Roman, serif;\"><span style=\"font-size: medium;\">Mercredi 21 f\u00e9vrier toute la journ\u00e9e<\/span><\/span><\/span><\/p>\n<p><span style=\"color: #000000;\"><span style=\"font-family: Times New Roman, serif;\"><span style=\"font-size: medium;\">Jeudi 22 f\u00e9vrier \u00e0 partir de 13h<\/span><\/span><\/span><\/td>\n<td width=\"50%\"><span style=\"color: #000000;\"><span style=\"font-family: Times New Roman, serif;\"><span style=\"font-size: medium;\">Mercredi 13 mars \u00e0 partir de 14h<\/span><\/span><\/span><\/p>\n<p><span style=\"color: #000000;\"><span style=\"font-family: Times New Roman, serif;\"><span style=\"font-size: medium;\">Mercredi 20 mars toute la journ\u00e9e<\/span><\/span><\/span><\/p>\n<p><span style=\"color: #000000;\"><span style=\"font-family: Times New Roman, serif;\"><span style=\"font-size: medium;\">Jeudi 21 mars jusqu&rsquo;\u00e0 12h<\/span><\/span><\/span><\/p>\n<p><span style=\"color: #000000;\"><span style=\"font-family: Times New Roman, serif;\"><span style=\"font-size: medium;\">Mercredi 27 mars \u00e0 partir de 13h<\/span><\/span><\/span><\/p>\n<p><span style=\"color: #000000;\"><span style=\"font-family: Times New Roman, serif;\"><span style=\"font-size: medium;\">Mercredi 3 avril toute la journ\u00e9e<\/span><\/span><\/span><\/p>\n<p><span style=\"color: #000000;\"><span style=\"font-family: Times New Roman, serif;\"><span style=\"font-size: medium;\">Jeudi 4 avril entre 9h et 12h<\/span><\/span><\/span><\/p>\n<p><span style=\"color: #000000;\"><span style=\"font-family: Times New Roman, serif;\"><span style=\"font-size: medium;\">Jeudi 11 avril jusqu&rsquo;\u00e0 12h et \u00e0 partir de 15h<\/span><\/span><\/span><\/p>\n<p><span style=\"color: #000000;\"><span style=\"font-family: Times New Roman, serif;\"><span style=\"font-size: medium;\">Vendredi 12 avril jusqu&rsquo;\u00e0 12h<\/span><\/span><\/span><\/p>\n<p><span style=\"color: #000000;\"><span style=\"font-family: Times New Roman, serif;\"><span style=\"font-size: medium;\">Jeudi 18 avril jusqu&rsquo;\u00e0 12h<\/span><\/span><\/span><\/p>\n<p><span style=\"color: #000000;\"><span style=\"font-family: Times New Roman, serif;\"><span style=\"font-size: medium;\">Vendredi 19 avril jusqu&rsquo;\u00e0 12h<\/span><\/span><\/span><\/p>\n<p><span style=\"color: #000000;\"><span style=\"font-family: Times New Roman, serif;\"><span style=\"font-size: medium;\">Mardi 21 mai jusqu&rsquo;\u00e0 12h30<\/span><\/span><\/span><\/p>\n<p><span style=\"color: #000000;\"><span style=\"font-family: Times New Roman, serif;\"><span style=\"font-size: medium;\">Mercredi 22 mai toute la journ\u00e9e<\/span><\/span><\/span><\/p>\n<p><span style=\"color: #000000;\"><span style=\"font-family: Times New Roman, serif;\"><span style=\"font-size: medium;\">Jeudi 23 mai jusqu&rsquo;\u00e0 12h<\/span><\/span><\/span><\/p>\n<p><span style=\"color: #000000;\"><span style=\"font-family: Times New Roman, serif;\"><span style=\"font-size: medium;\">Semaine du 27 mai libre sauf vendredi 31<\/span><\/span><\/span><\/p>\n<p><span style=\"color: #000000;\"><span style=\"font-family: Times New Roman, serif;\"><span style=\"font-size: medium;\">Moi de juin assez libre<\/span><\/span><\/span><\/td>\n<\/tr>\n<\/tbody>\n<\/table>\n<p align=\"LEFT\"><span style=\"font-family: 'Times New Roman', serif; color: #0000ff;\"><span style=\"font-size: medium;\">Coups de c\u0153ur \u2013 Ouvrages <\/span><\/span><\/p>\n<p align=\"LEFT\"><span style=\"color: #000000;\"><span style=\"font-family: Times New Roman, serif;\"><span style=\"font-size: medium;\">Le souffle du Puma. Laurine Roux. 9782211321808<\/span><\/span><\/span><\/p>\n<p align=\"LEFT\"><span style=\"color: #000000;\"><span style=\"font-family: Times New Roman, serif;\"><span style=\"font-size: medium;\">De larmes et d&rsquo;\u00e9cume. St\u00e9phane Michaka. 9782266320726<\/span><\/span><\/span><\/p>\n<p align=\"LEFT\"><span style=\"color: #000000;\"><span style=\"font-family: Times New Roman, serif;\"><span style=\"font-size: medium;\">J&rsquo;ai 14 ans et ce n&rsquo;est pas une bonne nouvelle. Joe Witek. 9782075187091<\/span><\/span><\/span><\/p>\n<p align=\"LEFT\"><span style=\"color: #000000;\"><span style=\"font-family: Times New Roman, serif;\"><span style=\"font-size: medium;\">Moi L\u00e9o 13 ans auteur imposteur. Sophie Andriansen. 9782381671826<\/span><\/span><\/span><\/p>\n<p align=\"LEFT\"><span style=\"color: #000000;\"><span style=\"font-family: Times New Roman, serif;\"><span style=\"font-size: medium;\">Hazerka&nbsp;: des larmes au succ\u00e8s. Fabien Fernandez. 9782822238731<\/span><\/span><\/span><\/p>\n<p align=\"LEFT\"><span style=\"color: #000000;\"><span style=\"font-family: Times New Roman, serif;\"><span style=\"font-size: medium;\">Mon cahier d&rsquo;orientation, 5e,4e,3e. Cl\u00e9ment Fantoli. 9782047402627<\/span><\/span><\/span><\/p>\n<p align=\"LEFT\"><span style=\"color: #000000;\"><span style=\"font-family: Times New Roman, serif;\"><span style=\"font-size: medium;\">Mon carnet de stage, 4e,3e,2<sup>nd<\/sup>. Colette Gissenger. 782091574622<\/span><\/span><\/span><\/p>\n<p align=\"LEFT\"><span style=\"color: #000000;\"><span style=\"font-family: Times New Roman, serif;\"><span style=\"font-size: medium;\">Mon pass&rsquo;orientation coll\u00e8ge. Isabelle Andrieu. 9782017146070<\/span><\/span><\/span><\/p>\n<p align=\"LEFT\"><span style=\"color: #000000;\"><span style=\"font-family: Times New Roman, serif;\"><span style=\"font-size: medium;\">Mon pass&rsquo;orientation lyc\u00e9e. V\u00e9ronique Carrey. 9782017176411<\/span><\/span><\/span><\/p>\n","protected":false},"excerpt":{"rendered":"<p>R\u00e9union r\u00e9seau Cannes &#8211; Pays de L\u00e9rins \u2013 Grasse Mardi 12 d\u00e9cembre 2023 Module&nbsp;: Groupes de d\u00e9veloppement professionnels r\u00e9seaux Lieu de la r\u00e9union&nbsp;: Coll\u00e8ge Canteperdrix, 06130 Grasse Horaire&nbsp;: 9h-16h Pr\u00e9sents&nbsp;: 28 personnes sur 34. LE MATIN Accueil caf\u00e9-th\u00e9 \u00c9changes professionnels autour de plusieurs th\u00e9matiques Tour de table et pr\u00e9sentation des [&hellip;]<\/p>\n","protected":false},"author":282,"featured_media":3711,"comment_status":"closed","ping_status":"closed","sticky":false,"template":"","format":"standard","meta":{"ngg_post_thumbnail":0,"footnotes":""},"categories":[50],"tags":[],"class_list":["post-3619","post","type-post","status-publish","format-standard","has-post-thumbnail","hentry","category-reseau-cannes-grasse"],"rttpg_featured_image_url":{"full":["https:\/\/www.pedagogie.ac-nice.fr\/doc-azur\/wp-content\/uploads\/sites\/40\/2023\/12\/network.jpg",150,150,false],"landscape":["https:\/\/www.pedagogie.ac-nice.fr\/doc-azur\/wp-content\/uploads\/sites\/40\/2023\/12\/network.jpg",150,150,false],"portraits":["https:\/\/www.pedagogie.ac-nice.fr\/doc-azur\/wp-content\/uploads\/sites\/40\/2023\/12\/network.jpg",150,150,false],"thumbnail":["https:\/\/www.pedagogie.ac-nice.fr\/doc-azur\/wp-content\/uploads\/sites\/40\/2023\/12\/network.jpg",150,150,false],"medium":["https:\/\/www.pedagogie.ac-nice.fr\/doc-azur\/wp-content\/uploads\/sites\/40\/2023\/12\/network.jpg",150,150,false],"large":["https:\/\/www.pedagogie.ac-nice.fr\/doc-azur\/wp-content\/uploads\/sites\/40\/2023\/12\/network.jpg",150,150,false],"1536x1536":["https:\/\/www.pedagogie.ac-nice.fr\/doc-azur\/wp-content\/uploads\/sites\/40\/2023\/12\/network.jpg",150,150,false],"2048x2048":["https:\/\/www.pedagogie.ac-nice.fr\/doc-azur\/wp-content\/uploads\/sites\/40\/2023\/12\/network.jpg",150,150,false],"hestia-blog":["https:\/\/www.pedagogie.ac-nice.fr\/doc-azur\/wp-content\/uploads\/sites\/40\/2023\/12\/network.jpg",150,150,false],"advps-thumb-one":["https:\/\/www.pedagogie.ac-nice.fr\/doc-azur\/wp-content\/uploads\/sites\/40\/2023\/12\/network.jpg",150,150,false]},"rttpg_author":{"display_name":"Audrey_C","author_link":"https:\/\/www.pedagogie.ac-nice.fr\/doc-azur\/author\/can5\/"},"rttpg_comment":0,"rttpg_category":"<a href=\"https:\/\/www.pedagogie.ac-nice.fr\/doc-azur\/category\/reseau-cannes-grasse\/\" rel=\"category tag\">R\u00e9seau Cannes Grasse<\/a>","rttpg_excerpt":"R\u00e9union r\u00e9seau Cannes &#8211; Pays de L\u00e9rins \u2013 Grasse Mardi 12 d\u00e9cembre 2023 Module&nbsp;: Groupes de d\u00e9veloppement professionnels r\u00e9seaux Lieu de la r\u00e9union&nbsp;: Coll\u00e8ge Canteperdrix, 06130 Grasse Horaire&nbsp;: 9h-16h Pr\u00e9sents&nbsp;: 28 personnes sur 34. LE MATIN Accueil caf\u00e9-th\u00e9 \u00c9changes professionnels autour de plusieurs th\u00e9matiques Tour de table et pr\u00e9sentation des [&hellip;]","post_mailing_queue_ids":[],"_links":{"self":[{"href":"https:\/\/www.pedagogie.ac-nice.fr\/doc-azur\/wp-json\/wp\/v2\/posts\/3619","targetHints":{"allow":["GET"]}}],"collection":[{"href":"https:\/\/www.pedagogie.ac-nice.fr\/doc-azur\/wp-json\/wp\/v2\/posts"}],"about":[{"href":"https:\/\/www.pedagogie.ac-nice.fr\/doc-azur\/wp-json\/wp\/v2\/types\/post"}],"author":[{"embeddable":true,"href":"https:\/\/www.pedagogie.ac-nice.fr\/doc-azur\/wp-json\/wp\/v2\/users\/282"}],"replies":[{"embeddable":true,"href":"https:\/\/www.pedagogie.ac-nice.fr\/doc-azur\/wp-json\/wp\/v2\/comments?post=3619"}],"version-history":[{"count":3,"href":"https:\/\/www.pedagogie.ac-nice.fr\/doc-azur\/wp-json\/wp\/v2\/posts\/3619\/revisions"}],"predecessor-version":[{"id":3760,"href":"https:\/\/www.pedagogie.ac-nice.fr\/doc-azur\/wp-json\/wp\/v2\/posts\/3619\/revisions\/3760"}],"wp:featuredmedia":[{"embeddable":true,"href":"https:\/\/www.pedagogie.ac-nice.fr\/doc-azur\/wp-json\/wp\/v2\/media\/3711"}],"wp:attachment":[{"href":"https:\/\/www.pedagogie.ac-nice.fr\/doc-azur\/wp-json\/wp\/v2\/media?parent=3619"}],"wp:term":[{"taxonomy":"category","embeddable":true,"href":"https:\/\/www.pedagogie.ac-nice.fr\/doc-azur\/wp-json\/wp\/v2\/categories?post=3619"},{"taxonomy":"post_tag","embeddable":true,"href":"https:\/\/www.pedagogie.ac-nice.fr\/doc-azur\/wp-json\/wp\/v2\/tags?post=3619"}],"curies":[{"name":"wp","href":"https:\/\/api.w.org\/{rel}","templated":true}]}}