{"id":3777,"date":"2024-03-28T19:01:14","date_gmt":"2024-03-28T18:01:14","guid":{"rendered":"https:\/\/www.pedagogie.ac-nice.fr\/doc-azur\/?p=3777"},"modified":"2024-04-04T08:49:49","modified_gmt":"2024-04-04T06:49:49","slug":"reunion-reseau-cannes-grasse-prof-doc-28-03-24","status":"publish","type":"post","link":"https:\/\/www.pedagogie.ac-nice.fr\/doc-azur\/2024\/03\/28\/reunion-reseau-cannes-grasse-prof-doc-28-03-24\/","title":{"rendered":"R\u00e9union r\u00e9seau Cannes Grasse Prof doc 28.03.24"},"content":{"rendered":"<p><strong>R\u00e9union r\u00e9seau Cannes Grasse &#8211; <\/strong><\/p>\n<p><strong>Professeur documentaliste<\/strong><\/p>\n<p>Jeudi 28 mars 2024<\/p>\n<p>au coll\u00e8ge Les Campeli\u00e8res, Mougins<\/p>\n<p><u>Pr\u00e9sents&nbsp;<\/u>: 29 sur 34 convoqu\u00e9s.<\/p>\n<p><strong>Nouvelle plateforme sur Esterel&nbsp;: \u00ab&nbsp;DDM&nbsp;\u00bb<\/strong><\/p>\n<p>Depuis le 18 mars une nouvelle plateforme est n\u00e9e&nbsp;: DDM = D\u00e9couverte des m\u00e9tiers.<\/p>\n<p>Accessible via Esterel, domaine \u00ab \u00c9l\u00e8ves \u00bb puis cliquer sur \u00ab DDM \u00bb.<\/p>\n<p>Dans chaque \u00e9tablissement il y a un r\u00e9f\u00e9rent d\u00e9couverte des m\u00e9tiers.<\/p>\n<p>Cette plateforme ressemble \u00e0 Adage sauf que celle-ci recense les projets de l&rsquo;\u00e9tablissement qui ont conduits \u00e0 faire d\u00e9couvrir un m\u00e9tier \u00e0 des \u00e9l\u00e8ves.<\/p>\n<p>Les projets peuvent \u00eatre saisis par le r\u00e9f\u00e9rent DDM de votre \u00e9tablissement et aussi tout personnel qui souhaite \u00eatre \u00ab&nbsp;r\u00e9dacteur de projet&nbsp;\u00bb.<\/p>\n<p>Les projets concernent seulement le cycle 4. La 6e \u00e9tant exclue du dispositif.<\/p>\n<p>Cette plateforme offre plusieurs fonctionnalit\u00e9s pratiques comme la consultation d&rsquo;une liste de structures partenaires et de m\u00e9tiers (lien avec les fiches m\u00e9tiers sur l&rsquo;Onisep).<\/p>\n<p>&nbsp;<\/p>\n<p><strong>D\u00e9cret de mars 2024<\/strong><\/p>\n<p>Article 6 :<\/p>\n<p><em>\u00ab Les dispositions figurant \u00e0 l&rsquo;annexe 2 du pr\u00e9sent arr\u00eat\u00e9 pr\u00e9voyant un volume horaire de 18 heures annuelles consacr\u00e9es \u00e0 l&rsquo;engagement et \u00e0 la participation des \u00e9l\u00e8ves aux projets d&rsquo;\u00e9ducation \u00e0 la citoyennet\u00e9, aux m\u00e9dias et \u00e0 l&rsquo;information, entrent en vigueur \u00e0 la rentr\u00e9e scolaire 2024 pour les \u00e9l\u00e8ves de classe de cinqui\u00e8me, \u00e0 la rentr\u00e9e scolaire 2025 pour les \u00e9l\u00e8ves de quatri\u00e8me et \u00e0 la rentr\u00e9e scolaire 2026 pour les \u00e9l\u00e8ves de troisi\u00e8me. \u00bb <\/em><\/p>\n<p><a href=\"https:\/\/www.legifrance.gouv.fr\/jorf\/id\/JORFTEXT000049286467\">https:\/\/www.legifrance.gouv.fr\/jorf\/id\/JORFTEXT000049286467<\/a><\/p>\n<p>Est-ce que les heures sont r\u00e9mun\u00e9r\u00e9es&nbsp;? Est-ce que la co-animation est obligatoire&nbsp;?<\/p>\n<p>Les professeurs documentalistes se questionnent. Certains voient un int\u00e9r\u00eat p\u00e9dagogique et un avantage de pouvoir prendre les classes hors temps scolaire. D&rsquo;autres se questionnent et se demandent si dans la pratique ce sera pas compliqu\u00e9 \u00e0 mettre en place.<\/p>\n<p>&nbsp;<\/p>\n<p><strong>Forfait mobilit\u00e9 durable<\/strong><\/p>\n<p>Remboursement des frais de transport domicile-travail (fonction publique) &#8211; V\u00e9lo ou covoiturage.<\/p>\n<p>Vous devez fournir \u00e0 votre administration employeur une d\u00e9claration sur l&rsquo;honneur au plus tard le 31 d\u00e9cembre de l&rsquo;ann\u00e9e pour laquelle vous&nbsp;demandez&nbsp;le versement du&nbsp;forfait&nbsp;mobilit\u00e9s&nbsp;durables.<\/p>\n<p>Pour plus d&rsquo;informations&nbsp;:<\/p>\n<p><a href=\"https:\/\/www.service-public.fr\/particuliers\/vosdroits\/F36467\/1_1?idFicheParent=F12163#:~:text=Comment%20faire%20la%20demande%20de,versement%20du%20forfait%20mobilit\u00e9s%20durables\">https:\/\/www.service-public.fr\/particuliers\/vosdroits\/F36467\/1_1?idFicheParent=F12163#:~:text=Comment%20faire%20la%20demande%20de,versement%20du%20forfait%20mobilit%C3%A9s%20durables<\/a>.<\/p>\n<p>&nbsp;<\/p>\n<p><strong>\u00catre professeur principal<\/strong><\/p>\n<p>Le professeur documentaliste peut \u00eatre aussi professeur principal d&rsquo;une classe. Seul ou en co-animation.<\/p>\n<p>Le temps consacr\u00e9, la relation avec les parents, le d\u00e9calage entre les projets qu&rsquo;on veut r\u00e9aliser avec la classe et la r\u00e9alit\u00e9 de terrain, les probl\u00e8mes de cyberharc\u00e8lement&#8230; sont des freins identifi\u00e9s pour ne pas accepter une telle mission.<\/p>\n<p>Toutefois, trois coll\u00e8gues aimeraient se lancer l&rsquo;ann\u00e9e prochaine et avoir leur propre exp\u00e9rience. Le projet classe, le suivi d&rsquo;\u00e9l\u00e8ves, le relationnel les motivent.<\/p>\n<p>&nbsp;<\/p>\n<p><strong>Participation \u00e0 des dispositifs et des actions<\/strong><\/p>\n<p>&#8211;<strong>Association Alter Egaux<\/strong>, la participation au rallye des m\u00e9tiers.<\/p>\n<p>Une association qui a une bonne r\u00e9putation. Les animateurs sont dynamiques, p\u00e9dagogues et impliqu\u00e9s. Nous attendons le retour d&rsquo;exp\u00e9rience du rallye des m\u00e9tiers en avril 2024 car Marl\u00e8ne De Azevedo et Audrey Cali y participent pour la premi\u00e8re fois.<\/p>\n<p><a href=\"https:\/\/www.alteregaux.org\/\">https:\/\/www.alteregaux.org\/<\/a><\/p>\n<p>&#8211;<strong>Je filme le m\u00e9tier qui me pla\u00eet. <\/strong><\/p>\n<p>Dispositif tr\u00e8s int\u00e9ressant qui permettrait notamment d&rsquo;avoir des dotations mat\u00e9riel num\u00e9rique\/m\u00e9dia<\/p>\n<p><a href=\"https:\/\/jefilmelemetierquimeplait.tv\/concours\/\">https:\/\/jefilmelemetierquimeplait.tv\/concours\/<\/a><\/p>\n<p>&#8211;<strong>Very Math Trip<\/strong>.<\/p>\n<p>Tr\u00e8s bonne r\u00e9putation. Action sur Adage. Mini conf\u00e9rences ou show de 2h possibles.<\/p>\n<p>Cependant comme la compagnie vient de loin, les frais sont cons\u00e9quents.<\/p>\n<p>Si plusieurs \u00e9tablissements sont int\u00e9ress\u00e9s, cela pourrait faire baisser le montant du devis.<\/p>\n<p>Si vous \u00eates int\u00e9ress\u00e9s par ce spectacle, merci de prendre contact avec Marl\u00e8ne De Azevedo.<\/p>\n<p><a href=\"https:\/\/www.verymathtrip.com\/\">https:\/\/www.verymathtrip.com\/<\/a><\/p>\n<p>&#8211;<strong>Fr\u00e8re des arbres<\/strong>. Projet Adage sur EDD<\/p>\n<p><a href=\"https:\/\/freresdesarbres.com\/\">https:\/\/freresdesarbres.com\/<\/a><\/p>\n<p>&#8211;<strong>G Addiction<\/strong><\/p>\n<p>Village de l&rsquo;\u00e9galit\u00e9 filles \u2013 gar\u00e7ons&nbsp;; escape game sur l&rsquo;environnement.<\/p>\n<p><a href=\"https:\/\/www.g-addiction.com\/\">https:\/\/www.g-addiction.com\/<\/a><\/p>\n<p>-Troupe de th\u00e9\u00e2tre \u00ab<strong>Les collectionneurs<\/strong>&nbsp;\u00bb<\/p>\n<p>Le th\u00e9\u00e2tre \u00e0 la carte. Simulation d&rsquo;un restaurant. Environ 1600 euros. Pass culture<\/p>\n<p><a href=\"https:\/\/www.les-collectionneurs.fr\/\">https:\/\/www.les-collectionneurs.fr\/<\/a><\/p>\n<p>&#8211;<strong>Tristan Blumel<\/strong><\/p>\n<p>Pass culture. Po\u00e8te.<\/p>\n<p>SIRET :&nbsp;888 698 115 00019<\/p>\n<p>0637899520<\/p>\n<p>-Compagnie Bal Arts l\u00e9gers<\/p>\n<p>Th\u00e9\u00e2tre. Lien avec des contes. Projet Ac&rsquo;Educ<\/p>\n<p><a href=\"https:\/\/www.compagniebal.com\/\">https:\/\/www.compagniebal.com\/<\/a><\/p>\n<p>-Intervention de journaliste du <strong>Groupe Nice Matin.<\/strong><\/p>\n<p>Pass culture. 125E\/h<\/p>\n<p>Chryst\u00e8le Burlot (club journal, media), Christophe Cirone (faits divers \u2013 chroniques judiciaires), Roxane D&rsquo;arco, Sophie Rambure.<\/p>\n<p>&#8211;<strong>BFM TV Nice.<\/strong><\/p>\n<p>Animation et gestion de l&rsquo;action clef en main avec visite 2 h. Tr\u00e8s accueillant et r\u00e9actif.<\/p>\n<p><strong><u><a href=\"mailto:redaction@bfmcotedazur.fr\">redaction@bfmcotedazur.fr<\/a> <\/u><\/strong><\/p>\n<p><a href=\"mailto:karim.laib@alticemedia.com\">karim.laib@alticemedia.com<\/a><\/p>\n<p>&#8211;<strong>France bleu azur<\/strong>. Nice<\/p>\n<p>Pour les projets webradio. \u00c9changes avec des professionnels et visite.<\/p>\n<p>T\u00e9l (standard)&nbsp;: 04.93.82.03.04<\/p>\n<p>T\u00e9l (administratif)&nbsp;: 04.97.03.36.36<\/p>\n<p>&#8211;<strong>\u00c9cole de journalisme \u00e0 Nice<\/strong><\/p>\n<p>5 ateliers de 2 h anim\u00e9 par des \u00e9tudiants en journalisme qui se d\u00e9placent dans les \u00e9tablissements.<\/p>\n<p>La communication faite par la directrice de l&rsquo;\u00e9cole commence \u00e0 bien fonctionner. Les interventions sont plus nombreuses donc si vous souhaitez les solliciter, s&rsquo;y prendre \u00e0 l&rsquo;avance.<\/p>\n<p><a href=\"https:\/\/www.ecoledujournalisme.com\/\">https:\/\/www.ecoledujournalisme.com\/<\/a><\/p>\n<p>&#8211;<strong>Jeunes en librairie<\/strong>. JEL<\/p>\n<p>Toujours une bonne exp\u00e9rience et de bon retour.<\/p>\n<p>L&rsquo;action est int\u00e9ressante mais le dispositif devient plus strict et restrictif.<\/p>\n<p>Inscription sur Adage prochainement pour l&rsquo;ann\u00e9e 2024-2025.<\/p>\n<p>&#8211;<strong>Concours Mangawa<\/strong><\/p>\n<p>Tr\u00e8s d\u00e9\u00e7u. Les coll\u00e8gues ont souvent abandonn\u00e9 l&rsquo;inscription car certains livres propos\u00e9s ont un contenu non adapt\u00e9s au public coll\u00e9gien.<\/p>\n<p>&#8211;<strong>Prix Mangalu<\/strong>.<\/p>\n<p>Librairie de la Loire.<\/p>\n<p><a href=\"https:\/\/azu-manga.fr\/prix-mangalu-collegiens\/\">https:\/\/azu-manga.fr\/prix-mangalu-collegiens\/<\/a><\/p>\n<p>&#8211;<strong>Educ&rsquo;Arte.<\/strong><\/p>\n<p>Abonnement num\u00e9rique via le pass culture pour environ 800 euros pour 600 \u00e9l\u00e8ves.<\/p>\n<p>&nbsp;<\/p>\n<p><strong>Magazines<\/strong><\/p>\n<table style=\"width: 100%; height: 308px;\" width=\"100%\">\n<tbody>\n<tr style=\"height: 55px;\">\n<td style=\"height: 55px; width: 16.449%;\" width=\"33%\">Otaku Manga<\/td>\n<td style=\"height: 55px; width: 49.551%;\" width=\"33%\"><a href=\"https:\/\/www.otaku-manga.fr\/\">https:\/\/www.otaku-manga.fr\/<\/a><\/td>\n<\/tr>\n<tr style=\"height: 55px;\">\n<td style=\"height: 55px; width: 16.449%;\" width=\"33%\">Geek Junior<\/td>\n<td style=\"height: 55px; width: 49.551%;\" width=\"33%\"><a href=\"https:\/\/boutique.geekjunior.fr\/\">https:\/\/boutique.geekjunior.fr\/<\/a><\/td>\n<\/tr>\n<tr style=\"height: 95px;\">\n<td style=\"height: 95px; width: 16.449%;\" width=\"33%\">Les petits mythos, Le mag<\/p>\n<p>Num\u00e9ro 1 en mars 2024.<\/td>\n<td style=\"height: 95px; width: 49.551%;\" width=\"33%\"><a href=\"https:\/\/milan-jeunesse.com\/mj\/actus\/un-magazine-pour-les-heros-les-petits-mythos\/\">https:\/\/milan-jeunesse.com\/mj\/actus\/un-magazine-pour-les-heros-les-petits-mythos\/<\/a><\/td>\n<\/tr>\n<tr style=\"height: 103px;\">\n<td style=\"height: 103px; width: 16.449%;\" width=\"33%\">Rustica Junior<\/p>\n<p>Nature, Bricolage<\/td>\n<td style=\"height: 103px; width: 49.551%;\" width=\"33%\"><a href=\"https:\/\/abo.rustica.fr\/site\/rusticaV3\/FILRJ\/fr\/kiosque\/promo.html?from=WRJFR23MSH&amp;gad_source=1&amp;gclid=Cj0KCQjwqpSwBhClARIsADlZ_Tm8r-v5EybxKaRU1BouRy4fmU2hz-Wjp5jeuVOUxxfQ2E-XuU9qOyMaArEvEALw_wcB\">https:\/\/abo.rustica.fr\/site\/rusticaV3\/FILRJ\/fr\/kiosque\/promo.html?from=WRJFR23MSH&amp;gad_source=1&amp;gclid=Cj0KCQjwqpSwBhClARIsADlZ_Tm8r-v5EybxKaRU1BouRy4fmU2hz-Wjp5jeuVOUxxfQ2E-XuU9qOyMaArEvEALw_wcB<\/a><\/td>\n<\/tr>\n<\/tbody>\n<\/table>\n<p>&nbsp;<\/p>\n<p><strong>NEFE&nbsp;: Notre \u00e9cole faisons-la ensemble&nbsp;!<\/strong><\/p>\n<p>-Projet \u00ab&nbsp;Bulles de lecture&nbsp;\u00bb. Coll\u00e8ge Beltrame<\/p>\n<p><a href=\"https:\/\/x.com\/ClgBeltrame\/status\/1709526306407280894?s=20\">https:\/\/x.com\/ClgBeltrame\/status\/1709526306407280894?s=20<\/a><\/p>\n<p>-Projet \u00ab&nbsp;Nos cabanes&nbsp;\u00bb. Coll\u00e8ge Le Pr\u00e9 des roures<\/p>\n<p>Travail maquette architecture&nbsp;: salle pour les Ulis, cour et CDI<\/p>\n<p>-Projet \u00ab&nbsp;Apprendre par le jeu hors et dans la classe&nbsp;\u00bb. Coll\u00e8ge Les Campeli\u00e8res<\/p>\n<p>Lien avec le sport et les JO. Projet de 18000 euros valid\u00e9.<\/p>\n<p>-Projet \u00ab&nbsp;Medialab&nbsp;\u00bb. Coll\u00e8ge G\u00e9rard Philipe<\/p>\n<p>Li\u00e9 \u00e0 la classe m\u00e9dia. Projet en construction.<\/p>\n<p><u>Informations pour la construction du dossier&nbsp;:<\/u><\/p>\n<p>-Le chef d&rsquo;\u00e9tablissement est porteur du projet et c&rsquo;est lui qui s&rsquo;occupe du c\u00f4t\u00e9 administratif<\/p>\n<p>-Equipe mim. constitu\u00e9e de 3 personnes<\/p>\n<p>-Pas besoin de faire des devis si on passe par UGAP ou librairie Jean Jaur\u00e8s<\/p>\n<p>-Il faut avancer les frais et sous facture demander le remboursement<\/p>\n<p>-Valorisation des projets qui impliquent le bien-\u00eatre et la bienveillance<\/p>\n<p>-3 devis sont n\u00e9cessaires pour chaque demande sp\u00e9cifique (mobilier, papeterie, livre, mat\u00e9riel num\u00e9rique&#8230;)<\/p>\n<p>-Engagement du projet sur 3 ans<\/p>\n<p><a href=\"https:\/\/www.ac-nice.fr\/nefe\">https:\/\/www.ac-nice.fr\/nefe<\/a><\/p>\n<p><a href=\"https:\/\/eduscol.education.fr\/3595\/notre-ecole-faisons-la-ensemble\">https:\/\/eduscol.education.fr\/3595\/notre-ecole-faisons-la-ensemble<\/a><\/p>\n<p>&nbsp;<\/p>\n<p><strong>Planning CDI et liste d&rsquo;appel<\/strong><\/p>\n<p>Utilisation principalement de l&rsquo;outil traitement de texte.<\/p>\n<p>Autre outil&nbsp;(attention RGPD)&nbsp;: Info doc log &#8211; Cdistat (pas de mise \u00e0 jour)<\/p>\n<p>Certains ordinateurs sont d\u00e9di\u00e9es \u00e0 l&rsquo;inscription \u00e0 l&rsquo;entr\u00e9e du CDI par les \u00e9l\u00e8ves eux-m\u00eames.<\/p>\n<p>Appel sur Pronote \u2013 Agora, effectu\u00e9e par le prof doc.<\/p>\n<p>Communication de l&rsquo;EDT de la semaine sur Esidoc ou Agora<\/p>\n<p>12h \u2013 14h&nbsp;: les \u00e9l\u00e8ves doivent s&rsquo;inscrire \u00e0 l&rsquo;avance ou sont en libre circulation<\/p>\n<p>&nbsp;<\/p>\n<p><strong>Intervention de Vincent Boeri = Micro Folie \u00e0 Nice<\/strong><\/p>\n<p>Noyau commun \u00e0 toutes les micro folie&nbsp;: le mus\u00e9e num\u00e9rique \u2013 14 collections diff\u00e9rentes<\/p>\n<p>Concept n\u00e9 en 2017.<\/p>\n<p>Cr\u00e9er un espace d&rsquo;art et de culture. Lieu d&rsquo;\u00e9change<\/p>\n<p>Pour faciliter l&rsquo;acc\u00e8s \u00e0 l&rsquo;art et \u00e0 la culture des coll\u00e9giens par l&rsquo;utilisation d&rsquo;outils num\u00e9riques avec des pratiques ludiques.<\/p>\n<p>5 espaces&nbsp;: R\u00e9alit\u00e9 virtuelle, Biblio&rsquo;art, Art&rsquo;Box, Fablab, Mus\u00e9e num\u00e9rique.<\/p>\n<p>Ils peuvent recevoir 30\/35 personnes \u00e0 la fois + visiteurs libres.<\/p>\n<p>Mardi au vendredi de 10h-18h.<\/p>\n<p><u><strong>Tous les transports pour le niveau coll\u00e8ge sont rembours\u00e9s<\/strong><\/u>, m\u00eame en dehors d&rsquo;Ac&rsquo;Educ. Hors quotat. Public ou priv\u00e9 sous contrat.<\/p>\n<p>35000 visiteurs en 2 ans.<\/p>\n<p>Des quiz peuvent \u00eatre organis\u00e9s sur beaucoup de th\u00e9matiques.<\/p>\n<p>Le contenu de l&rsquo;intervention peut s&rsquo;adapter \u00e0 une demande. Mais il faut leur laisser plusieurs mois pour qu&rsquo;il la pr\u00e9pare.<\/p>\n<p><a href=\"mailto:microfoliedepartementale@departement06.fr\">microfoliedepartementale@departement06.fr<\/a><\/p>\n<p>04 89 04 56 90<\/p>\n<p>06 23 83 12 25<\/p>\n<p>&nbsp;<\/p>\n<p><strong>Astuce pour configurer sa messagerie acad\u00e9mique professionnelle<\/strong><\/p>\n<p><strong>sur smartphone, tablette ou ordinateur <\/strong><\/p>\n<p><a href=\"https:\/\/blog.juliendelmas.fr\/?configurer-sa-messagerie-academique-professionnelle-sur-smartphone-tablette-ou-ordinateur\">https:\/\/blog.juliendelmas.fr\/?configurer-sa-messagerie-academique-professionnelle-sur-smartphone-tablette-ou-ordinateur<\/a><\/p>\n<p>&nbsp;<\/p>\n<p><strong>Intervention d&rsquo;Eva Schmidt-Miskdjian&nbsp;<\/strong><strong>sur&nbsp;<\/strong><strong>\u00ab\u00a0La psychologie positive dans les \u00e9tablissements scolaires\u00a0\u00bb<\/strong><\/p>\n<p>Eva poursuivra son intervention lors de notre prochaine r\u00e9union r\u00e9seau le 04 juin prochain.<\/p>\n","protected":false},"excerpt":{"rendered":"<p>R\u00e9union r\u00e9seau Cannes Grasse &#8211; Professeur documentaliste Jeudi 28 mars 2024 au coll\u00e8ge Les Campeli\u00e8res, Mougins Pr\u00e9sents&nbsp;: 29 sur 34 convoqu\u00e9s. Nouvelle plateforme sur Esterel&nbsp;: \u00ab&nbsp;DDM&nbsp;\u00bb Depuis le 18 mars une nouvelle plateforme est n\u00e9e&nbsp;: DDM = D\u00e9couverte des m\u00e9tiers. Accessible via Esterel, domaine \u00ab \u00c9l\u00e8ves \u00bb puis cliquer sur [&hellip;]<\/p>\n","protected":false},"author":282,"featured_media":3711,"comment_status":"closed","ping_status":"closed","sticky":false,"template":"","format":"standard","meta":{"ngg_post_thumbnail":0,"footnotes":""},"categories":[50],"tags":[],"class_list":["post-3777","post","type-post","status-publish","format-standard","has-post-thumbnail","hentry","category-reseau-cannes-grasse"],"rttpg_featured_image_url":{"full":["https:\/\/www.pedagogie.ac-nice.fr\/doc-azur\/wp-content\/uploads\/sites\/40\/2023\/12\/network.jpg",150,150,false],"landscape":["https:\/\/www.pedagogie.ac-nice.fr\/doc-azur\/wp-content\/uploads\/sites\/40\/2023\/12\/network.jpg",150,150,false],"portraits":["https:\/\/www.pedagogie.ac-nice.fr\/doc-azur\/wp-content\/uploads\/sites\/40\/2023\/12\/network.jpg",150,150,false],"thumbnail":["https:\/\/www.pedagogie.ac-nice.fr\/doc-azur\/wp-content\/uploads\/sites\/40\/2023\/12\/network.jpg",150,150,false],"medium":["https:\/\/www.pedagogie.ac-nice.fr\/doc-azur\/wp-content\/uploads\/sites\/40\/2023\/12\/network.jpg",150,150,false],"large":["https:\/\/www.pedagogie.ac-nice.fr\/doc-azur\/wp-content\/uploads\/sites\/40\/2023\/12\/network.jpg",150,150,false],"1536x1536":["https:\/\/www.pedagogie.ac-nice.fr\/doc-azur\/wp-content\/uploads\/sites\/40\/2023\/12\/network.jpg",150,150,false],"2048x2048":["https:\/\/www.pedagogie.ac-nice.fr\/doc-azur\/wp-content\/uploads\/sites\/40\/2023\/12\/network.jpg",150,150,false],"hestia-blog":["https:\/\/www.pedagogie.ac-nice.fr\/doc-azur\/wp-content\/uploads\/sites\/40\/2023\/12\/network.jpg",150,150,false],"advps-thumb-one":["https:\/\/www.pedagogie.ac-nice.fr\/doc-azur\/wp-content\/uploads\/sites\/40\/2023\/12\/network.jpg",150,150,false]},"rttpg_author":{"display_name":"Audrey_C","author_link":"https:\/\/www.pedagogie.ac-nice.fr\/doc-azur\/author\/can5\/"},"rttpg_comment":0,"rttpg_category":"<a href=\"https:\/\/www.pedagogie.ac-nice.fr\/doc-azur\/category\/reseau-cannes-grasse\/\" rel=\"category tag\">R\u00e9seau Cannes Grasse<\/a>","rttpg_excerpt":"R\u00e9union r\u00e9seau Cannes Grasse &#8211; Professeur documentaliste Jeudi 28 mars 2024 au coll\u00e8ge Les Campeli\u00e8res, Mougins Pr\u00e9sents&nbsp;: 29 sur 34 convoqu\u00e9s. Nouvelle plateforme sur Esterel&nbsp;: \u00ab&nbsp;DDM&nbsp;\u00bb Depuis le 18 mars une nouvelle plateforme est n\u00e9e&nbsp;: DDM = D\u00e9couverte des m\u00e9tiers. Accessible via Esterel, domaine \u00ab \u00c9l\u00e8ves \u00bb puis cliquer sur [&hellip;]","post_mailing_queue_ids":[],"_links":{"self":[{"href":"https:\/\/www.pedagogie.ac-nice.fr\/doc-azur\/wp-json\/wp\/v2\/posts\/3777","targetHints":{"allow":["GET"]}}],"collection":[{"href":"https:\/\/www.pedagogie.ac-nice.fr\/doc-azur\/wp-json\/wp\/v2\/posts"}],"about":[{"href":"https:\/\/www.pedagogie.ac-nice.fr\/doc-azur\/wp-json\/wp\/v2\/types\/post"}],"author":[{"embeddable":true,"href":"https:\/\/www.pedagogie.ac-nice.fr\/doc-azur\/wp-json\/wp\/v2\/users\/282"}],"replies":[{"embeddable":true,"href":"https:\/\/www.pedagogie.ac-nice.fr\/doc-azur\/wp-json\/wp\/v2\/comments?post=3777"}],"version-history":[{"count":2,"href":"https:\/\/www.pedagogie.ac-nice.fr\/doc-azur\/wp-json\/wp\/v2\/posts\/3777\/revisions"}],"predecessor-version":[{"id":3805,"href":"https:\/\/www.pedagogie.ac-nice.fr\/doc-azur\/wp-json\/wp\/v2\/posts\/3777\/revisions\/3805"}],"wp:featuredmedia":[{"embeddable":true,"href":"https:\/\/www.pedagogie.ac-nice.fr\/doc-azur\/wp-json\/wp\/v2\/media\/3711"}],"wp:attachment":[{"href":"https:\/\/www.pedagogie.ac-nice.fr\/doc-azur\/wp-json\/wp\/v2\/media?parent=3777"}],"wp:term":[{"taxonomy":"category","embeddable":true,"href":"https:\/\/www.pedagogie.ac-nice.fr\/doc-azur\/wp-json\/wp\/v2\/categories?post=3777"},{"taxonomy":"post_tag","embeddable":true,"href":"https:\/\/www.pedagogie.ac-nice.fr\/doc-azur\/wp-json\/wp\/v2\/tags?post=3777"}],"curies":[{"name":"wp","href":"https:\/\/api.w.org\/{rel}","templated":true}]}}