{"id":3880,"date":"2024-06-11T07:55:09","date_gmt":"2024-06-11T05:55:09","guid":{"rendered":"https:\/\/www.pedagogie.ac-nice.fr\/doc-azur\/?p=3880"},"modified":"2024-06-10T20:24:44","modified_gmt":"2024-06-10T18:24:44","slug":"traam-documentation-2023-2024-lintelligence-collective-au-service-des-competences-du-xxie-siecle","status":"publish","type":"post","link":"https:\/\/www.pedagogie.ac-nice.fr\/doc-azur\/2024\/06\/11\/traam-documentation-2023-2024-lintelligence-collective-au-service-des-competences-du-xxie-siecle\/","title":{"rendered":"TRaAM Documentation 2023-2024 L\u2019intelligence collective au service des comp\u00e9tences du XXIe\u00a0si\u00e8cle"},"content":{"rendered":"<div id=\"meta-origin\" data-coolorigin=\"https%3A%2F%2Fedition.apps.education.fr%2Fcool%2Fclipboard%3FWOPISrc%3Dhttps%253A%252F%252Fnuage03.apps.education.fr%252Findex.php%252Fapps%252Frichdocuments%252Fwopi%252Ffiles%252F174238489_ocfwwc3zaezm%26ServerId%3Dfe4bcdde%26ViewId%3D0%26Tag%3D24689fbb55a54c56\">\n<p><span style=\"color: #000000;\"><b>Introduction <\/b><\/span><\/p>\n<p><span style=\"color: #000000;\">Les comp\u00e9tences du XXIe si\u00e8cle<a class=\"sdfootnoteanc\" href=\"#n1\" name=\"sdfootnote1anc\"><sup>1<\/sup><\/a> sont de plus en plus pr\u00e9sentes dans les textes et les discours sur l\u2019\u00e9cole. Longtemps vues comme des comp\u00e9tences inn\u00e9es, on sait maintenant qu\u2019elles peuvent \u00eatre travaill\u00e9es et qu\u2019elles doivent l\u2019\u00eatre pour permettre \u00e0 nos \u00e9l\u00e8ves de devenir des citoyens acteurs et responsables<a class=\"sdfootnoteanc\" href=\"#n2\" name=\"sdfootnote2anc\"><sup>2<\/sup><\/a>. <\/span><\/p>\n<p><span style=\"color: #000000;\">Parmi ces comp\u00e9tences, appel\u00e9es aussi parfois \u00ab soft skills \u00bb, on parle \u00e9galement de plus en plus des comp\u00e9tences psycho-sociales qui sont d\u00e9finies sur \u00c9duscol comme \u00ab\u00a0<\/span><span style=\"color: #000000;\"><i>les aptitudes qu\u2019une personne mobilise pour faire face aux exigences de la vie quotidienne et pendre part opportun\u00e9ment \u00e0 la vie sociale.\u00a0<\/i><\/span><span style=\"color: #000000;\">\u00bb Des exemples sont cit\u00e9s comme l\u2019empathie, la capacit\u00e9 \u00e0 communiquer efficacement (\u2026) <a class=\"sdfootnoteanc\" href=\"#n3\" name=\"sdfootnote3anc\"><sup>3<\/sup><\/a><\/span><\/p>\n<p><span style=\"color: #000000;\">Le travail de groupe permet de travailler de nombreuses comp\u00e9tences avec les \u00e9l\u00e8ves. Il favorise l\u2019acquisition de comp\u00e9tences telles que la<\/span><span style=\"color: #000000;\"> communication, la coop\u00e9ration, la r\u00e9solution de probl\u00e8mes\u2026 <\/span><\/p>\n<p><span style=\"color: #000000;\">Cette forme de travail appara\u00eet dans beaucoup de textes officiels, comme pour le coll\u00e8ge dans le texte d\u00e9finissant le Socle Commun de Connaissances, de Comp\u00e9tences et de Culture<a class=\"sdfootnoteanc\" href=\"#n4\" name=\"sdfootnote4anc\"><sup>4<\/sup><\/a>. Par exemple, le domaine 2 <\/span><span style=\"color: #000000;\">\u00ab <\/span><span style=\"color: #000000;\"><i>Les m\u00e9thodes et outils pour apprendre<\/i><\/span><span style=\"color: #000000;\"> \u00bb<\/span><span style=\"color: #000000;\"> contient l&rsquo;objectif \u00ab <\/span><span style=\"color: #000000;\"><i>coop\u00e9rer et r\u00e9aliser des projets : l\u2019\u00e9l\u00e8ve travaille en \u00e9quipe, partage des t\u00e2ches, s&rsquo;engage dans un dialogue constructif, accepte la contradiction tout en d\u00e9fendant son point de vue, fait preuve de diplomatie, n\u00e9gocie et recherche un consensus. Il apprend \u00e0 g\u00e9rer un projet, qu&rsquo;il soit individuel ou collectif. Il en planifie les t\u00e2ches, en fixe les \u00e9tapes et \u00e9value l&rsquo;atteinte des objectifs. L&rsquo;\u00e9l\u00e8ve sait que la classe, l&rsquo;\u00e9cole, l&rsquo;\u00e9tablissement sont des lieux de collaboration, d&rsquo;entraide et de mutualisation des savoirs. Il aide celui qui ne sait pas comme il apprend des autres. L&rsquo;utilisation des outils num\u00e9riques contribue \u00e0 ces modalit\u00e9s d&rsquo;organisation, d&rsquo;\u00e9change et de collaboration\u00a0<\/i><\/span><span style=\"color: #000000;\">\u00bb.<\/span><\/p>\n<p><span style=\"color: #000000;\">N\u00e9anmoins, alors que beaucoup d\u2019enseignants sont convaincus qu\u2019il est b\u00e9n\u00e9fique de faire travailler les \u00e9l\u00e8ves ensemble, ils peuvent tous rencontrer des difficult\u00e9s \u00e0 mettre en place de v\u00e9ritables situations de collaboration ou de coop\u00e9ration et notamment en y int\u00e9grant des outils num\u00e9riques. Dans le cadre des TraAM Documentation 2023-2024, nous avons souhait\u00e9 nous pencher sur trois enjeux : la question des freins \u00e0 l\u2019acquisition de ces comp\u00e9tences, la plus-value de modalit\u00e9s li\u00e9es au num\u00e9rique, ainsi que la question de l\u2019\u00e9valuation ou de la co-\u00e9valuation de ces comp\u00e9tences.<\/span><\/p>\n<\/div>\n<p><strong>Table des mati\u00e8res<\/strong><\/p>\n<p><a href=\"#comment_faire_vraiment\">I. Comment faire VRAIMENT travailler les \u00e9l\u00e8ves ensemble ?<\/a><\/p>\n<p><a href=\"#inertie_collective\">I. 1 De l&rsquo;inertie collective au travail collaboratif (en passant par le travail coop\u00e9ratif)<\/a><\/p>\n<p><a href=\"#explicitation_vocabulaire\">A. Explicitation du vocabulaire.<\/a><\/p>\n<p><a href=\"#pourquoi_faire_travailler\">B. Pourquoi faire travailler les \u00e9l\u00e8ves ensemble ?<\/a><\/p>\n<p><a href=\"#typologie_des_situations\">C. Typologie des situations p\u00e9dagogiques pour apprendre ensemble.<\/a><\/p>\n<p><a href=\"#risques_travail_groupe\">D. Les \u00ab risques \u00bb du travail de groupe.<\/a><\/p>\n<p><a href=\"#pedagogie_collaboration\">I. 2 Quelle p\u00e9dagogie de la collaboration ? (ou collaborer, \u00e7a s\u2019apprend !)<\/a><\/p>\n<p><a href=\"#pedagogie_competences\">A. Une p\u00e9dagogie des comp\u00e9tences<\/a><\/p>\n<p><a href=\"#remplacer_travail\">B. Remplacer le travail de groupe par le <em>travail en groupe ?<\/em><\/a><\/p>\n<p><a href=\"#arpentage_litteraire\">a. L\u2019arpentage litt\u00e9raire<\/a><\/p>\n<p><a href=\"#classe_puzzle\">b. La classe puzzle (jigsaw classroom)<\/a><\/p>\n<p><a href=\"#outils_numeriques\">II. Les outils num\u00e9riques, freins ou acc\u00e9l\u00e9rateurs du travail d\u2019\u00e9quipe ?<\/a><\/p>\n<p><a href=\"#competences_en_amont\">1. Des comp\u00e9tences \u00e0 d\u00e9velopper en amont ?<\/a><\/p>\n<p><a href=\"#certaines_conditions\">2. Des possibilit\u00e9s sous certaines conditions ?<\/a><\/p>\n<p><a href=\"#numeriques_collaboration\">3. Des outils num\u00e9riques pour la collaboration ?<\/a><\/p>\n<p><a href=\"#intelligence_collective\">4. Quel r\u00f4le pour l\u2019IA dans l\u2019intelligence collective ?<\/a><\/p>\n<p><a href=\"#evaluer_quoi_comment\">III. \u00c9valuer ? Quoi ? Comment ?<\/a><\/p>\n<p><a href=\"#faut_il_evaluer\">1. Faut-il \u00e9valuer ? Qu\u2019\u00e9valuer ?<\/a><\/p>\n<p><a href=\"#et_comment\">2. Comment ?<\/a><\/p>\n<p>&nbsp;<\/p>\n<p>&nbsp;<\/p>\n<div id=\"meta-origin\" data-coolorigin=\"https%3A%2F%2Fedition.apps.education.fr%2Fcool%2Fclipboard%3FWOPISrc%3Dhttps%253A%252F%252Fnuage03.apps.education.fr%252Findex.php%252Fapps%252Frichdocuments%252Fwopi%252Ffiles%252F174238489_ocfwwc3zaezm%26ServerId%3Dfe4bcdde%26ViewId%3D0%26Tag%3D24689fbb55a54c56\">\n<h3 class=\"western\">I. <a id=\"comment_faire_vraiment\"><\/a>Comment faire VRAIMENT travailler les \u00e9l\u00e8ves ensemble ?<\/h3>\n<h4 class=\"western\">I. 1 <a id=\"inertie_collective\"><\/a>De l&rsquo;inertie collective au travail collaboratif (en passant par le travail coop\u00e9ratif)<\/h4>\n<p><span style=\"color: #000000;\">Le terme \u00ab\u00a0intelligence collective\u00a0\u00bb en appelle d\u2019autres qu\u2019il nous paraissait essentiel de d\u00e9finir.<\/span><\/p>\n<p><span style=\"color: #000000;\"><span style=\"font-size: medium;\">Sylvain Connac, docteur en Sciences de l\u2019E\u0301ducation, enseignant chercheur, \u00e0 l\u2019Universite\u0301 Paul Vale\u0301ry de Montpellier, s\u2019int\u00e9resse notamment \u00e0 la<\/span><\/span><strong><span style=\"color: #000000;\"><span style=\"font-size: medium;\"> diff\u00e9renciation entre collaboration et coop\u00e9ration. <\/span><\/span><\/strong><\/p>\n<table width=\"100%\" cellspacing=\"0\" cellpadding=\"4\">\n<tbody>\n<tr>\n<td valign=\"top\" width=\"100%\" height=\"83\"><span style=\"color: #000000;\">&gt; <\/span><strong><span style=\"color: #000000;\"><i>L\u2019\u00e9quipe de Besan\u00e7on a pu aborder ces th\u00e9matiques avec Sylvain Connac lors d\u2019un webinaire disponible <\/i><\/span><\/strong><strong><a href=\"https:\/\/podeduc.apps.education.fr\/video\/35142-traam-documentation-besancon-entretien-avec-sylvain-connac\/\" target=\"_blank\" rel=\"noopener\"><span style=\"color: #000000;\"><i>ici<\/i><\/span><\/a><\/strong><strong><span style=\"color: #000000;\"><i>.<\/i><\/span><\/strong><\/p>\n<p>&gt; <strong><i>L\u2019\u00e9quipe de Lille a cr\u00e9\u00e9 une vid\u00e9o sur ces notions dans le cadre des TRaAM EMI 2022-2023, vous pouvez la retrouver <\/i><\/strong><strong><a href=\"https:\/\/podeduc.apps.education.fr\/video\/14705-traam-emi-collaboration-cooperation\/\" target=\"_blank\" rel=\"noopener\"><span style=\"color: #000000;\"><i>ici<\/i><\/span><\/a><\/strong><strong><span style=\"color: #000000;\"><i>. <\/i><\/span><\/strong><\/td>\n<\/tr>\n<\/tbody>\n<\/table>\n<p>&nbsp;<\/p>\n<h5 class=\"western\"><span style=\"color: #000000;\"><b>A. <a id=\"explicitation_vocabulaire\"><\/a>Explicitation du vocabulaire.<\/b><\/span><\/h5>\n<p>&nbsp;<\/p>\n<p><strong>La collaboration<\/strong><\/p>\n<p><span style=\"color: #000000;\"><span style=\"font-size: medium;\">La collaboration\u00a0consiste \u00e0 faire travailler les \u00e9l\u00e8ves en groupe, tous ensemble, sur la r\u00e9alisation d\u2019un projet. La collaboration est tourn\u00e9e vers la performance pour mener \u00e0 bien une r\u00e9alisation commune. Les \u00e9l\u00e8ves vont alors r\u00e9partir les t\u00e2ches en fonction des comp\u00e9tences de chacun, des talents individuels d\u00e9j\u00e0 construits, afin de gagner en efficacit\u00e9. Par exemple, dans la r\u00e9alisation d\u2019un site web, chaque \u00e9l\u00e8ve pourrait avoir une t\u00e2che sp\u00e9cifique en fonction de ses comp\u00e9tences (un \u00e9l\u00e8ve sur la r\u00e9alisation technique, un autre sur la conception graphique, un sur la r\u00e9daction\u2026)<\/span><\/span><\/p>\n<p><strong>La coop\u00e9ration<\/strong><\/p>\n<p><strong><span style=\"color: #000000;\"><span style=\"font-size: medium;\">La coop\u00e9ration consiste en des situations o\u00f9 des \u00e9l\u00e8ves produisent ou apprennent \u00e0 plusieurs. Ils sont mutuellement d\u00e9pendants \u00e0 travers le recours aux dispositifs habituels de l\u2019aide, du tutorat, de l\u2019entraide, voire du travail en atelier et du travail en groupe, qui les aident \u00e0 progresser individuellement. Pour Sylvain Connac, il y a quatre caract\u00e9ristiques d\u2019une situation de coop\u00e9ration\u00a0: la g\u00e9n\u00e9rosit\u00e9 r\u00e9ciproque, l\u2019interd\u00e9pendance, le partage d\u2019une situation commune et des actions combin\u00e9es. Il faut noter qu\u2019on ne coop\u00e8re pas n\u00e9cessairement pour aboutir \u00e0 une production commune, mais que cela doit aussi permettre de faire avancer un travail individuel qui peut s\u2019appuyer sur les apports des autres.<\/span><\/span><\/strong><\/p>\n<p><strong>L&rsquo;\u00e9quipe\/le groupe<\/strong><\/p>\n<p><span style=\"color: #000000;\"><span style=\"font-size: medium;\">Le groupe est constitu\u00e9 de plusieurs \u00e9l\u00e8ves qui ne se connaissent pas forc\u00e9ment bien (dans le cadre d\u2019un travail) et qui doivent travailler ensemble. Pour devenir une \u00e9quipe, terme clairement emprunt\u00e9 au monde sportif, et on comprend alors mieux de ce dont on parle, les \u00e9l\u00e8ves doivent apprendre \u00e0 se conna\u00eetre (\u00e0 rep\u00e9rer les points forts de chacun, les qualit\u00e9s mais aussi les d\u00e9fauts\u2026). Ils doivent aussi se reconna\u00eetre un but commun qui int\u00e9resse tous les membres qui se fixent un niveau d\u2019implication similaire. Il y a donc plus d\u2019interactions \u00e9troites dans un <b>travail d\u2019\u00e9quipe<\/b> que dans un <b>travail de groupe<\/b>, et c\u2019est pareil pour le <b>travail en \u00e9quipe<\/b> et le <b>travail en groupe<\/b>.<\/span><\/span><\/p>\n<p><span style=\"color: #000000;\"><span style=\"font-size: medium;\">Selon Roger Muchielli<a class=\"sdfootnoteanc\" href=\"#n5\" name=\"sdfootnote5anc\"><sup>5<\/sup><\/a>, pour qu\u2019un travail de groupe soit efficace, il faut : <\/span><\/span><\/p>\n<ul>\n<li><span style=\"color: #000000;\"><span style=\"font-size: medium;\">un petit nombre de participants,<\/span><\/span><\/li>\n<li><span style=\"color: #000000;\"><span style=\"font-size: medium;\">un lien interpersonnel de qualit\u00e9 entre eux,<\/span><\/span><\/li>\n<li><span style=\"color: #000000;\"><span style=\"font-size: medium;\">un engagement personnel,<\/span><\/span><\/li>\n<li><span style=\"color: #000000;\"><span style=\"font-size: medium;\">une unit\u00e9 dans le groupe,<\/span><\/span><\/li>\n<li><span style=\"color: #000000;\"><span style=\"font-size: medium;\">une intentionnalit\u00e9 (un but commun),<\/span><\/span><\/li>\n<li><span style=\"color: #000000;\"><span style=\"font-size: medium;\">des contraintes pour les co-\u00e9quipiers,<\/span><\/span><\/li>\n<li><span style=\"color: #000000;\"><span style=\"font-size: medium;\">une r\u00e9partition des r\u00f4les.<\/span><\/span><\/li>\n<\/ul>\n<p>&nbsp;<\/p>\n<table width=\"100%\" cellspacing=\"0\" cellpadding=\"4\">\n<tbody>\n<tr>\n<td valign=\"top\" width=\"100%\"><i style=\"font-family: inherit; font-size: inherit;\"><span style=\"color: #000000;\"> <i>&gt;<\/i><\/span>Un exemple de <\/i><a style=\"font-family: inherit; font-size: inherit;\" href=\"https:\/\/pedagogie.ac-lille.fr\/prof-doc\/hackathon-avec-les-ecodelegues\/\" target=\"_blank\" rel=\"noopener\">sc\u00e9nario p\u00e9dagogique<\/a><i>, partag\u00e9 par l\u2019\u00e9quipe de Lille, revient sur cette difficult\u00e9 \u00e0 cr\u00e9er l\u2019\u00e9quipe, dans le cadre de l\u2019organisation d\u2019un hackathon r\u00e9unissant les \u00e9cod\u00e9l\u00e9gu\u00e9s (et donc des \u00e9l\u00e8ves de classes diff\u00e9rentes qui vont devoir travailler ensemble).<\/i><\/p>\n<p><i style=\"font-family: inherit; font-size: inherit;\"><span style=\"color: #000000;\"> <i>&gt;<\/i><\/span>Un exemple de <\/i><a style=\"font-family: inherit; font-size: inherit;\" href=\"https:\/\/pedagogie.ac-lille.fr\/prof-doc\/live-sur-les-jeux-paralympiques\/\" target=\"_blank\" rel=\"noopener\">sc\u00e9nario p\u00e9dagogique<\/a><i style=\"font-family: inherit; font-size: inherit;\">, partag\u00e9 par l\u2019\u00e9quipe de Lille, revient sur l\u2019importance de donner des r\u00f4les, ici dans l\u2019utilisation d\u2019un kanban et de cartes r\u00f4les pour la r\u00e9alisation d\u2019un live Twitch.<\/i><\/p>\n<p><a style=\"color: #000000;\" href=\"https:\/\/www.pedagogie.ac-nice.fr\/doc-azur\/2024\/06\/06\/traam-doc-emission-televisee-autour-de-lintelligence-artificielle-et-des-deepfakes\/\"><i><span style=\"color: #000000;\">&gt; <\/span>Un sc\u00e9nario p\u00e9dagogique<\/i><\/a><i style=\"color: #000000; font-family: inherit; font-size: inherit;\">, partag\u00e9 par l\u2019\u00e9quipe de Nice, revient sur la n\u00e9cessit\u00e9 de prendre en consid\u00e9ration les app\u00e9tences et comp\u00e9tences des \u00e9l\u00e8ves dans la constitution d\u2019un groupe et la r\u00e9partition des t\u00e2ches, dans le cadre de la r\u00e9alisation d\u2019une \u00e9mission t\u00e9l\u00e9vis\u00e9e.<\/i><\/p>\n<div id=\"meta-origin\" data-coolorigin=\"https%3A%2F%2Fedition.apps.education.fr%2Fcool%2Fclipboard%3FWOPISrc%3Dhttps%253A%252F%252Fnuage03.apps.education.fr%252Findex.php%252Fapps%252Frichdocuments%252Fwopi%252Ffiles%252F174238489_ocfwwc3zaezm%26ServerId%3Ddf934a35%26ViewId%3D0%26Tag%3D622ded9454e48231\">\n<p><span style=\"color: #000000;\"><i>&gt; Deux scenarios p\u00e9dagogiques propos\u00e9s par l\u2019\u00e9quipe d\u2019Orl\u00e9ans-Tours s\u2019int\u00e9ressent \u00e0 l\u2019engagement des \u00e9l\u00e8ves en difficult\u00e9 ou \u00e0 besoins particulier dans un travail collaboratif dans le cadre de la web-radio.<\/i><\/span><\/p>\n<\/div>\n<div id=\"meta-origin\" data-coolorigin=\"https%3A%2F%2Fedition.apps.education.fr%2Fcool%2Fclipboard%3FWOPISrc%3Dhttps%253A%252F%252Fnuage03.apps.education.fr%252Findex.php%252Fapps%252Frichdocuments%252Fwopi%252Ffiles%252F174238489_ocfwwc3zaezm%26ServerId%3Ddf934a35%26ViewId%3D3%26Tag%3Dbb0ba45f468b0cff\">\n<p>&nbsp;<\/p>\n<\/div>\n<\/td>\n<\/tr>\n<\/tbody>\n<\/table>\n<p>&nbsp;<\/p>\n<h5 class=\"western\"><span style=\"font-size: 12pt;\"><strong>B. <\/strong><\/span><a id=\"pourquoi_faire_travailler\"><\/a><span style=\"font-size: 12pt;\"><strong>Pourquoi faire travailler les \u00e9l\u00e8ves ensemble\u00a0?<\/strong><\/span><\/h5>\n<p><span style=\"font-size: 12pt;\"><span style=\"color: #000000;\">Dans un travail individuel coordonn\u00e9, caract\u00e9ristique de la situation de collaboration, les \u00e9l\u00e8ves qui travaillent \u00e0 une production commune en apportant chacun sa contribution individuelle peuvent faire preuve de <\/span><span style=\"color: #000000;\"><i>performance<\/i><\/span><span style=\"color: #000000;\">.<\/span><\/span><\/p>\n<p><span style=\"color: #000000; font-size: 12pt;\">En travail de groupe ou d\u2019\u00e9quipe, qui peut \u00eatre une situation de collaboration ou une situation de coop\u00e9ration, on attend aussi des \u00e9l\u00e8ves de la <i>solidarit\u00e9<\/i>.<\/span><\/p>\n<p><span style=\"color: #000000; font-size: 12pt;\">Dans les modalit\u00e9s coop\u00e9ratives (aide, tutorat, entraide\u2026) on cherche \u00e9galement \u00e0 d\u00e9velopper la <i>g\u00e9n\u00e9rosit\u00e9<\/i>.<\/span><\/p>\n<p><span style=\"color: #000000; font-size: 12pt;\">Il est \u00e0 noter que la <i>comp\u00e9tition<\/i><a class=\"sdfootnoteanc\" href=\"#n6\" name=\"sdfootnote6anc\"><sup>6<\/sup><\/a>, lorsqu\u2019elle est mise en \u0153uvre avec des groupes, est \u00e9galement une modalit\u00e9 collective\u00a0: le groupe a alors collectivement la responsabilit\u00e9 d\u2019emp\u00eacher le ou les groupes adversaires d\u2019atteindre leur but, ou de l\u2019atteindre avant eux. La comp\u00e9tition favorise alors l\u2019engagement, elle est source de coh\u00e9sion \u00e0 l\u2019int\u00e9rieur du groupe et de d\u00e9passement de soi.<\/span><\/p>\n<h5 class=\"western\"><span style=\"font-size: 12pt;\"><b>C<span style=\"color: #333333;\">. <\/span><span style=\"color: #000000;\"><a id=\"typologie_des_situations\"><\/a>Typologie des situations p\u00e9dagogiques pour apprendre ensemble.<\/span><\/b><\/span><\/h5>\n<div id=\"meta-origin\" data-coolorigin=\"https%3A%2F%2Fedition.apps.education.fr%2Fcool%2Fclipboard%3FWOPISrc%3Dhttps%253A%252F%252Fnuage03.apps.education.fr%252Findex.php%252Fapps%252Frichdocuments%252Fwopi%252Ffiles%252F174238489_ocfwwc3zaezm%26ServerId%3D7409b795%26ViewId%3D0%26Tag%3D417fbd690d3c5208\">\n<p>Il existe diff\u00e9rentes mani\u00e8res d\u2019apprendre ensemble, dont celles-ci, recens\u00e9es par Sylvain Connac<span style=\"color: #ff0000;\"><span style=\"color: #000000; font-size: 12pt;\"><a class=\"sdfootnoteanc\" href=\"#n7\" name=\"sdfootnote6anc\"><sup>7<\/sup><\/a>,<\/span><\/span><\/p>\n<\/div>\n<ul>\n<li><span style=\"font-size: 12pt;\">l\u2019aide (situation coop\u00e9rative dans laquelle un \u00e9l\u00e8ve qui se reconna\u00eet capable vient apporter ses connaissances \u00e0 un \u00e9l\u00e8ve qui en a exprim\u00e9 le besoin \u2013 Marchive, 1997)<\/span><\/li>\n<li><span style=\"color: #000000; font-size: 12pt;\">l\u2019entraide (situation coop\u00e9rative durant laquelle deux ou plusieurs \u00e9l\u00e8ves d\u00e9cident de se r\u00e9unir et d\u2019associer leurs forces pour tenter de r\u00e9soudre un probl\u00e8me ou une difficult\u00e9 qu\u2019ils rencontrent individuellement \u2013 Axelrod, 1992)<\/span><\/li>\n<li><span style=\"color: #000000; font-size: 12pt;\">le tutorat (organisation coop\u00e9rative de syst\u00e8mes d\u2019aides apport\u00e9es entre \u00e9l\u00e8ves \u2013 Baudrit, 2007)<\/span><\/li>\n<li><span style=\"color: #000000; font-size: 12pt;\">le travail en \u00e9quipe (situation coop\u00e9rative organis\u00e9e par l\u2019enseignant dans une d\u00e9marche de projet. Plusieurs \u00e9l\u00e8ves identifient un probl\u00e8me puis con\u00e7oivent et mettent en \u0153uvre une r\u00e9ponse)<\/span><\/li>\n<li><span style=\"color: #000000; font-size: 12pt;\">le travail en atelier (organisation du travail de plusieurs \u00e9l\u00e8ves autour d\u2019une m\u00eame activit\u00e9 et d\u2019un m\u00eame mat\u00e9riel : ils r\u00e9alisent chacun une consigne pr\u00e9cise en s\u2019observant et en s\u2019imitant r\u00e9ciproquement)<\/span><\/li>\n<li><span style=\"color: #000000; font-size: 12pt;\">le travail en groupe (situation coop\u00e9rative et didactique organis\u00e9e par l\u2019enseignant, afin que les \u00e9l\u00e8ves explorent, \u00e0 plusieurs, une situation probl\u00e8me \u2013 Buchs et al. 2008)<\/span><\/li>\n<\/ul>\n<p><span style=\"color: #000000; font-size: 12pt;\">Typologie des situations p\u00e9dagogiques de coop\u00e9ration pour construire du collectif\u00a0:<\/span><\/p>\n<ul>\n<li><span style=\"color: #000000; font-size: 12pt;\">les march\u00e9s de connaissances<\/span><\/li>\n<li><span style=\"color: #000000; font-size: 12pt;\">les discussions d\u00e9mocratiques<\/span><\/li>\n<li><span style=\"color: #000000; font-size: 12pt;\">les conseils coop\u00e9ratifs<\/span><\/li>\n<li><span style=\"color: #000000; font-size: 12pt;\">les jeux coop\u00e9ratifs.<\/span><\/li>\n<li><span style=\"color: #000000; font-size: 12pt;\">l\u2019arpentage litt\u00e9raire.<\/span><\/li>\n<\/ul>\n<p>&nbsp;<\/p>\n<table width=\"100%\" cellspacing=\"0\" cellpadding=\"4\">\n<tbody>\n<tr>\n<td valign=\"top\" width=\"100%\"><span style=\"color: #333333;\"><span style=\"font-size: medium;\"><span style=\"color: #000000;\"><i>&gt; Un exemple de <\/i><\/span><a href=\"https:\/\/pedagogie.ac-lille.fr\/prof-doc\/sinspirer-dun-jeu-pour-une-collaboration-plus-efficace-en-6e-lors-de-la-creation-dune-gazette\/\" target=\"_blank\" rel=\"noopener\"><span style=\"color: #000000;\"><i>sc\u00e9nario p\u00e9dagogique<\/i><\/span><\/a><span style=\"color: #000000;\"><i> partag\u00e9 par l\u2019\u00e9quipe de Lille, pr\u00e9sente comment il est possible de s\u2019inspirer d\u2019un jeu vid\u00e9o coop\u00e9ratif pour ludifier une s\u00e9ance p\u00e9dagogique.<\/i><\/span><\/span><\/span><\/td>\n<\/tr>\n<\/tbody>\n<\/table>\n<p>&nbsp;<\/p>\n<h5 class=\"western\">D. <span style=\"font-size: medium;\"><a id=\"risques_travail_groupe\"><\/a>Les \u00ab\u00a0risques\u00a0\u00bb du travail de groupe.<\/span><\/h5>\n<p><span style=\"color: #000000;\"><span style=\"font-size: medium;\">Le risque de la collaboration en p\u00e9dagogie, \u00e9voqu\u00e9 par Roger Cousinet et Philippe Meirieu, lorsqu\u2019on laisse des \u00e9l\u00e8ves travailler ensemble de mani\u00e8re spontan\u00e9e et naturelle autour d\u2019une m\u00eame consigne, c\u2019est de voir appara\u00eetre quatre fonctions injustes et in\u00e9quitables chez les \u00e9l\u00e8ves :<\/span><\/span><\/p>\n<p><span style=\"color: #000000;\"><span style=\"font-size: medium;\">&#8211; des concepteurs, <\/span><\/span>q<span style=\"color: #000000;\"><span style=\"font-size: medium;\">ui sont les seuls \u00e0 tirer un b\u00e9n\u00e9fice en termes d\u2019apprentissage, <\/span><\/span><\/p>\n<p><span style=\"color: #000000;\"><span style=\"font-size: medium;\">&#8211; des ex\u00e9cutants, <\/span><\/span><\/p>\n<p>&#8211; d<span style=\"color: #000000;\"><span style=\"font-size: medium;\">es ch\u00f4meurs <\/span><\/span><\/p>\n<p><span style=\"color: #000000;\"><span style=\"font-size: medium;\">&#8211; et des g\u00eaneurs. <\/span><\/span><\/p>\n<p><span style=\"color: #000000;\"><span style=\"font-size: medium;\">Des r\u00f4les peuvent \u00eatre endoss\u00e9s \u00e0 cause d\u2019une d\u00e9rive \u00e9conomique qui consiste \u00e0 donner la priorit\u00e9 au projet final plut\u00f4t qu\u2019aux apprentissages vis\u00e9s par le<\/span><\/span><span style=\"font-size: medium;\"> travail de groupe.<\/span><\/p>\n<p><span style=\"font-size: medium;\">Un autre risque du travail de groupe est li\u00e9 \u00e0 la d\u00e9rive fusionnelle, qui se r\u00e9f\u00e8re au groupe fusionnel et consiste \u00e0 donner la priorit\u00e9 au relationnel entre ses membres plut\u00f4t qu\u2019aux apprentissages vis\u00e9s par le travail de groupe.<a class=\"sdfootnoteanc\" href=\"#n8\" name=\"sdfootnote7anc\"><sup>8<\/sup><\/a><\/span><\/p>\n<p><span style=\"color: #000000;\">Ces risques sont li\u00e9s\u00a0notamment :<\/span><\/p>\n<p><span style=\"color: #000000;\">&#8211; au sentiment de l\u00e9gitimit\u00e9 ou d\u2019ill\u00e9gitimit\u00e9 de chacun dans le groupe (reconnaissance pour les apports de chacun)<\/span><\/p>\n<p><span style=\"color: #000000;\">&#8211; \u00e0 la bonne compr\u00e9hension (ou non) de l\u2019int\u00e9r\u00eat du travail de groupe<\/span><\/p>\n<p><span style=\"color: #000000;\"><span style=\"font-size: medium;\">&#8211; \u00e0 la strat\u00e9gie de performance (on laisse faire les \u00ab\u00a0meilleurs\u00a0\u00bb <\/span><\/span><span style=\"font-size: medium;\">pour avoir la meilleure note)<a class=\"sdfootnoteanc\" href=\"#n9\" name=\"sdfootnote8anc\"><sup>9<\/sup><\/a><\/span><\/p>\n<p><span style=\"color: #000000;\"><span style=\"font-size: medium;\">Pour minimiser certains risques, il faut aussi r\u00e9fl\u00e9chir \u00e0 la t\u00e2che demand\u00e9e\u00a0: \u00ab\u00a0l<i>\u2019objectif du travail de groupe n\u2019est pas de r\u00e9pondre \u00e0 une question simple, ce qui pourrait se faire individuellement. L\u2019objectif du groupe c\u2019est d\u2019ouvrir des pistes, d\u2019\u00e9mettre des hypoth\u00e8ses, d\u2019ouvrir des possibles, ce qui ne peut se faire qu\u2019avec d\u2019autres que soi si on veut avoir plusieurs pistes et les hypoth\u00e8ses les plus vari\u00e9es et n\u00e9anmoins possibles. Le point de vue des autres aide \u00e0 envisager ce qu\u2019on n\u2019avait pas vu soi-m\u00eame et \u00e0 examiner la pertinence d\u2019une proposition.<\/i>\u00a0\u00bb<a class=\"sdfootnoteanc\" href=\"#n10\" name=\"sdfootnote9anc\"><sup>10<\/sup><\/a><\/span><\/span><\/p>\n<p><span style=\"color: #000000;\">Selon Sylvain Connac, o<span style=\"font-size: medium;\">n \u00e9vitera les strat\u00e9gies de performance en \u00e9vitant d\u2019\u00e9valuer la production finale du groupe au profit de rendus individuels limitant le travail de groupe \u00e0 certains temps de la s\u00e9ance . <\/span><\/span><\/p>\n<p><span style=\"color: #000000;\">Il nous rappelle \u00e9galement que l\u2019interaction n\u2019est pas synonyme de \u00ab\u00a0coop\u00e9ratif\u00a0\u00bb et que la coop\u00e9ration doit \u00eatre \u00e0 l\u2019initiative des \u00e9l\u00e8ves, qui en ressentiront le besoin. Il est possible selon lui, lors de t\u00e2ches info-documentaires, de d\u00e9velopper l\u2019entraide et la compl\u00e9mentarit\u00e9, en donnant \u00e0 des \u00e9l\u00e8ves la m\u00eame recherche ensemble, pour acc\u00e9der \u00e0 des gestes ou strat\u00e9gies qu\u2019il n\u2019auraient pas eu de mani\u00e8re individuelle. Ceci passera aussi par une dimension de conflit\u00a0d\u2019id\u00e9es : l\u2019\u00e9l\u00e8ve interroge les diff\u00e9rences entre ses strat\u00e9gies et celles des autres, afin de devoir apprendre quelque chose de nouveau.<span style=\"font-size: small;\"><a class=\"sdfootnoteanc\" href=\"#n11\" name=\"sdfootnote10anc\"><sup>11<\/sup><\/a><\/span><\/span><\/p>\n<table width=\"100%\" cellspacing=\"0\" cellpadding=\"4\">\n<tbody>\n<tr>\n<td valign=\"top\" width=\"100%\"><span style=\"color: #000000;\"><span style=\"font-size: medium;\"><i>&gt; Un exemple de sc\u00e9nario p\u00e9dagogique, partag\u00e9 par l\u2019\u00e9quipe de Lille, revient sur une exp\u00e9rimentation de cartes r\u00f4les pour une s\u00e9ance de recherches informationnelles.<\/i><\/span><\/span><\/p>\n<div id=\"meta-origin\" data-coolorigin=\"https%3A%2F%2Fedition.apps.education.fr%2Fcool%2Fclipboard%3FWOPISrc%3Dhttps%253A%252F%252Fnuage03.apps.education.fr%252Findex.php%252Fapps%252Frichdocuments%252Fwopi%252Ffiles%252F174238489_ocfwwc3zaezm%26ServerId%3Ddf934a35%26ViewId%3D0%26Tag%3D622ded9454e48231\">\n<p><span style=\"color: #000000;\"><span style=\"font-size: medium;\"><i>&gt; Un scenario p\u00e9dagogique partag\u00e9 par l\u2019\u00e9quipe d\u2019Orl\u00e9ans-Tours propose la r\u00e9alisation d\u2019un escape game par les \u00e9l\u00e8ves pour les \u00e9l\u00e8ves.<\/i><\/span><\/span><\/p>\n<\/div>\n<\/td>\n<\/tr>\n<\/tbody>\n<\/table>\n<h4 class=\"western\">I. 2 <a id=\"pedagogie_collaboration\"><\/a>Quelle p\u00e9dagogie de la collaboration\u00a0? (ou collaborer, \u00e7a s\u2019apprend\u00a0!)<\/h4>\n<h5 class=\"western\">A. <a id=\"pedagogie_competences\"><\/a>Une p\u00e9dagogie des comp\u00e9tences<\/h5>\n<p><span style=\"color: #000000;\">La collaboration fait partie des quatre comp\u00e9tences du 21\u00e8 si\u00e8cle (4C\u00a0: Cr\u00e9ativit\u00e9, esprit Critique, Collaboration, Communication) , telles que d\u00e9finies dans le rapport Delors <\/span>produit par la Commission internationale sur l&rsquo;\u00e9ducation pour le vingt et uni\u00e8me <em>si\u00e8cle<\/em> <span style=\"color: #000000;\">(1996). Pour Michel Develay, ces comp\u00e9tences sont un <\/span>moyen p\u00e9dagogique mais \u00e9galement un objet de formation.<\/p>\n<p>La comp\u00e9tence est plus qu\u2019une connaissance car elle implique un usage.<a class=\"sdfootnoteanc\" href=\"#n12\" name=\"sdfootnote11anc\"><sup>12<\/sup><\/a> Elle passe par la r\u00e9solution d\u2019une situation qui pose probl\u00e8me, elle est en ce sens un savoir agir. Enfin, elle implique de comprendre le processus qui a permis la r\u00e9solution, c\u2019est pourquoi elle est un \u00ab\u00a0<i>savoir-faire r\u00e9fl\u00e9chi\u00a0<\/i>\u00bb.<\/p>\n<p>L\u2019acquisition de comp\u00e9tences implique une formation en quatre temps\u00a0:<\/p>\n<p>&#8211; investigation : on cherche des solutions \u00e0 la situation probl\u00e8me<\/p>\n<p>&#8211; structuration\u00a0: on communique \u00e0 l\u2019\u00e9crit ou \u00e0 l\u2019oral pour faire le lien avec d\u2019autres savoirs ou comp\u00e9tences<\/p>\n<p>&#8211; r\u00e9flexivit\u00e9\u00a0: que s\u2019est-il pass\u00e9\u00a0? Qu\u2019ai-je appris\u00a0? Quelles comp\u00e9tences ont \u00e9t\u00e9 travaill\u00e9es.<\/p>\n<p>&#8211; transfert\u00a0: r\u00e9utilisation d\u2019un savoir, d\u2019une comp\u00e9tence acquise pr\u00e9c\u00e9demment.<\/p>\n<p><span style=\"color: #000000;\">Cinq principes pour un travail collectif au service des apprentissages ont \u00e9t\u00e9 propos\u00e9s par Isabelle Plante (2012)<a class=\"sdfootnoteanc\" href=\"#n13\" name=\"sdfootnote12anc\"><sup>13<\/sup><\/a>\u00a0: interd\u00e9pendance positive, responsabilit\u00e9 individuelle, promotion des interactions, habilet\u00e9s sociales et coop\u00e9ratives, processus de groupe.<\/span><\/p>\n<p><span style=\"color: #000000;\">Diff\u00e9rentes comp\u00e9tences sont \u00e0 d\u00e9velopper pour faire collectif\u00a0:<\/span><\/p>\n<p><span style=\"color: #000000;\">&#8211; se sentir utile, reconna\u00eetre l\u2019utilit\u00e9 des autres<\/span><\/p>\n<p><span style=\"color: #000000;\">&#8211; communiquer, \u00e9couter<\/span><\/p>\n<p><span style=\"color: #000000;\">&#8211; \u00e9valuer, s\u2019\u00e9valuer (\u00e9couter la critique)<\/span><\/p>\n<p><span style=\"color: #000000;\">&#8211; d\u00e9lib\u00e9rer, d\u00e9cider<\/span><\/p>\n<p><span style=\"color: #000000;\">&#8211; s\u2019engager<\/span><\/p>\n<p>Pour cr\u00e9er une situation propice aux \u00e9changes, l\u2019enseignant doit \u00e9tablir un cadre clair\u00a0et rappeler par exemple \u00ab l<i>\u2019objectif de la s\u00e9ance, la dur\u00e9e, l\u2019organisation (attribution de r\u00f4les ou non), les r\u00e8gles de fonctionnement (libre participation de tous, \u00e9coute mutuelle, esprit de bienveillance \u00e0 installer dans la classe), la production attendue&#8230; <\/i>\u00bb<a class=\"sdfootnoteanc\" href=\"#n14\" name=\"sdfootnote13anc\"><sup>14<\/sup><\/a><\/p>\n<p><span style=\"color: #000000;\">La gestion de l\u2019espace a aussi un impact sur la p\u00e9dagogie (classe flexible, \u00eelots, table d\u2019appui\u2026)<a class=\"sdfootnoteanc\" href=\"#n15\" name=\"sdfootnote14anc\"><sup>15<\/sup><\/a> (Isabelle Ducos-Filippi, 2021). En ce sens, le CDI peut \u00eatre un espace id\u00e9al pour les projets qui n\u00e9cessitent parfois de s\u2019isoler, parfois de travailler ensemble. <\/span><\/p>\n<div id=\"meta-origin\" data-coolorigin=\"https%3A%2F%2Fedition.apps.education.fr%2Fcool%2Fclipboard%3FWOPISrc%3Dhttps%253A%252F%252Fnuage03.apps.education.fr%252Findex.php%252Fapps%252Frichdocuments%252Fwopi%252Ffiles%252F174238489_ocfwwc3zaezm%26ServerId%3Ddf934a35%26ViewId%3D1%26Tag%3Dcf4b32b0c621be0e\">\n<div id=\"meta-origin\" data-coolorigin=\"https%3A%2F%2Fedition.apps.education.fr%2Fcool%2Fclipboard%3FWOPISrc%3Dhttps%253A%252F%252Fnuage03.apps.education.fr%252Findex.php%252Fapps%252Frichdocuments%252Fwopi%252Ffiles%252F174238489_ocfwwc3zaezm%26ServerId%3Ddf934a35%26ViewId%3D1%26Tag%3Dcf4b32b0c621be0e\">\n<table width=\"100%\" cellspacing=\"0\" cellpadding=\"4\">\n<tbody>\n<tr>\n<td valign=\"top\" width=\"100%\"><span style=\"color: #000000;\"><i>&gt; Concernant l\u2019espace, les acad\u00e9mies de\u00a0Besan\u00e7on et de Lille ont travaill\u00e9 sur l\u2019intelligence collective pour repenser le CDI :<\/i><\/span><span style=\"color: #000000;\"><span style=\"font-family: Carlito, sans-serif;\"><span style=\"font-size: medium;\"><i> u<\/i><\/span><\/span><\/span><span style=\"color: #000080;\"><span style=\"font-family: Carlito, sans-serif;\"><span style=\"font-size: medium;\"><i><a href=\"https:\/\/documentation.ac-besancon.fr\/un-projet-participatif-pour-reinventer-le-cdi\/\" target=\"_blank\" rel=\"noopener\">n projet participatif pour r\u00e9inventer le CDI<\/a><\/i><\/span><\/span><\/span><span style=\"color: #222222;\"><span style=\"font-family: Carlito, sans-serif;\"><span style=\"font-size: medium;\"><i>, <\/i><\/span><\/span><\/span><span style=\"color: #000080;\"><span style=\"font-family: Carlito, sans-serif;\"><span style=\"font-size: medium;\"><i><a href=\"https:\/\/documentation.ac-besancon.fr\/faire-evoluer-les-espaces-du-cdi-de-maniere-collaborative\/\" target=\"_blank\" rel=\"noopener\">Faire \u00e9voluer les espaces du CDI de mani\u00e8re collaborative <\/a><\/i><\/span><\/span><\/span><span style=\"color: #000080;\"><span style=\"font-family: Carlito, sans-serif;\"><span style=\"font-size: medium;\"><i><a href=\"https:\/\/documentation.ac-besancon.fr\/faire-evoluer-les-espaces-du-cdi-de-maniere-collaborative\/\" target=\"_blank\" rel=\"noopener\">Faire \u00e9voluer les espaces du CDI de mani\u00e8re collaborative<\/a><\/i><\/span><\/span><\/span><span style=\"color: #000080;\"><span style=\"font-family: Carlito, sans-serif;\"><span style=\"font-size: medium;\"><i>. <\/i><\/span><\/span><\/span><\/p>\n<p><span style=\"color: #000080;\"><span style=\"font-family: Carlito, sans-serif;\"><span style=\"font-size: medium;\"><i>&gt; <\/i><\/span><\/span><\/span><span style=\"color: #000000;\"><span style=\"font-family: Carlito, sans-serif;\"><span style=\"font-size: medium;\"><i>L\u2019acad\u00e9mie de Nice a \u00e9galement travaill\u00e9 sur la r\u00e9organisation de l\u2019espace fiction gr\u00e2ce \u00e0 l\u2019intelligence collective\u00a0: <\/i><\/span><\/span><span style=\"font-family: Carlito, sans-serif;\"><span style=\"font-size: medium;\"><i><a style=\"color: #000000;\" href=\"https:\/\/www.pedagogie.ac-nice.fr\/doc-azur\/2024\/06\/06\/traam-documentation-lecture-pour-tous-reorganisation-des-fictions-au-cdi\/\">Lecture pour tous : r\u00e9organisation des fictions au CDI \u2013 Doc@zur (ac-nice.fr)<\/a><\/i><\/span><\/span><\/span><i> <\/i><\/td>\n<\/tr>\n<\/tbody>\n<\/table>\n<\/div>\n<\/div>\n<p><span style=\"color: #000000;\">L\u2019\u00e9quilibre temps individuel \/ temps collectif doit \u00e9voluer au cours de l\u2019ann\u00e9e\u00a0en partant d\u2019une proportion plus grande des temps collectifs pour atteindre en fin d\u2019ann\u00e9e un \u00e9quilibre entre les temps collectifs et les temps individuels. (S.Connac, 2020)<\/span><\/p>\n<h5 class=\"western\">B. <a id=\"remplacer_travail\"><\/a>Remplacer le travail de groupe par le <i>travail <\/i><i><u>en<\/u><\/i><i> groupe\u00a0?<\/i><\/h5>\n<p><span style=\"color: #000000;\">Pour \u00e9tayer nos propos de mani\u00e8re concr\u00e8te, l\u2019enseignant Laurent Reynaud propose des situations-probl\u00e8mes avec une mise en place simple qui favoriserait la coop\u00e9ration et \u00e9viterait le caract\u00e8re souvent fastidieux d\u2019une collaboration sous forme de production commune (le fameux \u00ab\u00a0travail de groupe\u00a0\u00bb qui incite notamment les plus faibles \u00e0 se reposer sur les autres). Il explique son fonctionnement dans une <a href=\"https:\/\/twitter.com\/ReynaudLaurent3\/status\/1766348767010128134\" target=\"_blank\" rel=\"noopener\">vid\u00e9o<\/a> partag\u00e9e sur X\u00a0:<\/span><\/p>\n<ol>\n<li><span style=\"color: #000000;\">Apr\u00e8s une contextualisation et une reformulation du probl\u00e8me, un temps individuel permet \u00e0 chacun de r\u00e9fl\u00e9chir \u00e0 sa r\u00e9ponse en vue de la situation probl\u00e8me. <\/span><\/li>\n<\/ol>\n<ol start=\"2\">\n<li><span style=\"color: #000000;\">Ensuite, un second temps de coop\u00e9ration permet aux \u00e9l\u00e8ves de se r\u00e9unir par groupes de quatre afin de confronter leurs id\u00e9es ou hypoth\u00e8ses (il n\u2019est pas question de production, mais de parler de leurs avis ou d\u00e9saccords). Il n\u2019est pas question de production commune mais de coop\u00e9ration, afin de confronter les avis. <\/span><\/li>\n<li><span style=\"color: #000000;\">Une troisi\u00e8me \u00e9tape en commun permet de r\u00e9gler les difficult\u00e9s en donnant la parole \u00e0 certains \u00e9l\u00e8ves. S\u2019ensuit, apr\u00e8s cette p\u00e9riode de \u00ab\u00a0conflit d\u2019id\u00e9es\u00a0\u00bb, un prolongement sous forme de bilan ou d\u2019activit\u00e9.<\/span><\/li>\n<\/ol>\n<p>&nbsp;<\/p>\n<p><img loading=\"lazy\" decoding=\"async\" class=\"size-medium wp-image-3887 aligncenter\" src=\"https:\/\/www.pedagogie.ac-nice.fr\/doc-azur\/wp-content\/uploads\/sites\/40\/2024\/05\/TraAM-article-referents-Image-1-300x206.jpg\" alt=\"\" width=\"300\" height=\"206\" srcset=\"https:\/\/www.pedagogie.ac-nice.fr\/doc-azur\/wp-content\/uploads\/sites\/40\/2024\/05\/TraAM-article-referents-Image-1-300x206.jpg 300w, https:\/\/www.pedagogie.ac-nice.fr\/doc-azur\/wp-content\/uploads\/sites\/40\/2024\/05\/TraAM-article-referents-Image-1-768x527.jpg 768w, https:\/\/www.pedagogie.ac-nice.fr\/doc-azur\/wp-content\/uploads\/sites\/40\/2024\/05\/TraAM-article-referents-Image-1-474x324.jpg 474w, https:\/\/www.pedagogie.ac-nice.fr\/doc-azur\/wp-content\/uploads\/sites\/40\/2024\/05\/TraAM-article-referents-Image-1-130x90.jpg 130w, https:\/\/www.pedagogie.ac-nice.fr\/doc-azur\/wp-content\/uploads\/sites\/40\/2024\/05\/TraAM-article-referents-Image-1.jpg 805w\" sizes=\"auto, (max-width: 300px) 100vw, 300px\" \/><\/p>\n<p style=\"text-align: center;\">Source\u00a0: <a href=\"https:\/\/x.com\/ReynaudLaurent3\/status\/1766348767010128134?s=20\" target=\"_blank\" rel=\"noopener\">https:\/\/x.com\/ReynaudLaurent3\/status\/1766348767010128134?s=20<\/a><\/p>\n<p>&nbsp;<\/p>\n<p>Le travail en groupe doit reposer sur un <b>\u00e9quilibre de l\u2019implication de chacun<\/b>, ce qui est souvent difficile \u00e0 trouver. Nous proposons deux exemples que nous avons exp\u00e9riment\u00e9s et qui int\u00e8grent un peu plus cet \u00e9quilibre :<\/p>\n<h6 class=\"western\"><span style=\"font-size: 12pt;\">a. <\/span><a id=\"arpentage_litteraire\"><\/a><span style=\"font-size: 12pt;\">L\u2019arpentage litt\u00e9raire<\/span><\/h6>\n<p align=\"justify\"><span style=\"font-size: 12pt;\">Il s\u2019agit d\u2019une m\u00e9thode de lecture invent\u00e9e dans des cercles ouvriers de la fin du 19e si\u00e8cle, reprise et diffus\u00e9e par des associations d\u2019\u00e9ducation populaire. Elle vise \u00e0 d\u00e9velopper le travail collaboratif en r\u00e9alisant une lecture collective. Elle permet \u00e0 un groupe de s\u2019approprier des savoirs complexes tout en s\u2019appuyant sur la r\u00e9flexion collective. C\u2019est un outil de co-construction de savoirs, qui part de l\u2019ouvrage, mais encourage aussi \u00e0 s\u2019en d\u00e9tacher.<\/span><\/p>\n<p align=\"justify\"><span style=\"font-size: 12pt;\">Plut\u00f4t que de lire chacun.e l\u2019ouvrage puis d\u2019en discuter en classe enti\u00e8re, il s\u2019agit de se r\u00e9partir la lecture pour ensuite mettre en commun collectivement et oralement les \u00ab\u00a0morceaux\u00a0\u00bb de l\u2019histoire. L\u2019int\u00e9r\u00eat est que chacun est le gardien d\u2019un \u00e9l\u00e9ment de l\u2019histoire. C\u2019est la reconstitution de l\u2019histoire gr\u00e2ce aux \u00e9l\u00e9ments lus par chacun qui permet de retrouver le fil de l\u2019histoire.<\/span><\/p>\n<p align=\"justify\"><span style=\"font-size: 12pt;\">Il y a plusieurs \u00e9tapes\u00a0:<\/span><\/p>\n<p align=\"justify\"><span style=\"font-size: 12pt;\">&#8211; Lecture individuelle (20-40 minutes en fonction du temps de lecture)<\/span><\/p>\n<p align=\"justify\"><span style=\"font-size: 12pt;\">&#8211; Partage et restitution en petits groupes (20 minutes)<\/span><\/p>\n<p align=\"justify\"><span style=\"font-size: 12pt;\">&#8211; Restitution collective (30 minutes)<\/span><\/p>\n<p align=\"justify\"><span style=\"font-size: 12pt;\">Pour accompagner la lecture, l\u2019activit\u00e9 compl\u00e9mentaire peut prendre diff\u00e9rentes modalit\u00e9s \u00a0:<\/span><\/p>\n<p align=\"justify\"><span style=\"font-size: 12pt;\">Lors de la lecture individuelle (prise de notes personnelle libre, questions 3QOCP, r\u00e9sumer le passage lu action\/ personnages)<\/span><\/p>\n<p align=\"justify\"><span style=\"font-size: 12pt;\">Lors de la premi\u00e8re restitution en petits groupes, les \u00e9l\u00e8ves partagent leurs lectures et peuvent commencer \u00e0 reconstituer les \u00e9l\u00e9ments de l\u2019histoire \u00e0 partir du 3 QOCP sous la forme d&rsquo;une carte mentale par exemple).<\/span><\/p>\n<p align=\"justify\"><span style=\"font-size: 12pt;\">Lors de la restitution collective en classe enti\u00e8re, l\u2019enseignant peut r\u00e9aliser la trace collective au tableau.<\/span><\/p>\n<p align=\"justify\"><span style=\"font-size: 12pt;\">Les avantages de la m\u00e9thode\u00a0:<\/span><\/p>\n<p align=\"justify\"><span style=\"font-size: 12pt;\">&#8211; valorise la parole de tous car la participation de chacun est n\u00e9cessaire, tout le monde d\u00e9tient un \u00e9l\u00e9ment de l\u2019histoire\u00a0;<\/span><\/p>\n<p align=\"justify\"><span style=\"font-size: 12pt;\">&#8211; d\u00e9veloppe l\u2019intelligence collective comme force du groupe classe\u00a0;<\/span><\/p>\n<p align=\"justify\"><span style=\"font-size: 12pt;\">&#8211; permet de placer tous les \u00e9l\u00e8ves au m\u00eame niveau, pas de hi\u00e9rarchie de connaissance\u00a0;<\/span><\/p>\n<p align=\"justify\"><span style=\"font-size: 12pt;\">&#8211; permet de d\u00e9velopper une d\u00e9marche de questionnement sur l\u2019histoire (3QOCP)\u00a0;<\/span><\/p>\n<p align=\"justify\"><span style=\"font-size: 12pt;\">&#8211; plusieurs variantes sont possibles\u00a0;<\/span><\/p>\n<p align=\"justify\"><span style=\"font-size: 12pt;\">&#8211; diff\u00e9rents types de r\u00e9cits peuvent \u00eatre utilis\u00e9s : romans policier, fantastique ; essai ; roman r\u00e9aliste etc.) ;<\/span><\/p>\n<p align=\"justify\"><span style=\"font-size: 12pt;\">&#8211; d\u00e9veloppe la curiosit\u00e9\u00a0;<\/span><\/p>\n<p align=\"justify\"><span style=\"font-size: 12pt;\">&#8211; permet de travailler le vocabulaire.<\/span><\/p>\n<p align=\"justify\"><span style=\"font-size: 12pt;\">Difficult\u00e9s et points d\u2019attention\u00a0:<\/span><\/p>\n<ul>\n<li>\n<p align=\"justify\"><span style=\"font-size: 12pt;\">les \u00e9l\u00e8ves doivent porter une attention pr\u00e9cise \u00e0 l\u2019extrait lu, il faut comprendre l\u2019extrait sans avoir le contexte.<\/span><\/p>\n<\/li>\n<\/ul>\n<ul>\n<li>\n<p align=\"justify\"><span style=\"font-size: 12pt;\">les \u00e9l\u00e8ves peuvent \u00eatre d\u00e9stabilis\u00e9s car il leur manque des informations, il faut les amener \u00e0 inscrire les questions qu\u2019ils se posent.<\/span><\/p>\n<\/li>\n<li>\n<p align=\"justify\"><span style=\"font-size: 12pt;\">l\u2019enseignant doit ma\u00eetriser parfaitement l\u2019ouvrage voire \u00e0 qui il distribue les extraits pour faciliter les \u00e9changes et assurer la reconstruction\u00a0: quelqu\u2019un dans la salle doit conna\u00eetre l\u2019histoire pour tenir le fil.<\/span><\/p>\n<\/li>\n<\/ul>\n<div id=\"meta-origin\" data-coolorigin=\"https%3A%2F%2Fedition.apps.education.fr%2Fcool%2Fclipboard%3FWOPISrc%3Dhttps%253A%252F%252Fnuage03.apps.education.fr%252Findex.php%252Fapps%252Frichdocuments%252Fwopi%252Ffiles%252F174238489_ocfwwc3zaezm%26ServerId%3Ddf934a35%26ViewId%3D1%26Tag%3Ddadedc9f8ffb9eb9\">\n<p>&nbsp;<\/p>\n<table width=\"100%\" cellspacing=\"0\" cellpadding=\"4\">\n<tbody>\n<tr>\n<td valign=\"top\" width=\"100%\"><span style=\"color: #000000;\"><i>&gt; <\/i><\/span>Des exemples de <b><a href=\"https:\/\/sites.ac-nancy-metz.fr\/documentation\/mutualisons\/modifier-la-page\/axe-3-lintelligence-collective-et-les-competences-info-documentaires-du-xxieme-siecle\/arpentage-litteraire\/\">sc\u00e9narios p\u00e9dagogique<\/a>s<\/b> et cr\u00e9ation d\u2019image assist\u00e9 par IA partag\u00e9 par l\u2019\u00e9quipe de Nancy-Metz.<\/p>\n<p><span style=\"color: #000000;\">&gt; Un<a href=\"https:\/\/documentation.ac-besancon.fr\/un-atelier-de-lecture-collaborative-et-decriture-assistee-par-lia\/\" target=\"_blank\" rel=\"noopener\"> sc\u00e9nario<\/a> m\u00ealant arpentage litt\u00e9raire et recherche assist\u00e9e par IA, sur le site acad\u00e9mique de Besan\u00e7on.<\/span><\/p>\n<p><span style=\"color: #000000;\">&gt; Un <a style=\"color: #000000;\" href=\"https:\/\/www.pedagogie.ac-nice.fr\/doc-azur\/2024\/05\/30\/traam-documentation-2023-24-arpentage-litteraire-collaborer-pour-lire-ensemble-scenario-pedagogique\/\" target=\"_blank\" rel=\"noopener\">exemple de projet d\u2019arpentage litt\u00e9raire<\/a> pour favoriser l\u2019engagement d\u2019\u00e9l\u00e8ves en situation de d\u00e9crochage dans l\u2019acad\u00e9mie de Nice\u00a0<\/span><\/td>\n<\/tr>\n<\/tbody>\n<\/table>\n<p>&nbsp;<\/p>\n<\/div>\n<h6 class=\"western\"><span style=\"font-size: 12pt;\">b. <\/span><a id=\"classe_puzzle\"><\/a><span style=\"font-size: 12pt;\">La classe puzzle (jigsaw classroom)<\/span><\/h6>\n<p>La classe puzzle est n\u00e9e d\u2019une approche anglo-saxone des pratiques coop\u00e9ratives qui placent l\u2019acquisition de comp\u00e9tences de coop\u00e9ration comme un objectif p\u00e9dagogique \u00e0 part enti\u00e8re. <a class=\"sdfootnoteanc\" href=\"#n16\" name=\"sdfootnote15anc\"><sup>16<\/sup><\/a><\/p>\n<p>Elle permet de partager dans la classe l\u2019\u00e9tude d\u2019une notion, d\u2019un document et favorise la mise en activit\u00e9 des \u00e9l\u00e8ves en rendant chacun \u00ab expert \u00bb de la part de travail dont il a eu la charge.<\/p>\n<p>&nbsp;<\/p>\n<p><img loading=\"lazy\" decoding=\"async\" class=\"size-medium wp-image-3888 aligncenter\" src=\"https:\/\/www.pedagogie.ac-nice.fr\/doc-azur\/wp-content\/uploads\/sites\/40\/2024\/05\/TraAM-article-referents-Image-2-300x114.jpg\" alt=\"\" width=\"300\" height=\"114\" srcset=\"https:\/\/www.pedagogie.ac-nice.fr\/doc-azur\/wp-content\/uploads\/sites\/40\/2024\/05\/TraAM-article-referents-Image-2-300x114.jpg 300w, https:\/\/www.pedagogie.ac-nice.fr\/doc-azur\/wp-content\/uploads\/sites\/40\/2024\/05\/TraAM-article-referents-Image-2-768x293.jpg 768w, https:\/\/www.pedagogie.ac-nice.fr\/doc-azur\/wp-content\/uploads\/sites\/40\/2024\/05\/TraAM-article-referents-Image-2.jpg 832w\" sizes=\"auto, (max-width: 300px) 100vw, 300px\" \/><\/p>\n<p class=\"sdfootnote\" align=\"center\"><span style=\"color: #ff0000;\">Sch\u00e9matisation du fonctionnement du \u00ab\u00a0jigsaw classroom. <a style=\"color: #ff0000;\" href=\"https:\/\/commons.wikimedia.org\/wiki\/File:Jigsaw_classroom.jpg?uselang=fr\">Wikimedia commons.<\/a> \u00a0Domaine public. CC-\u24ea<\/span><\/p>\n<p>&nbsp;<\/p>\n<p><span style=\"color: #000000;\">La classe Puzzle se d\u00e9roule en quatre temps\u00a0:<\/span><\/p>\n<p><span style=\"color: #000000;\">1- un temps individuel o\u00f9 chaque \u00e9l\u00e8ve s\u2019interroge sur la partie de document ou de notion \u00e0 travailler. Cela permet \u00e0 chacun d\u2019apporter un contenu et ainsi d\u2019\u00eatre utile au groupe qu\u2019il rejoint.<\/span><\/p>\n<p><span style=\"color: #000000;\">2- un temps en groupes expert : les \u00e9l\u00e8ves ayant travaill\u00e9 le m\u00eame axe se r\u00e9unissent par groupe pour confronter et mettre en commun leur travail. Cette phase permet le conflit socio-cognitif qui donne du sens au travail de groupe. A l\u2019issue de ce temps, chacun a une connaissance la plus compl\u00e8te possible sur sa partie de notion.<\/span><\/p>\n<p><span style=\"color: #000000;\">3- un temps en groupes d\u2019apprentissage (qu\u2019on pourrait \u00e9galement appeler groupes de synth\u00e8se)\u00a0: chaque \u00e9l\u00e8ve est porteur du travail r\u00e9alis\u00e9 dans son groupe expert qui devra arriver \u00e0 une synth\u00e8se, voire une conclusion commune.<\/span><\/p>\n<p><span style=\"color: #000000;\">4- Un temps r\u00e9flexif\u00a0sur ce qui a \u00e9t\u00e9 appris et le d\u00e9roulement de la s\u00e9ance<\/span><\/p>\n<p><span style=\"color: #000000;\">Int\u00e9r\u00eats et limites de la Classe puzzle\u00a0:<\/span><\/p>\n<p><span style=\"color: #000000;\">&#8211; La classe puzzle permet des s\u00e9ances rythm\u00e9es, actives, qui plaisent beaucoup aux \u00e9l\u00e8ves. Elle est propice \u00e0 la motivation.<\/span><\/p>\n<p><span style=\"color: #000000;\">&#8211; Elle permet aux \u00e9l\u00e8ves d\u2019int\u00e9grer de mani\u00e8re satisfaisante la partie du cours dont ils sont experts.<\/span><\/p>\n<p><span style=\"color: #000000;\">&#8211; Cependant, les \u00e9l\u00e8ves ma\u00eetrisent moins les autres parties du cours, qui leur ont \u00e9t\u00e9 partag\u00e9es en groupe d\u2019apprentissage <\/span><\/p>\n<p><span style=\"color: #000000;\">&#8211; Pour pallier cette limite, on peut envisager un rendu final individuel \u00e0 l\u2019issue de la phase 3.<span style=\"font-size: small;\"><a class=\"sdfootnoteanc\" href=\"#n16\" name=\"sdfootnote16anc\"><sup>17<\/sup><\/a><\/span><\/span><\/p>\n<p><span style=\"color: #000000;\"><span style=\"font-size: medium;\">Quelques exemples d\u2019application\u00a0: <\/span><\/span><\/p>\n<p><span style=\"color: #000000;\"><span style=\"font-size: medium;\">&#8211; Esprit critique et information scientifique\u00a0: sur une question scientifique controvers\u00e9e, relever dans diff\u00e9rents documents contradictoires les diff\u00e9rents arguments (phase individuelle et groupe expert) pour arriver \u00e0 une conclusion en groupe d\u2019apprentissage. <\/span><\/span><\/p>\n<p><span style=\"color: #000000;\"><span style=\"font-size: medium;\">&#8211; \u00c9coute \/ analyse d\u2019un podcast\u00a0avec r\u00e9partition de l\u2019aspect analys\u00e9 dans les groupes experts (voix, sons additionnels, message v\u00e9hicul\u00e9, structure du podcast) <\/span><\/span><\/p>\n<table width=\"100%\" cellspacing=\"0\" cellpadding=\"4\">\n<tbody>\n<tr>\n<td valign=\"top\" width=\"100%\"><span style=\"color: #000000;\"><i>&gt; Un exemple de <a href=\"https:\/\/pedagogie.ac-lille.fr\/prof-doc\/des-ilots-etranges-pour-contribuer-a-lencyclopedie-collaborative-wikimini-en-cours-de-geographie-5e\/\" target=\"_blank\" rel=\"noopener\">sc\u00e9nario p\u00e9dagogique<\/a>, partag\u00e9 par l\u2019\u00e9quipe de Lille, a exp\u00e9riment\u00e9 un concept proche de la classe puzzle, appel\u00e9 \u00ab\u00a0\u00eelots \u00e9tranges\u00a0\u00bb pour un projet visant \u00e0 alimenter l\u2019encyclop\u00e9die collaborative Wikimini.<\/i><\/span><\/td>\n<\/tr>\n<\/tbody>\n<\/table>\n<p>&nbsp;<\/p>\n<h3 class=\"western\">II. <a id=\"outils_numeriques\"><\/a>Les outils num\u00e9riques, freins ou acc\u00e9l\u00e9rateurs du travail d\u2019\u00e9quipe\u00a0?<\/h3>\n<h4 class=\"western\">1. <a id=\"competences_en_amont\"><\/a>Des comp\u00e9tences \u00e0 d\u00e9velopper en amont\u00a0?<\/h4>\n<p><span style=\"color: #000000;\">Les outils num\u00e9riques dont on dispose aujourd\u2019hui, notamment dans les Environnements Num\u00e9riques de Travail, permettent la collaboration (comme les traitements de texte collaboratifs). N\u00e9anmoins, force est de constater que les pratiques collaboratives permises par les outils ne sont pas naturellement utilis\u00e9es par nos \u00e9l\u00e8ves. Ils sont souvent d\u00e9concert\u00e9s de voir les autres \u00e9crire en temps r\u00e9el, certains sabotent le travail des autres et peu osent toucher au travail des autres. Il s\u2019agit, en plus des comp\u00e9tences relatives au travail d\u2019\u00e9quipe d\u00e9connect\u00e9, d\u2019une strate suppl\u00e9mentaire de comp\u00e9tences \u00e0 faire acqu\u00e9rir \u00e0 nos \u00e9l\u00e8ves. <\/span><\/p>\n<p><span style=\"color: #000000;\">Certaines donn\u00e9es semblent conclure \u00e0 l\u2019importance de ce qui se fait en amont du num\u00e9rique\u00a0:<\/span><\/p>\n<p><span style=\"color: #000000;\">&#8211; Andr\u00e9 Tricot rappelle qu\u2019outre la dimension de <i>charge cognitive <\/i>qui peut \u00eatre pr\u00e9sente, le num\u00e9rique ne favorise pas d\u2019embl\u00e9e l\u2019autonomie de l\u2019\u00e9l\u00e8ve ou du groupe\u00a0; il est essentiel d\u2019avoir d\u2019abord des capacit\u00e9s d\u2019autonomie en amont pour pouvoir s\u2019autor\u00e9guler (lors de t\u00e2ches collaboratives en ligne, lors de l\u2019utilisation d\u2019outils num\u00e9riques qui n\u00e9cessitent des choix de strat\u00e9gie et de planification de la part des \u00e9l\u00e8ves) : la qualit\u00e9 du \u00ab\u00a0dispositif de guidage\u00a0\u00bb devient essentielle.<a class=\"sdfootnoteanc\" href=\"#n18\" name=\"sdfootnote17anc\"><sup>18<\/sup><\/a><\/span><\/p>\n<p><span style=\"color: #000000;\">&#8211; D\u2019autre part, pour d\u00e9velopper certaines comp\u00e9tences autour de la collaboration\/coop\u00e9ration, certains rappellent que l\u2019outillage num\u00e9rique doit rester secondaire. Des outils permettant de distribuer la parole ou des fonctions dans le groupe, des outils d\u2019\u00e9criture collaborative (pad, etc) sont avant tout au service d\u2019une dimension qui doit rester relationnelle et humaine, au sein du travail de la classe et de sa structuration.<a class=\"sdfootnoteanc\" href=\"#n19\" name=\"sdfootnote18anc\"><sup>19<\/sup><\/a><\/span><\/p>\n<div id=\"meta-origin\" data-coolorigin=\"https%3A%2F%2Fedition.apps.education.fr%2Fcool%2Fclipboard%3FWOPISrc%3Dhttps%253A%252F%252Fnuage03.apps.education.fr%252Findex.php%252Fapps%252Frichdocuments%252Fwopi%252Ffiles%252F174238489_ocfwwc3zaezm%26ServerId%3Ddf934a35%26ViewId%3D1%26Tag%3Ddadedc9f8ffb9eb9\">\n<table width=\"100%\" cellspacing=\"0\" cellpadding=\"4\">\n<tbody>\n<tr>\n<td valign=\"top\" width=\"100%\"><span style=\"color: #000000;\"><i>&gt; Un <\/i><\/span><a href=\"https:\/\/pedagogie.ac-lille.fr\/prof-doc\/vikidiacademi\/\" target=\"_blank\" rel=\"noopener\"><span style=\"color: #000000;\">sc\u00e9nario p\u00e9dagogique<\/span><\/a><span style=\"color: #000000;\"><i>, partag\u00e9 par l\u2019\u00e9quipe de Lille, revient sur la difficult\u00e9 qu\u2019ont les membres d\u2019une \u00e9quipe \u00e0 critiquer ou \u00e0 effacer\/modifier le travail d\u2019un autre.<\/i><\/span><\/p>\n<p><span style=\"color: #000000;\"><i>&gt; Un <\/i><a style=\"color: #000000;\" href=\"https:\/\/www.pedagogie.ac-nice.fr\/doc-azur\/2024\/05\/21\/vikiacademi-2024-participer-a-lenrichissement-dune-encyclopedie-collaborative\/\" target=\"_blank\" rel=\"noopener\"><i>sc\u00e9nario p\u00e9dagogique<\/i><\/a><i> mis en \u0153uvre \u00e0 Nice revient sur les difficult\u00e9s que peuvent avoir les \u00e9l\u00e8ves \u00e0 participer \u00e0 une encyclop\u00e9die collaborative en raison d\u2019un manque de comp\u00e9tence ou d\u2019app\u00e9tence informatique.\u00a0<\/i><\/span><\/p>\n<p><span style=\"color: #000000;\"><i>&gt; Un <\/i><a style=\"color: #000000;\" href=\"https:\/\/www.pedagogie.ac-nice.fr\/doc-azur\/2024\/06\/06\/traam-documentation-ecrire-sur-lencyclopedie-vikidia-avec-des-5e-autour-des-tortues-caouannes\/\" target=\"_blank\" rel=\"noopener\"><i>sc\u00e9nario p\u00e9dagogique<\/i><\/a><i>, partag\u00e9 par l\u2019\u00e9quipe de Nice, revient sur la n\u00e9cessit\u00e9 de r\u00e9partir les \u00e9l\u00e8ves dans un travail de groupe n\u00e9cessitant des comp\u00e9tences informatiques (alimentation d\u2019un article sur une encyclop\u00e9die collaborative) en fonction de leurs app\u00e9tences et comp\u00e9tences pour mettre en \u0153uvre une production collaborative.<\/i><\/span><\/td>\n<\/tr>\n<\/tbody>\n<\/table>\n<h4>2. <a id=\"certaines_conditions\"><\/a>Des possibilit\u00e9s sous certaines conditions\u00a0?<\/h4>\n<\/div>\n<p><span style=\"color: #000000;\"><span style=\"font-size: medium;\"><i>Les outils num\u00e9riques sont, lorsqu\u2019ils sont ma\u00eetris\u00e9s au niveau technique et au niveau des r\u00e8gles d\u2019usages, des atouts importants, notamment : <\/i><\/span><\/span><\/p>\n<p>&#8211; la possibilit\u00e9 de travailler en distanciel,<\/p>\n<p>&#8211; l\u2019implication des personnes ext\u00e9rieures au projet,<\/p>\n<p>&#8211; la visibilit\u00e9 (exemple d\u2019un <a href=\"https:\/\/pedagogie.ac-lille.fr\/prof-doc\/cartolivre-a-nous-la-lecture-a-nous-le-sup-un-concours-collaboratif-de-lecture-et-de-post-davis-litteraires-en-ligne\/\" target=\"_blank\" rel=\"noopener\">sc\u00e9nario p\u00e9dagogique<\/a>, partag\u00e9 par l\u2019\u00e9quipe de Lille, sur le d\u00e9fi Cart\u2019Olivre),<\/p>\n<p>&#8211; organisation (tableau de bord)<\/p>\n<p>&#8211; veille collaborative<\/p>\n<p>&#8211; communication de consignes et r\u00e8gles de travail \u00e0 la classe\u00a0: volume sonore, dispositif, etc. (fond d\u2019\u00e9cran pour la classe. Type Classroomscreen)<\/p>\n<p>&#8211; \u00e9mergence des repr\u00e9sentations individuelles avant un temps collectif ou prise de d\u00e9cision (outil de sondage)<\/p>\n<p>&#8211; traces, \u00ab\u00a0m\u00e9moire du projet\u00a0\u00bb, poursuite du projet hors temps de travail structur\u00e9s<\/p>\n<p>&#8211; coh\u00e9sion du groupe (outils de communication)<\/p>\n<div id=\"meta-origin\" data-coolorigin=\"https%3A%2F%2Fedition.apps.education.fr%2Fcool%2Fclipboard%3FWOPISrc%3Dhttps%253A%252F%252Fnuage03.apps.education.fr%252Findex.php%252Fapps%252Frichdocuments%252Fwopi%252Ffiles%252F174238489_ocfwwc3zaezm%26ServerId%3Ddf934a35%26ViewId%3D1%26Tag%3D0684b1488dc53c85\">\n<table width=\"100%\" cellspacing=\"0\" cellpadding=\"4\">\n<tbody>\n<tr>\n<td valign=\"top\" width=\"100%\"><span style=\"color: #000000;\"><span style=\"font-family: Carlito, sans-serif;\"><span style=\"font-size: medium;\">E<\/span><\/span><span style=\"font-family: Carlito, sans-serif;\"><span style=\"font-size: medium;\">xemple <\/span><\/span><span style=\"font-family: Carlito, sans-serif;\"><span style=\"font-size: medium;\">de <\/span><\/span><span style=\"font-family: Carlito, sans-serif;\"><span style=\"font-size: medium;\"><a style=\"color: #000000;\" href=\"https:\/\/www.pedagogie.ac-nice.fr\/doc-azur\/2024\/06\/06\/traam-documentation-2023-2024-lintelligence-collective-face-aux-ia-generatives-dimages\/\" target=\"_blank\" rel=\"noopener\">sc\u00e9nario p\u00e9dagogique<\/a><\/span><\/span><span style=\"font-family: Carlito, sans-serif;\"><span style=\"font-size: medium;\"> Acad\u00e9mie de Nice\u00a0: <\/span><\/span><span style=\"font-family: Carlito, sans-serif;\"><span style=\"font-size: medium;\"><i>L\u2019intelligence collective face aux IA g\u00e9n\u00e9ratives d\u2019images : <\/i><\/span><\/span><em><span style=\"font-family: Carlito, sans-serif;\"><span style=\"font-size: medium;\"><i>\u00a0<\/i><\/span><\/span><\/em><em><span style=\"font-family: Carlito, sans-serif;\"><span style=\"font-size: medium;\"><i>cr\u00e9er un outil collaboratif de v\u00e9rification des images. Cet outil sera renseign\u00e9 par les \u00e9l\u00e8ves eux-m\u00eames gr\u00e2ce \u00e0 l&rsquo;intelligence collective.<\/i><\/span><\/span><\/em><\/span><\/td>\n<\/tr>\n<\/tbody>\n<\/table>\n<\/div>\n<p>&#8211; cr\u00e9ativit\u00e9 et diversit\u00e9 des productions (exemple <a href=\"https:\/\/pedagogie.ac-lille.fr\/prof-doc\/prix-litteraire-action\/\" target=\"_blank\" rel=\"noopener\">d\u2019un sc\u00e9nario p\u00e9dagogique<\/a>, partag\u00e9 par l\u2019\u00e9quipe de Lille, autour de productions sur un prix litt\u00e9raire),<\/p>\n<p>&#8211; besoins particuliers ? Outils de guidage, de relance des \u00e9l\u00e8ves en retrait, etc.<\/p>\n<h4 class=\"western\">3. <a id=\"numeriques_collaboration\"><\/a>Des outils num\u00e9riques pour la collaboration\u00a0?<\/h4>\n<p><span style=\"color: #000000;\">Tableau comparatif d\u2019outils num\u00e9riques par usage\u00a0<i>:<\/i><\/span><\/p>\n<table width=\"100%\" cellspacing=\"0\" cellpadding=\"4\">\n<tbody>\n<tr valign=\"top\">\n<th width=\"12%\"><\/th>\n<th width=\"13%\">\n<p align=\"left\"><span style=\"color: #000000;\"><span style=\"font-family: Carlito, serif;\"><span style=\"font-size: medium;\">Mettre \u00e0 disposition des documents<\/span><\/span><\/span><\/p>\n<\/th>\n<th width=\"13%\">\n<p align=\"left\"><span style=\"color: #000000;\"><span style=\"font-family: Carlito, serif;\"><span style=\"font-size: medium;\">Mettre \u00e0 disposition de la vid\u00e9o<\/span><\/span><\/span><\/p>\n<\/th>\n<th width=\"12%\">\n<p align=\"left\"><span style=\"color: #000000;\"><span style=\"font-family: Carlito, serif;\"><span style=\"font-size: medium;\">Proposer des exercices<\/span><\/span><\/span><\/p>\n<\/th>\n<th width=\"13%\">\n<p align=\"left\"><span style=\"color: #000000;\"><span style=\"font-family: Carlito, serif;\"><span style=\"font-size: medium;\">\u00c9criture collaborative<\/span><\/span><\/span><\/p>\n<\/th>\n<th width=\"13%\">\n<p align=\"left\"><span style=\"color: #000000;\"><span style=\"font-family: Carlito, serif;\"><span style=\"font-size: medium;\">Outils de communication synchrone (chat, partage d\u2019\u00e9cran&#8230;)<\/span><\/span><\/span><\/p>\n<\/th>\n<th width=\"13%\">\n<p align=\"left\"><span style=\"color: #000000;\"><span style=\"font-family: Carlito, serif;\"><span style=\"font-size: medium;\">Veille collaborative<\/span><\/span><\/span><\/p>\n<\/th>\n<th width=\"13%\">\n<p align=\"left\"><span style=\"color: #000000;\"><span style=\"font-family: Carlito, serif;\"><span style=\"font-size: medium;\">Avec compte (pour les \u00e9l\u00e8ves)<\/span><\/span><\/span><\/p>\n<\/th>\n<\/tr>\n<tr valign=\"top\">\n<td width=\"12%\">\n<p align=\"left\"><span style=\"color: #000000;\"><span style=\"font-family: Carlito, serif;\"><span style=\"font-size: medium;\">Moodle<\/span><\/span><\/span><\/p>\n<\/td>\n<td width=\"13%\">\n<p align=\"left\"><span style=\"color: #000000;\"><span style=\"font-family: Carlito, serif;\"><span style=\"font-size: medium;\">X<\/span><\/span><\/span><\/p>\n<\/td>\n<td width=\"13%\">\n<p align=\"left\"><span style=\"color: #000000;\"><span style=\"font-family: Carlito, serif;\"><span style=\"font-size: medium;\">X<\/span><\/span><\/span><\/p>\n<\/td>\n<td width=\"12%\">\n<p align=\"left\"><span style=\"color: #000000;\"><span style=\"font-family: Carlito, serif;\"><span style=\"font-size: medium;\">X<\/span><\/span><\/span><\/p>\n<\/td>\n<td width=\"13%\">\n<p align=\"left\"><span style=\"color: #000000;\"><span style=\"font-family: Carlito, serif;\"><span style=\"font-size: medium;\">X<\/span><\/span><\/span><\/p>\n<\/td>\n<td width=\"13%\"><\/td>\n<td width=\"13%\"><\/td>\n<td width=\"13%\">\n<p align=\"left\"><span style=\"color: #000000;\"><span style=\"font-family: Carlito, serif;\"><span style=\"font-size: medium;\">X<\/span><\/span><\/span><\/p>\n<\/td>\n<\/tr>\n<tr valign=\"top\">\n<td width=\"12%\">\n<p align=\"left\"><span style=\"color: #000000;\"><span style=\"font-family: Carlito, serif;\"><span style=\"font-size: medium;\">Nextcloud<\/span><\/span><\/span><\/p>\n<\/td>\n<td width=\"13%\">\n<p align=\"left\"><span style=\"color: #000000;\"><span style=\"font-family: Carlito, serif;\"><span style=\"font-size: medium;\">X<\/span><\/span><\/span><\/p>\n<\/td>\n<td width=\"13%\">\n<p align=\"left\"><span style=\"color: #000000;\"><span style=\"font-family: Carlito, serif;\"><span style=\"font-size: medium;\">X<\/span><\/span><\/span><\/p>\n<\/td>\n<td width=\"12%\"><\/td>\n<td width=\"13%\">\n<p align=\"left\"><span style=\"color: #000000;\"><span style=\"font-family: Carlito, serif;\"><span style=\"font-size: medium;\">X<\/span><\/span><\/span><\/p>\n<\/td>\n<td width=\"13%\"><\/td>\n<td width=\"13%\"><\/td>\n<td width=\"13%\">\n<p align=\"left\"><span style=\"color: #000000;\"><span style=\"font-family: Carlito, serif;\"><span style=\"font-size: medium;\">X<\/span><\/span><\/span><\/p>\n<\/td>\n<\/tr>\n<tr valign=\"top\">\n<td width=\"12%\">\n<p align=\"left\"><span style=\"color: #000000;\"><span style=\"font-family: Carlito, serif;\"><span style=\"font-size: medium;\">Pronote<\/span><\/span><\/span><\/p>\n<\/td>\n<td width=\"13%\">\n<p align=\"left\"><span style=\"color: #000000;\"><span style=\"font-family: Carlito, serif;\"><span style=\"font-size: medium;\">X<\/span><\/span><\/span><\/p>\n<\/td>\n<td width=\"13%\">\n<p align=\"left\"><span style=\"color: #000000;\"><span style=\"font-family: Carlito, serif;\"><span style=\"font-size: medium;\">X<\/span><\/span><\/span><\/p>\n<\/td>\n<td width=\"12%\">\n<p align=\"left\"><span style=\"color: #000000;\"><span style=\"font-family: Carlito, serif;\"><span style=\"font-size: medium;\">X<\/span><\/span><\/span><\/p>\n<\/td>\n<td width=\"13%\"><\/td>\n<td width=\"13%\"><\/td>\n<td width=\"13%\"><\/td>\n<td width=\"13%\">\n<p align=\"left\"><span style=\"color: #000000;\"><span style=\"font-family: Carlito, serif;\"><span style=\"font-size: medium;\">X<\/span><\/span><\/span><\/p>\n<\/td>\n<\/tr>\n<tr valign=\"top\">\n<td width=\"12%\">\n<p align=\"left\"><span style=\"color: #000000;\"><span style=\"font-family: Carlito, serif;\"><span style=\"font-size: medium;\">Pearltrees<\/span><\/span><\/span><\/p>\n<\/td>\n<td width=\"13%\">\n<p align=\"left\"><span style=\"color: #000000;\"><span style=\"font-family: Carlito, serif;\"><span style=\"font-size: medium;\">X<\/span><\/span><\/span><\/p>\n<\/td>\n<td width=\"13%\">\n<p align=\"left\"><span style=\"color: #000000;\"><span style=\"font-family: Carlito, serif;\"><span style=\"font-size: medium;\">X<\/span><\/span><\/span><\/p>\n<\/td>\n<td width=\"12%\"><\/td>\n<td width=\"13%\"><\/td>\n<td width=\"13%\"><\/td>\n<td width=\"13%\">\n<p align=\"left\"><span style=\"color: #000000;\"><span style=\"font-family: Carlito, serif;\"><span style=\"font-size: medium;\">X<\/span><\/span><\/span><\/p>\n<\/td>\n<td width=\"13%\">\n<p align=\"left\"><span style=\"color: #000000;\"><span style=\"font-family: Carlito, serif;\"><span style=\"font-size: medium;\">X<\/span><\/span><\/span><\/p>\n<\/td>\n<\/tr>\n<tr valign=\"top\">\n<td width=\"12%\">\n<p align=\"left\"><span style=\"color: #000000;\"><span style=\"font-family: Carlito, serif;\"><span style=\"font-size: medium;\">Etherpad<\/span><\/span><\/span><\/p>\n<\/td>\n<td width=\"13%\"><\/td>\n<td width=\"13%\"><\/td>\n<td width=\"12%\"><\/td>\n<td width=\"13%\">\n<p align=\"left\"><span style=\"color: #000000;\"><span style=\"font-family: Carlito, serif;\"><span style=\"font-size: medium;\">X<\/span><\/span><\/span><\/p>\n<\/td>\n<td width=\"13%\"><\/td>\n<td width=\"13%\"><\/td>\n<td width=\"13%\"><\/td>\n<\/tr>\n<tr valign=\"top\">\n<td width=\"12%\">\n<p align=\"left\"><span style=\"color: #000000;\"><span style=\"font-family: Carlito, serif;\"><span style=\"font-size: medium;\">Big Blue Button<\/span><\/span><\/span><\/p>\n<\/td>\n<td width=\"13%\">\n<p align=\"left\"><span style=\"color: #000000;\"><span style=\"font-family: Carlito, serif;\"><span style=\"font-size: medium;\">X<\/span><\/span><\/span><\/p>\n<\/td>\n<td width=\"13%\">\n<p align=\"left\"><span style=\"color: #000000;\"><span style=\"font-family: Carlito, serif;\"><span style=\"font-size: medium;\">X<\/span><\/span><\/span><\/p>\n<\/td>\n<td width=\"12%\"><\/td>\n<td width=\"13%\">\n<p align=\"left\"><span style=\"color: #000000;\"><span style=\"font-family: Carlito, serif;\"><span style=\"font-size: medium;\">X<\/span><\/span><\/span><\/p>\n<\/td>\n<td width=\"13%\">\n<p align=\"left\"><span style=\"color: #000000;\"><span style=\"font-family: Carlito, serif;\"><span style=\"font-size: medium;\">X<\/span><\/span><\/span><\/p>\n<\/td>\n<td width=\"13%\"><\/td>\n<td width=\"13%\">\n<p align=\"left\"><span style=\"color: #000000;\"><span style=\"font-family: Carlito, serif;\"><span style=\"font-size: medium;\">X<\/span><\/span><\/span><\/p>\n<\/td>\n<\/tr>\n<tr valign=\"top\">\n<td width=\"12%\">\n<p align=\"left\"><span style=\"color: #000000;\"><span style=\"font-family: Carlito, serif;\"><span style=\"font-size: medium;\">La Digitale, dont\u00a0:<\/span><\/span><\/span><\/p>\n<\/td>\n<td width=\"13%\">\n<p align=\"left\"><span style=\"color: #000000;\"><span style=\"font-family: Carlito, serif;\"><span style=\"font-size: medium;\">X<\/span><\/span><\/span><\/p>\n<\/td>\n<td width=\"13%\">\n<p align=\"left\"><span style=\"color: #000000;\"><span style=\"font-family: Carlito, serif;\"><span style=\"font-size: medium;\">X<\/span><\/span><\/span><\/p>\n<\/td>\n<td width=\"12%\">\n<p align=\"left\"><span style=\"color: #000000;\"><span style=\"font-family: Carlito, serif;\"><span style=\"font-size: medium;\">X<\/span><\/span><\/span><\/p>\n<\/td>\n<td width=\"13%\">\n<p align=\"left\"><span style=\"color: #000000;\"><span style=\"font-family: Carlito, serif;\"><span style=\"font-size: medium;\">X<\/span><\/span><\/span><\/p>\n<\/td>\n<td width=\"13%\">\n<p align=\"left\"><span style=\"color: #000000;\"><span style=\"font-family: Carlito, serif;\"><span style=\"font-size: medium;\">X<\/span><\/span><\/span><\/p>\n<\/td>\n<td width=\"13%\"><\/td>\n<td width=\"13%\"><\/td>\n<\/tr>\n<tr valign=\"top\">\n<td width=\"12%\">\n<p align=\"left\"><span style=\"color: #000000;\"><span style=\"font-family: Carlito, serif;\"><span style=\"font-size: medium;\"><i>Digipad<\/i><\/span><\/span><\/span><\/p>\n<\/td>\n<td width=\"13%\">\n<p align=\"left\"><span style=\"color: #000000;\"><span style=\"font-family: Carlito, serif;\"><span style=\"font-size: medium;\">X<\/span><\/span><\/span><\/p>\n<\/td>\n<td width=\"13%\">\n<p align=\"left\"><span style=\"color: #000000;\"><span style=\"font-family: Carlito, serif;\"><span style=\"font-size: medium;\">X<\/span><\/span><\/span><\/p>\n<\/td>\n<td width=\"12%\"><\/td>\n<td width=\"13%\">\n<p align=\"left\"><span style=\"color: #000000;\"><span style=\"font-family: Carlito, serif;\"><span style=\"font-size: medium;\">X<\/span><\/span><\/span><\/p>\n<\/td>\n<td width=\"13%\">\n<p align=\"left\"><span style=\"color: #000000;\"><span style=\"font-family: Carlito, serif;\"><span style=\"font-size: medium;\">X<\/span><\/span><\/span><\/p>\n<\/td>\n<td width=\"13%\">\n<p align=\"left\"><span style=\"color: #000000;\"><span style=\"font-family: Carlito, serif;\"><span style=\"font-size: medium;\">X<\/span><\/span><\/span><\/p>\n<\/td>\n<td width=\"13%\"><\/td>\n<\/tr>\n<tr valign=\"top\">\n<td width=\"12%\">\n<p align=\"left\"><span style=\"color: #000000;\"><span style=\"font-family: Carlito, serif;\"><span style=\"font-size: medium;\"><i>Digiboard<\/i><\/span><\/span><\/span><\/p>\n<\/td>\n<td width=\"13%\">\n<p align=\"left\"><span style=\"color: #000000;\"><span style=\"font-family: Carlito, serif;\"><span style=\"font-size: medium;\">X<\/span><\/span><\/span><\/p>\n<\/td>\n<td width=\"13%\"><\/td>\n<td width=\"12%\">\n<p align=\"left\"><span style=\"color: #000000;\"><span style=\"font-family: Carlito, serif;\"><span style=\"font-size: medium;\">X<\/span><\/span><\/span><\/p>\n<\/td>\n<td width=\"13%\">\n<p align=\"left\"><span style=\"color: #000000;\"><span style=\"font-family: Carlito, serif;\"><span style=\"font-size: medium;\">X<\/span><\/span><\/span><\/p>\n<\/td>\n<td width=\"13%\">\n<p align=\"left\"><span style=\"color: #000000;\"><span style=\"font-family: Carlito, serif;\"><span style=\"font-size: medium;\">X<\/span><\/span><\/span><\/p>\n<\/td>\n<td width=\"13%\"><\/td>\n<td width=\"13%\"><\/td>\n<\/tr>\n<tr valign=\"top\">\n<td width=\"12%\">\n<p align=\"left\"><span style=\"color: #000000;\"><span style=\"font-family: Carlito, serif;\"><span style=\"font-size: medium;\"><i>Digicalc<\/i><\/span><\/span><\/span><\/p>\n<\/td>\n<td width=\"13%\"><\/td>\n<td width=\"13%\"><\/td>\n<td width=\"12%\"><\/td>\n<td width=\"13%\">\n<p align=\"left\"><span style=\"color: #000000;\"><span style=\"font-family: Carlito, serif;\"><span style=\"font-size: medium;\">X<\/span><\/span><\/span><\/p>\n<\/td>\n<td width=\"13%\"><\/td>\n<td width=\"13%\"><\/td>\n<td width=\"13%\"><\/td>\n<\/tr>\n<tr valign=\"top\">\n<td width=\"12%\">\n<p align=\"left\"><span style=\"color: #000000;\"><span style=\"font-family: Carlito, serif;\"><span style=\"font-size: medium;\"><i>Digidoc<\/i><\/span><\/span><\/span><\/p>\n<\/td>\n<td width=\"13%\"><\/td>\n<td width=\"13%\"><\/td>\n<td width=\"12%\"><\/td>\n<td width=\"13%\">\n<p align=\"left\"><span style=\"color: #000000;\"><span style=\"font-family: Carlito, serif;\"><span style=\"font-size: medium;\">X<\/span><\/span><\/span><\/p>\n<\/td>\n<td width=\"13%\"><\/td>\n<td width=\"13%\"><\/td>\n<td width=\"13%\"><\/td>\n<\/tr>\n<tr valign=\"top\">\n<td width=\"12%\">\n<p align=\"left\"><span style=\"color: #000000;\"><span style=\"font-family: Carlito, serif;\"><span style=\"font-size: medium;\"><i>Digipage<\/i><\/span><\/span><\/span><\/p>\n<\/td>\n<td width=\"13%\"><\/td>\n<td width=\"13%\"><\/td>\n<td width=\"12%\"><\/td>\n<td width=\"13%\">\n<p align=\"left\"><span style=\"color: #000000;\"><span style=\"font-family: Carlito, serif;\"><span style=\"font-size: medium;\">X<\/span><\/span><\/span><\/p>\n<\/td>\n<td width=\"13%\"><\/td>\n<td width=\"13%\"><\/td>\n<td width=\"13%\"><\/td>\n<\/tr>\n<\/tbody>\n<\/table>\n<h4 class=\"western\">4. <a id=\"intelligence_collective\"><\/a>Quel r\u00f4le pour l\u2019IA dans l\u2019intelligence collective\u00a0?<\/h4>\n<p>Plusieurs exp\u00e9rimentations ont permis d\u2019aborder les IA g\u00e9n\u00e9ratives avec les \u00e9l\u00e8ves, de relativiser cette \u00ab intelligence \u00bb et de les envisager davantage comme des assistants. Mais alors, est ce qu\u2019une IA peut \u00eatre \u00ab membre d\u2019une \u00e9quipe \u00bb \u00e0 part enti\u00e8re ? C\u2019est la question qui a guid\u00e9 plusieurs projets p\u00e9dagogiques qui ont permis notamment de montrer les limites de ces outils, notamment que ces IA produisent des textes cr\u00e9dibles mais qui peuvent contenir des erreurs, des biais ou des hallucinations et ainsi, qu\u2019il fallait v\u00e9rifier, retravailler les productions des IA.<\/p>\n<table width=\"100%\" cellspacing=\"0\" cellpadding=\"4\">\n<tbody>\n<tr>\n<td valign=\"top\" width=\"100%\"><span style=\"font-family: inherit; font-size: inherit; color: #000000;\"><span style=\"font-size: medium;\"><i>&gt; Un exemple de <\/i><\/span><\/span><a style=\"font-family: inherit; font-size: inherit;\" href=\"https:\/\/pedagogie.ac-lille.fr\/prof-doc\/travailler-avec-lia\/\" target=\"_blank\" rel=\"noopener\"><span style=\"color: #000000;\">sc\u00e9nario p\u00e9dagogique<\/span><\/a><span style=\"font-family: inherit; font-size: inherit; color: #000000;\"><span style=\"font-size: medium;\"><i>,<\/i><\/span><\/span><span style=\"font-family: inherit; font-size: inherit; color: #000000;\"><span style=\"font-size: medium;\"><i> partag\u00e9 par l\u2019\u00e9quipe de Lille, a permis d\u2019aborder la g\u00e9n\u00e9ration d\u2019une interview fictive par une IA et sa correction par les \u00e9l\u00e8ves.<\/i><\/span><\/span><\/p>\n<div id=\"meta-origin\" data-coolorigin=\"https%3A%2F%2Fedition.apps.education.fr%2Fcool%2Fclipboard%3FWOPISrc%3Dhttps%253A%252F%252Fnuage03.apps.education.fr%252Findex.php%252Fapps%252Frichdocuments%252Fwopi%252Ffiles%252F174238489_ocfwwc3zaezm%26ServerId%3Ddf934a35%26ViewId%3D3%26Tag%3D6f73f9c1aac5881b\">\n<p><a name=\"__DdeLink__2623_2324739471\"><\/a><span style=\"color: #000000;\"><i>&gt; Un exemple de <\/i><\/span><a href=\"https:\/\/pedagogie.ac-lille.fr\/prof-doc\/autopublication-dun-recit-danticipation-lire-et-ecrire-avec-les-ia-generatives-en-3e-prepa-metiers\/\" target=\"_blank\" rel=\"noopener\"><span style=\"color: #000000;\">sc\u00e9nario p\u00e9dagogique<\/span><\/a><span style=\"color: #000000;\"><i>,<\/i><\/span><span style=\"color: #000000;\"><i> partag\u00e9 par l\u2019\u00e9quipe de Lille, revient sur une exp\u00e9rimentation d\u2019\u00e9criture d\u2019un roman d\u2019anticipation avec l\u2019IA.<\/i><\/span><\/p>\n<p><span style=\"color: #000000;\"><i>&gt; L&rsquo;acad\u00e9mie de Besan\u00e7on propose trois sc\u00e9narii sur l&rsquo;usage des IA : l&rsquo;un sur la cr\u00e9ation de visuels sur un <\/i><\/span><span style=\"color: #000080;\"><i><a href=\"https:\/\/documentation.ac-besancon.fr\/la-ville-de-demain-eleves-vs-ia\/\" target=\"_blank\" rel=\"noopener\">projet autour de la ville de demain<\/a><\/i><\/span><span style=\"color: #000000;\"><i>, l&rsquo;un sur les <\/i><\/span><span style=\"color: #000080;\"><i><a href=\"https:\/\/documentation.ac-besancon.fr\/les-eleves-face-aux-ia-generatives-de-stereotypes-de-genres\/\" target=\"_blank\" rel=\"noopener\">biais sexistes<\/a><\/i><\/span><span style=\"color: #000000;\"><i> et l&rsquo;un sous forme d&rsquo;<\/i><\/span><span style=\"color: #000080;\"><i><a href=\"https:\/\/documentation.ac-besancon.fr\/des-eleves-qui-tournent-autour-du-prompt\/\" target=\"_blank\" rel=\"noopener\">ateliers tournants pour \u00ab\u00a0d\u00e9couvrir et \u00eatre critique\u00a0\u00bb face aux contenus d&rsquo;IA<\/a><\/i><\/span><span style=\"color: #000000;\"><i>.<\/i><\/span><\/p>\n<div id=\"meta-origin\" data-coolorigin=\"https%3A%2F%2Fedition.apps.education.fr%2Fcool%2Fclipboard%3FWOPISrc%3Dhttps%253A%252F%252Fnuage03.apps.education.fr%252Findex.php%252Fapps%252Frichdocuments%252Fwopi%252Ffiles%252F174238489_ocfwwc3zaezm%26ServerId%3Ddf934a35%26ViewId%3D0%26Tag%3D246a6f5330e33bbe\">\n<p><i><span style=\"color: #000000;\">&gt; Le travail autour de la ville de demain a \u00e9galement \u00e9t\u00e9 test\u00e9 dans les acad\u00e9mies de Nice et Orl\u00e9ans-Tours et un retour r\u00e9flexif commun a \u00e9t\u00e9 \u00e9labor\u00e9.<\/span><\/i><\/p>\n<\/div>\n<p><span style=\"color: #000000;\"><i>&gt; L\u2019acad\u00e9mie de Nice propose un <a style=\"color: #000000;\" href=\"https:\/\/www.pedagogie.ac-nice.fr\/doc-azur\/2024\/06\/06\/traam-documentation-2023-2024-lintelligence-collective-face-aux-ia-generatives-dimages\/\" target=\"_blank\" rel=\"noopener\">sc\u00e9nario p\u00e9dagogique<\/a> autour de l\u2019utilisation des IA g\u00e9n\u00e9ratives d\u2019images face aux fake news <\/i><\/span><\/p>\n<\/div>\n<\/td>\n<\/tr>\n<\/tbody>\n<\/table>\n<h3 class=\"western\"><\/h3>\n<h3 class=\"western\">III. <a id=\"evaluer_quoi_comment\"><\/a>\u00c9valuer\u00a0? Quoi\u00a0? Comment\u00a0?<\/h3>\n<h4 class=\"western\">1. <a id=\"faut_il_evaluer\"><\/a>Faut-il \u00e9valuer\u00a0? Qu\u2019\u00e9valuer\u00a0?<\/h4>\n<p><span style=\"color: #000000;\">Si l&rsquo;on incite les \u00e9l\u00e8ves \u00e0 travailler de mani\u00e8re collaborative pendant les s\u00e9ances p\u00e9dagogiques, la question se pose de savoir si l&rsquo;examen doit pour autant rester individuel. En effet, des exp\u00e9rimentations d&rsquo;examens collaboratifs voient le jour, remettant en question le r\u00f4le traditionnel de l&rsquo;\u00e9valuation. Ces approches partent du principe qu&rsquo;il ne faut \u00ab\u00a0pas perdre une minute pour apprendre\u00a0\u00bb, et que l&rsquo;\u00e9valuation doit s&rsquo;inscrire dans une logique d&rsquo;apprentissage plut\u00f4t que de simple mesure des connaissances. L&rsquo;\u00e9valuation collaborative permettrait ainsi de mieux refl\u00e9ter les comp\u00e9tences d\u00e9velopp\u00e9es par les \u00e9l\u00e8ves dans un cadre de travail en groupe. <\/span><a class=\"sdfootnoteanc\" href=\"#n20\" name=\"sdfootnote19anc\"><sup>20<\/sup><\/a> <span style=\"color: #000000; font-family: georgia, palatino, serif; font-size: 12pt;\">Cela soul\u00e8ve cependant des questions sur les modalit\u00e9s de ces \u00e9valuations collectives, leur \u00e9quit\u00e9, et la mani\u00e8re de les articuler avec des objectifs d&rsquo;apprentissage individuels\u2026<\/span><\/p>\n<p><span style=\"color: #000000;\">La question de la note se posera toujours dans le cadre de ce travail collectif. Des<span style=\"font-family: Carlito, sans-serif;\"><span style=\"font-size: medium;\"> \u00e9l\u00e8ves trouvent injuste ce concept de note collective, estimant que tout le monde est \u00ab\u00a0pay\u00e9\u00a0\u00bb de la m\u00eame mani\u00e8re, ind\u00e9pendamment de son engagement au service du collectif. En cas de note collective des strat\u00e9gies peuvent appara\u00eetre : les \u00e9l\u00e8ves faibles ayant int\u00e9r\u00eat \u00e0 laisser les \u00e9l\u00e8ves identifi\u00e9s comme \u00ab forts \u00bb effectuer les t\u00e2ches demand\u00e9es : \u00ab Une \u00e9valuation de groupe, d\u2019\u00e9quipe ou collective ne s\u2019attacherait qu\u2019\u00e0 la r\u00e9alisation de l\u2019action, pas forc\u00e9ment aux apprentissages des \u00e9l\u00e8ves associ\u00e9s \u00e0 cette action \u00bb. Connac, 2020<a class=\"sdfootnoteanc\" href=\"#n21\" name=\"sdfootnote20anc\"><sup>21<\/sup><\/a>. D\u2019o\u00f9 l\u2019int\u00e9r\u00eat parfois, de recourir \u00e0 des travaux individuels (mais qui impliquent la possibilit\u00e9 de coop\u00e9rer \u00e0 certains moments) ou \u00e0 des situations qui impliquent des apports diff\u00e9rents de chaque \u00e9l\u00e8ve (par exemple lors de distribution de t\u00e2ches diff\u00e9rentes en webradio\u00a0: chaque \u00e9l\u00e8ve devant apporter quelque chose pour le produit final \/ ou en arpentage litt\u00e9raire\u00a0: chaque \u00e9l\u00e8ve ou bin\u00f4me restitue une partie d\u2019une \u0153uvre collective). Dans ces cas, il est possible que la mise en place p\u00e9dagogique soit con\u00e7ue pour encourager des strat\u00e9gies d\u2019apprentissage et de travail de chacun(e).<\/span><\/span><\/span><\/p>\n<p><span style=\"color: #000000;\"><span style=\"font-family: Carlito, sans-serif;\"><span style=\"font-size: medium;\">Au del\u00e0 du contenu, faut-il \u00e9valuer les comp\u00e9tences de coop\u00e9rations\u00a0? O<\/span><\/span><\/span><span style=\"color: #000000;\"><span style=\"font-family: Carlito, sans-serif;\"><span style=\"font-size: medium;\">n peut l\u2019envisager seulement si les conditions le permettent et lui donnent sens\u00a0: afin de ne pas surcharger les attendus face aux t\u00e2tonnements des \u00e9l\u00e8ves, Sylvain Connac explique que l\u2019\u00e9valuation d\u2019habilet\u00e9s cognitives n\u2019a un sens pour l\u2019apprentissage de l\u2019\u00e9l\u00e8ve \u00ab\u00a0<\/span><\/span><\/span><span style=\"color: #000000;\"><span style=\"font-family: Carlito, sans-serif;\"><span style=\"font-size: medium;\"><i>qu\u2019une fois install\u00e9e la structure coop\u00e9rative des \u00e9changes\u00a0: organisation rigoureuse du travail en groupe, formation des \u00e9l\u00e8ves \u00e0 l\u2019aide et au tutorat, ritualisation de la mise au travail, entretien du calme, passeports, t\u00e9tra-aides, billets d\u2019aide&#8230; \u00c9valuer ces comp\u00e9tences ne servirait \u00e0 rien au sein de fonctionnements p\u00e9dagogiques o\u00f9 elles n\u2019ont l\u2019opportunit\u00e9 ni d\u2019\u00e9merger, ni de croitre\u00a0: elles ne se d\u00e9veloppent pas naturellement.<\/i><\/span><\/span><\/span><span style=\"color: #000000;\"><span style=\"font-family: Carlito, sans-serif;\"><span style=\"font-size: medium;\"> \u00bb\u00a0 <a class=\"sdfootnoteanc\" href=\"#n22\" name=\"sdfootnote21anc\"><sup>22<\/sup><\/a><\/span><\/span><\/span><\/p>\n<p><span style=\"color: #000000;\"><span style=\"font-family: Carlito, sans-serif;\"><span style=\"font-size: medium;\">Et, en m\u00eame temps, \u00ab\u00a0<i>\u00e9valuer la coop\u00e9ration pourrait aider les \u00e9l\u00e8ves \u00e0 am\u00e9liorer leur mani\u00e8re de coop\u00e9rer afin qu\u2019ils deviennent plus efficaces pour apprendre individuellement et ne soient pas emp\u00each\u00e9s par des d\u00e9rives possibles.<\/i>\u00a0\u00bb (Connac, 2020). Une \u00e9valuation de ces comp\u00e9tences semble donc int\u00e9ressante, avec pr\u00e9cautions. Il s\u2019agira notamment de se questionner sur la valeur accord\u00e9e \u00e0 ces comp\u00e9tences d\u2019ordre psycho-social\u00a0: si elles sont des \u00ab\u00a0moyens\u00a0\u00bb en vue de t\u00e2che \u00e0 r\u00e9aliser ou d\u2019actes d\u2019apprendre , est-il n\u00e9cessaire de les \u00e9valuer\u00a0? Si elles sont des finalit\u00e9s, comment attester de ces comp\u00e9tences sans favoriser des in\u00e9galit\u00e9s entre \u00e9l\u00e8ves (entre ceux qui ont acquis ces normes scolaires et ceux qui ont des v\u00e9cus moins stables ou ne favorisant pas de telles comp\u00e9tences). <\/span><\/span><\/span><\/p>\n<h4 class=\"western\">2. C<a id=\"et_comment\"><\/a>omment\u00a0?<\/h4>\n<p><span style=\"color: #000000;\"><span style=\"font-family: Carlito, sans-serif;\"><span style=\"font-size: medium;\">Outre le fait de penser l\u2019ancrage au pr\u00e9alable de situations o\u00f9 ces comp\u00e9tences peuvent se d\u00e9ployer, il semble qu\u2019une \u00e9valuation de celles-ci passera ensuite par une co-\u00e9valuation avec l\u2019\u00e9l\u00e8ve lui-m\u00eame.<\/span><\/span><\/span><\/p>\n<p><span style=\"color: #000000;\"><span style=\"font-family: Carlito, sans-serif;\"><span style=\"font-size: medium;\">Il est alors possible de d\u00e9velopper des \u00ab\u00a0temps\u00a0\u00bb qui permettront cette co-appr\u00e9ciation entre enseignants et \u00e9l\u00e8ves. \u00c9voquons deux possibilit\u00e9s\u00a0: <\/span><\/span><\/span><\/p>\n<p><span style=\"color: #000000;\"><span style=\"font-family: Carlito, sans-serif;\"><span style=\"font-size: medium;\">&#8211; Des temps de conscientisation : il s\u2019agit de prendre un temps en fin d\u2019activit\u00e9, \u00e0 l\u2019aide d\u2019outils gradu\u00e9s ou visuels, centr\u00e9s sur l\u2019identification de certaines comp\u00e9tences de vie, afin de conscientiser avec l\u2019\u00e9l\u00e8ve s\u2019il a pu le(s) d\u00e9velopper ou ce qu\u2019elles lui ont apport\u00e9 pour les t\u00e2ches<a class=\"sdfootnoteanc\" href=\"#n23\" name=\"sdfootnote22anc\"><sup>23<\/sup><\/a><\/span><\/span><\/span><\/p>\n<p><span style=\"color: #000000;\"><span style=\"font-family: Carlito, sans-serif;\"><span style=\"font-size: medium;\">&#8211; Des temps cibl\u00e9s durant les apprentissages autour de trois modalit\u00e9s\u00a0: 1. Auto-\u00e9valuation (se situer individuellement par rapport \u00e0 des degr\u00e9s, lors d\u2019une pause durant l\u2019activit\u00e9). 2. co-\u00e9valuation (solliciter l\u2019avis et les remarques du groupe. 3. \u00c9valuation formative de l\u2019enseignant<i><a class=\"sdfootnoteanc\" href=\"#n24\" name=\"sdfootnote23anc\"><sup>24<\/sup><\/a><\/i><\/span><\/span><\/span><\/p>\n<p><span style=\"color: #000000;\"><span style=\"font-family: Carlito, sans-serif;\"><span style=\"font-size: medium;\">. Ces trois temps tiendront lieu de synth\u00e8se, de mesure de l\u2019\u00e9volution et de prise en compte des obstacles au d\u00e9veloppement d\u2019habilet\u00e9s coop\u00e9ratives par exemple.<\/span><\/span><\/span><\/p>\n<p><span style=\"color: #000000;\">Exemples d\u2019outils d\u2019\u00e9valuation de la situation d\u2019aide ou de la situation de collaboration<a class=\"sdfootnoteanc\" href=\"#n25\" name=\"sdfootnote24anc\"><sup>25<\/sup><\/a>\u00a0: <\/span><\/p>\n<ul>\n<li><span style=\"color: #000000;\">test de fin de formation pour la validation d\u2019habilet\u00e9s coop\u00e9ratives\u00a0:<\/span><\/li>\n<\/ul>\n<p><img loading=\"lazy\" decoding=\"async\" class=\"size-medium wp-image-3889 aligncenter\" src=\"https:\/\/www.pedagogie.ac-nice.fr\/doc-azur\/wp-content\/uploads\/sites\/40\/2024\/05\/TraAM-article-referents-Image-3-300x193.jpg\" alt=\"\" width=\"300\" height=\"193\" srcset=\"https:\/\/www.pedagogie.ac-nice.fr\/doc-azur\/wp-content\/uploads\/sites\/40\/2024\/05\/TraAM-article-referents-Image-3-300x193.jpg 300w, https:\/\/www.pedagogie.ac-nice.fr\/doc-azur\/wp-content\/uploads\/sites\/40\/2024\/05\/TraAM-article-referents-Image-3-768x494.jpg 768w, https:\/\/www.pedagogie.ac-nice.fr\/doc-azur\/wp-content\/uploads\/sites\/40\/2024\/05\/TraAM-article-referents-Image-3.jpg 945w\" sizes=\"auto, (max-width: 300px) 100vw, 300px\" \/><\/p>\n<p class=\"sdfootnote\" align=\"center\"><span style=\"color: #000000;\">S. Connac, d\u2019apr\u00e8s Barlow, M. (2002). Le travail en groupe des \u00e9l\u00e8ves. Paris : Bordas.<\/span><\/p>\n<p><span style=\"color: #000000;\">&#8211; auto\u00e9valuation par le groupe\u00a0:<\/span><\/p>\n<p><span style=\"color: #000000;\">chaque groupe compl\u00e8te sa toile, en \u00e9valuant de 1 (grosse insatisfaction) \u00e0 5 (grande satisfaction). Les toiles peuvent \u00eatre conserv\u00e9es d\u2019une s\u00e9ance sur l\u2019autre pour \u00e9valuer l\u2019\u00e9volution des comp\u00e9tences collectives.\u00a0<\/span><\/p>\n<p><img loading=\"lazy\" decoding=\"async\" class=\"size-medium wp-image-3890 aligncenter\" src=\"https:\/\/www.pedagogie.ac-nice.fr\/doc-azur\/wp-content\/uploads\/sites\/40\/2024\/05\/TraAM-article-referents-image-4-300x200.jpg\" alt=\"\" width=\"300\" height=\"200\" srcset=\"https:\/\/www.pedagogie.ac-nice.fr\/doc-azur\/wp-content\/uploads\/sites\/40\/2024\/05\/TraAM-article-referents-image-4-300x200.jpg 300w, https:\/\/www.pedagogie.ac-nice.fr\/doc-azur\/wp-content\/uploads\/sites\/40\/2024\/05\/TraAM-article-referents-image-4-768x511.jpg 768w, https:\/\/www.pedagogie.ac-nice.fr\/doc-azur\/wp-content\/uploads\/sites\/40\/2024\/05\/TraAM-article-referents-image-4-391x260.jpg 391w, https:\/\/www.pedagogie.ac-nice.fr\/doc-azur\/wp-content\/uploads\/sites\/40\/2024\/05\/TraAM-article-referents-image-4.jpg 945w\" sizes=\"auto, (max-width: 300px) 100vw, 300px\" \/><\/p>\n<p class=\"sdfootnote\" align=\"center\"><span style=\"color: #000000;\">S. Connac, d\u2019apr\u00e8s Barlow, M. (2002). Le travail en groupe des \u00e9l\u00e8ves. Paris : Bordas.<\/span><\/p>\n<p><span style=\"color: #000000;\">&#8211; co-\u00e9valuation \u2013 par l\u2019\u00e9l\u00e8ve, un camarade du groupe et l\u2019enseignant\u00a0:<\/span><\/p>\n<p><img loading=\"lazy\" decoding=\"async\" class=\"size-medium wp-image-3891 aligncenter\" src=\"https:\/\/www.pedagogie.ac-nice.fr\/doc-azur\/wp-content\/uploads\/sites\/40\/2024\/05\/TraAM-article-referents-Image-5-300x183.jpg\" alt=\"\" width=\"300\" height=\"183\" srcset=\"https:\/\/www.pedagogie.ac-nice.fr\/doc-azur\/wp-content\/uploads\/sites\/40\/2024\/05\/TraAM-article-referents-Image-5-300x183.jpg 300w, https:\/\/www.pedagogie.ac-nice.fr\/doc-azur\/wp-content\/uploads\/sites\/40\/2024\/05\/TraAM-article-referents-Image-5-768x467.jpg 768w, https:\/\/www.pedagogie.ac-nice.fr\/doc-azur\/wp-content\/uploads\/sites\/40\/2024\/05\/TraAM-article-referents-Image-5.jpg 945w\" sizes=\"auto, (max-width: 300px) 100vw, 300px\" \/><\/p>\n<p class=\"sdfootnote\" align=\"center\"><span style=\"color: #000000;\">S. Connac, d\u2019apr\u00e8s Barlow, M. (2002). Le travail en groupe des \u00e9l\u00e8ves. Paris : Bordas.<\/span><\/p>\n<p><span style=\"color: #000000;\">&#8211; bilans collectifs de situations coop\u00e9ratives\u00a0<i>:<\/i> le carr\u00e9 d\u2019\u00e9valuation (pour un croisement collectif des auto-\u00e9valuations individuelles)<\/span><\/p>\n<p><img loading=\"lazy\" decoding=\"async\" class=\"size-medium wp-image-3892 aligncenter\" src=\"https:\/\/www.pedagogie.ac-nice.fr\/doc-azur\/wp-content\/uploads\/sites\/40\/2024\/05\/TraAM-article-referents-image-6-300x249.jpg\" alt=\"\" width=\"300\" height=\"249\" srcset=\"https:\/\/www.pedagogie.ac-nice.fr\/doc-azur\/wp-content\/uploads\/sites\/40\/2024\/05\/TraAM-article-referents-image-6-300x249.jpg 300w, https:\/\/www.pedagogie.ac-nice.fr\/doc-azur\/wp-content\/uploads\/sites\/40\/2024\/05\/TraAM-article-referents-image-6.jpg 730w\" sizes=\"auto, (max-width: 300px) 100vw, 300px\" \/><\/p>\n<p class=\"sdfootnote\" style=\"text-align: center;\"><span style=\"color: #000000;\">S. Connac, d\u2019apr\u00e8s Barlow, M. (2002). Le travail en groupe des \u00e9l\u00e8ves. Paris : Bordas.<\/span><\/p>\n<p><span style=\"color: #000000;\">Chaque \u00e9l\u00e8ve attribue un num\u00e9ro en fonction de son estimation\u00a0: 15 si la situation de travail de groupe a \u00e9t\u00e9 tr\u00e8s agr\u00e9able mais peu utile par exemple. Attention \u00e0 ce que tous les \u00e9l\u00e8ves \u00e9crivent en m\u00eame temps pour que l\u2019avis de l\u2019un n\u2019influence pas les autres.<\/span><\/p>\n<p><span style=\"color: #000000;\">Exemple\u00a0: le travail de groupe a \u00e9t\u00e9 utile si j\u2019ai pu donner mes id\u00e9es, si j\u2019ai appris de nouvelles choses \/ il a \u00e9t\u00e9 agr\u00e9able s\u2019il n\u2019y a pas eu de dispute, si je me sens plus motiv\u00e9&#8230;<\/span><\/p>\n<p><span style=\"color: #000000;\">D\u2019autres outils proposent aux \u00e9l\u00e8ves d\u2019 \u00ab\u00a0appr\u00e9cier\u00a0\u00bb certaines comp\u00e9tences transversales li\u00e9es \u00e0 des taxonomies psycho-sociales ou \u00ab\u00a0du XXI\u00e8me si\u00e8cle\u00a0\u00bb. Michel Develay propose par exemple certains mod\u00e8les r\u00e9utilisables, lors d\u2019une phase de ciblage et de conscientisation d\u2019une comp\u00e9tence impliqu\u00e9e, tels que ces deux exemples<a class=\"sdfootnoteanc\" href=\"#n26\" name=\"sdfootnote25anc\"><sup>26<\/sup><\/a>.<\/span><\/p>\n<p><img loading=\"lazy\" decoding=\"async\" class=\"size-medium wp-image-3893 aligncenter\" src=\"https:\/\/www.pedagogie.ac-nice.fr\/doc-azur\/wp-content\/uploads\/sites\/40\/2024\/05\/TraAM-article-referents-Image-7-300x187.jpg\" alt=\"\" width=\"300\" height=\"187\" srcset=\"https:\/\/www.pedagogie.ac-nice.fr\/doc-azur\/wp-content\/uploads\/sites\/40\/2024\/05\/TraAM-article-referents-Image-7-300x187.jpg 300w, https:\/\/www.pedagogie.ac-nice.fr\/doc-azur\/wp-content\/uploads\/sites\/40\/2024\/05\/TraAM-article-referents-Image-7-768x479.jpg 768w, https:\/\/www.pedagogie.ac-nice.fr\/doc-azur\/wp-content\/uploads\/sites\/40\/2024\/05\/TraAM-article-referents-Image-7.jpg 913w\" sizes=\"auto, (max-width: 300px) 100vw, 300px\" \/><\/p>\n<\/div>\n<p>&nbsp;<\/p>\n<p><img loading=\"lazy\" decoding=\"async\" class=\"size-medium wp-image-3894 aligncenter\" src=\"https:\/\/www.pedagogie.ac-nice.fr\/doc-azur\/wp-content\/uploads\/sites\/40\/2024\/05\/TraAM-article-referents-Image-8-300x172.jpg\" alt=\"\" width=\"300\" height=\"172\" srcset=\"https:\/\/www.pedagogie.ac-nice.fr\/doc-azur\/wp-content\/uploads\/sites\/40\/2024\/05\/TraAM-article-referents-Image-8-300x172.jpg 300w, https:\/\/www.pedagogie.ac-nice.fr\/doc-azur\/wp-content\/uploads\/sites\/40\/2024\/05\/TraAM-article-referents-Image-8-768x440.jpg 768w, https:\/\/www.pedagogie.ac-nice.fr\/doc-azur\/wp-content\/uploads\/sites\/40\/2024\/05\/TraAM-article-referents-Image-8.jpg 945w\" sizes=\"auto, (max-width: 300px) 100vw, 300px\" \/><\/p>\n<div id=\"meta-origin\" data-coolorigin=\"https%3A%2F%2Fedition.apps.education.fr%2Fcool%2Fclipboard%3FWOPISrc%3Dhttps%253A%252F%252Fnuage03.apps.education.fr%252Findex.php%252Fapps%252Frichdocuments%252Fwopi%252Ffiles%252F174238489_ocfwwc3zaezm%26ServerId%3Dfe4bcdde%26ViewId%3D0%26Tag%3D24689fbb55a54c56\">\n<p><span style=\"color: #000000;\"><span style=\"font-family: Carlito, sans-serif;\"><span style=\"font-size: medium;\">Jean Charles Caillez aborde dans un article publi\u00e9 sur son site<a class=\"sdfootnoteanc\" href=\"#n27\" name=\"sdfootnote26anc\"><sup>27<\/sup><\/a> la difficult\u00e9 d&rsquo;\u00e9valuer la contribution individuelle des \u00e9l\u00e8ves dans un travail d&rsquo;\u00e9quipe. Il y propose une m\u00e9thode appel\u00e9e \u00ab\u00a0le test du 180\u00b0\u00a0\u00bb. Ce test permet \u00e0 chaque \u00e9tudiant d&rsquo;exprimer sa perception du travail de ses camarades par rapport \u00e0 son propre travail, en s&rsquo;\u00e9valuant puis en \u00e9valuant les autres sur une \u00e9chelle \u00e0 6 niveaux pour cinq crit\u00e8res d&rsquo;\u00e9valuation jug\u00e9s importants par l&rsquo;enseignant\u00a0: la recherche d\u2019informations, la r\u00e9daction, la recherche d\u2019illustrations, les explications aux autres, la communication. \u00ab\u00a0Noter les autres est plus facile par rapport \u00e0 soi qu\u2019en utilisant une grille, car les \u00e9tudiants manquent de r\u00e9f\u00e9rence en \u00e9valuation du travail des autres, sauf s\u2019il s\u2019agit de se comparer aux autres, ce qui leur parait moins complexe. Au final, les \u00e9tudiants \u00e9valuent avec ce test la \u00ab perception qu\u2019ils ont \u00bb du niveau d\u2019engagement des autres membres de l\u2019\u00e9quipe par rapport au leur et non par rapport \u00e0 une moyenne qui serait impos\u00e9e par l\u2019enseignant.\u00a0\u00bb Une m\u00e9thode assez similaire est d\u00e9taill\u00e9e par Jean-Fran\u00e7ois Desilets et Vincent Sicotte<a class=\"sdfootnoteanc\" href=\"#n28\" name=\"sdfootnote27anc\"><sup>28<\/sup><\/a>.<\/span><\/span><\/span><\/p>\n<p><span style=\"color: #000000;\"><span style=\"font-family: Carlito, sans-serif;\"><span style=\"font-size: medium;\">On peut \u00e9galement amener les \u00e9l\u00e8ves \u00e0 r\u00e9fl\u00e9chir ensemble aux crit\u00e8res d\u2019\u00e9valuation des comp\u00e9tences de coop\u00e9ration acquises pendant le projet.<\/span><\/span><\/span><\/p>\n<table width=\"100%\" cellspacing=\"0\" cellpadding=\"4\">\n<tbody>\n<tr>\n<td valign=\"top\" width=\"100%\"><span style=\"color: #000000;\"><span style=\"font-size: medium;\"><i>&gt; Un exemple de <\/i><\/span><\/span><span style=\"color: #000080;\"><span style=\"font-size: medium;\"><i><a href=\"https:\/\/documentation.ac-besancon.fr\/les-competences-du-21eme-siecle-pour-repenser-le-projet-dorientation\/\" target=\"_blank\" rel=\"noopener\">sc\u00e9nario p\u00e9dagogique<\/a><\/i><\/span><\/span><span style=\"color: #000000;\"><span style=\"font-size: medium;\"><i> partag\u00e9 par l\u2019\u00e9quipe de Besan\u00e7on sur l\u2019\u00e9valuation de l\u2019acquisition de comp\u00e9tences psychosociales dans le cadre d\u2019un projet sur l\u2019Orientation<\/i><\/span><\/span><\/td>\n<\/tr>\n<\/tbody>\n<\/table>\n<\/div>\n<p>&nbsp;<\/p>\n<p><a id=\"n1\"><\/a>1 MEN. R\u00e9f\u00e9rentiels internationaux, les comp\u00e9tences du XXIe si\u00e8cle. Archiclasse, octobre 2018 :\u00a0<a href=\"https:\/\/archiclasse.education.fr\/Les-competences-du-21e-siecle\" target=\"_blank\" rel=\"noopener noreferrer\">https:\/\/archiclasse.education.fr\/Les-competences-du-21e-siecle<\/a><\/p>\n<p><a id=\"n2\"><\/a>2 Scott, Cynthia. Les Apprentissages de demain 2 : quel type d&rsquo;apprentissage pour le XXIe si\u00e8cle?, 2015 :\u00a0<a href=\"https:\/\/imsva91-ctp.trendmicro.com\/wis\/clicktime\/v1\/query?url=https%3a%2f%2funesdoc.unesco.org%2fark%3a%2f48223%2fpf0000242996%5ffre%23%3a%7e%3atext%3dEnfin%252C%2520le%2520Partenariat%2520pour%2520les%2cdans%2520la%2520vie%2520au%2520XXIe&amp;umid=E74C192A-1A76-5906-B896-EE250E72A84A&amp;auth=b2e75a85dac1d6c2329f45d980d65bc87d967b19-2252bcb77a83d13b801b8441363797df23cb078b\" target=\"_blank\" rel=\"noopener noreferrer\">https:\/\/imsva91-ctp.trendmicro.com:443\/wis\/clicktime\/v1\/query?url=https%3a%2f%2funesdoc.unesco.org%2fark%3a%2f48223%2fpf0000242996%5ffre%23%3a%7e%3atext%3dEnfin%252C%2520le%2520Partenariat%2520pour%2520les%2cdans%2520la%2520vie%2520au%2520XXIe&amp;umid=E74C192A-1A76-5906-B896-EE250E72A84A&amp;auth=b2e75a85dac1d6c2329f45d980d65bc87d967b19-2252bcb77a83d13b801b8441363797df23cb078b<\/a><\/p>\n<p><a id=\"n3\"><\/a>3 MEN. D\u00e9velopper les comp\u00e9tences psychosociales chez les \u00e9l\u00e8ves. Eduscol, 2014 :\u00a0<a href=\"https:\/\/eduscol.education.fr\/3901\/developper-les-competences-psychosociales-chez-les-eleves\" target=\"_blank\" rel=\"noopener noreferrer\">https:\/\/eduscol.education.fr\/3901\/developper-les-competences-psychosociales-chez-les-eleves<\/a><\/p>\n<p><a id=\"n4\"><\/a>4 R\u00e9publique fran\u00e7aise. Code de l&rsquo;\u00e9ducation. L\u00e9gifrance, 2 septembre 2009 :\u00a0<a href=\"https:\/\/www.legifrance.gouv.fr\/codes\/article_lc\/LEGIARTI000038895266\" target=\"_blank\" rel=\"noopener noreferrer\">https:\/\/www.legifrance.gouv.fr\/codes\/article_lc\/LEGIARTI000038895266<\/a><\/p>\n<p><a id=\"n5\"><\/a>5\u00a0\u00a0Mucchielli, Roger..\u00a0Le travail en \u00e9quipe: Cl\u00e9s pour une meilleure efficacit\u00e9 collective. ESF Sciences humaines, 2019\u00a0<a href=\"https:\/\/imsva91-ctp.trendmicro.com\/wis\/clicktime\/v1\/query?url=https%3a%2f%2fdoi.org%2f10.3917%2fesfsh.mucch.2019.01&amp;umid=E74C192A-1A76-5906-B896-EE250E72A84A&amp;auth=b2e75a85dac1d6c2329f45d980d65bc87d967b19-ce574299e77dbe1d3495fc01509493b0b9a4fa1d\" target=\"_blank\" rel=\"noopener noreferrer\">https:\/\/imsva91-ctp.trendmicro.com:443\/wis\/clicktime\/v1\/query?url=https%3a%2f%2fdoi.org%2f10.3917%2fesfsh.mucch.2019.01&amp;umid=E74C192A-1A76-5906-B896-EE250E72A84A&amp;auth=b2e75a85dac1d6c2329f45d980d65bc87d967b19-ce574299e77dbe1d3495fc01509493b0b9a4fa1d<\/a><\/p>\n<p><a id=\"n6\"><\/a>6\u00a0Mougenot, Lucie. Connac, Sylvain.\u00a0La coop\u00e9ration, \u00e7a s\u2019apprend. Mon compagnon quotidien pour former les \u00e9l\u00e8ves en classe coop\u00e9rative. ESF, 181 p..\u00a0Carrefours de l&rsquo;\u00e9ducation, 56, 290-290. 2020\u00a0<a href=\"https:\/\/imsva91-ctp.trendmicro.com:443\/wis\/clicktime\/v1\/query?url=https%3a%2f%2fdoi.org%2f10.3917%2fcdle.056.0289a03&amp;umid=E74C192A-1A76-5906-B896-EE250E72A84A&amp;auth=b2e75a85dac1d6c2329f45d980d65bc87d967b19-2030a225ecff7b06649e0dc6878f71831e78129c\" target=\"_blank\" rel=\"noopener\">https:\/\/imsva91-ctp.trendmicro.com:443\/wis\/clicktime\/v1\/query?url=https%3a%2f%2fdoi.org%2f10.3917%2fcdle.056.0289a03&amp;umid=E74C192A-1A76-5906-B896-EE250E72A84A&amp;auth=b2e75a85dac1d6c2329f45d980d65bc87d967b19-2030a225ecff7b06649e0dc6878f71831e78129c<\/a><\/p>\n<p><a id=\"n7\"><\/a>7\u00a0Mougenot, Lucie. Connac, Sylvain.\u00a0La coop\u00e9ration, \u00e7a s\u2019apprend. Mon compagnon quotidien pour former les \u00e9l\u00e8ves en classe coop\u00e9rative. ESF, 181 p..\u00a0Carrefours de l&rsquo;\u00e9ducation, 56, 290-290. 2020\u00a0<a href=\"https:\/\/imsva91-ctp.trendmicro.com\/wis\/clicktime\/v1\/query?url=https%3a%2f%2fdoi.org%2f10.3917%2fcdle.056.0289a03&amp;umid=E74C192A-1A76-5906-B896-EE250E72A84A&amp;auth=b2e75a85dac1d6c2329f45d980d65bc87d967b19-2030a225ecff7b06649e0dc6878f71831e78129c\" target=\"_blank\" rel=\"noopener noreferrer\">https:\/\/imsva91-ctp.trendmicro.com:443\/wis\/clicktime\/v1\/query?url=https%3a%2f%2fdoi.org%2f10.3917%2fcdle.056.0289a03&amp;umid=E74C192A-1A76-5906-B896-EE250E72A84A&amp;auth=b2e75a85dac1d6c2329f45d980d65bc87d967b19-2030a225ecff7b06649e0dc6878f71831e78129c<\/a><\/p>\n<p><a id=\"n8\"><\/a>8 Meirieu, Philippe.\u00a0Itin\u00e9raire des p\u00e9dagogies de groupe \u2013 Apprendre en groupe ?\u00a01, Lyon, Chronique Sociale, 1984<\/p>\n<p><a id=\"n9\"><\/a>9 Reynaud, Laurent.\u00a0Faire collectif pour apprendre. Des cl\u00e9s pour mettre la coop\u00e9ration au service des apprentissages. ESF \/ Cahiers p\u00e9dagogiques, 2022<\/p>\n<p><a id=\"n10\"><\/a>10 M\u00e9dioni, Marie-Alice.\u00a0Le travail de groupe : sp\u00e9cificit\u00e9s et exigences,\u00a0Cahiers p\u00e9dagogiques, 424, 24-26<\/p>\n<p><a id=\"n11\"><\/a>11 Apprendre \u00e0 coop\u00e9rer\u00a0\u00a0ou coop\u00e9rer pour apprendre\u202f? entretien avec Sylvain Connac \u2013 Prof &amp; Doc \u2013 Site des document@listes de l\u2019acad\u00e9mie de Besan\u00e7on. 1 f\u00e9vrier 2024,\u00a0<a href=\"https:\/\/imsva91-ctp.trendmicro.com\/wis\/clicktime\/v1\/query?url=https%3a%2f%2fdocumentation.ac%2dbesancon.fr%2fapprendre%2da%2dcooperer%2dou%2dcooperer%2dpour%2dapprendre%2dentretien%2davec%2dsylvain%2dconnac%2f&amp;umid=E74C192A-1A76-5906-B896-EE250E72A84A&amp;auth=b2e75a85dac1d6c2329f45d980d65bc87d967b19-15208b255de337daeb31bf40c8a77b3d34caab46\" target=\"_blank\" rel=\"noopener noreferrer\">https:\/\/imsva91-ctp.trendmicro.com:443\/wis\/clicktime\/v1\/query?url=https%3a%2f%2fdocumentation.ac%2dbesancon.fr%2fapprendre%2da%2dcooperer%2dou%2dcooperer%2dpour%2dapprendre%2dentretien%2davec%2dsylvain%2dconnac%2f&amp;umid=E74C192A-1A76-5906-B896-EE250E72A84A&amp;auth=b2e75a85dac1d6c2329f45d980d65bc87d967b19-15208b255de337daeb31bf40c8a77b3d34caab46<\/a><\/p>\n<p><a id=\"n12\"><\/a>12 Develay, Michel.\u00a0Les comp\u00e9tences de vie en classe. De Boeck Sup\u00e9rieur, 2023<\/p>\n<p><a id=\"n13\"><\/a>13 Plante, Isabelle.\u00a0L&rsquo;apprentissage coop\u00e9ratif : Des effets positifs sur les \u00e9l\u00e8ves aux difficult\u00e9s li\u00e9es \u00e0 son implantation en classe. Canadian Journal of Education \/ Revue canadienne de l\u2019\u00e9ducation, 2012<\/p>\n<p><a id=\"n14\"><\/a>14 Andriot, Isabelle, et al.\u00a0Oser le travail de groupe. SC\u00c9R\u00c9N-CRDP Bourgogne, 2008<\/p>\n<p><a id=\"n15\"><\/a>15 Ducos-Filippi, Isabelle.\u00a0Accompagner les \u00e9l\u00e8ves dys, c\u2019est possible\u202f! mon compagnon quotidien pour une \u00e9cole inclusive. ESF sciences humaines, 2021<\/p>\n<p><a id=\"n16\"><\/a>16 Apprendre \u00e0 coop\u00e9rer\u00a0\u00a0ou coop\u00e9rer pour apprendre\u202f? entretien avec Sylvain Connac \u2013 Prof &amp; Doc \u2013 Site des document@listes de l\u2019acad\u00e9mie de Besan\u00e7on. 1 f\u00e9vrier 2024,\u00a0<a href=\"https:\/\/imsva91-ctp.trendmicro.com\/wis\/clicktime\/v1\/query?url=https%3a%2f%2fdocumentation.ac%2dbesancon.fr%2fapprendre%2da%2dcooperer%2dou%2dcooperer%2dpour%2dapprendre%2dentretien%2davec%2dsylvain%2dconnac%2f&amp;umid=E74C192A-1A76-5906-B896-EE250E72A84A&amp;auth=b2e75a85dac1d6c2329f45d980d65bc87d967b19-15208b255de337daeb31bf40c8a77b3d34caab46\" target=\"_blank\" rel=\"noopener noreferrer\">https:\/\/imsva91-ctp.trendmicro.com:443\/wis\/clicktime\/v1\/query?url=https%3a%2f%2fdocumentation.ac%2dbesancon.fr%2fapprendre%2da%2dcooperer%2dou%2dcooperer%2dpour%2dapprendre%2dentretien%2davec%2dsylvain%2dconnac%2f&amp;umid=E74C192A-1A76-5906-B896-EE250E72A84A&amp;auth=b2e75a85dac1d6c2329f45d980d65bc87d967b19-15208b255de337daeb31bf40c8a77b3d34caab46<\/a><\/p>\n<p><a id=\"n17\"><\/a>17\u00a0Apprendre \u00e0 coop\u00e9rer ou coop\u00e9rer pour apprendre\u202f? entretien avec Sylvain Connac \u2013 Prof &amp; Doc \u2013 Site des document@listes de l\u2019acad\u00e9mie de Besan\u00e7on. 1 f\u00e9vrier 2024,\u00a0<a href=\"https:\/\/imsva91-ctp.trendmicro.com\/wis\/clicktime\/v1\/query?url=https%3a%2f%2fdocumentation.ac%2dbesancon.fr%2fapprendre%2da%2dcooperer%2dou%2dcooperer%2dpour%2dapprendre%2dentretien%2davec%2dsylvain%2dconnac%2f&amp;umid=E74C192A-1A76-5906-B896-EE250E72A84A&amp;auth=b2e75a85dac1d6c2329f45d980d65bc87d967b19-15208b255de337daeb31bf40c8a77b3d34caab46\" target=\"_blank\" rel=\"noopener noreferrer\">https:\/\/imsva91-ctp.trendmicro.com:443\/wis\/clicktime\/v1\/query?url=https%3a%2f%2fdocumentation.ac%2dbesancon.fr%2fapprendre%2da%2dcooperer%2dou%2dcooperer%2dpour%2dapprendre%2dentretien%2davec%2dsylvain%2dconnac%2f&amp;umid=E74C192A-1A76-5906-B896-EE250E72A84A&amp;auth=b2e75a85dac1d6c2329f45d980d65bc87d967b19-15208b255de337daeb31bf40c8a77b3d34caab46<\/a><\/p>\n<p><a id=\"n18\"><\/a>18 Amadieu, Franck. Tricot, Andr\u00e9. Apprendre avec le num\u00e9rique. Nouvelle \u00e9d., Retz, 2020<\/p>\n<p><a id=\"n19\"><\/a>19\u00a0Apprendre \u00e0 coop\u00e9rer ou coop\u00e9rer pour apprendre\u202f? entretien avec Sylvain Connac \u2013 Prof &amp; Doc \u2013 Site des document@listes de l\u2019acad\u00e9mie de Besan\u00e7on. 1 f\u00e9vrier 2024,\u00a0<a href=\"https:\/\/imsva91-ctp.trendmicro.com\/wis\/clicktime\/v1\/query?url=https%3a%2f%2fdocumentation.ac%2dbesancon.fr%2fapprendre%2da%2dcooperer%2dou%2dcooperer%2dpour%2dapprendre%2dentretien%2davec%2dsylvain%2dconnac%2f&amp;umid=E74C192A-1A76-5906-B896-EE250E72A84A&amp;auth=b2e75a85dac1d6c2329f45d980d65bc87d967b19-15208b255de337daeb31bf40c8a77b3d34caab46\" target=\"_blank\" rel=\"noopener noreferrer\">https:\/\/imsva91-ctp.trendmicro.com:443\/wis\/clicktime\/v1\/query?url=https%3a%2f%2fdocumentation.ac%2dbesancon.fr%2fapprendre%2da%2dcooperer%2dou%2dcooperer%2dpour%2dapprendre%2dentretien%2davec%2dsylvain%2dconnac%2f&amp;umid=E74C192A-1A76-5906-B896-EE250E72A84A&amp;auth=b2e75a85dac1d6c2329f45d980d65bc87d967b19-15208b255de337daeb31bf40c8a77b3d34caab46<\/a><\/p>\n<p><a id=\"n20\"><\/a>20 Louvain Learning Lab. Est-ce que collaborer, c&rsquo;est tricher ? Ivoox, 2024 :\u00a0<a href=\"https:\/\/imsva91-ctp.trendmicro.com\/wis\/clicktime\/v1\/query?url=https%3a%2f%2fwww.ivoox.com%2fest%2dce%2dcollaborer%2dc%2dest%2dtricher%2daudios%2dmp3%5frf%5f128000028%5f1.html&amp;umid=E74C192A-1A76-5906-B896-EE250E72A84A&amp;auth=b2e75a85dac1d6c2329f45d980d65bc87d967b19-5acb2d7c8694371f552f0b173c43cf8d8bc0215e\" target=\"_blank\" rel=\"noopener noreferrer\">https:\/\/imsva91-ctp.trendmicro.com:443\/wis\/clicktime\/v1\/query?url=https%3a%2f%2fwww.ivoox.com%2fest%2dce%2dcollaborer%2dc%2dest%2dtricher%2daudios%2dmp3%5frf%5f128000028%5f1.html&amp;umid=E74C192A-1A76-5906-B896-EE250E72A84A&amp;auth=b2e75a85dac1d6c2329f45d980d65bc87d967b19-5acb2d7c8694371f552f0b173c43cf8d8bc0215e<\/a><\/p>\n<p><a id=\"n21\"><\/a>21\u00a0Mougenot, Lucie. Connac, Sylvain.\u00a0La coop\u00e9ration, \u00e7a s\u2019apprend. Mon compagnon quotidien pour former les \u00e9l\u00e8ves en classe coop\u00e9rative. ESF, 181 p..\u00a0Carrefours de l&rsquo;\u00e9ducation, 56, 290-290. 2023.\u00a0<a href=\"https:\/\/imsva91-ctp.trendmicro.com\/wis\/clicktime\/v1\/query?url=https%3a%2f%2fdoi.org%2f10.3917%2fcdle.056.0289a03&amp;umid=E74C192A-1A76-5906-B896-EE250E72A84A&amp;auth=b2e75a85dac1d6c2329f45d980d65bc87d967b19-2030a225ecff7b06649e0dc6878f71831e78129c\" target=\"_blank\" rel=\"noopener noreferrer\">https:\/\/imsva91-ctp.trendmicro.com:443\/wis\/clicktime\/v1\/query?url=https%3a%2f%2fdoi.org%2f10.3917%2fcdle.056.0289a03&amp;umid=E74C192A-1A76-5906-B896-EE250E72A84A&amp;auth=b2e75a85dac1d6c2329f45d980d65bc87d967b19-2030a225ecff7b06649e0dc6878f71831e78129c<\/a><\/p>\n<p><a id=\"n22\"><\/a>22\u00a0Connac, Sylvain.\u00a0La coop\u00e9ration entre \u00e9l\u00e8ves. Canop\u00e9 \u00e9ditions, 2017<\/p>\n<p><a id=\"n23\"><\/a>23 Develay, Michel.\u00a0Les comp\u00e9tences de vie en classe. De Boeck Sup\u00e9rieur, 2023<\/p>\n<p><a id=\"n24\"><\/a>24\u00a0Connac, Sylvain.\u00a0La coop\u00e9ration entre \u00e9l\u00e8ves. Canop\u00e9 \u00e9ditions, 2017<\/p>\n<p><a id=\"n25\"><\/a>25 S. Connac, d\u2019apr\u00e8s Barlow, M.\u00a0Le travail en groupe des \u00e9l\u00e8ves.\u00a0Paris : Bordas, 2002<\/p>\n<p><a id=\"n26\"><\/a>26 Develay. Michel.\u00a0Les comp\u00e9tences de vie en classe. De Boeck Sup\u00e9rieur, 2023<\/p>\n<p><a id=\"n27\"><\/a>27 Caillez, Jean-Michel. Comment \u00e9valuer la contribution d\u2019un \u00e9l\u00e8ve dans un travail collectif ? 2023 :\u00a0<a href=\"https:\/\/imsva91-ctp.trendmicro.com\/wis\/clicktime\/v1\/query?url=https%3a%2f%2fblog.educpros.fr%2fjean%2dcharles%2dcailliez%2f2023%2f03%2f12%2fcomment%2devaluer%2dla%2dcontribution%2ddun%2deleve%2ddans%2dun%2dtravail%2dcollectif%2f&amp;umid=E74C192A-1A76-5906-B896-EE250E72A84A&amp;auth=b2e75a85dac1d6c2329f45d980d65bc87d967b19-63635a475fafe04d761667353eadb178257d4d53\" target=\"_blank\" rel=\"noopener noreferrer\">https:\/\/imsva91-ctp.trendmicro.com:443\/wis\/clicktime\/v1\/query?url=https%3a%2f%2fblog.educpros.fr%2fjean%2dcharles%2dcailliez%2f2023%2f03%2f12%2fcomment%2devaluer%2dla%2dcontribution%2ddun%2deleve%2ddans%2dun%2dtravail%2dcollectif%2f&amp;umid=E74C192A-1A76-5906-B896-EE250E72A84A&amp;auth=b2e75a85dac1d6c2329f45d980d65bc87d967b19-63635a475fafe04d761667353eadb178257d4d53<\/a><\/p>\n<p><a id=\"n28\"><\/a>28 D\u00c9SILETS, Jean-Fran\u00e7ois. SICOTTE, Vincent. \u00c9valuer la contribution individuelle au travail d&rsquo;\u00e9quipe tout en favorisant la collaboration. Eductive, 2023 :\u00a0<a href=\"https:\/\/imsva91-ctp.trendmicro.com\/wis\/clicktime\/v1\/query?url=https%3a%2f%2feductive.ca%2fressource%2fevaluer%2dla%2dcontribution%2dindividuelle%2dau%2dtravail%2ddequipe%2dtout%2den%2dfavorisant%2dla%2dcollaboration%2f&amp;umid=E74C192A-1A76-5906-B896-EE250E72A84A&amp;auth=b2e75a85dac1d6c2329f45d980d65bc87d967b19-f16fe4c427f447c50587bcb1369f12ca5c2ceb4d\" target=\"_blank\" rel=\"noopener noreferrer\">https:\/\/imsva91-ctp.trendmicro.com:443\/wis\/clicktime\/v1\/query?url=https%3a%2f%2feductive.ca%2fressource%2fevaluer%2dla%2dcontribution%2dindividuelle%2dau%2dtravail%2ddequipe%2dtout%2den%2dfavorisant%2dla%2dcollaboration%2f&amp;umid=E74C192A-1A76-5906-B896-EE250E72A84A&amp;auth=b2e75a85dac1d6c2329f45d980d65bc87d967b19-f16fe4c427f447c50587bcb1369f12ca5c2ceb4d<\/a><\/p>\n<div id=\"meta-origin\" data-coolorigin=\"https%3A%2F%2Fedition.apps.education.fr%2Fcool%2Fclipboard%3FWOPISrc%3Dhttps%253A%252F%252Fnuage03.apps.education.fr%252Findex.php%252Fapps%252Frichdocuments%252Fwopi%252Ffiles%252F174238489_ocfwwc3zaezm%26ServerId%3Dfe4bcdde%26ViewId%3D0%26Tag%3D24689fbb55a54c56\">\n<div id=\"sdfootnote1\">\n<p class=\"sdfootnote\"><a class=\"sdfootnotesym\" href=\"#sdfootnote1anc\" name=\"sdfootnote1sym\"><\/a><\/p>\n<\/div>\n<\/div>\n","protected":false},"excerpt":{"rendered":"<p>Introduction Les comp\u00e9tences du XXIe si\u00e8cle1 sont de plus en plus pr\u00e9sentes dans les textes et les discours sur l\u2019\u00e9cole. Longtemps vues comme des comp\u00e9tences inn\u00e9es, on sait maintenant qu\u2019elles peuvent \u00eatre travaill\u00e9es et qu\u2019elles doivent l\u2019\u00eatre pour permettre \u00e0 nos \u00e9l\u00e8ves de devenir des citoyens acteurs et responsables2. Parmi [&hellip;]<\/p>\n","protected":false},"author":297,"featured_media":4162,"comment_status":"closed","ping_status":"closed","sticky":false,"template":"","format":"standard","meta":{"ngg_post_thumbnail":0,"footnotes":""},"categories":[14,9],"tags":[],"class_list":["post-3880","post","type-post","status-publish","format-standard","has-post-thumbnail","hentry","category-education-aux-medias-et-a-linformation-emi","category-traam-documentation"],"rttpg_featured_image_url":{"full":["https:\/\/www.pedagogie.ac-nice.fr\/doc-azur\/wp-content\/uploads\/sites\/40\/2024\/05\/logo-TraAM-DOC.jpg",412,200,false],"landscape":["https:\/\/www.pedagogie.ac-nice.fr\/doc-azur\/wp-content\/uploads\/sites\/40\/2024\/05\/logo-TraAM-DOC.jpg",412,200,false],"portraits":["https:\/\/www.pedagogie.ac-nice.fr\/doc-azur\/wp-content\/uploads\/sites\/40\/2024\/05\/logo-TraAM-DOC.jpg",412,200,false],"thumbnail":["https:\/\/www.pedagogie.ac-nice.fr\/doc-azur\/wp-content\/uploads\/sites\/40\/2024\/05\/logo-TraAM-DOC-150x150.jpg",150,150,true],"medium":["https:\/\/www.pedagogie.ac-nice.fr\/doc-azur\/wp-content\/uploads\/sites\/40\/2024\/05\/logo-TraAM-DOC-300x146.jpg",300,146,true],"large":["https:\/\/www.pedagogie.ac-nice.fr\/doc-azur\/wp-content\/uploads\/sites\/40\/2024\/05\/logo-TraAM-DOC.jpg",412,200,false],"1536x1536":["https:\/\/www.pedagogie.ac-nice.fr\/doc-azur\/wp-content\/uploads\/sites\/40\/2024\/05\/logo-TraAM-DOC.jpg",412,200,false],"2048x2048":["https:\/\/www.pedagogie.ac-nice.fr\/doc-azur\/wp-content\/uploads\/sites\/40\/2024\/05\/logo-TraAM-DOC.jpg",412,200,false],"hestia-blog":["https:\/\/www.pedagogie.ac-nice.fr\/doc-azur\/wp-content\/uploads\/sites\/40\/2024\/05\/logo-TraAM-DOC.jpg",360,175,false],"advps-thumb-one":["https:\/\/www.pedagogie.ac-nice.fr\/doc-azur\/wp-content\/uploads\/sites\/40\/2024\/05\/logo-TraAM-DOC.jpg",412,200,false]},"rttpg_author":{"display_name":"Caroline Albertini","author_link":"https:\/\/www.pedagogie.ac-nice.fr\/doc-azur\/author\/traam06\/"},"rttpg_comment":0,"rttpg_category":"<a href=\"https:\/\/www.pedagogie.ac-nice.fr\/doc-azur\/category\/education-aux-medias-et-a-linformation-emi\/\" rel=\"category tag\">Education aux M\u00e9dias et \u00e0 l'Information EMI<\/a> <a href=\"https:\/\/www.pedagogie.ac-nice.fr\/doc-azur\/category\/traam-documentation\/\" rel=\"category tag\">TraAM Documentation<\/a>","rttpg_excerpt":"Introduction Les comp\u00e9tences du XXIe si\u00e8cle1 sont de plus en plus pr\u00e9sentes dans les textes et les discours sur l\u2019\u00e9cole. Longtemps vues comme des comp\u00e9tences inn\u00e9es, on sait maintenant qu\u2019elles peuvent \u00eatre travaill\u00e9es et qu\u2019elles doivent l\u2019\u00eatre pour permettre \u00e0 nos \u00e9l\u00e8ves de devenir des citoyens acteurs et responsables2. Parmi [&hellip;]","post_mailing_queue_ids":[],"_links":{"self":[{"href":"https:\/\/www.pedagogie.ac-nice.fr\/doc-azur\/wp-json\/wp\/v2\/posts\/3880","targetHints":{"allow":["GET"]}}],"collection":[{"href":"https:\/\/www.pedagogie.ac-nice.fr\/doc-azur\/wp-json\/wp\/v2\/posts"}],"about":[{"href":"https:\/\/www.pedagogie.ac-nice.fr\/doc-azur\/wp-json\/wp\/v2\/types\/post"}],"author":[{"embeddable":true,"href":"https:\/\/www.pedagogie.ac-nice.fr\/doc-azur\/wp-json\/wp\/v2\/users\/297"}],"replies":[{"embeddable":true,"href":"https:\/\/www.pedagogie.ac-nice.fr\/doc-azur\/wp-json\/wp\/v2\/comments?post=3880"}],"version-history":[{"count":53,"href":"https:\/\/www.pedagogie.ac-nice.fr\/doc-azur\/wp-json\/wp\/v2\/posts\/3880\/revisions"}],"predecessor-version":[{"id":4470,"href":"https:\/\/www.pedagogie.ac-nice.fr\/doc-azur\/wp-json\/wp\/v2\/posts\/3880\/revisions\/4470"}],"wp:featuredmedia":[{"embeddable":true,"href":"https:\/\/www.pedagogie.ac-nice.fr\/doc-azur\/wp-json\/wp\/v2\/media\/4162"}],"wp:attachment":[{"href":"https:\/\/www.pedagogie.ac-nice.fr\/doc-azur\/wp-json\/wp\/v2\/media?parent=3880"}],"wp:term":[{"taxonomy":"category","embeddable":true,"href":"https:\/\/www.pedagogie.ac-nice.fr\/doc-azur\/wp-json\/wp\/v2\/categories?post=3880"},{"taxonomy":"post_tag","embeddable":true,"href":"https:\/\/www.pedagogie.ac-nice.fr\/doc-azur\/wp-json\/wp\/v2\/tags?post=3880"}],"curies":[{"name":"wp","href":"https:\/\/api.w.org\/{rel}","templated":true}]}}