{"id":4152,"date":"2024-06-11T09:55:09","date_gmt":"2024-06-11T07:55:09","guid":{"rendered":"https:\/\/www.pedagogie.ac-nice.fr\/doc-azur\/?p=4152"},"modified":"2024-06-10T20:25:48","modified_gmt":"2024-06-10T18:25:48","slug":"lintelligence-collective-au-service-du-reamenagement-des-espaces-info-documentaires","status":"publish","type":"post","link":"https:\/\/www.pedagogie.ac-nice.fr\/doc-azur\/2024\/06\/11\/lintelligence-collective-au-service-du-reamenagement-des-espaces-info-documentaires\/","title":{"rendered":"L&rsquo;intelligence collective au service du r\u00e9am\u00e9nagement des espaces info-documentaires\u00a0"},"content":{"rendered":"<div id=\"magicdomid135\" class=\"ace-line\" aria-live=\"assertive\">\n<div aria-live=\"assertive\"><img loading=\"lazy\" decoding=\"async\" class=\"alignnone size-full wp-image-4011\" src=\"https:\/\/www.pedagogie.ac-nice.fr\/doc-azur\/wp-content\/uploads\/sites\/40\/2024\/05\/logo.jpg\" alt=\"\" width=\"200\" height=\"187\" \/><\/div>\n<div id=\"magicdomid3\" class=\"ace-line\" aria-live=\"assertive\"><span style=\"font-size: 12pt;\"><span class=\"author-a-z66zm8z65zz80zaa4agmz79z6ag2\">Cet article collaboratif a \u00e9t\u00e9 r\u00e9dig\u00e9 dans le cadre des TraAM Documentation 2023-2024 par : <\/span><\/span><\/div>\n<div class=\"ace-line\" aria-live=\"assertive\"><span style=\"font-size: 12pt;\"><span class=\"author-a-z66zm8z65zz80zaa4agmz79z6ag2\">Cassandra Buigues, professeure documentaliste au Coll\u00e8ge et Lyc\u00e9e International de Valbonne, acad\u00e9mie de Nice<\/span><\/span><\/div>\n<div id=\"magicdomid1865\" class=\"ace-line\" aria-live=\"assertive\"><span class=\"author-a-z66zm8z65zz80zaa4agmz79z6ag2\">G\u00e9raldine Rouard, professeure documentaliste au Coll\u00e8ge Sidney Bechet d&rsquo;Antibes, acad\u00e9mie de Nice<\/span><\/div>\n<div id=\"magicdomid1866\" class=\"ace-line\" aria-live=\"assertive\"><span class=\"author-a-z66zm8z65zz80zaa4agmz79z6ag2\">Sonia Duflos, professeure de la classe relais du Coll\u00e8ge Sidney Bechet d&rsquo;Antibes, acad\u00e9mie de Nice<\/span><\/div>\n<div id=\"magicdomid1867\" class=\"ace-line\" aria-live=\"assertive\"><span class=\"author-a-z66zm8z65zz80zaa4agmz79z6ag2\">Laureline Lemoine, professeure documentaliste au coll\u00e8ge de Baccarat, acad\u00e9mie de Nancy-Metz.<\/span><\/div>\n<div id=\"magicdomid1861\" class=\"ace-line\" aria-live=\"assertive\"><\/div>\n<div id=\"magicdomid12\" class=\"ace-line\" aria-live=\"assertive\"><\/div>\n<div id=\"magicdomid13\" class=\"ace-line\" aria-live=\"assertive\"><span class=\"\">Il est fr\u00e9quent que les pratiques des jeunes soient fondamentalement diff\u00e9rentes \u00e0 l\u2019\u00e9cole et \u00e0 la maison. A la crois\u00e9e des chemins, le CDI est un lieu poreux entre ces deux mondes en terme de pratiques culturelles. En effet, les pratiques des \u00e9l\u00e8ves au CDI sont d&rsquo;ordre scolaire mais aussi r\u00e9cr\u00e9atives. Celles-ci entrent ainsi dans l&rsquo;espace scolaire : mangas et autres lectures plaisir, activit\u00e9s manuelles tels que les origamis, activit\u00e9s ludiques telles que <\/span><span class=\"i\"><i>serious games<\/i><\/span><span class=\"\"> et puzzles collaboratifs, etc. L&rsquo;enjeu pour le professeur documentaliste est de concilier ces diff\u00e9rentes activit\u00e9s pour r\u00e9pondre \u00e0 des objectifs de d\u00e9veloppement de comp\u00e9tences. Il se fonde sur les besoins des usagers pour organiser les ressources documentaires dont il est le \u00ab\u00a0ma\u00eetre d\u2019\u0153uvre\u201d. (<\/span><span class=\"u url\"><a href=\"https:\/\/www.education.gouv.fr\/bo\/17\/Hebdo13\/MENE1708402C.htm\" target=\"_blank\" rel=\"noreferrer noopener\"><u>https:\/\/www.education.gouv.fr\/bo\/17\/Hebdo13\/MENE1708402C.htm<\/u><\/a><\/span><span class=\"\">).<\/span><\/div>\n<div id=\"magicdomid14\" class=\"ace-line\" aria-live=\"assertive\"><\/div>\n<div id=\"magicdomid15\" class=\"ace-line\" aria-live=\"assertive\"><span class=\"\">Ainsi, les personnes qui fr\u00e9quentent le lieu sont souvent invit\u00e9es \u00e0 participer \u00e0 l&rsquo;organisation et \u00e0 la mise \u00e0 disposition des ressources du CDI. On pense notamment aux jeunes \u201caides-CDI\u201d\/\u00a0\u00bbassistants du CDI\u00a0\u00bb et \u00e0 l&rsquo;aide ponctuelle \u00e0 la gestion par des \u00e9l\u00e8ves volontaires, aux suggestions d\u2019achat ou encore aux coups de c\u0153ur des clubs lecture. Impliquer le public dans l&rsquo;organisation du CDI a plusieurs objectifs : am\u00e9liorer les taux de fr\u00e9quentation du lieu et de rotation des collections, moderniser le type de ressources propos\u00e9es, faire \u00e9voluer les interactions entre \u00e9l\u00e8ves et les responsabiliser.\u00a0<\/span><\/div>\n<div id=\"magicdomid16\" class=\"ace-line\" aria-live=\"assertive\"><\/div>\n<div id=\"magicdomid17\" class=\"ace-line\" aria-live=\"assertive\"><span class=\"\">Cette d\u00e9marche n&rsquo;est pas nouvelle dans le milieu des biblioth\u00e8ques o\u00f9 l&rsquo;implication des usagers dans l&rsquo;organisation des espaces et de l&rsquo;acc\u00e8s des ressources s&rsquo;est largement d\u00e9velopp\u00e9e depuis une dizaine d&rsquo;ann\u00e9es, notamment via la m\u00e9thode de biblio-remix (aussi dite bibliomix) (source <\/span><span class=\"u url\"><a href=\"https:\/\/books.openedition.org\/pressesenssib\/4275?lang=fr\" target=\"_blank\" rel=\"noreferrer noopener\"><u>https:\/\/books.openedition.org\/pressesenssib\/4275?lang=fr<\/u><\/a><\/span><span class=\"\">), d\u00e9marche fond\u00e9e sur l&rsquo;intelligence collective.\u00a0<\/span><\/div>\n<div id=\"magicdomid18\" class=\"ace-line\" aria-live=\"assertive\"><span class=\"\">L&rsquo;intelligence collective est prometteuse pour l&rsquo;\u00e9volution des CDI par les \u00e9l\u00e8ves, pour les \u00e9l\u00e8ves. Elle peut \u00eatre d\u00e9finie par ce que la plupart des auteurs s\u2019accordent \u00e0 en dire : \u00ab <\/span><span class=\"i\"><i>l\u2019intelligence collective est diff\u00e9rente de la somme des intelligences individuelles qui la composent<\/i><\/span><span class=\"\"> \u00bb (Ribette, 1996). Cette id\u00e9e est illustr\u00e9e par l&rsquo;adage : \u00ab\u00a0tout seul on va plus vite, ensemble on va plus loin\u00a0\u00bb.<\/span><\/div>\n<div id=\"magicdomid19\" class=\"ace-line\" aria-live=\"assertive\"><\/div>\n<div id=\"magicdomid20\" class=\"ace-line\" aria-live=\"assertive\"><span class=\"\">Nous nous poserons la question suivante dans cet article : Quelle est la plus-value de l&rsquo;intelligence collective pour impliquer les \u00e9l\u00e8ves dans la r\u00e9organisation des ressources et des espaces du CDI ?<\/span><\/div>\n<div id=\"magicdomid21\" class=\"ace-line\" aria-live=\"assertive\"><span class=\"\">Afin de r\u00e9pondre \u00e0 notre questionnement, nous pr\u00e9senterons dans un premier temps les trois projets que nous avons conduits dans nos \u00e9tablissements respectifs. Dans un second temps, nous vous proposons un retour r\u00e9flexif sur la mise en \u0153uvre de l&rsquo;intelligence collective au service de la r\u00e9organisation des espaces. Enfin, dans une troisi\u00e8me partie, nous r\u00e9fl\u00e9chirons \u00e0 la place des ressources num\u00e9riques audio dans nos CDI.\u00a0<\/span><\/div>\n<div id=\"magicdomid22\" class=\"ace-line\" aria-live=\"assertive\"><\/div>\n<div id=\"magicdomid23\" class=\"ace-line\" aria-live=\"assertive\">\n<h1><span class=\"\">Nos projets<\/span><\/h1>\n<\/div>\n<div id=\"magicdomid26\" class=\"ace-line\" aria-live=\"assertive\"><span class=\"comment fakecomment-Z3ifr2e1oFoDNapB\">Les projets qui sont pr\u00e9sent\u00e9s ici ont \u00e9t\u00e9 men\u00e9s dans trois CDI diff\u00e9rents. Ils reposent sur l&rsquo;intelligence collective, et ont tous eu lieu dans des coll\u00e8ges. Le premier porte sur la cr\u00e9ation d&rsquo;un espace au CDI par des \u00e9l\u00e8ves allophones, pour des \u00e9l\u00e8ves allophones et les anciens qui viennent de quitter la classe d&rsquo;apprentissage du fran\u00e7ais. Le second projet concerne les \u00e9l\u00e8ves volontaires du club \u00ab\u00a0assistants CDI\u00a0\u00bb pour red\u00e9finir les usages, espaces et ressources du CDI pour toute la communaut\u00e9. Enfin le troisi\u00e8me projet\u00a0<\/span><span class=\"\"> vise \u00e0 classer diff\u00e9remment les \u0153uvres de fiction pour toute la communaut\u00e9 scolaire en impliquant des \u00e9l\u00e8ves gros d\u00e9crocheurs de classe relais.<\/span><\/div>\n<div id=\"magicdomid27\" class=\"ace-line\" aria-live=\"assertive\"><\/div>\n<div id=\"magicdomid28\" class=\"ace-line\" aria-live=\"assertive\"><span class=\"\">\u00a0Chaque projet est plus amplement d\u00e9taill\u00e9 ci-dessous :<\/span><\/div>\n<div id=\"magicdomid29\" class=\"ace-line\" aria-live=\"assertive\"><span class=\"\">\u00a0<\/span><\/div>\n<div id=\"magicdomid30\" class=\"ace-line\" aria-live=\"assertive\">\n<ul class=\"list-bullet1\">\n<li><span class=\"b u\"><b><u>\u00a0Au Coll\u00e8ge International de Valbonne (06) : les UPE2A<\/u><\/b><\/span><\/li>\n<\/ul>\n<\/div>\n<div id=\"magicdomid31\" class=\"ace-line\" aria-live=\"assertive\"><\/div>\n<div id=\"magicdomid32\" class=\"ace-line\" aria-live=\"assertive\"><span class=\"b\"><b>Un projet est li\u00e9 aux \u00e9l\u00e8ves \u00e0 besoins \u00e9ducatifs particuliers (EBEP) que sont les UPE2A<\/b><\/span><span class=\"\"> \u00ab\u00a0unit\u00e9 p\u00e9dagogique pour \u00e9l\u00e8ves allophones arrivants\u00a0\u00bb, soit des jeunes r\u00e9sidant sur le territoire fran\u00e7ais, issus de l&rsquo;immigration et \u00ab\u00a0tr\u00e8s peu ou pas du tout scolaris\u00e9s dans leur pays d&rsquo;origine\u00a0\u00bb. La classe d&rsquo;UPE2A \u00e9tait engag\u00e9e sur <\/span><span class=\"b\"><b>la cr\u00e9ation<\/b><\/span> <span class=\"b\"><b>d&rsquo;un espace qui leur est destin\u00e9 au CDI<\/b><\/span><span class=\"\"> et qui prend en compte les futurs \u00e9l\u00e8ves de la classe, mais aussi les anciens \u00e9l\u00e8ves d&rsquo;UPE2A scolaris\u00e9s dans des classes normales, ayant toujours quelques besoins sp\u00e9cifiques. Ils ont pens\u00e9 aux ressources, \u00e0 l&#8217;emplacement, \u00e0 la signal\u00e9tique, \u00e0 la d\u00e9coration&#8230;<\/span><\/div>\n<div id=\"magicdomid33\" class=\"ace-line\" aria-live=\"assertive\"><span class=\"\">L&rsquo;intelligence collective a \u00e9t\u00e9 mobilis\u00e9e \u00e0 plusieurs reprises\u00a0 pour faire \u00e9merger les id\u00e9es et les peaufiner via le biblio-remix. Ce dernier s&rsquo;appuie sur le processus du <\/span><span class=\"i\"><i>design thinking <\/i><\/span><span class=\"\">et il place l\u2019usager au centre pour r\u00e9soudre ensemble des probl\u00e8mes complexes de fa\u00e7on cr\u00e9ative voire innovante, ce qui a \u00e9t\u00e9 observ\u00e9 dans les choix des ressources apr\u00e8s des \u00e9changes \u00e0 l&rsquo;oral.<\/span><\/div>\n<div id=\"magicdomid34\" class=\"ace-line\" aria-live=\"assertive\"><span class=\"\">Ce projet est n\u00e9 du constat que ces \u00e9l\u00e8ves ne venaient pas en autonomie au CDI. Apr\u00e8s discussion avec le coll\u00e8gue en charge de la classe, nous avons entam\u00e9 un cycle de 1h \u00e0 2h hebdomadaires comprenant \u00e0 la fois des lectures offertes sur le th\u00e8me des contes et le projet de cr\u00e9ation. Les s\u00e9ances du projet de cr\u00e9ation ont port\u00e9 aussi bien sur des ressources en lecture sur support imprim\u00e9 (ils ont test\u00e9 diff\u00e9rents documents de diff\u00e9rentes maisons d&rsquo;\u00e9dition selon leurs besoins et ceux d&rsquo;un camarade qui n&rsquo;a pas le m\u00eame niveau de lecture) et audio (enregistrement collectif d&rsquo;un conte africain), qu&rsquo;en besoins mat\u00e9riels (ardoise pour s&rsquo;entra\u00eener&#8230;), et ce apr\u00e8s avoir d\u00e9couvert diff\u00e9rentes biblioth\u00e8ques dans le monde et observ\u00e9 le CDI.<\/span><\/div>\n<div id=\"magicdomid35\" class=\"ace-line\" aria-live=\"assertive\"><span class=\"\">Aujourd&rsquo;hui, l&rsquo;espace est presque abouti : les ressources ont \u00e9t\u00e9 s\u00e9lectionn\u00e9es, l&rsquo;espace physique choisi et \u00ab\u00a0meubl\u00e9\u00a0\u00bb (r\u00e9arrangement seulement de l&rsquo;existant), la signal\u00e9tique est en cours de construction (les textes des panneaux et affiches sont trouv\u00e9s mais il va falloir les illustrer). Il reste \u00e0 \u00e9crire collectivement un conte \u00e0 partir de leur m\u00e9moire collective puis \u00e0 l&rsquo;enregistrer.<\/span><\/div>\n<div id=\"magicdomid36\" class=\"ace-line\" aria-live=\"assertive\"><span class=\"\">Ce projet a \u00e9t\u00e9 pens\u00e9 sur l&rsquo;absence totale de pr\u00e9-requis p\u00e9dagogiques, si on excepte celui de l&rsquo;acquisition de la langue de scolarisation. Cela a \u00e9t\u00e9 une r\u00e9ussite en termes de motivation des coll\u00e9giens UPE2A et de la cr\u00e9ation de l&rsquo;espace qui a dur\u00e9 plusieurs mois.<\/span><\/div>\n<div id=\"magicdomid38\" class=\"ace-line\" aria-live=\"assertive\">\n<p><span class=\"b\"><b>Lien du sc\u00e9nario sur le site acad\u00e9mique : <a href=\"https:\/\/www.pedagogie.ac-nice.fr\/doc-azur\/2024\/06\/06\/traam-documentation-lecture-pour-tous-reorganisation-des-fictions-au-cdi\/\" target=\"_blank\" rel=\"noopener\">https:\/\/www.pedagogie.ac-nice.fr\/doc-azur\/2024\/06\/06\/traam-documentation-lecture-pour-tous-reorganisation-des-fictions-au-cdi\/<\/a><\/b><\/span><\/p>\n<\/div>\n<div id=\"magicdomid39\" class=\"ace-line\" aria-live=\"assertive\">\n<p>&nbsp;<\/p>\n<\/div>\n<div id=\"magicdomid41\" class=\"ace-line\" aria-live=\"assertive\">\n<ul class=\"list-bullet1\">\n<li><span class=\"b u\"><b><u>Au coll\u00e8ge de Baccarat (54) : les \u00ab\u00a0Assistants CDI\u00a0\u00bb<\/u><\/b><\/span><\/li>\n<\/ul>\n<\/div>\n<div id=\"magicdomid42\" class=\"ace-line\" aria-live=\"assertive\"><\/div>\n<div id=\"magicdomid43\" class=\"ace-line\" aria-live=\"assertive\">\n<p><span class=\"\">Le deuxi\u00e8me projet dont il est question dans cet article a \u00e9t\u00e9 men\u00e9 avec le Club \u00ab\u00a0Assistants CDI\u00a0\u00bb, compos\u00e9 cette ann\u00e9e d\u2019une dizaine d&rsquo;\u00e9l\u00e8ves volontaires de la 6\u00e8me \u00e0 la 3\u00e8me. Le club se r\u00e9unit toutes les semaines quarante cinq minutes \u00e0 la pause m\u00e9ridienne, et les s\u00e9ances sont anim\u00e9es toute l\u2019ann\u00e9e par la professeure documentaliste. <\/span><\/p>\n<p><span class=\"\">Le coll\u00e8ge \u00e9tant dans sa phase d\u2019auto\u00e9valuation en vu d\u2019un nouveau projet d\u2019\u00e9tablissement, le projet du Club a \u00e9t\u00e9 int\u00e9gr\u00e9 \u00e0 cette op\u00e9ration dans une d\u00e9marche de projet et d\u2019intelligence collective. Les \u00e9l\u00e8ves ont \u00e9t\u00e9 invit\u00e9s \u00e0 d\u00e9finir eux-m\u00eames une strat\u00e9gie pour identifier les besoins des \u00e9l\u00e8ves concernant les activit\u00e9s hors temps de cours au coll\u00e8ge, \u00e0 \u00e9laborer des objectifs et des propositions concr\u00e8tes, et \u00e0 r\u00e9aliser des modifications des espaces et ressources au CDI en fonction de leurs conclusions. La th\u00e9matique de travail et la composition du groupe ont permis de travailler facilement en intelligence collective. A ce jour, les Assistants CDI ont r\u00e9alis\u00e9 une enqu\u00eate statistique compl\u00e8te qu&rsquo;ils ont pr\u00e9sent\u00e9e de fa\u00e7on formelle au Chef d&rsquo;\u00e9tablissement,\u00a0 et sont en train de r\u00e9am\u00e9nager 5 espaces du CDI \u00e0 partir de leur analyse des r\u00e9sultats (espace \u00ab\u00a0jeux \u00e9ducatifs\u00a0\u00bb, espace \u00ab\u00a0relax\u00a0\u00bb, espace \u00ab\u00a0podcasts\u00a0\u00bb, espace \u00ab\u00a0brico et d\u00e9co\u00a0\u00bb, espace \u00ab\u00a0webradio\u00a0\u00bb). Ils ont \u00e9galement \u00e9mis des suggestions pour d\u00e9velopper les pratiques de \u00ab\u00a0CDI dehors\u00a0\u00bb qui \u00e9taient tr\u00e8s ponctuelles jusqu&rsquo;ici, en r\u00e9ponse \u00e0 l&rsquo;objectif le plus saillant de l&rsquo;enqu\u00eate tout public confondu (volont\u00e9 d&rsquo;activit\u00e9s en ext\u00e9rieur), et ont propos\u00e9 de nombreuses suggestions d&rsquo;activit\u00e9s pour le service de Vie Scolaire bas\u00e9es sur cette enqu\u00eate.\u00a0<\/span><\/p>\n<\/div>\n<div id=\"magicdomid45\" class=\"ace-line\" aria-live=\"assertive\">\n<p>&nbsp;<\/p>\n<\/div>\n<div id=\"magicdomid46\" class=\"ace-line\" aria-live=\"assertive\">\n<p><span class=\"b\"><b>Lien du sc\u00e9nario sur le site acad\u00e9mique : <\/b><\/span><a href=\"https:\/\/sites.ac-nancy-metz.fr\/documentation\/wp-content\/uploads\/2024\/05\/Lemoine-Scenario-IC-Espaces-AssistantsCDI.pdf\" target=\"_blank\" rel=\"noopener\"><span class=\"author-a-z70zz76zz90zz84zz72zz78z475ez90zfmz74zz78z2 b url\"><b>https:\/\/sites.ac-nancy-metz.fr\/documentation\/wp-content\/uploads\/2024\/05\/Lemoine-Scenario-IC-Espaces-AssistantsCDI.pdf<\/b><\/span><\/a><\/p>\n<\/div>\n<div id=\"magicdomid47\" class=\"ace-line\" aria-live=\"assertive\">\n<p>&nbsp;<\/p>\n<\/div>\n<div id=\"magicdomid48\" class=\"ace-line\" aria-live=\"assertive\">\n<ul class=\"list-bullet1\">\n<li><span class=\"b u\"><b><u>Au coll\u00e8ge Sidney Bechet (06) : la classe relais<\/u><\/b><\/span><\/li>\n<\/ul>\n<p>&nbsp;<\/p>\n<p><span class=\"\">Le troisi\u00e8me projet est un projet r\u00e9alis\u00e9 avec des \u00e9l\u00e8ves en d\u00e9crochage scolaire accueillis au coll\u00e8ge dans le cadre du dispositif relais. Ce projet fait suite \u00e0 un constat concernant les pratiques des coll\u00e9giens depuis la crise sanitaire. La place de la lecture a fortement diminu\u00e9 contrairement \u00e0 la place du num\u00e9rique. Les \u00e9l\u00e8ves du coll\u00e8ge n&rsquo;ont pas \u00e9t\u00e9 habitu\u00e9s \u00e0 lire et recherchent de plus en plus des versions audio ou audiovisuelles des ouvrages emprunt\u00e9s. L&rsquo;objectif de ce projet intitul\u00e9 \u00ab\u00a0Lecture pour tous\u00a0\u00bb est de redonner go\u00fbt \u00e0 la lecture \u00e0 tous les \u00e9l\u00e8ves du coll\u00e8ge. Pour cela, les \u00e9l\u00e8ves de classe relais, faibles lecteurs dans l&rsquo;imaginaire collectif, ont \u00e9t\u00e9 associ\u00e9s aux choix concernant la r\u00e9organisation du CDI. Les \u00e9l\u00e8ves se sont r\u00e9unis avec les enseignants tous les mardis apr\u00e8s-midi pendant deux heures. Ils ont \u00e9tabli dans un premier temps un diagnostic du classement existant et des obstacles qu&rsquo;il pouvait constituer pour l&rsquo;acc\u00e8s aux livres de fiction. Puis ils ont ensemble r\u00e9fl\u00e9chi aux besoins des \u00e9l\u00e8ves \u00e0 profils particuliers : de la couleur, des th\u00e8mes, un m\u00e9lange des bandes dessin\u00e9es avec les nouvelles et les romans, un espace lecture plus convivial.\u00a0<\/span><\/p>\n<\/div>\n<div id=\"magicdomid50\" class=\"ace-line\" aria-live=\"assertive\"><\/div>\n<div id=\"magicdomid51\" class=\"ace-line\" aria-live=\"assertive\">\n<p><span class=\"\">Tous les ouvrages de fiction ont \u00e9t\u00e9 d\u00e9plac\u00e9s. Ce projet a impliqu\u00e9 beaucoup de manutention au fil de l&rsquo;ann\u00e9e mais certains \u00e9l\u00e8ves ont red\u00e9couvert des tr\u00e9sors. Une nouvelle signal\u00e9tique color\u00e9e a \u00e9t\u00e9 cr\u00e9\u00e9e par les \u00e9l\u00e8ves qui ont \u00e9galement cr\u00e9\u00e9 des logos \u00e0 apposer sur les ouvrages afin de faciliter le classement. Un espace \u00ab\u00a0petites lectures\u00a0\u00bb et lectures avec audio a vu le jour dans le coin lecture \u00e9galement afin d&rsquo;encourager les petits lecteurs \u00e0 se lancer. Les \u00e9l\u00e8ves de la classe relais ont \u00e9galement \u00e9t\u00e9 associ\u00e9s \u00e0 la pr\u00e9paration d&rsquo;une commande. Le projet donnera lieu \u00e0 un projet Notre Ecole Faisons-La Ensemble \u00e0 compter de la rentr\u00e9e prochaine afin de permettre d&rsquo;ajouter des ressources num\u00e9riques audio.<br \/>\n<\/span><\/p>\n<\/div>\n<div id=\"magicdomid245\" class=\"ace-line\" aria-live=\"assertive\">\n<p><span class=\"b\"><b>Lien du sc\u00e9nario sur le site acad\u00e9mique : <\/b><\/span><span class=\"author-a-z66zm8z65zz80zaa4agmz79z6ag2 b url\"><a href=\"https:\/\/www.pedagogie.ac-nice.fr\/doc-azur\/?p=3870&amp;preview=true&amp;aiEnableCheckShortcode=true\" target=\"_blank\" rel=\"noreferrer noopener\"><b>https:\/\/www.pedagogie.ac-nice.fr\/doc-azur\/2024\/06\/06\/traam-documentation-lecture-pour-tous-reorganisation-des-fictions-au-cdi\/<\/b><\/a><\/span><\/p>\n<\/div>\n<div id=\"magicdomid55\" class=\"ace-line\" aria-live=\"assertive\"><\/div>\n<div id=\"magicdomid56\" class=\"ace-line\" aria-live=\"assertive\">\n<h2><span class=\"\">Retour r\u00e9flexif sur la mise en \u0153uvre de l&rsquo;intelligence collective pour la r\u00e9organisation des ressources du CDI<\/span><\/h2>\n<\/div>\n<div id=\"magicdomid57\" class=\"ace-line\" aria-live=\"assertive\"><\/div>\n<div id=\"magicdomid58\" class=\"ace-line\" aria-live=\"assertive\"><span class=\"\">L&rsquo;intelligence collective est une dynamique de groupe qui peut \u00eatre mobilisatrice et efficace dans la gestion de questions complexes gr\u00e2ce \u00e0 plusieurs \u00e9l\u00e9ments. C&rsquo;est une d\u00e9marche \u00e9volutive et progressive, bas\u00e9e sur l&rsquo;autonomie, la confiance et le partage de pouvoir, pour que les interactions elles-m\u00eames -au c\u0153ur de la dynamique- soient les \u00e9l\u00e9ments stimulateurs des participants. Ainsi, l&rsquo;intelligence collective d\u00e9passe la simple id\u00e9e de \u00ab\u00a0faire ensemble\u00a0\u00bb. L&rsquo;intelligence collective,\u00a0 c&rsquo;est faire le pari que :<\/span><\/div>\n<div id=\"magicdomid59\" class=\"ace-line\" aria-live=\"assertive\"><span class=\"comment fakecomment-CuTr9I0qO4EGU8ch\">&#8211; \u00ab\u00a0\u00e9changer ensemble\u00a0\u00bb en toute confiance autour d&rsquo;un objectif commun permettrait au groupe de d\u00e9velopper des id\u00e9es plus cr\u00e9atives et plus complexes ;\u00a0\u00a0<\/span><\/div>\n<div id=\"magicdomid60\" class=\"ace-line\" aria-live=\"assertive\"><span class=\"comment fakecomment-CuTr9I0qO4EGU8ch\">&#8211; \u00ab\u00a0d\u00e9cider ensemble\u00a0\u00bb permettrait d&rsquo;impliquer et de responsabiliser fortement les acteurs dans la r\u00e9flexion et l&rsquo;action.<\/span><\/div>\n<div id=\"magicdomid61\" class=\"ace-line\" aria-live=\"assertive\"><\/div>\n<div id=\"magicdomid62\" class=\"ace-line\" aria-live=\"assertive\"><span class=\"comment fakecomment-CuTr9I0qO4EGU8ch\">Ces \u00e9l\u00e9ments pourraient r\u00e9v\u00e9ler des potentialit\u00e9s non envisag\u00e9es au d\u00e9part pour \u00ab\u00a0oser ensemble\u00a0\u00bb et optimiseraient grandement la phase du \u00ab\u00a0faire ensemble\u00a0\u00bb en renfor\u00e7ant la coh\u00e9sion du groupe.<\/span><\/div>\n<div id=\"magicdomid63\" class=\"ace-line\" aria-live=\"assertive\"><\/div>\n<div id=\"magicdomid64\" class=\"ace-line\" aria-live=\"assertive\"><span class=\"comment fakecomment-CuTr9I0qO4EGU8ch\">Ainsi, animer le CDI en tant qu&rsquo;environnement propice au d\u00e9veloppement de l&rsquo;intelligence collective, ce serait le penser comme <\/span><span class=\"comment u fakecomment-CuTr9I0qO4EGU8ch\"><u>lieu facilitateur de toutes les connexion<\/u><\/span><span class=\"comment fakecomment-CuTr9I0qO4EGU8ch\"><span style=\"text-decoration: underline;\">s<\/span>. Au CDI, on peut rompre avec le cloisonnement des disciplines, des niveaux, des classes, des comp\u00e9tences, des usages formels et informels, des activit\u00e9s scolaires et de loisirs. De ce fait, il y est possible de d\u00e9velopper la <\/span><span class=\"comment i fakecomment-CuTr9I0qO4EGU8ch\"><i>reliance<\/i><\/span><span class=\"comment fakecomment-CuTr9I0qO4EGU8ch\"> (E. Morin, 2004) entre les individus et entre les pratiques. Et via l&rsquo;organisation des espaces et des ressources, les diverses formes de m\u00e9diation et les outils vari\u00e9s mis \u00e0 disposition par le professeur documentaliste, le CDI peut \u00eatre un r\u00e9el <\/span><span class=\"comment i fakecomment-CuTr9I0qO4EGU8ch\"><i>environnement capacitant<\/i><\/span><span class=\"comment fakecomment-CuTr9I0qO4EGU8ch\"> (Falzon, 2005), o\u00f9 les possibilit\u00e9s d&rsquo;actions des \u00e9l\u00e8ves sont d\u00e9multipli\u00e9es. Il s&rsquo;agit d\u00e8s lors de d\u00e9velopper des modalit\u00e9s p\u00e9dagogiques plus orient\u00e9es vers l&rsquo;horizontalit\u00e9 et la r\u00e9solution collective de probl\u00e8mes complexes mais dont l&rsquo;utilit\u00e9 est certaine pour tous les acteurs du projet. Il s&rsquo;agit peut-\u00eatre \u00e9galement d&rsquo;\u00eatre ouvert \u00e0 l&rsquo;impr\u00e9vu et l&rsquo;informel, de faire preuve de souplesse et d&rsquo;agilit\u00e9 pour que les opportunit\u00e9s et id\u00e9es nouvelles puissent \u00eatre exprim\u00e9es par chaque \u00e9l\u00e8ve et saisies au vol par le groupe, pour une co-construction r\u00e9elle \u00e0 chaque \u00e9tape du projet.<\/span><\/div>\n<div id=\"magicdomid65\" class=\"ace-line\" aria-live=\"assertive\"><\/div>\n<div id=\"magicdomid66\" class=\"ace-line\" aria-live=\"assertive\">\n<ul class=\"list-bullet1\">\n<li>\n<h4><span class=\"b\"><b>Identification de l&rsquo;objectif et des besoins des usagers<\/b><\/span><\/h4>\n<\/li>\n<\/ul>\n<\/div>\n<div id=\"magicdomid67\" class=\"ace-line\" aria-live=\"assertive\"><\/div>\n<div id=\"magicdomid68\" class=\"ace-line\" aria-live=\"assertive\">\n<p><span class=\"comment fakecomment-KoLLQKr8PuW5jvaI\">A la diff\u00e9rence d&rsquo;un travail de groupe fond\u00e9 g\u00e9n\u00e9ralement sur la r\u00e9partition des t\u00e2ches, l&rsquo;intelligence collective demande<\/span><i> <\/i><span class=\"comment fakecomment-KoLLQKr8PuW5jvaI\">\u00e0 chacun de contribuer \u00e0 tous les aspects du projet, en interactions constantes et de bien en conna\u00eetre l&rsquo;objectif. En effet, il ne s&rsquo;agit pas l\u00e0 de fractionner le travail en petites t\u00e2ches qui peuvent se r\u00e9aliser ind\u00e9pendamment par n&rsquo;importe quel individu, mais d&rsquo;impliquer un ensemble d&rsquo;individus pour travailler sous forme d&rsquo;un collectif ayant un but commun. Il faut \u00e0 la fois mobiliser en cr\u00e9ant un sentiment d&rsquo;appartenance au projet et \u0153uvrer pour une finalit\u00e9 qui aura \u00e9t\u00e9 clairement d\u00e9finie et \u00e0 laquelle le groupe aura adh\u00e9r\u00e9.<\/span><\/p>\n<\/div>\n<div id=\"magicdomid69\" class=\"ace-line\" aria-live=\"assertive\">\n<p><span class=\"\">Mais tout projet men\u00e9 \u00e0 l&rsquo;aide de l&rsquo;intelligence collective ne serait possible sans comprendre les besoins des usagers, par exemple, pour les UPE2A, les siens et ceux des pairs (chaque projet se situant sur un espace de ressources partag\u00e9 dans le cadre scolaire). Ce sont les besoins qui am\u00e8nent \u00e0 penser les solutions qui permettent d&rsquo;arriver \u00e0 la finalit\u00e9. Si la finalit\u00e9 est large, par exemple, cr\u00e9er un \u00ab\u00a0espace au CDI\u00a0\u00bb correspondant \u00e0 des \u00e9l\u00e8ves ayant un besoin particulier, les besoins la pr\u00e9ciseront par ailleurs : un espace de ressources mais aussi de travail, de d\u00e9tente, etc. La mise en activit\u00e9 des \u00e9l\u00e8ves a donc \u00e9t\u00e9 ais\u00e9e en raison de la facilit\u00e9 des jeunes \u00e0 identifier l&rsquo;objectif qui les concernait et leurs propres besoins.<\/span><\/p>\n<\/div>\n<div id=\"magicdomid71\" class=\"ace-line\" aria-live=\"assertive\">\n<p><span class=\"\">Concernant le projet des Assistants CDI, les \u00e9l\u00e8ves ont r\u00e9alis\u00e9 et d\u00e9pouill\u00e9 une enqu\u00eate statistique compl\u00e8te en interrogeant les parents, les enseignants et les \u00e9l\u00e8ves pour d\u00e9finir les besoins des \u00e9l\u00e8ves pendant les temps hors-cours au coll\u00e8ge. Gr\u00e2ce \u00e0 cela, ils ont identifi\u00e9 5 objectifs, 5 domaines d&rsquo;activit\u00e9s prioritaires \u00e0 d\u00e9velopper sur ces temps libres qui ont guid\u00e9 leurs choix d&rsquo;espaces \u00e0 repenser et de ressources \u00e0 d\u00e9velopper au CDI : \u00ab\u00a0Passer du temps \u00e0 l&rsquo;ext\u00e9rieur \/ D\u00e9velopper le bien-\u00eatre et le calme \/ S&rsquo;amuser et discuter avec ses amis \/ Faire des activit\u00e9s sans \u00e9cran et des activit\u00e9s manuelles \/ Prendre soin de notre corps\u00a0\u00bb.\u00a0<\/span><\/p>\n<\/div>\n<div id=\"magicdomid72\" class=\"ace-line\" aria-live=\"assertive\"><\/div>\n<div id=\"magicdomid73\" class=\"ace-line\" aria-live=\"assertive\">\n<p><span class=\"\">Le r\u00f4le de la professeure documentaliste a principalement \u00e9t\u00e9 de recentrer les \u00e9l\u00e8ves sur ces 5 objectifs pendant les phases suivantes, en leur posant simplement (mais presque syst\u00e9matiquement) la question \u00ab\u00a0est-ce que ce vous proposez r\u00e9pond \u00e0 l&rsquo;un des objectifs que vous avez fix\u00e9s ?\u00a0\u00bb. En effet, avec la libert\u00e9 d&rsquo;action et de parole permises en intelligence collective, les \u00e9l\u00e8ves perdaient parfois ces objectifs de vue, par cons\u00e9quent le risque \u00e9tait de ne plus r\u00e9pondre aux besoins exprim\u00e9s. Cela a confirm\u00e9 la n\u00e9cessit\u00e9 de co-construire la finalit\u00e9 et les objectifs du projet avec tous les participants, et qu&rsquo;ils soient suffisamment clairs et concrets pour chacun.<\/span><\/p>\n<\/div>\n<div id=\"magicdomid75\" class=\"ace-line\" aria-live=\"assertive\">\n<p><span class=\"\">Dans le cadre du projet avec le dispositif relais, les \u00e9l\u00e8ves en d\u00e9crochage scolaire ont une faible estime d&rsquo;eux-m\u00eames. Dans la repr\u00e9sentation initiale, il semblerait que ces \u00e9l\u00e8ves ne se sentent pas l\u00e9gitimes \u00e0 \u0153uvrer pour la communaut\u00e9, et n&rsquo;aient pas connaissance de la diversit\u00e9 des publics en \u00e9tablissement scolaire. Dans le cadre du projet, il a donc \u00e9t\u00e9 indispensable de pr\u00e9senter aux \u00e9l\u00e8ves les diff\u00e9rents types de troubles des apprentissages pouvant conduire au d\u00e9crochage et pouvant diminuer nettement l&rsquo;app\u00e9tence \u00e0 la lecture. Ce temps de r\u00e9flexion et d&rsquo;explication a permis une prise de conscience de la diversit\u00e9 des publics en \u00e9tablissement scolaire. Cela a \u00e9galement \u00e9t\u00e9 une prise de conscience de leurs propres difficult\u00e9s personnelles parfois non identifi\u00e9es, un regard diff\u00e9rent sur leur propre probl\u00e9matique et une implication plus grande des \u00e9l\u00e8ves dans la mise en place d&rsquo;une rem\u00e9diation et d&rsquo;une modernisation.\u00a0<\/span><\/p>\n<\/div>\n<div id=\"magicdomid76\" class=\"ace-line\" aria-live=\"assertive\">\n<p>&nbsp;<\/p>\n<\/div>\n<div id=\"magicdomid77\" class=\"ace-line\" aria-live=\"assertive\">\n<ul class=\"list-bullet1\">\n<li>\n<h4><span class=\"b\"><b>D\u00e9veloppement de l&rsquo;autonomie et de la prise de d\u00e9cision<\/b><\/span><\/h4>\n<\/li>\n<\/ul>\n<\/div>\n<div id=\"magicdomid78\" class=\"ace-line\" aria-live=\"assertive\">\n<p><span class=\"comment fakecomment-5hdYV3P28gM4BycT\">Pens\u00e9 notamment dans le monde des entreprises, l&rsquo;usage de l&rsquo;intelligence collective dans des r\u00e9solutions de probl\u00e8mes vise <\/span><span class=\"comment i fakecomment-5hdYV3P28gM4BycT\"><i>in fine<\/i><\/span><span class=\"comment fakecomment-5hdYV3P28gM4BycT\"> la prise de d\u00e9cision et la mise en autonomie des membres du projet quant \u00e0 l&rsquo;auto-organisation, autant pour gagner en efficacit\u00e9 sur l&rsquo;avanc\u00e9e des t\u00e2ches que pour collectivement \u00ab\u00a0monter en comp\u00e9tences\u00a0\u00bb, selon l&rsquo;expression consacr\u00e9e. Dans le cadre scolaire, ces deux aspects sont aussi importants comme buts que difficiles \u00e0 anticiper.\u00a0 Ainsi, <\/span><span class=\"comment fakecomment-ADA13sXmTfXIdfku\">l<\/span><span class=\"comment fakecomment-5hdYV3P28gM4BycT\">&lsquo;intelligence collective telle que nous l&rsquo;avons exp\u00e9riment\u00e9e n&rsquo;a pas permis une mise en autonomie totale, mais dans certains projets nous avons pu constat\u00e9 une \u00e9volution positive des \u00e9l\u00e8ves dans ce domaine.<\/span><\/p>\n<\/div>\n<div id=\"magicdomid79\" class=\"ace-line\" aria-live=\"assertive\">\n<p><span class=\"\">Au niveau du club Assistants CDI, il a \u00e9t\u00e9 constat\u00e9 une prise de confiance accrue et des initiatives plus affirm\u00e9es chez chaque \u00e9l\u00e8ve au fur et \u00e0 mesure du d\u00e9roulement du projet. Cela est possible si chaque \u00e9l\u00e8ve se sent reconnu et en s\u00e9curit\u00e9 dans le groupe, et c&rsquo;est principalement \u00e0 cela que la professeure documentaliste doit faire attention \u00e0 chaque s\u00e9ance, en particulier au d\u00e9but du projet (en donnant la parole \u00e0 tous, en prenant en compte l&rsquo;avis de chacun, en interdisant jugement et moquerie, en f\u00e9licitant nomm\u00e9ment, en instaurant l&rsquo;esprit d&rsquo;\u00e9quipe&#8230;) : l&rsquo;ambiance de travail qui s&rsquo;instaure lorsque ces deux conditions sont r\u00e9unies est alors une r\u00e9elle dynamique d&rsquo;intelligence collective.<\/span><\/p>\n<\/div>\n<div id=\"magicdomid80\" class=\"ace-line\" aria-live=\"assertive\"><\/div>\n<div id=\"magicdomid81\" class=\"ace-line\" aria-live=\"assertive\">\n<p><span class=\"\">Par contre, si les \u00e9l\u00e8ves \u00e9taient autonomes, cr\u00e9atifs et responsables pour l&rsquo;enqu\u00eate, pour r\u00e9organiser les espaces eux-m\u00eames et pour r\u00e9aliser la signal\u00e9tique et l&rsquo;affichage, la recherche et la s\u00e9lection de nouvelles ressources \u00e0 acqu\u00e9rir se sont av\u00e9r\u00e9es trop compliqu\u00e9es et peu motivantes pour eux, car ils n&rsquo;avaient pas les comp\u00e9tences pour les \u00e9valuer. En effet, ils ne pouvaient pas estimer rapidement et sans aide les crit\u00e8res de qualit\u00e9 scientifique, fiabilit\u00e9 de la source, niveau de langue et de difficult\u00e9 en ad\u00e9quation avec le niveau de tous les coll\u00e9giens, dur\u00e9e ni trop longue ni trop courte, etc. La professeur documentaliste a largement guid\u00e9 cette \u00e9tape. La recherche des ressources existantes sur E-sidoc \u00e0 int\u00e9grer dans leur espace a pu \u00eatre faite <\/span><span class=\"author-a-z70zz76zz90zz84zz72zz78z475ez90zfmz74zz78z2\">dans une plus grande<\/span><span class=\"\"> autonomie, mais elle n&rsquo;a pas suscit\u00e9 le m\u00eame engouement que les autres phases du projet, et a donc \u00e9t\u00e9 nettement moins aboutie.\u00a0<\/span><\/p>\n<\/div>\n<div id=\"magicdomid82\" class=\"ace-line\" aria-live=\"assertive\">\n<p><span class=\"\">Le projet avec la classe relais a lui \u00e9t\u00e9 initi\u00e9 avec une phase de brainstorming pendant lequel les \u00e9l\u00e8ves confrontaient leurs id\u00e9es personnelles en lien avec les probl\u00e9matiques auxquelles ils voulaient rem\u00e9dier. L&rsquo;\u00e9tayage de l&rsquo;adulte se concentrait sur un recadrage quant aux objectifs et aux moyens \u00e0 disposition. Le groupe \u00e9tait grandement impliqu\u00e9 dans la validation des propositions individuelles. Cette \u00e9tape a permis une r\u00e9elle appropriation du projet par les \u00e9l\u00e8ves.<\/span><\/p>\n<\/div>\n<div id=\"magicdomid84\" class=\"ace-line\" aria-live=\"assertive\">\n<p><span class=\"\">Ces modalit\u00e9s de travail (r\u00e9flexion personnelle puis confrontation au groupe) ont \u00e9t\u00e9 reprises lors du choix de la signal\u00e9tique et de l&rsquo;am\u00e9nagement de l&rsquo;espace par th\u00e8mes. Cette ann\u00e9e, il a \u00e9t\u00e9 observ\u00e9 de tr\u00e8s bonnes dynamiques de groupes sur les diff\u00e9rentes sessions, ce qui n&rsquo;est pas toujours le cas.<\/span><\/p>\n<\/div>\n<div id=\"magicdomid85\" class=\"ace-line\" aria-live=\"assertive\">\n<p><span class=\"\">Dans un deuxi\u00e8me temps, le retrait des ouvrages et la lecture des quatri\u00e8mes de couvertures n&rsquo;a pas \u00e9t\u00e9 simple car tr\u00e8s peu d&rsquo;\u00e9l\u00e8ves \u00e9taient lecteurs et cette t\u00e2che \u00e9tait pour eux fastidieuse voire complexe. <\/span><\/p>\n<p><span class=\"\">Cependant, le groupe a fait preuve d&rsquo;une certaine autonomie et collaboration, appuy\u00e9 par une \u00e9l\u00e8ve leader qui a organis\u00e9 avec ses camarades une r\u00e9partition des t\u00e2ches. Tous les \u00e9l\u00e8ves ont \u00e9t\u00e9 un temps actifs \u00e0 tous les postes mais ensuite, ils se sont orient\u00e9s vers une organisation plus efficace : certains lisaient les quatri\u00e8mes de couvertures, d&rsquo;autres cherchaient sur<\/span><span class=\"comment fakecomment-4qRJFZ8DJMtI8EUB\"> le site Babelio le th\u00e8me principal (\u00e0 l&rsquo;aide des mot-cl\u00e9s),<\/span><span class=\"\"> d&rsquo;autres apportaient aux enseignants les ouvrages probl\u00e9matiques (multi-th\u00e8mes) et d&rsquo;autres r\u00e9organisaient les livres sur les \u00e9tag\u00e8res.<\/span><\/p>\n<\/div>\n<div id=\"magicdomid87\" class=\"ace-line\" aria-live=\"assertive\">\n<p><span class=\"\">L&rsquo;autonomie des \u00e9l\u00e8ves a \u00e9t\u00e9 favoris\u00e9e par<\/span><span class=\"comment fakecomment-eYq7O1RjxZbhCgC3\"> un outil de suivi <\/span><span class=\"\">: la constitution d&rsquo;un porte-vues personnel avec la trace d\u00e9taill\u00e9e des r\u00e9flexions et prises de d\u00e9cision. Les \u00e9l\u00e8ves s&rsquo;y r\u00e9f\u00e9raient en d\u00e9but de s\u00e9ance pour reprendre le suivi du projet plus rapidement.<\/span><\/p>\n<\/div>\n<div id=\"magicdomid88\" class=\"ace-line\" aria-live=\"assertive\">\n<p><span class=\"\">Lors de la production des affiches signal\u00e9tiques, chaque \u00e9l\u00e8ve a choisi un th\u00e8me et a effectu\u00e9 son travail en autonomie. Cependant, les choix op\u00e9r\u00e9s \u00e9taient visibles par le groupe, souvent comment\u00e9s et am\u00e9lior\u00e9s, parfois avec intervention des adultes.<\/span><\/p>\n<\/div>\n<div id=\"magicdomid89\" class=\"ace-line\" aria-live=\"assertive\">\n<p><span class=\"\">Enfin, l\u2019\u00e9tiquetage des livres a \u00e9galement \u00e9t\u00e9 effectu\u00e9 en autonomie (t\u00e2che simple). A noter que les \u00e9l\u00e8ves ayant une dyslexie importante peinaient \u00e0 replacer les livres correctement dans les \u00e9tag\u00e8res et l\u00e0 encore, le groupe a naturellement adopt\u00e9 une r\u00e9partition des r\u00f4les lui permettant d&rsquo;\u00eatre plus efficac<\/span><span class=\"comment fakecomment-Yv0UNYcbOccDS4wu\">e.<\/span><\/p>\n<\/div>\n<div id=\"magicdomid90\" class=\"ace-line\" aria-live=\"assertive\">\n<p>&nbsp;<\/p>\n<\/div>\n<div id=\"magicdomid91\" class=\"ace-line\" aria-live=\"assertive\">\n<p><span class=\"\">Les jeunes d&rsquo;UPE2A n&rsquo;ont quant \u00e0 eux pas eu de mal \u00e0 penser la finalit\u00e9 qui les concernait directement, cr\u00e9er un espace pour eux, mais envisager les besoins autres (camarades actuels, promotion future, \u00e9l\u00e8ves qui sont d&rsquo;anciens UEP2A) a n\u00e9cessit\u00e9 le recours \u00e0 un exercice cadr\u00e9 cr\u00e9\u00e9 dans ce but : une fiche de note permettant d&rsquo;analyser si la ressource imprim\u00e9e correspondait \u00e0 un camarade. Analyser le niveau de lecture et l&rsquo;ad\u00e9quation de la ressource face \u00e0 eux a \u00e9t\u00e9 difficile pour ces \u00e9l\u00e8ves qui n&rsquo;ont jamais \u00e9t\u00e9 scolaris\u00e9s avant&#8230;\u00a0 tout comme les \u00e9l\u00e8ves du club \u00ab\u00a0Assistants CDI\u00a0\u00bb ont eu du mal \u00e0 se pencher sur leurs ressources malgr\u00e9 leur habitude de l&rsquo;\u00e9cole et du CDI. Leur r\u00e9flexion a donc d\u00fb \u00eatre guid\u00e9e par l&rsquo;adulte, qui est rest\u00e9 ma\u00eetre de l&rsquo;atelier \u00ab\u00a0ressources\u00a0\u00bb. La mise en autonomie du groupe avec l&rsquo;adulte en retrait, dans le r\u00f4le de simple superviseur et facilitateur, n&rsquo;a pas \u00e9t\u00e9 possible. Pareillement, mettre les \u00e9l\u00e8ves en autonomie lors de l&rsquo;atelier \u00ab\u00a0rep\u00e9rer ce qu&rsquo;il y a au CDI\u00a0\u00bb n&rsquo;aurait pas pu \u00eatre r\u00e9alis\u00e9 en autonomie par les \u00e9l\u00e8ves en raison du manque de mots de vocabulaire ; cet atelier a aussi \u00e9t\u00e9 un moment d&rsquo;apprentissage formel et guid\u00e9 par l&rsquo;adulte.<\/span><\/p>\n<\/div>\n<div id=\"magicdomid92\" class=\"ace-line\" aria-live=\"assertive\">\n<h3><\/h3>\n<\/div>\n<div id=\"magicdomid93\" class=\"ace-line\" aria-live=\"assertive\">\n<ul class=\"list-bullet1\">\n<li>\n<h4><span class=\"comment fakecomment-TBKkvqwAwzpuSqH9\">Qualit\u00e9 des interactions et besoin des autres : <\/span><span class=\"\">avancer ensemble dans l&rsquo;interd\u00e9pendance<\/span><\/h4>\n<\/li>\n<\/ul>\n<\/div>\n<div id=\"magicdomid94\" class=\"ace-line\" aria-live=\"assertive\"><\/div>\n<div id=\"magicdomid95\" class=\"ace-line\" aria-live=\"assertive\"><span class=\"comment fakecomment-B3mowawVSaEswcpq\">L&rsquo;intelligence collective m\u00e8ne \u00e0 une grande interactivit\u00e9, quasi-constante, entre les membres du groupe. Pour avancer ensemble, il faut affronter les obstacles li\u00e9s \u00e0 la communication en g\u00e9n\u00e9ral, obstacles qui sont nombreux notamment \u00e0 l&rsquo;adolescence, p\u00e9riode o\u00f9 l&rsquo;on d\u00e9veloppe ses comp\u00e9tences psycho-sociales. En effet, il faut une qualit\u00e9 d&rsquo;\u00e9coute mais aussi des qualit\u00e9s d&rsquo;argumentation, pour faire ensemble et r\u00e9fl\u00e9chir ensemble et non suivre le mod\u00e8le o\u00f9 une personne (ou un sous-groupe) domine la parole. L&rsquo;intelligence collective am\u00e8ne \u00e0 une interd\u00e9pendance entre les membres, qu&rsquo;il faut r\u00e9ussir \u00e0 g\u00e9rer correctement pour le groupe, pour avancer ensemble. <\/span><span class=\"\">Par ailleurs, si le projet est ambitieux, le choix collectif et la mise en action peuvent devenir des freins en raison du temps que cela prend (particuli\u00e8rement si on vise une long\u00e9vit\u00e9, voire une p\u00e9rennit\u00e9). Cela concerne les jeunes et les adultes. Il est en effet tr\u00e8s compliqu\u00e9 de maintenir une motivation suffisante sur le long terme.<\/span><\/div>\n<div aria-live=\"assertive\"><\/div>\n<div id=\"magicdomid97\" class=\"ace-line\" aria-live=\"assertive\"><span class=\"\">Ainsi, une des difficult\u00e9s pour le projet impliquant les UPE2A s&rsquo;est trouv\u00e9e dans la gestion des \u00e9motions : au moment du vote pour choisir le nom de l&rsquo;espace, une tension s&rsquo;est cr\u00e9\u00e9e. Concevoir et am\u00e9liorer les propositions de noms par groupe a \u00e9t\u00e9 simple et les groupes \u00e9taient enthousiastes, mais le passage (entre deux noms assez proches) au vote a probablement \u00e9t\u00e9 vu comme un concours de popularit\u00e9. Les enseignants ont d\u00fb r\u00e9guler l&rsquo;aspect d\u00e9mocratique en g\u00e9rant l\u2019abstention, le d\u00e9bat et la remise au vote pour obtenir une majorit\u00e9 apais\u00e9e sous peine de voir le conflit s&rsquo;enliser et n&rsquo;aboutir \u00e0 aucune d\u00e9cision.<\/span><\/div>\n<div id=\"magicdomid98\" class=\"ace-line\" aria-live=\"assertive\"><\/div>\n<div id=\"magicdomid99\" class=\"ace-line\" aria-live=\"assertive\"><span class=\"\">Du c\u00f4t\u00e9 des quatre sessions de classes relais ayant investi le projet, celles-ci pr\u00e9sentaient des conditions particuli\u00e8rement\u00a0 favorables au travail collaboratif de part la relation positive entre les \u00e9l\u00e8ves.<\/span><\/div>\n<div id=\"magicdomid100\" class=\"ace-line\" aria-live=\"assertive\"><span class=\"\">Les phases de r\u00e9flexion collective ont toujours \u00e9t\u00e9 riches car accessibles \u00e0 tous (choix des ic\u00f4nes, des mots cl\u00e9s de recherche&#8230;) et ont peu impliqu\u00e9 les adultes.\u00a0<\/span><\/div>\n<div id=\"magicdomid101\" class=\"ace-line\" aria-live=\"assertive\"><span class=\"\">N\u00e9anmoins, la manutention n\u00e9cessaire \u00e0 la r\u00e9organisation du CDI avait \u00e9t\u00e9 sous-estim\u00e9e et apr\u00e8s un enthousiasme initial important, la redondance des s\u00e9ances a pu lasser certains \u00e9l\u00e8ves.\u00a0<\/span><\/div>\n<div id=\"magicdomid258\" class=\"ace-line\" aria-live=\"assertive\"><span class=\"\">Un \u00e9l\u00e8ve du groupe a soulign\u00e9 une erreur strat\u00e9gique quant \u00e0 l&rsquo;organisation des t\u00e2ches ; erreur qui, par l&rsquo;utilisation du CDI par les autres \u00e9l\u00e8ves du coll\u00e8ge, <\/span><span class=\"comment fakecomment-ZviXiv8tHgxtP3RO\">a retard\u00e9 le travail du groupe. Cette difficult\u00e9 a \u00e9t\u00e9 soulign\u00e9e et rem\u00e9di\u00e9e <\/span><span class=\"author-a-z66zm8z65zz80zaa4agmz79z6ag2 comment fakecomment-ZviXiv8tHgxtP3RO\">gr\u00e2ce \u00e0 <\/span><span class=\"comment fakecomment-ZviXiv8tHgxtP3RO\">l&rsquo;avanc\u00e9e de l&rsquo;\u00e9tiquetage des ouvrages et la pose de la signal\u00e9tique.<\/span><\/div>\n<div id=\"magicdomid103\" class=\"ace-line\" aria-live=\"assertive\"><span class=\"\">Durant tout le projet, les \u00e9l\u00e8ves ont interagi \u00e0 chaque s\u00e9ance : bin\u00f4mes de classement \/ \u00e9tiquetage, entraide pour la production des affiches, tutorat observ\u00e9 sur le classement alphab\u00e9tique.<\/span><\/div>\n<div id=\"magicdomid104\" class=\"ace-line\" aria-live=\"assertive\"><span class=\"\">Les \u00e9l\u00e8ves n&rsquo;\u00e9taient pas toujours les m\u00eames d&rsquo;une session \u00e0 l&rsquo;autre ce qui n\u00e9cessitait une pr\u00e9sentation de nos objectifs et actions \u00e0 chaque retour de vacances. Les \u00e9l\u00e8ves les plus anciens prenaient un peu le leadership du groupe durant cette premi\u00e8re phase mais les nouveaux \u00e9taient rapidement int\u00e9gr\u00e9s. Malheureusement ils n&rsquo;avaient pu assister \u00e0 l&rsquo;int\u00e9gralit\u00e9 du processus r\u00e9flexif et travailler autant de comp\u00e9tences que les camarades plus anciens.<\/span><\/div>\n<div id=\"magicdomid105\" class=\"ace-line\" aria-live=\"assertive\"><\/div>\n<div id=\"magicdomid106\" class=\"ace-line\" aria-live=\"assertive\"><span class=\"\">Enfin, en ce qui concerne les Assistants CDI, la composition du groupe (une dizaine d&rsquo;\u00e9l\u00e8ves volontaires de tous niveaux) a permis de travailler facilement en intelligence collective, car il n&rsquo;\u00e9tait pas n\u00e9cessaire de cadrer fortement les discussions collectives qui restaient tr\u00e8s efficaces et bienveillantes. Les \u00e9l\u00e8ves sont rest\u00e9s motiv\u00e9s par le projet. Cependant, il est important d\u2019organiser des modalit\u00e9s qui permettent aux \u00e9l\u00e8ves de visualiser r\u00e9guli\u00e8rement les avanc\u00e9es du projet et de varier les activit\u00e9s. Ces deux aspects sont essentiels pour maintenir la motivation du groupe (malgr\u00e9 cela, nous avons eu deux d\u00e9sinscriptions en cours d\u2019ann\u00e9e, ces \u00e9l\u00e8ves trouvant le projet trop long). L&rsquo;enthousiasme du groupe semble \u00eatre essentiel pour travailler en intelligence collective, car la qualit\u00e9 du r\u00e9sultat d\u00e9pend fortement de la qualit\u00e9 des interactions, qui comprennent notamment des phases d&rsquo;\u00e9changes libres et informels. Si l&rsquo;implication volontaire dans la t\u00e2che diminue voire dispara\u00eet, il serait sans doute n\u00e9cessaire de cadrer plus strictement les activit\u00e9s et les discussions, et donc de renoncer \u00e0 une partie des principes sous-jacents de cette d\u00e9marche.\u00a0<\/span><\/div>\n<div id=\"magicdomid107\" class=\"ace-line\" aria-live=\"assertive\"><span class=\"\">La th\u00e9matique de la r\u00e9organisation des espaces du CDI (ou de l&rsquo;\u00e9tablissement) se pr\u00eate tr\u00e8s bien aux modalit\u00e9s de travail de type Design Thinking et intelligence collective. D&rsquo;une part, elle permet de se questionner sur des \u00e9l\u00e9ments tr\u00e8s concrets du quotidien des \u00e9l\u00e8ves, et d&rsquo;autre part elle propose au groupe de penser en terme de Bien Commun, avec l&rsquo;id\u00e9e r\u00e9guli\u00e8rement r\u00e9p\u00e9t\u00e9e pendant les s\u00e9ances que \u00ab\u00a0l&rsquo;on r\u00e9fl\u00e9chit et on travaille pour tout le monde\u00a0\u00bb. L&rsquo;enqu\u00eate adress\u00e9e \u00e0 un nombre important de r\u00e9pondants a permis aux Assistants CDI de prendre en compte les priorit\u00e9s de la grande majorit\u00e9 de la communaut\u00e9 \u00e9ducative, et de proposer \u00e9galement de nombreuses am\u00e9liorations pour d&rsquo;autres espaces et temps que le seul CDI.<\/span><\/div>\n<div id=\"magicdomid108\" class=\"ace-line\" aria-live=\"assertive\"><\/div>\n<div id=\"magicdomid110\" class=\"ace-line\" aria-live=\"assertive\">\n<h2><span class=\"\">Les ressources num\u00e9riques sonores au CDI : questions ouvertes.\u00a0<\/span><\/h2>\n<\/div>\n<div id=\"magicdomid111\" class=\"ace-line\" aria-live=\"assertive\"><\/div>\n<div id=\"magicdomid112\" class=\"ace-line\" aria-live=\"assertive\">\n<ul class=\"list-bullet1\">\n<li>\n<h4><span class=\"\">La question du livre audio dans les CDI :<\/span><\/h4>\n<\/li>\n<\/ul>\n<\/div>\n<div id=\"magicdomid113\" class=\"ace-line\" aria-live=\"assertive\"><\/div>\n<div id=\"magicdomid114\" class=\"ace-line\" aria-live=\"assertive\"><span class=\"\">Dans le num\u00e9ro 179 de la revue <\/span><span class=\"i\"><i>Lecture Jeune <\/i><\/span><span class=\"\">publi\u00e9 en Septembre 2021 et qui s&rsquo;intitule<\/span><span class=\"i\"><i> Lire sans livres <\/i><\/span><span class=\"\">(<\/span><span class=\" url\"><a href=\"https:\/\/www.lecturejeunesse.org\/product\/lire-sans-livresn179-septembre-2021\/\" target=\"_blank\" rel=\"noreferrer noopener\">https:\/\/www.lecturejeunesse.org\/product\/lire-sans-livresn179-septembre-2021\/<\/a><\/span><span class=\"\">), deux articles nous rappellent que la pr\u00e9sence du livre audio dans les biblioth\u00e8ques et CDI n&rsquo;est en rien nouvelle. Cette pratique n&rsquo;est pour autant pas encore largement d\u00e9velopp\u00e9e dans le milieu scolaire. Nous pensons que des \u00e9l\u00e9ments pourraient s&rsquo;av\u00e9rer bloquants pour certains. D&rsquo;une part, la mise \u00e0 disposition de ressources audio pose des questions juridiques li\u00e9es \u00e0 la propri\u00e9t\u00e9 intellectuelle et au droit de pr\u00eat, voire li\u00e9es au respect du RPGD lorsqu&rsquo;il s&rsquo;agit d&rsquo;en faire produire par les \u00e9l\u00e8ves. Des questions juridiques se posent aussi m\u00eame si l&rsquo;on veut contourner ces difficult\u00e9s avec des voix g\u00e9n\u00e9r\u00e9es par des IA qui liraient un texte du domaine public plut\u00f4t qu&rsquo;une voix d&rsquo;\u00e9l\u00e8ve, par exemple. D&rsquo;autre part, le mat\u00e9riel n\u00e9cessaire demande un investissement financier (syst\u00e8me d&rsquo;\u00e9coute tel lecteur CD pour les livres audio ou tablette mise \u00e0 disposition pour \u00e9couter au CDI ; mat\u00e9riel d&rsquo;enregistrement pour cr\u00e9er&#8230;) et en temps quant \u00e0 la formation des personnels (outils, techniques&#8230;), sans oublier l&rsquo;adh\u00e9sion de la communaut\u00e9 \u00e9ducative pour des projets visant la p\u00e9rennit\u00e9, par exemple pour la constitution d&rsquo;une biblioth\u00e8que sonore au fil des ans, car cela n\u00e9cessite un important investissement p\u00e9dagogique.<\/span><\/div>\n<div id=\"magicdomid115\" class=\"ace-line\" aria-live=\"assertive\"><\/div>\n<div id=\"magicdomid1858\" class=\"ace-line\" aria-live=\"assertive\">\n<div id=\"magicdomid1958\" class=\"ace-line\" aria-live=\"assertive\"><span class=\"\">Pour autant,<\/span><a href=\"https:\/\/journals.sagepub.com\/doi\/full\/10.1177\/2158244016669550?__cf_chl_tk=yg9jKzZfjEjhUA5pMldQ37J9wqPqOOCgW6pQgDNbb24-1716988455-0.0.1.1-1663\" target=\"_blank\" rel=\"noopener\"><span class=\"author-a-z66zm8z65zz80zaa4agmz79z6ag2\"> une professeure de l\u2019universit\u00e9 de Pennsylvanie <\/span><\/a><span class=\"author-a-z66zm8z65zz80zaa4agmz79z6ag2\">a \u00e9tudi\u00e9 le niveau de compr\u00e9hension entre les lecteurs de livres papier et les auditeurs de livres audio : elle a r\u00e9v\u00e9l\u00e9 que la compr\u00e9hension \u00e9tait la m\u00eame que l\u2019on \u00e9coute un livre audio ou qu\u2019on lise au format papier. Par ailleurs, <a href=\"https:\/\/www.telegraph.co.uk\/science\/2019\/08\/19\/end-audiobook-snobbery-scientists-find-hearing-listening-activates\/\" target=\"_blank\" rel=\"noopener\">les scientifiques sp\u00e9cialis\u00e9s en neurologie<\/a> ont d\u00e9montr\u00e9 que les mots, lus ou entendus, stimulent les m\u00eames parties cognitives du cerveau<\/span><span class=\"author-a-z66zm8z65zz80zaa4agmz79z6ag2\">.\u00a0<\/span><\/div>\n<div id=\"magicdomid1962\" class=\"ace-line\" aria-live=\"assertive\"><span class=\"author-a-z66zm8z65zz80zaa4agmz79z6ag2\">Le passage par la lecture audio permet d&rsquo;enrichir ce que l&rsquo;on nomme \u00ab\u00a0l&rsquo;exp\u00e9rience de lecteur.\u00a0\u00bb Le droit de ne pas lire est le premier que Daniel Pennac reconna\u00eet au lecteur. L&rsquo;exp\u00e9rience litt\u00e9raire n&rsquo;est pas qu&rsquo;une exp\u00e9rience de papier, il s&rsquo;agit \u00e9galement d&rsquo;une exp\u00e9rience \u00e9motionnelle, d&rsquo;une exp\u00e9rience de pens\u00e9e, et d&rsquo;une exp\u00e9rience de partage social. En prenant en charge le d\u00e9chiffrement et la compr\u00e9hension, elle lib\u00e8re l\u2019esprit de l\u2019auditeur pour la construction du sens. Pour les non lecteurs, se d\u00e9gager de la difficile t\u00e2che, de d\u00e9chiffrer le texte pour acc\u00e9der directement \u00e0 la visualisation mentale de l&rsquo;histoire, \u00e0 la compr\u00e9hension et l&rsquo;enrichissement du vocabulaire permet d&rsquo;acc\u00e9der au plaisir de la d\u00e9couverte de la litt\u00e9rature.\u00a0<\/span><\/div>\n<div id=\"magicdomid1980\" class=\"ace-line\" aria-live=\"assertive\"><span class=\"author-a-z66zm8z65zz80zaa4agmz79z6ag2\">Cl\u00e9mentine Beauvais<\/span><span class=\"author-a-z72z89brz71zpz74z2z79za4mz89z75\">,<\/span><span class=\"author-a-z66zm8z65zz80zaa4agmz79z6ag2\"> dans le discours pour lancement de la 12\u00e8me \u00e9dition des Petits Champions de la lecture<\/span><span class=\"author-a-z72z89brz71zpz74z2z79za4mz89z75\">,<\/span><span class=\"author-a-z66zm8z65zz80zaa4agmz79z6ag2\"> parle<\/span><span class=\"author-a-z72z89brz71zpz74z2z79za4mz89z75\"> d&rsquo;ailleurs<\/span><span class=\"author-a-z66zm8z65zz80zaa4agmz79z6ag2\"> d&rsquo;alphab\u00e9tisation orale ou de litt\u00e9ratie de l&rsquo;oreille (<\/span><span class=\"author-a-z66zm8z65zz80zaa4agmz79z6ag2 i\"><i>oracy<\/i><\/span><span class=\"author-a-z66zm8z65zz80zaa4agmz79z6ag2\"> en anglais) qui permet de faire sens de ce qu<\/span><span class=\"author-a-z72z89brz71zpz74z2z79za4mz89z75\">e l<\/span><span class=\"author-a-z66zm8z65zz80zaa4agmz79z6ag2\">&lsquo;on \u00e9coute, et<\/span><span class=\"author-a-z72z89brz71zpz74z2z79za4mz89z75\"> de<\/span><span class=\"author-a-z66zm8z65zz80zaa4agmz79z6ag2\"> vivre pleinement ce partage car \u00ab\u00a0lire \u00e0 voix haute c&rsquo;est ajouter un toi entre le texte et moi\u00a0\u00bb (<\/span><span class=\"author-a-z66zm8z65zz80zaa4agmz79z6ag2 url\"><a href=\"https:\/\/youtu.be\/1KwtZFcW8P8?si=U1HR-kYIDKTonhJy\" target=\"_blank\" rel=\"noreferrer noopener\">https:\/\/youtu.be\/1KwtZFcW8P8?si=U1HR-kYIDKTonhJy<\/a><\/span><span class=\"author-a-z66zm8z65zz80zaa4agmz79z6ag2\">).\u00a0<\/span><\/div>\n<\/div>\n<div id=\"magicdomid1296\" class=\"ace-line\" aria-live=\"assertive\"><\/div>\n<div id=\"magicdomid1295\" class=\"ace-line\" aria-live=\"assertive\"><\/div>\n<div id=\"magicdomid1291\" class=\"ace-line\" aria-live=\"assertive\">\n<ul class=\"list-bullet1\">\n<li>\n<h4><span class=\"b\"><b>Cr\u00e9er des ressources audio avec les \u00e9l\u00e8ves\u00a0<\/b><\/span><\/h4>\n<\/li>\n<\/ul>\n<\/div>\n<div id=\"magicdomid120\" class=\"ace-line\" aria-live=\"assertive\"><\/div>\n<div id=\"magicdomid121\" class=\"ace-line\" aria-live=\"assertive\"><span class=\"comment fakecomment-nSJfjzrKVL3EWeC8\">Nous nous sommes \u00e9galement pos\u00e9 la question de sa pertinence et de la place \u00e0 lui accorder au sein de nos projets p\u00e9dagogiques. Cr\u00e9er des livres audio ou des podcasts permet de d\u00e9velopper les comp\u00e9tences num\u00e9riques des \u00e9l\u00e8ves ou encore en litt\u00e9ratie, mais \u00e9galement des comp\u00e9tences li\u00e9es \u00e0 l&rsquo;oral et des connaissances en arts et culture g\u00e9n\u00e9rale. C&rsquo;est en effet un vecteur de motivation, notamment pour des jeunes parfois \u00e9loign\u00e9s ou carr\u00e9ment en rupture avec la lecture de textes imprim\u00e9s, voire un pont vers cette lecture fortement mise en avant dans la scolarit\u00e9. <\/span><span class=\"\">La pratique de l&rsquo;oral est essentielle au cours de la scolarit\u00e9 : travail de l&rsquo;\u00e9loquence au coll\u00e8ge, \u00e9preuves orales aux examens, comp\u00e9tences num\u00e9riques quant \u00e0 la cr\u00e9ation et la diffusion de ressources dans le cadre du CRCN (domaine 3 : cr\u00e9ation de contenus). En outre, passer par l&rsquo;oral peut permettre une revalorisation de la culture et un travail autour de l&rsquo;\u00e9crit : lecture d&rsquo;extraits de textes ou cr\u00e9ation de podcasts n\u00e9cessitent syst\u00e9matiquement un retour \u00e0 l&rsquo;\u00e9crit tout en stimulant l\u2019int\u00e9r\u00eat de nos \u00e9l\u00e8ves pour la publication et la mise en sc\u00e8ne.\u00a0<\/span><\/div>\n<div id=\"magicdomid122\" class=\"ace-line\" aria-live=\"assertive\"><\/div>\n<div id=\"magicdomid123\" class=\"ace-line\" aria-live=\"assertive\"><\/div>\n<div id=\"magicdomid124\" class=\"ace-line\" aria-live=\"assertive\">\n<ul class=\"list-bullet1\">\n<li>\n<h4><span class=\"b\"><b>Les autres types de ressources audio<\/b><\/span><\/h4>\n<\/li>\n<\/ul>\n<\/div>\n<div id=\"magicdomid125\" class=\"ace-line\" aria-live=\"assertive\"><span class=\"\">Lors de nos projets respectifs, nous avons \u00e9galement chacune \u00e9t\u00e9 amen\u00e9es \u00e0 r\u00e9fl\u00e9chir \u00e0 la place de l&rsquo;audio dans nos pratiques professionnelles : tant pour la cr\u00e9ation de contenus que pour la publication, l&rsquo;h\u00e9bergement et la mise \u00e0 disposition du contenu en ligne, sur E-sidoc par exemple. La question s&rsquo;est \u00e9largie aux autres types de ressources audio \u00e0 mettre \u00e0 disposition au CDI, en particulier<\/span><b> <\/b><span class=\"\">les<\/span><span class=\"b\"><b> podcasts,<\/b><\/span><span class=\"\"> mais \u00e9galement l&rsquo;acc\u00e8s aux<\/span><span class=\"b\"><b> m\u00e9dias radiophoniques,<\/b><\/span><span class=\"\"> les ressources cr\u00e9\u00e9es par nos \u00e9l\u00e8ves de type \u00e9missions de<\/span><span class=\"b\"><b> webradio scolaires, <\/b><\/span><span class=\"\">ou des ressources visant le bien-\u00eatre des \u00e9l\u00e8ves tels que<\/span><span class=\"b\"><b> les bruits blancs, l&rsquo;ASMR, les musiques ou les relaxations guid\u00e9es.<\/b><\/span><\/div>\n<div id=\"magicdomid126\" class=\"ace-line\" aria-live=\"assertive\"><\/div>\n<div id=\"magicdomid127\" class=\"ace-line\" aria-live=\"assertive\"><span class=\"b i u\">Les usages des ressources sonores en dehors de l&rsquo;\u00e9cole se d\u00e9veloppent de plus en plus dans toute la soci\u00e9t\u00e9, via le smartphone. <\/span><span class=\"\">Pour autant, l&rsquo;attrait vers les quelques ressources audio dans nos CDI n&rsquo;est pas inn\u00e9 pour la plupart de nos \u00e9l\u00e8ves, pass\u00e9e la s\u00e9duction de la nouveaut\u00e9. Tout comme pour les autres ressources du CDI, il est indispensable de penser leur visibilit\u00e9 et de faciliter leur acc\u00e8s, ainsi que d&rsquo;inventer r\u00e9guli\u00e8rement de nouvelles formes de m\u00e9diation pour inciter les \u00e9l\u00e8ves \u00e0 les consulter et se les approprier.\u00a0<\/span><\/div>\n<div id=\"magicdomid129\" class=\"ace-line\" aria-live=\"assertive\"><span class=\"\">\u00a0<\/span><\/div>\n<div id=\"magicdomid130\" class=\"ace-line\" aria-live=\"assertive\"><span class=\"\">\u00a0Seule une d\u00e9cision coll\u00e9giale permettra, apr\u00e8s une enqu\u00eate aupr\u00e8s des \u00e9l\u00e8ves notamment, de situer la place de la ressource sonore au sein des apprentissages et des ressources mises \u00e0 disposition dans le cadre de la politique documentaire de l&rsquo;\u00e9tablissement, car la question d\u00e9passe le professeur documentaliste pour englober la communaut\u00e9 p\u00e9dagogique dans son ensemble. Les professeurs documentalistes, sp\u00e9cialistes de l&rsquo;information et de la communication peuvent n\u00e9anmoins \u00eatre des acteurs cl\u00e9s de cette \u00e9volution, notamment dans le cadre de la mise en place des heures d&rsquo;EMI au coll\u00e8ge, toujours en lien avec les coll\u00e8gues enseignants disciplinaires.\u00a0<\/span><\/div>\n<div id=\"magicdomid131\" class=\"ace-line\" aria-live=\"assertive\"><\/div>\n<div id=\"magicdomid132\" class=\"ace-line\" aria-live=\"assertive\"><span class=\"\">Nous gardons ainsi de nos projets ces questionnements professionnels que nous tenterons d&rsquo;explorer dans nos pratiques futures, pour faire de l&rsquo;\u00e9cole en g\u00e9n\u00e9ral un monde plus poreux entre les pratiques personnelles des jeunes et les pratiques demand\u00e9es par l&rsquo;institution, et pour favoriser l&rsquo;ouverture culturelle des \u00e9l\u00e8ves :\u00a0<\/span><\/div>\n<div id=\"magicdomid133\" class=\"ace-line\" aria-live=\"assertive\"><span class=\"b\"><b>Comment favoriser l&rsquo;usage et la cr\u00e9ation de ressources audio<\/b><\/span><b><i> <\/i><\/b><span class=\"b\"><b>au sein des enseignements avec les coll\u00e8gues de son \u00e9tablissement scolaire ? Comment int\u00e9grer efficacement les ressources audio au sein du CDI (l\u00e9gislation, s\u00e9lection, mise \u00e0 disposition, m\u00e9diation et valorisation&#8230;) ?<\/b><\/span><\/div>\n<div id=\"magicdomid134\" class=\"ace-line\" aria-live=\"assertive\"><\/div>\n<div id=\"magicdomid135\" class=\"ace-line\" aria-live=\"assertive\"><span class=\"\">Et plus largement, comment travailler en intelligence collective au sein de la communaut\u00e9 \u00e9ducative pour \u00e9laborer ensemble l&rsquo;int\u00e9gralit\u00e9 de la politique documentaire de l&rsquo;\u00e9tablissement scolaire ?<\/span><\/div>\n<div id=\"magicdomid136\" class=\"ace-line\" aria-live=\"assertive\"><\/div>\n<div id=\"magicdomid137\" class=\"ace-line\" aria-live=\"assertive\"><\/div>\n<div id=\"magicdomid138\" class=\"ace-line\" aria-live=\"assertive\"><\/div>\n<div id=\"magicdomid139\" class=\"ace-line\" aria-live=\"assertive\"><\/div>\n<div id=\"magicdomid140\" class=\"ace-line\" aria-live=\"assertive\"><\/div>\n<\/div>\n<div id=\"magicdomid136\" class=\"ace-line\" aria-live=\"assertive\"><\/div>\n<div id=\"magicdomid137\" class=\"ace-line\" aria-live=\"assertive\"><\/div>\n<div id=\"magicdomid138\" class=\"ace-line\" aria-live=\"assertive\"><\/div>\n<div id=\"magicdomid139\" class=\"ace-line\" aria-live=\"assertive\"><\/div>\n<div id=\"magicdomid140\" class=\"ace-line\" aria-live=\"assertive\"><\/div>\n","protected":false},"excerpt":{"rendered":"<p>Cet article collaboratif a \u00e9t\u00e9 r\u00e9dig\u00e9 dans le cadre des TraAM Documentation 2023-2024 par : Cassandra Buigues, professeure documentaliste au Coll\u00e8ge et Lyc\u00e9e International de Valbonne, acad\u00e9mie de Nice G\u00e9raldine Rouard, professeure documentaliste au Coll\u00e8ge Sidney Bechet d&rsquo;Antibes, acad\u00e9mie de Nice Sonia Duflos, professeure de la classe relais du Coll\u00e8ge [&hellip;]<\/p>\n","protected":false},"author":290,"featured_media":4025,"comment_status":"closed","ping_status":"closed","sticky":false,"template":"","format":"standard","meta":{"ngg_post_thumbnail":0,"footnotes":""},"categories":[61,9],"tags":[],"class_list":["post-4152","post","type-post","status-publish","format-standard","has-post-thumbnail","hentry","category-amenager-son-cdi","category-traam-documentation"],"rttpg_featured_image_url":{"full":["https:\/\/www.pedagogie.ac-nice.fr\/doc-azur\/wp-content\/uploads\/sites\/40\/2024\/05\/04-manutention.jpg",2048,1536,false],"landscape":["https:\/\/www.pedagogie.ac-nice.fr\/doc-azur\/wp-content\/uploads\/sites\/40\/2024\/05\/04-manutention.jpg",2048,1536,false],"portraits":["https:\/\/www.pedagogie.ac-nice.fr\/doc-azur\/wp-content\/uploads\/sites\/40\/2024\/05\/04-manutention.jpg",2048,1536,false],"thumbnail":["https:\/\/www.pedagogie.ac-nice.fr\/doc-azur\/wp-content\/uploads\/sites\/40\/2024\/05\/04-manutention-150x150.jpg",150,150,true],"medium":["https:\/\/www.pedagogie.ac-nice.fr\/doc-azur\/wp-content\/uploads\/sites\/40\/2024\/05\/04-manutention-300x225.jpg",300,225,true],"large":["https:\/\/www.pedagogie.ac-nice.fr\/doc-azur\/wp-content\/uploads\/sites\/40\/2024\/05\/04-manutention-1024x768.jpg",750,563,true],"1536x1536":["https:\/\/www.pedagogie.ac-nice.fr\/doc-azur\/wp-content\/uploads\/sites\/40\/2024\/05\/04-manutention-1536x1152.jpg",1536,1152,true],"2048x2048":["https:\/\/www.pedagogie.ac-nice.fr\/doc-azur\/wp-content\/uploads\/sites\/40\/2024\/05\/04-manutention.jpg",2048,1536,false],"hestia-blog":["https:\/\/www.pedagogie.ac-nice.fr\/doc-azur\/wp-content\/uploads\/sites\/40\/2024\/05\/04-manutention.jpg",320,240,false],"advps-thumb-one":["https:\/\/www.pedagogie.ac-nice.fr\/doc-azur\/wp-content\/uploads\/sites\/40\/2024\/05\/04-manutention-600x220.jpg",600,220,true]},"rttpg_author":{"display_name":"G\u00e9raldine Rouard","author_link":"https:\/\/www.pedagogie.ac-nice.fr\/doc-azur\/author\/traam03\/"},"rttpg_comment":0,"rttpg_category":"<a href=\"https:\/\/www.pedagogie.ac-nice.fr\/doc-azur\/category\/amenager-son-cdi\/\" rel=\"category tag\">Am\u00e9nager son CDI<\/a> <a href=\"https:\/\/www.pedagogie.ac-nice.fr\/doc-azur\/category\/traam-documentation\/\" rel=\"category tag\">TraAM Documentation<\/a>","rttpg_excerpt":"Cet article collaboratif a \u00e9t\u00e9 r\u00e9dig\u00e9 dans le cadre des TraAM Documentation 2023-2024 par : Cassandra Buigues, professeure documentaliste au Coll\u00e8ge et Lyc\u00e9e International de Valbonne, acad\u00e9mie de Nice G\u00e9raldine Rouard, professeure documentaliste au Coll\u00e8ge Sidney Bechet d&rsquo;Antibes, acad\u00e9mie de Nice Sonia Duflos, professeure de la classe relais du Coll\u00e8ge [&hellip;]","post_mailing_queue_ids":[],"_links":{"self":[{"href":"https:\/\/www.pedagogie.ac-nice.fr\/doc-azur\/wp-json\/wp\/v2\/posts\/4152","targetHints":{"allow":["GET"]}}],"collection":[{"href":"https:\/\/www.pedagogie.ac-nice.fr\/doc-azur\/wp-json\/wp\/v2\/posts"}],"about":[{"href":"https:\/\/www.pedagogie.ac-nice.fr\/doc-azur\/wp-json\/wp\/v2\/types\/post"}],"author":[{"embeddable":true,"href":"https:\/\/www.pedagogie.ac-nice.fr\/doc-azur\/wp-json\/wp\/v2\/users\/290"}],"replies":[{"embeddable":true,"href":"https:\/\/www.pedagogie.ac-nice.fr\/doc-azur\/wp-json\/wp\/v2\/comments?post=4152"}],"version-history":[{"count":8,"href":"https:\/\/www.pedagogie.ac-nice.fr\/doc-azur\/wp-json\/wp\/v2\/posts\/4152\/revisions"}],"predecessor-version":[{"id":4422,"href":"https:\/\/www.pedagogie.ac-nice.fr\/doc-azur\/wp-json\/wp\/v2\/posts\/4152\/revisions\/4422"}],"wp:featuredmedia":[{"embeddable":true,"href":"https:\/\/www.pedagogie.ac-nice.fr\/doc-azur\/wp-json\/wp\/v2\/media\/4025"}],"wp:attachment":[{"href":"https:\/\/www.pedagogie.ac-nice.fr\/doc-azur\/wp-json\/wp\/v2\/media?parent=4152"}],"wp:term":[{"taxonomy":"category","embeddable":true,"href":"https:\/\/www.pedagogie.ac-nice.fr\/doc-azur\/wp-json\/wp\/v2\/categories?post=4152"},{"taxonomy":"post_tag","embeddable":true,"href":"https:\/\/www.pedagogie.ac-nice.fr\/doc-azur\/wp-json\/wp\/v2\/tags?post=4152"}],"curies":[{"name":"wp","href":"https:\/\/api.w.org\/{rel}","templated":true}]}}