{"id":421,"date":"2020-07-19T14:14:18","date_gmt":"2020-07-19T12:14:18","guid":{"rendered":"http:\/\/www.pedagogie.ac-nice.fr\/doc-azur\/?p=421"},"modified":"2020-07-19T14:14:18","modified_gmt":"2020-07-19T12:14:18","slug":"usages-dinternet-et-identite-numerique","status":"publish","type":"post","link":"https:\/\/www.pedagogie.ac-nice.fr\/doc-azur\/2020\/07\/19\/usages-dinternet-et-identite-numerique\/","title":{"rendered":"Usages d&rsquo;internet et identit\u00e9 num\u00e9rique"},"content":{"rendered":"<div>\n<p><strong>Suite \u00e0 une r\u00e9flexion men\u00e9e en technologie avec les classes de 3\u00e8me sur les traces laiss\u00e9es par la navigation sur internet et les cons\u00e9quences des publications des utilisateurs des r\u00e9seaux sociaux, un travail de r\u00e9flexion sur les usages du web est men\u00e9 au CDI.<\/strong><\/p>\n<h3 class=\"spip\">La s\u00e9quence<\/h3>\n<div><\/div>\n<div><strong>Point de d\u00e9part :<\/strong> Film vu en technologie et d\u00e9bat sur les traces laiss\u00e9es sur internet.<\/div>\n<div><\/div>\n<div><strong>Objectifs :<\/strong> socle domaine 2<\/div>\n<div>Faire prendre conscience aux \u00e9l\u00e8ves de leur pr\u00e9sence sur le Net (identit\u00e9 num\u00e9rique)<br \/>\nApprendre aux \u00e9l\u00e8ves \u00e0 utiliser avec discernement les outils num\u00e9riques de communication et d&rsquo;information utilis\u00e9s au quotidien<br \/>\nD\u00e9velopper chez les \u00e9l\u00e8ves une culture num\u00e9rique<br \/>\nUtiliser des outils et ressources num\u00e9riques pour travailler en collaboration et acqu\u00e9rir des connaissances<\/div>\n<div><\/div>\n<div><strong>Comp\u00e9tences travaill\u00e9es :<\/strong><br \/>\nUtiliser un espace collaboratif : mur stoodle<br \/>\nR\u00e9aliser une carte mentale: r\u00e9flexion collective et \u00e9laboration sur Xmind<br \/>\nMener une d\u00e9marche de recherche documentaire<br \/>\nSynth\u00e9tiser pour communiquer efficacement une information<br \/>\nMobiliser diff\u00e9rents outils num\u00e9riques pour cr\u00e9er un document personnel de son choix (traitement de texte, diaporama, vid\u00e9o&#8230;)<\/div>\n<div>Ressources pour les recherches: magazines du CDI et articles en ligne<\/div>\n<div><\/div>\n<div><strong>Production finale :<\/strong> Chaque \u00e9l\u00e8ve ou groupe d&rsquo;\u00e9l\u00e8ves produit un document num\u00e9rique de son choix: diapositives, texte illustr\u00e9, vid\u00e9o&#8230;<\/div>\n<div><\/div>\n<div><strong>Prolongement :<\/strong> Les productions de bonne qualit\u00e9 peuvent \u00eatre rassembl\u00e9es gr\u00e2ce \u00e0 Prezi, et d\u00e9pos\u00e9es sur l&rsquo;ENT, sur esidoc par exemple, ou sur folios, partie \u00ab\u00a0parcours citoyen\u00a0\u00bb.<\/div>\n<div><\/div>\n<div><strong>Evaluation :<\/strong> Les comp\u00e9tences sont \u00e9valu\u00e9es au cours des diff\u00e9rentes s\u00e9ances par les exercices propos\u00e9s aux \u00e9l\u00e8ves.<\/div>\n<div>Exercice sur le mur stoodle: 3 points<\/div>\n<div>Carte mentale sur Xmind: 5 points<\/div>\n<div>Travail de recherche documentaire: 12 points<\/div>\n<div><\/div>\n<div><strong>Nombre de s\u00e9ances : <\/strong>4 ou 5 s\u00e9ances en 1\/2 classe<\/div>\n<div><\/div>\n<div><strong>Collaboration : <\/strong>professeur de technologie \/ professeur documentaliste<\/div>\n<div><\/div>\n<div><strong>D\u00e9roulement :<\/strong><\/div>\n<div>Pour conduire la s\u00e9ance, je m&rsquo;appuie sur le cours disponible sur moodle. La progression est donc projet\u00e9e pendant les s\u00e9ances de travail.<\/div>\n<div><\/div>\n<h3 class=\"spip\">S\u00e9ance 1: R\u00e9flexion sur les usages d&rsquo;internet<\/h3>\n<div><\/div>\n<div>1. Introduction : pr\u00e9sentation des objectifs, d\u00e9finition de ce qu&rsquo;est l&rsquo;identit\u00e9 num\u00e9rique<\/div>\n<div><\/div>\n<div>2. J&rsquo;explique rapidement aux \u00e9l\u00e8ves le concept de carte mentale. Les \u00e9l\u00e8ves, par groupes de quatre, font un point rapide des sites internet et des applications qu&rsquo;ils utilisent au quotidien. Pour cela, ils utilisent les modules stoodle \u00e0 leur disposition sur moodle. Cela leur permet de travail \u00e0 plusieurs en \u00e9tant sur des postes diff\u00e9rents. A la fin de l&rsquo;heure, chaque groupe imprime son travail.<\/div>\n<div><\/div>\n<div>3. Nous finissons la s\u00e9ance par une rapide mise en commun.<\/div>\n<div><\/div>\n<h3 class=\"spip\">S\u00e9ance 2 : R\u00e9flexion sur les traces laiss\u00e9es sur internet<\/h3>\n<div><\/div>\n<div>4. Les \u00e9l\u00e8ves reforment les groupes, puis se mettent par 2. Chaque bin\u00f4me a \u00e0 sa disposition le brouillon \u00e9labor\u00e9 lors de la 1\u00e8re s\u00e9ance. Ils mettent au propre leur r\u00e9flexion sous forme de carte mentale sur Xmind. <span style=\"color: #0000cd;\">(exemple en annexe)<\/span><\/div>\n<div><\/div>\n<div>5. Chaque bin\u00f4me imprime sa carte mentale et identifie en deux couleurs: les traces laiss\u00e9es volontairement sur Internet (r\u00e9seaux sociaux, blogs&#8230;) et celles laiss\u00e9es involontairement (cookies).<\/div>\n<div><\/div>\n<div>6. Lors du bilan de la s\u00e9ance, nous remarquons qu&rsquo;il existe tr\u00e8s peu de sites o\u00f9 l&rsquo;internaute n&rsquo;est pas du tout identifi\u00e9 et \u00ab\u00a0suivi\u00a0\u00bb.<\/div>\n<div><\/div>\n<h3 class=\"spip\">S\u00e9ance 3: Des outils pour pr\u00e9server son intimit\u00e9 sur Internet<\/h3>\n<div><\/div>\n<div>7. Nous regardons ensemble les vid\u00e9os de la cnil \u00ab\u00a0J&rsquo;ai attrap\u00e9 un cookie\u00a0\u00bb et \u00ab\u00a0Effacer ses traces\u00a0\u00bb. Nous faisons des pauses pour en discuter et les \u00e9l\u00e8ves remplissent un questionnaire au fur et \u00e0 mesure pour garder une trace du cours (voir \u00ab\u00a0fiche outil\u00a0\u00bb en annexe).<\/div>\n<div><\/div>\n<div>8. Je pr\u00e9sente le travail de recherche : chaque \u00e9l\u00e8ve, seul ou en bin\u00f4me, doit mener un travail de recherche sur un des outils qui a \u00e9merg\u00e9 de l&rsquo;\u00e9tape 1. Les \u00e9l\u00e8ves choisissent un sujet par tirage au sort.<\/div>\n<div><\/div>\n<div><strong>Sujets propos\u00e9s :<\/strong> Twitter, facebook, instagram, snapchat, skype, l&rsquo;ENT, youtube, site commercial, cloud, google, streaming, podcast, wikipedia, ent, deezer, jeux en ligne.<\/div>\n<div><\/div>\n<h3 class=\"spip\">S\u00e9ance 4 : La recherche documentaire<\/h3>\n<div><\/div>\n<div>9. Pr\u00e9sentation rapide du portail esidoc. Nous r\u00e9capitulons ensemble comment retrouver des documents au CDI et sur internet.<\/div>\n<div><\/div>\n<div>9. Les \u00e9l\u00e8ves commencent leur recherche: ils rassemblent des documents et commencent \u00e0 les exploiter.<\/div>\n<div><\/div>\n<div>10. Les travaux doivent \u00eatre termin\u00e9s \u00e0 la maison et d\u00e9pos\u00e9s sur moodle.<\/div>\n<div><\/div>\n<div><strong>Prolongement : <\/strong>Les travaux de qualit\u00e9 sont r\u00e9unis et rendus disponibles sur folios par exemple pour \u00eatre \u00e9ventuellement exploit\u00e9s l&rsquo;ann\u00e9e suivante avec d&rsquo;autres classes. <span style=\"color: #0000cd;\">(3 exemples de travaux en annexe)<\/span><\/div>\n<\/div>\n<div><\/div>\n<div>Auteur : Isabelle Boccheciampe<\/div>\n","protected":false},"excerpt":{"rendered":"<p>Suite \u00e0 une r\u00e9flexion men\u00e9e en technologie avec les classes de 3\u00e8me sur les traces laiss\u00e9es par la navigation sur internet et les cons\u00e9quences des publications des utilisateurs des r\u00e9seaux sociaux, un travail de r\u00e9flexion sur les usages du web est men\u00e9 au CDI. La s\u00e9quence Point de d\u00e9part : [&hellip;]<\/p>\n","protected":false},"author":237,"featured_media":0,"comment_status":"closed","ping_status":"closed","sticky":false,"template":"","format":"standard","meta":{"ngg_post_thumbnail":0,"footnotes":""},"categories":[15,14,27],"tags":[],"class_list":["post-421","post","type-post","status-publish","format-standard","hentry","category-de-la-6e-a-la-3e","category-education-aux-medias-et-a-linformation-emi","category-identite-numerique"],"rttpg_featured_image_url":null,"rttpg_author":{"display_name":"docazur","author_link":"https:\/\/www.pedagogie.ac-nice.fr\/doc-azur\/author\/docazur\/"},"rttpg_comment":0,"rttpg_category":"<a href=\"https:\/\/www.pedagogie.ac-nice.fr\/doc-azur\/category\/de-la-6e-a-la-3e\/\" rel=\"category tag\">De la 6e \u00e0 la 3e<\/a> <a href=\"https:\/\/www.pedagogie.ac-nice.fr\/doc-azur\/category\/education-aux-medias-et-a-linformation-emi\/\" rel=\"category tag\">Education aux M\u00e9dias et \u00e0 l'Information EMI<\/a> <a href=\"https:\/\/www.pedagogie.ac-nice.fr\/doc-azur\/category\/identite-numerique\/\" rel=\"category tag\">Identit\u00e9 num\u00e9rique<\/a>","rttpg_excerpt":"Suite \u00e0 une r\u00e9flexion men\u00e9e en technologie avec les classes de 3\u00e8me sur les traces laiss\u00e9es par la navigation sur internet et les cons\u00e9quences des publications des utilisateurs des r\u00e9seaux sociaux, un travail de r\u00e9flexion sur les usages du web est men\u00e9 au CDI. La s\u00e9quence Point de d\u00e9part : [&hellip;]","post_mailing_queue_ids":[],"_links":{"self":[{"href":"https:\/\/www.pedagogie.ac-nice.fr\/doc-azur\/wp-json\/wp\/v2\/posts\/421","targetHints":{"allow":["GET"]}}],"collection":[{"href":"https:\/\/www.pedagogie.ac-nice.fr\/doc-azur\/wp-json\/wp\/v2\/posts"}],"about":[{"href":"https:\/\/www.pedagogie.ac-nice.fr\/doc-azur\/wp-json\/wp\/v2\/types\/post"}],"author":[{"embeddable":true,"href":"https:\/\/www.pedagogie.ac-nice.fr\/doc-azur\/wp-json\/wp\/v2\/users\/237"}],"replies":[{"embeddable":true,"href":"https:\/\/www.pedagogie.ac-nice.fr\/doc-azur\/wp-json\/wp\/v2\/comments?post=421"}],"version-history":[{"count":1,"href":"https:\/\/www.pedagogie.ac-nice.fr\/doc-azur\/wp-json\/wp\/v2\/posts\/421\/revisions"}],"predecessor-version":[{"id":422,"href":"https:\/\/www.pedagogie.ac-nice.fr\/doc-azur\/wp-json\/wp\/v2\/posts\/421\/revisions\/422"}],"wp:attachment":[{"href":"https:\/\/www.pedagogie.ac-nice.fr\/doc-azur\/wp-json\/wp\/v2\/media?parent=421"}],"wp:term":[{"taxonomy":"category","embeddable":true,"href":"https:\/\/www.pedagogie.ac-nice.fr\/doc-azur\/wp-json\/wp\/v2\/categories?post=421"},{"taxonomy":"post_tag","embeddable":true,"href":"https:\/\/www.pedagogie.ac-nice.fr\/doc-azur\/wp-json\/wp\/v2\/tags?post=421"}],"curies":[{"name":"wp","href":"https:\/\/api.w.org\/{rel}","templated":true}]}}