{"id":4607,"date":"2025-05-26T09:28:50","date_gmt":"2025-05-26T07:28:50","guid":{"rendered":"https:\/\/www.pedagogie.ac-nice.fr\/doc-azur\/?p=4607"},"modified":"2025-05-26T09:28:50","modified_gmt":"2025-05-26T07:28:50","slug":"vivre-ensemble-et-climat-scolaire-une-fresque-collective-pour-creer-du-lien","status":"publish","type":"post","link":"https:\/\/www.pedagogie.ac-nice.fr\/doc-azur\/2025\/05\/26\/vivre-ensemble-et-climat-scolaire-une-fresque-collective-pour-creer-du-lien\/","title":{"rendered":"Vivre ensemble et climat scolaire : Une fresque collective pour cr\u00e9er du lien"},"content":{"rendered":"<p>Le 30 mai 2024, a \u00e9t\u00e9 inaugur\u00e9e au Lyc\u00e9e Bonaparte de Toulon une fresque r\u00e9alis\u00e9e par les \u00e9l\u00e8ves volontaires du projet \u00ab Vivre ensemble \u00bb, permettant ainsi de dynamiser les espaces communs et d\u2019am\u00e9liorer le cadre de vie des lyc\u00e9en\u00b7e\u00b7s et \u00e9tudiant\u00b7e\u00b7s.<\/p>\n<p><img loading=\"lazy\" decoding=\"async\" class=\"alignnone size-medium wp-image-4608\" src=\"https:\/\/www.pedagogie.ac-nice.fr\/doc-azur\/wp-content\/uploads\/sites\/40\/2024\/10\/Fresque01-300x200.jpg\" alt=\"\" width=\"300\" height=\"200\" srcset=\"https:\/\/www.pedagogie.ac-nice.fr\/doc-azur\/wp-content\/uploads\/sites\/40\/2024\/10\/Fresque01-300x200.jpg 300w, https:\/\/www.pedagogie.ac-nice.fr\/doc-azur\/wp-content\/uploads\/sites\/40\/2024\/10\/Fresque01-1024x683.jpg 1024w, https:\/\/www.pedagogie.ac-nice.fr\/doc-azur\/wp-content\/uploads\/sites\/40\/2024\/10\/Fresque01-768x512.jpg 768w, https:\/\/www.pedagogie.ac-nice.fr\/doc-azur\/wp-content\/uploads\/sites\/40\/2024\/10\/Fresque01.jpg 1386w\" sizes=\"auto, (max-width: 300px) 100vw, 300px\" \/><\/p>\n<p>Pour la conception et la r\u00e9alisation de cette fresque autour du th\u00e8me du vivre ensemble, les 18 \u00e9l\u00e8ves participant\u00b7e\u00b7s, de la seconde au BTS, ont \u00e9t\u00e9 accompagn\u00e9\u00b7e\u00b7s par l\u2019artiste toulonnais <a href=\"https:\/\/williambruet.fr\/\">William Bruet<\/a>, sp\u00e9cialis\u00e9 dans les techniques de peinture murale et de <em>street art<\/em>.<\/p>\n<p>L\u2019artiste a ainsi pu rencontrer les \u00e9l\u00e8ves \u00e0 l\u2019occasion de trois ateliers d\u2019\u00e9changes et de pratique afin d\u2019engager une d\u00e9marche et une r\u00e9flexion collective autour du th\u00e8me du vivre ensemble et du sentiment d\u2019appartenance au Lyc\u00e9e Bonaparte.<\/p>\n<p><img loading=\"lazy\" decoding=\"async\" class=\"alignnone size-medium wp-image-4609\" src=\"https:\/\/www.pedagogie.ac-nice.fr\/doc-azur\/wp-content\/uploads\/sites\/40\/2024\/10\/Fresque02-300x149.jpg\" alt=\"\" width=\"300\" height=\"149\" srcset=\"https:\/\/www.pedagogie.ac-nice.fr\/doc-azur\/wp-content\/uploads\/sites\/40\/2024\/10\/Fresque02-300x149.jpg 300w, https:\/\/www.pedagogie.ac-nice.fr\/doc-azur\/wp-content\/uploads\/sites\/40\/2024\/10\/Fresque02-1024x510.jpg 1024w, https:\/\/www.pedagogie.ac-nice.fr\/doc-azur\/wp-content\/uploads\/sites\/40\/2024\/10\/Fresque02-768x382.jpg 768w, https:\/\/www.pedagogie.ac-nice.fr\/doc-azur\/wp-content\/uploads\/sites\/40\/2024\/10\/Fresque02.jpg 1051w\" sizes=\"auto, (max-width: 300px) 100vw, 300px\" \/><\/p>\n<p>\u00c0 partir de ce travail pr\u00e9paratoire, les participant\u00b7e\u00b7s ont fait plusieurs propositions d\u2019id\u00e9es et d\u2019esquisses, que l\u2019artiste a pu rassembler et exploiter afin d\u2019\u00e9laborer une maquette qui a servi de base \u00e0 la r\u00e9alisation d\u00e9finitive.<\/p>\n<p><img loading=\"lazy\" decoding=\"async\" class=\"alignnone size-medium wp-image-4610\" src=\"https:\/\/www.pedagogie.ac-nice.fr\/doc-azur\/wp-content\/uploads\/sites\/40\/2024\/10\/Fresque03-300x96.jpg\" alt=\"\" width=\"300\" height=\"96\" srcset=\"https:\/\/www.pedagogie.ac-nice.fr\/doc-azur\/wp-content\/uploads\/sites\/40\/2024\/10\/Fresque03-300x96.jpg 300w, https:\/\/www.pedagogie.ac-nice.fr\/doc-azur\/wp-content\/uploads\/sites\/40\/2024\/10\/Fresque03-1024x328.jpg 1024w, https:\/\/www.pedagogie.ac-nice.fr\/doc-azur\/wp-content\/uploads\/sites\/40\/2024\/10\/Fresque03-768x246.jpg 768w, https:\/\/www.pedagogie.ac-nice.fr\/doc-azur\/wp-content\/uploads\/sites\/40\/2024\/10\/Fresque03.jpg 1324w\" sizes=\"auto, (max-width: 300px) 100vw, 300px\" \/><\/p>\n<p>La peinture en elle-m\u00eame a n\u00e9cessit\u00e9 trois journ\u00e9es compl\u00e8tes o\u00f9 les participant\u00b7e\u00b7s ont pu \u00e0 la fois repr\u00e9senter leur vision du vivre ensemble et l\u2019exp\u00e9rimenter, et b\u00e9n\u00e9ficier des conseils professionnels et humains de l&rsquo;artiste.<\/p>\n<p><img loading=\"lazy\" decoding=\"async\" class=\"alignnone size-medium wp-image-4612\" src=\"https:\/\/www.pedagogie.ac-nice.fr\/doc-azur\/wp-content\/uploads\/sites\/40\/2024\/10\/Fresque04-300x200.jpg\" alt=\"\" width=\"300\" height=\"200\" srcset=\"https:\/\/www.pedagogie.ac-nice.fr\/doc-azur\/wp-content\/uploads\/sites\/40\/2024\/10\/Fresque04-300x200.jpg 300w, https:\/\/www.pedagogie.ac-nice.fr\/doc-azur\/wp-content\/uploads\/sites\/40\/2024\/10\/Fresque04-1024x683.jpg 1024w, https:\/\/www.pedagogie.ac-nice.fr\/doc-azur\/wp-content\/uploads\/sites\/40\/2024\/10\/Fresque04-768x512.jpg 768w, https:\/\/www.pedagogie.ac-nice.fr\/doc-azur\/wp-content\/uploads\/sites\/40\/2024\/10\/Fresque04.jpg 1386w\" sizes=\"auto, (max-width: 300px) 100vw, 300px\" \/><\/p>\n<p>On voit sur cette fresque deux personnages originaux, imagin\u00e9s par les \u00e9l\u00e8ves&nbsp;: une chim\u00e8re entre un coq, symbole national, et un dragon (en r\u00e9f\u00e9rence \u00e0 l\u2019ann\u00e9e du dragon), fait face \u00e0 une Marianne dont les cheveux verts \u00e9voquent les posidonies du littoral toulonnais. Celle-ci tient au creux de sa main, un \u0153uf d\u2019or en \u00e9closion, symbolisant l\u2019avenir et l\u2019envol d\u2019une nouvelle g\u00e9n\u00e9ration \u00e0 travers l\u2019\u00e9cume myst\u00e9rieuse qui s\u2019en \u00e9chappe.<\/p>\n<p>Ces deux personnages \u00e9mergeant des eaux, laissent appara\u00eetre en arri\u00e8re-plan la rade de Toulon avec la silhouette revisit\u00e9e de l\u2019architecture du port surplomb\u00e9e du relief des monts toulonnais. Bonaparte n\u2019est pas oubli\u00e9 avec son c\u00e9l\u00e8bre et reconnaissable bicorne, transform\u00e9 pour l\u2019occasion en bateau \u00e0 voile.<\/p>\n<p>On remarque dans cette \u0153uvre, l\u2019attachement des \u00e9l\u00e8ves \u00e0 repr\u00e9senter leur ville et ses patrimoines naturels, historiques et urbains, tout en mettant en avant le vivre ensemble \u00e0 travers les influences de diff\u00e9rentes cultures et inspirations s\u2019accordant ensemble vers l\u2019avenir.<\/p>\n<p><img loading=\"lazy\" decoding=\"async\" class=\"alignnone size-medium wp-image-4611\" src=\"https:\/\/www.pedagogie.ac-nice.fr\/doc-azur\/wp-content\/uploads\/sites\/40\/2024\/10\/Fresque05-300x123.jpg\" alt=\"\" width=\"300\" height=\"123\" srcset=\"https:\/\/www.pedagogie.ac-nice.fr\/doc-azur\/wp-content\/uploads\/sites\/40\/2024\/10\/Fresque05-300x123.jpg 300w, https:\/\/www.pedagogie.ac-nice.fr\/doc-azur\/wp-content\/uploads\/sites\/40\/2024\/10\/Fresque05-1024x419.jpg 1024w, https:\/\/www.pedagogie.ac-nice.fr\/doc-azur\/wp-content\/uploads\/sites\/40\/2024\/10\/Fresque05-768x314.jpg 768w, https:\/\/www.pedagogie.ac-nice.fr\/doc-azur\/wp-content\/uploads\/sites\/40\/2024\/10\/Fresque05.jpg 1386w\" sizes=\"auto, (max-width: 300px) 100vw, 300px\" \/><\/p>\n<p>Ce projet encadr\u00e9 par Mme Laffra, CPE et Mme Nicolas, professeure documentaliste, a permis aux 18 participant\u00b7e\u00b7s d\u2019\u00eatre impliqu\u00e9\u00b7e\u00b7s dans toutes les \u00e9tapes du processus de cr\u00e9ation, tout en b\u00e9n\u00e9ficiant de l\u2019exp\u00e9rience d\u2019un artiste local reconnu.<\/p>\n<p><img loading=\"lazy\" decoding=\"async\" class=\"alignnone size-medium wp-image-4613\" src=\"https:\/\/www.pedagogie.ac-nice.fr\/doc-azur\/wp-content\/uploads\/sites\/40\/2024\/10\/Fresque06-268x300.jpg\" alt=\"\" width=\"268\" height=\"300\" srcset=\"https:\/\/www.pedagogie.ac-nice.fr\/doc-azur\/wp-content\/uploads\/sites\/40\/2024\/10\/Fresque06-268x300.jpg 268w, https:\/\/www.pedagogie.ac-nice.fr\/doc-azur\/wp-content\/uploads\/sites\/40\/2024\/10\/Fresque06-913x1024.jpg 913w, https:\/\/www.pedagogie.ac-nice.fr\/doc-azur\/wp-content\/uploads\/sites\/40\/2024\/10\/Fresque06-768x861.jpg 768w, https:\/\/www.pedagogie.ac-nice.fr\/doc-azur\/wp-content\/uploads\/sites\/40\/2024\/10\/Fresque06.jpg 1024w\" sizes=\"auto, (max-width: 268px) 100vw, 268px\" \/><\/p>\n<p>L\u2019inauguration a eu lieu le 30 mai 2024, en pr\u00e9sence des participant\u00b7e\u00b7s, de l\u2019artiste William Bruet, de Mme Morieux, proviseure du Lyc\u00e9e Bonaparte et de Mme Virginie Pin, vice-pr\u00e9sidente de la R\u00e9gion SUD PACA.<\/p>\n<p>Ce projet, rendu possible gr\u00e2ce au Pass Culture, sera amen\u00e9 \u00e0 \u00eatre reconduit sur plusieurs ann\u00e9es, afin de dynamiser diff\u00e9rents espaces communs du lyc\u00e9e, toujours dans l\u2019objectif de renforcer le sentiment d\u2019appartenance et de cr\u00e9er du lien.<\/p>\n<p>Sabine NICOLAS, professeure documentaliste au Lyc\u00e9e Bonaparte de Toulon<br \/>\n[Photos N. Moncer]<\/p>\n<p><img loading=\"lazy\" decoding=\"async\" class=\"alignnone wp-image-4614 \" src=\"https:\/\/www.pedagogie.ac-nice.fr\/doc-azur\/wp-content\/uploads\/sites\/40\/2024\/10\/Logo_Bonaparte-1.2-sans-fond1-e1728566972326-300x244.png\" alt=\"\" width=\"175\" height=\"142\" srcset=\"https:\/\/www.pedagogie.ac-nice.fr\/doc-azur\/wp-content\/uploads\/sites\/40\/2024\/10\/Logo_Bonaparte-1.2-sans-fond1-e1728566972326-300x244.png 300w, https:\/\/www.pedagogie.ac-nice.fr\/doc-azur\/wp-content\/uploads\/sites\/40\/2024\/10\/Logo_Bonaparte-1.2-sans-fond1-e1728566972326.png 305w\" sizes=\"auto, (max-width: 175px) 100vw, 175px\" \/><img loading=\"lazy\" decoding=\"async\" class=\"alignnone size-medium wp-image-4615\" src=\"https:\/\/www.pedagogie.ac-nice.fr\/doc-azur\/wp-content\/uploads\/sites\/40\/2024\/10\/Logo_du_Pass_Culture-300x125.png\" alt=\"\" width=\"300\" height=\"125\" srcset=\"https:\/\/www.pedagogie.ac-nice.fr\/doc-azur\/wp-content\/uploads\/sites\/40\/2024\/10\/Logo_du_Pass_Culture-300x125.png 300w, https:\/\/www.pedagogie.ac-nice.fr\/doc-azur\/wp-content\/uploads\/sites\/40\/2024\/10\/Logo_du_Pass_Culture-1024x427.png 1024w, https:\/\/www.pedagogie.ac-nice.fr\/doc-azur\/wp-content\/uploads\/sites\/40\/2024\/10\/Logo_du_Pass_Culture-768x320.png 768w, https:\/\/www.pedagogie.ac-nice.fr\/doc-azur\/wp-content\/uploads\/sites\/40\/2024\/10\/Logo_du_Pass_Culture-1536x640.png 1536w, https:\/\/www.pedagogie.ac-nice.fr\/doc-azur\/wp-content\/uploads\/sites\/40\/2024\/10\/Logo_du_Pass_Culture-2048x853.png 2048w\" sizes=\"auto, (max-width: 300px) 100vw, 300px\" \/><\/p>\n","protected":false},"excerpt":{"rendered":"<p>Le 30 mai 2024, a \u00e9t\u00e9 inaugur\u00e9e au Lyc\u00e9e Bonaparte de Toulon une fresque r\u00e9alis\u00e9e par les \u00e9l\u00e8ves volontaires du projet \u00ab Vivre ensemble \u00bb, permettant ainsi de dynamiser les espaces communs et d\u2019am\u00e9liorer le cadre de vie des lyc\u00e9en\u00b7e\u00b7s et \u00e9tudiant\u00b7e\u00b7s. Pour la conception et la r\u00e9alisation de cette [&hellip;]<\/p>\n","protected":false},"author":487,"featured_media":0,"comment_status":"closed","ping_status":"closed","sticky":false,"template":"","format":"standard","meta":{"ngg_post_thumbnail":0,"footnotes":""},"categories":[34,58],"tags":[177,100],"class_list":["post-4607","post","type-post","status-publish","format-standard","hentry","category-eac-art-et-culture","category-reseau-toulon","tag-eac","tag-performances-artistiques"],"rttpg_featured_image_url":null,"rttpg_author":{"display_name":"snicolas","author_link":"https:\/\/www.pedagogie.ac-nice.fr\/doc-azur\/author\/snicolas\/"},"rttpg_comment":0,"rttpg_category":"<a href=\"https:\/\/www.pedagogie.ac-nice.fr\/doc-azur\/category\/eac-art-et-culture\/\" rel=\"category tag\">EAC - Art et Culture<\/a> <a href=\"https:\/\/www.pedagogie.ac-nice.fr\/doc-azur\/category\/reseau-toulon\/\" rel=\"category tag\">R\u00e9seau Toulon<\/a>","rttpg_excerpt":"Le 30 mai 2024, a \u00e9t\u00e9 inaugur\u00e9e au Lyc\u00e9e Bonaparte de Toulon une fresque r\u00e9alis\u00e9e par les \u00e9l\u00e8ves volontaires du projet \u00ab Vivre ensemble \u00bb, permettant ainsi de dynamiser les espaces communs et d\u2019am\u00e9liorer le cadre de vie des lyc\u00e9en\u00b7e\u00b7s et \u00e9tudiant\u00b7e\u00b7s. Pour la conception et la r\u00e9alisation de cette [&hellip;]","post_mailing_queue_ids":[],"_links":{"self":[{"href":"https:\/\/www.pedagogie.ac-nice.fr\/doc-azur\/wp-json\/wp\/v2\/posts\/4607","targetHints":{"allow":["GET"]}}],"collection":[{"href":"https:\/\/www.pedagogie.ac-nice.fr\/doc-azur\/wp-json\/wp\/v2\/posts"}],"about":[{"href":"https:\/\/www.pedagogie.ac-nice.fr\/doc-azur\/wp-json\/wp\/v2\/types\/post"}],"author":[{"embeddable":true,"href":"https:\/\/www.pedagogie.ac-nice.fr\/doc-azur\/wp-json\/wp\/v2\/users\/487"}],"replies":[{"embeddable":true,"href":"https:\/\/www.pedagogie.ac-nice.fr\/doc-azur\/wp-json\/wp\/v2\/comments?post=4607"}],"version-history":[{"count":4,"href":"https:\/\/www.pedagogie.ac-nice.fr\/doc-azur\/wp-json\/wp\/v2\/posts\/4607\/revisions"}],"predecessor-version":[{"id":4770,"href":"https:\/\/www.pedagogie.ac-nice.fr\/doc-azur\/wp-json\/wp\/v2\/posts\/4607\/revisions\/4770"}],"wp:attachment":[{"href":"https:\/\/www.pedagogie.ac-nice.fr\/doc-azur\/wp-json\/wp\/v2\/media?parent=4607"}],"wp:term":[{"taxonomy":"category","embeddable":true,"href":"https:\/\/www.pedagogie.ac-nice.fr\/doc-azur\/wp-json\/wp\/v2\/categories?post=4607"},{"taxonomy":"post_tag","embeddable":true,"href":"https:\/\/www.pedagogie.ac-nice.fr\/doc-azur\/wp-json\/wp\/v2\/tags?post=4607"}],"curies":[{"name":"wp","href":"https:\/\/api.w.org\/{rel}","templated":true}]}}