{"id":4686,"date":"2025-01-23T11:52:49","date_gmt":"2025-01-23T10:52:49","guid":{"rendered":"https:\/\/www.pedagogie.ac-nice.fr\/doc-azur\/?p=4686"},"modified":"2025-03-31T10:36:41","modified_gmt":"2025-03-31T08:36:41","slug":"reunion-de-linter-reseaux-de-toulon-du-12-decembre-2024","status":"publish","type":"post","link":"https:\/\/www.pedagogie.ac-nice.fr\/doc-azur\/2025\/01\/23\/reunion-de-linter-reseaux-de-toulon-du-12-decembre-2024\/","title":{"rendered":"R\u00e9union de l&rsquo;inter-r\u00e9seaux de Toulon du 12 d\u00e9cembre 2024"},"content":{"rendered":"<h1 style=\"text-align: center;\"><span style=\"font-family: Courier New; font-size: 14pt;\"><span style=\"font-family: Helvetica;\"><b>Premi\u00e8re r\u00e9union inter-r\u00e9seaux de Toulon <\/b><\/span><\/span><\/h1>\n<h2 style=\"text-align: center;\"><span style=\"font-family: Courier New; font-size: 12pt;\"><span style=\"font-family: Helvetica;\">Jeudi 12 d\u00e9cembre 2024 de 9h \u00e0 16h<\/span><\/span><\/h2>\n<h2 style=\"text-align: center;\"><span style=\"font-family: Courier New; font-size: 12pt;\"><span style=\"font-family: Helvetica;\">Centre de Documentation et d&rsquo;Information du Lyc\u00e9e du Coudon, La Garde<\/span><\/span><\/h2>\n<p><span style=\"font-family: Courier New;\"><span style=\"font-size: small;\"><span style=\"font-family: Helvetica;\"><b>Intervenants&nbsp;<\/b><\/span><span style=\"font-family: Helvetica;\">: Caroline Cirendini, Jean-Marie Frizzole<\/span><\/span><\/span><\/p>\n<p><span style=\"font-family: Courier New;\"><span style=\"font-size: small;\"><span style=\"font-family: Helvetica;\">Pr\u00e9sents&nbsp;: 23&nbsp;&#8211; Absents&nbsp;: 13<\/span><\/span><\/span><\/p>\n<p><span style=\"font-family: Courier New;\"><span style=\"font-size: small;\"><span style=\"font-family: Helvetica;\">9h \u2013 9h30 <\/span><\/span><\/span><span style=\"font-family: Courier New;\"><span style=\"font-size: small;\"><span style=\"font-family: Helvetica;\">Accueil caf\u00e9<\/span><\/span><\/span><\/p>\n<p><span style=\"font-family: Courier New;\"><span style=\"font-size: small;\"><span style=\"font-family: Helvetica;\">9h30 &#8211; d\u00e9but des \u00e9changes, rappel de l&rsquo;ordre du jour <\/span><\/span><\/span><\/p>\n<p>&nbsp;<\/p>\n<p><span style=\"font-family: Courier New;\"><span style=\"font-size: small;\"><span style=\"font-family: Helvetica;\"><span style=\"font-size: medium;\"><b>Informations de rentr\u00e9e des IA IPR<\/b><\/span><\/span><\/span><\/span><\/p>\n<p><span style=\"font-family: Courier New;\"><span style=\"font-size: small;\"><span style=\"font-family: Helvetica;\">&#8211; Nouvelle IA IPR&nbsp;: Mme Sylvie M<\/span><span style=\"font-family: Helvetica;\">ei<\/span><span style=\"font-family: Helvetica;\">sse remplace Mme Malika Saidi. Auparavant dans le 1er degr\u00e9.<\/span><\/span><\/span><\/p>\n<p><span style=\"font-family: Courier New;\"><span style=\"font-size: small;\"><span style=\"font-family: Helvetica;\">&#8211; Pr\u00e9sentation de Mme Marie Spinella r\u00e9f\u00e9rente CVC-CVL (voir digipad sp\u00e9cial vie coll\u00e9gienne et vie lyc\u00e9enne dans Tribu \/ marque-pages \/ Liens utiles 2024-25)<\/span><\/span><\/span><\/p>\n<p><span style=\"font-family: Courier New;\"><span style=\"font-size: small;\"><span style=\"font-family: Helvetica;\">&#8211; Offre de formation de Canop\u00e9 (contact&nbsp;: <\/span><span style=\"color: #0000ff;\"><u><a href=\"mailto:sophie.kimber@reseau-canope.fr\"><span style=\"font-family: Helvetica;\">sophie.kimber@reseau-canope.fr<\/span><\/a><\/u><\/span><span style=\"font-family: Helvetica;\">) <\/span><\/span><\/span><\/p>\n<p><span style=\"font-family: Courier New;\"><span style=\"font-size: small;\"><span style=\"font-family: Helvetica;\">A retrouver dans Tribu \/ Documents \/ 2024-25 \/ Documents r\u00e9union rentr\u00e9e<\/span> <span style=\"font-family: Helvetica;\">:<\/span><\/span><\/span><\/p>\n<p><span style=\"font-family: Courier New;\"><span style=\"font-size: small;\"><span style=\"font-family: Helvetica;\">&#8211; la lettre de rentr\u00e9e <\/span><\/span><\/span><\/p>\n<p><span style=\"font-family: Courier New;\"><span style=\"font-size: small;\"><span style=\"font-family: Helvetica;\">&#8211; la r\u00e9partition des IA IPR par \u00e9tablissement<\/span><\/span><\/span><\/p>\n<p><span style=\"font-family: Courier New;\"><span style=\"font-size: small;\"><span style=\"font-family: Helvetica;\">&#8211; nouveaux vademecum juillet 2024 : \u00c9ducation \u00e0 la citoyennet\u00e9 \/ La la\u00efcit\u00e9 \u00e0 l\u2019\u00e9cole<\/span><\/span><\/span><\/p>\n<p>&nbsp;<\/p>\n<p><span style=\"font-family: Helvetica;\"><span style=\"font-size: medium;\"><b>Mise en \u0153uvre des groupes de niveaux au coll\u00e8ge&nbsp;: discussion<\/b><\/span><\/span><\/p>\n<p><span style=\"font-family: Courier New;\"><span style=\"font-size: small;\"><span style=\"font-family: Helvetica;\">Pauline Salabert&nbsp;(CLG Henri Bosco) : les groupes de niveaux sont faits par la direction<\/span><\/span><\/span><\/p>\n<p><span style=\"font-family: Courier New;\"><span style=\"font-size: small;\"><span style=\"font-family: Helvetica;\">Agn\u00e8s Beaumont (CLG Django Reinhardt)&nbsp;: 3 classes avec 4 enseignants \/ 3 classes avec 3 enseignants. Grande disparit\u00e9 dans le volume des groupes (groupe des \u00e9l\u00e8ves \u00ab&nbsp;\u00e0 l\u2019aise&nbsp;\u00bb&nbsp;: 25). Bilan positif selon ses coll\u00e8gues de math\u00e9matiques. Elle-m\u00eame est parfois sollicit\u00e9e pour des travaux de recherche documentaire par groupe.<\/span><\/span><\/span><\/p>\n<p><span style=\"font-family: Courier New;\"><span style=\"font-size: small;\"><span style=\"font-family: Helvetica;\">Marcel Aubert (CLG George Sand) : le principe est de faire 4 groupes avec 3 classes. Mais les classes \u00e9tant \u00e0 26 \u00e9l\u00e8ves, cela fait des groupes de 19-20 \u00e9l\u00e8ves, donc un gain minime.<\/span><\/span><\/span><\/p>\n<p><span style=\"font-family: Courier New;\"><span style=\"font-size: small;\"><span style=\"font-family: Helvetica;\">Emilie Torre (CLG Vall\u00e9e du Gapeau)&nbsp;est beaucoup moins sollicit\u00e9e qu\u2019auparavant pour des s\u00e9ances p\u00e9dagogiques. <\/span><\/span><\/span><\/p>\n<p><span style=\"font-family: Courier New;\"><span style=\"font-size: small;\"><span style=\"font-family: Helvetica;\">Emilie Vergari (CLG Voltaire)&nbsp;: idem et constate une mise en oeuvre compliqu\u00e9e. <\/span><\/span><\/span><\/p>\n<p><span style=\"font-family: Courier New;\"><span style=\"font-size: small;\"><span style=\"font-family: Helvetica;\">Isabelle Caraglio (CLG La Farl\u00e8de)&nbsp;: travaille toujours avec les coll\u00e8gues habituels.<\/span><\/span><\/span><\/p>\n<p>&nbsp;<\/p>\n<p><span style=\"font-family: Helvetica;\"><span style=\"font-size: medium;\"><b>Les projets de l&rsquo;inter-r\u00e9seaux&nbsp;de Toulon<\/b><\/span><\/span><\/p>\n<p><span style=\"font-family: Courier New;\"><span style=\"font-size: small;\"><span style=\"font-family: Helvetica;\"><b>&#8211; Carte interactive des CDI <\/b><\/span><\/span><\/span><\/p>\n<p><span style=\"font-family: Courier New;\"><span style=\"font-size: small;\"><span style=\"font-family: Helvetica;\">La carte interactive permet de visualiser les \u00e9tablissements de l\u2019inter-r\u00e9seaux et de faire appara\u00eetre avec un clic les informations essentielles sur chaque CDI&nbsp;: superficie, coll\u00e8gues en poste etc.<\/span><\/span><\/span><\/p>\n<p><span style=\"font-family: Courier New;\"><span style=\"font-size: small;\"><span style=\"font-family: Helvetica;\">Elle est r\u00e9alis\u00e9e avec le logiciel de cartographie open source openstreetmap qui permet de collaborer. A terme, elle pourra \u00eatre partag\u00e9e sur le site acad\u00e9mique docazur.<\/span><\/span><\/span><\/p>\n<p><span style=\"font-family: Courier New;\"><span style=\"font-size: small;\"><span style=\"font-family: Helvetica;\">Chacun est invit\u00e9 \u00e0 saisir les informations en se connectant sur openstreetmap en suivant les modalit\u00e9s d\u00e9pos\u00e9es sur Tribu (dossier Annuaire Inter-r\u00e9seaux). Un temps d\u00e9di\u00e9 sera r\u00e9serv\u00e9 lors de la prochaine r\u00e9union inter-r\u00e9seaux pour alimenter la carte.<\/span><\/span><\/span><\/p>\n<p><span style=\"font-family: Courier New;\"><span style=\"font-size: small;\"><span style=\"font-family: Helvetica;\"><b>&#8211; Esibook&nbsp;: partage de notices de livres num\u00e9riques gratuits pour nos bases documentaires<\/b><\/span><\/span><\/span><\/p>\n<p><span style=\"font-family: Courier New;\"><span style=\"font-size: small;\"><span style=\"font-family: Helvetica;\">L\u2019objectif est de pouvoir partager environ 1500 notices de livres num\u00e9riques gratuits \u00e0 ins\u00e9rer dans Bcdi. Les fichiers import\u00e9s pourront \u00eatre lus sur les ordinateurs ou sur les tablettes \u00e0 condition d\u2019installer l\u2019application Calibre. La proc\u00e9dure d\u2019insertion fera l\u2019objet d\u2019un tutoriel prochainement. <\/span><\/span><\/span><\/p>\n<p><span style=\"font-family: Courier New;\"><span style=\"font-size: small;\"><span style=\"font-family: Helvetica;\"><b>&#8211; Coups de c\u0153ur lecture&nbsp;: <\/b><\/span><span style=\"font-family: Helvetica;\">chacun est invit\u00e9 \u00e0 partager un ou des recommandations de lecture sur <\/span><span style=\"color: #0000ff;\"><u><a href=\"https:\/\/digipad.app\/p\/1030313\/97a68f3270a2c\"><span style=\"font-family: Helvetica;\">un digipad<\/span><\/a><\/u><\/span><span style=\"font-family: Helvetica;\"> d\u00e9di\u00e9 (\u00e0 retrouver \u00e9galement sur Tribu)<\/span><\/span><\/span><\/p>\n<p><span style=\"font-family: Courier New;\"><span style=\"font-size: small;\"><span style=\"font-family: Helvetica;\">12h-13h Pause d\u00e9jeuner<\/span><\/span><\/span><\/p>\n<p><span style=\"font-family: Courier New;\"><span style=\"font-size: small;\"><span style=\"font-family: Helvetica;\">Pendant la pause, Murielle Berthoud fait exp\u00e9rimenter \u00e0 quelques-uns d\u2019entre nous son escape-game de pr\u00e9sentation du CDI pour les \u00e9l\u00e8ves de Seconde. Dans un temps limit\u00e9, les \u00e9l\u00e8ves doivent trouver un certain nombre d\u2019indices qui ont \u00e9t\u00e9 cach\u00e9s au pr\u00e9alable dans le CDI et r\u00e9soudre des \u00e9nigmes. <\/span><\/span><\/span><\/p>\n<p>&nbsp;<\/p>\n<p><span style=\"font-family: Courier New;\"><span style=\"font-size: small;\"><span style=\"font-family: Helvetica;\"><b>Pr\u00e9sentation de l\u2019association Unis-cite <\/b><\/span><\/span><\/span><\/p>\n<p><span style=\"font-family: Courier New;\"><span style=\"font-size: small;\"><span style=\"font-family: Helvetica;\">par Jordan Vaillant, coordinateur Toulon accompagn\u00e9 par trois jeunes en service civique&nbsp;: M\u00e9lina, Mathis et Wendy<\/span><\/span><\/span><\/p>\n<p><span style=\"font-family: Courier New;\"><span style=\"font-size: small;\"><span style=\"font-family: Helvetica;\">28 volontaires recrut\u00e9s cette ann\u00e9e, 24 pour le projet \u00ab&nbsp;Cin\u00e9ma&nbsp;\u00bb et 4 pour \u00ab&nbsp;Chercheurs d\u2019art&nbsp;\u00bb<\/span><\/span><\/span><\/p>\n<p><span style=\"font-family: Courier New;\"><span style=\"font-size: small;\"><span style=\"font-family: Helvetica;\"><b>Projet Cin\u00e9ma<\/b><\/span><span style=\"font-family: Helvetica;\">&nbsp;: des s\u00e9ances sont organis\u00e9es sur le temps m\u00e9ridien ou autre en \u00e9tablissement mais aussi dans des salles de cin\u00e9ma (\u00e0 Cuers, Six-Fours, Sollies-Pont et prochainement au Royal \u00e0 Toulon) et dans le cadre de festivals. Les th\u00e9matiques&nbsp;: environnement \/ handicap \/ addictions \/ sport.<\/span><\/span><\/span><\/p>\n<p><span style=\"font-family: Courier New;\"><span style=\"font-size: small;\"><span style=\"font-family: Helvetica;\">Les volontaires en service civique sont r\u00e9partis entre les \u00e9tablissements participants, qui doivent d\u00e9signer un r\u00e9f\u00e9rent qui devient son interlocuteur privil\u00e9gi\u00e9 et l\u2019aide \u00e0 mettre en place la communication dans l\u2019\u00e9tablissement, affiches, organisation etc.<\/span><\/span><\/span><\/p>\n<p><span style=\"font-family: Courier New;\"><span style=\"font-size: small;\"><span style=\"font-family: Helvetica;\">Les s\u00e9ances durent 1h, soit 30 minutes de projection et 30 minutes d\u2019\u00e9change\/d\u00e9bat anim\u00e9 et mod\u00e9r\u00e9 par un jeune accompagn\u00e9 ou non d\u2019un membre de l\u2019\u00e9tablissement&nbsp;: AED, CPE, prof-doc ou autre.<\/span><\/span><\/span><\/p>\n<p><span style=\"font-family: Courier New;\"><span style=\"font-size: small;\"><span style=\"font-family: Helvetica;\">Jordan Vaillant explique que l\u2019encadrement des volontaires a \u00e9t\u00e9 am\u00e9lior\u00e9 au sein de l\u2019association afin de pallier certains probl\u00e8mes constat\u00e9s les ann\u00e9es pr\u00e9c\u00e9dentes (films non-appropri\u00e9s pour le public scolaire ou mauvaise gestion des d\u00e9bats). Aujourd\u2019hui, du temps est pr\u00e9vu pour que les volontaires regardent syst\u00e9matiquement les films avant la projection par exemple et puissent se pr\u00e9parer au d\u00e9bat.<\/span><\/span><\/span><\/p>\n<p><span style=\"font-family: Courier New;\"><span style=\"font-size: small;\"><span style=\"font-family: Helvetica;\"><b>Projet \u00ab&nbsp;Chercheurs d\u2019art&nbsp;\u00bb&nbsp;:<\/b><\/span><span style=\"font-family: Helvetica;\"> ce sont des actions qui visent un public \u00e9loign\u00e9 de l\u2019offre culturelle locale, par exemple ateliers de pratique artistique, visites de mus\u00e9es accompagn\u00e9es, animations etc. <\/span><\/span><\/span><\/p>\n<p>&nbsp;<\/p>\n<p><span style=\"font-family: Courier New;\"><span style=\"font-size: small;\"><span style=\"font-family: Helvetica;\"><b>Intervention Estelle Nakul, association Gulliver<\/b><\/span><\/span><\/span><\/p>\n<p><span style=\"font-family: Courier New;\"><span style=\"font-size: small;\"><span style=\"font-family: Helvetica;\"><b>M\u00e9diation scientifique&nbsp;<\/b><\/span><\/span><\/span><\/p>\n<p class=\"western\"><span style=\"font-family: Helvetica;\"><span style=\"font-size: small;\">L\u2019association Gulliver est sp\u00e9cialis\u00e9e dans la m\u00e9diation scientifique et coordonne la F\u00eate de la Science dans le Var depuis 2013. Elle anime \u00e9galement le r\u00e9seau social Echosciences Sud Provence-Alpes-C\u00f4te d&rsquo;Azur. <\/span><\/span><span style=\"font-family: Helvetica;\"><span style=\"font-size: small;\">Le diaporama de pr\u00e9sentation de l\u2019association est \u00e0 retrouver dans Tribu \/ Documents \/ 2024-25 \/ association Gulliver.<\/span><\/span><\/p>\n<p>&nbsp;<\/p>\n<p><span style=\"font-family: Courier New;\"><span style=\"font-size: small;\"><span style=\"font-family: Helvetica;\"><b>Apprentissage par le jeu <\/b><\/span><\/span><\/span><\/p>\n<p><span style=\"font-family: Courier New;\"><span style=\"font-size: small;\"><span style=\"font-family: Helvetica;\">Estelle Nakul intervient \u00e9galement au lyc\u00e9e du Coudon pour animer des s\u00e9ances de cr\u00e9ation de jeux avec des Terminale en Enseignement scientifique&nbsp;: 1h30 hebdomadaire toute l\u2019ann\u00e9e. Estelle intervient \u00e0 3 reprises&nbsp;: au d\u00e9but de l\u2019ann\u00e9e pour une introduction au <\/span><span style=\"font-family: Helvetica;\"><i>game design<\/i><\/span><span style=\"font-family: Helvetica;\">, puis une demi-journ\u00e9e est consacr\u00e9e \u00e0 un <\/span><span style=\"font-family: Helvetica;\"><i>game-jam<\/i><\/span><span style=\"font-family: Helvetica;\"> (atelier collaboratif pour inventer les r\u00e8gles du jeu, les objectifs, le principe etc. <\/span><\/span><\/span><\/p>\n<p><span style=\"font-family: Courier New;\"><span style=\"font-size: small;\"><span style=\"font-family: Helvetica;\">La r\u00e9union se cl\u00f4t \u00e0 16h.<\/span><\/span><\/span><\/p>\n<p>&nbsp;<\/p>\n","protected":false},"excerpt":{"rendered":"<p>Premi\u00e8re r\u00e9union inter-r\u00e9seaux de Toulon Jeudi 12 d\u00e9cembre 2024 de 9h \u00e0 16h Centre de Documentation et d&rsquo;Information du Lyc\u00e9e du Coudon, La Garde Intervenants&nbsp;: Caroline Cirendini, Jean-Marie Frizzole Pr\u00e9sents&nbsp;: 23&nbsp;&#8211; Absents&nbsp;: 13 9h \u2013 9h30 Accueil caf\u00e9 9h30 &#8211; d\u00e9but des \u00e9changes, rappel de l&rsquo;ordre du jour &nbsp; Informations [&hellip;]<\/p>\n","protected":false},"author":295,"featured_media":3711,"comment_status":"closed","ping_status":"closed","sticky":false,"template":"","format":"standard","meta":{"ngg_post_thumbnail":0,"footnotes":""},"categories":[58],"tags":[],"class_list":["post-4686","post","type-post","status-publish","format-standard","has-post-thumbnail","hentry","category-reseau-toulon"],"rttpg_featured_image_url":{"full":["https:\/\/www.pedagogie.ac-nice.fr\/doc-azur\/wp-content\/uploads\/sites\/40\/2023\/12\/network.jpg",150,150,false],"landscape":["https:\/\/www.pedagogie.ac-nice.fr\/doc-azur\/wp-content\/uploads\/sites\/40\/2023\/12\/network.jpg",150,150,false],"portraits":["https:\/\/www.pedagogie.ac-nice.fr\/doc-azur\/wp-content\/uploads\/sites\/40\/2023\/12\/network.jpg",150,150,false],"thumbnail":["https:\/\/www.pedagogie.ac-nice.fr\/doc-azur\/wp-content\/uploads\/sites\/40\/2023\/12\/network.jpg",150,150,false],"medium":["https:\/\/www.pedagogie.ac-nice.fr\/doc-azur\/wp-content\/uploads\/sites\/40\/2023\/12\/network.jpg",150,150,false],"large":["https:\/\/www.pedagogie.ac-nice.fr\/doc-azur\/wp-content\/uploads\/sites\/40\/2023\/12\/network.jpg",150,150,false],"1536x1536":["https:\/\/www.pedagogie.ac-nice.fr\/doc-azur\/wp-content\/uploads\/sites\/40\/2023\/12\/network.jpg",150,150,false],"2048x2048":["https:\/\/www.pedagogie.ac-nice.fr\/doc-azur\/wp-content\/uploads\/sites\/40\/2023\/12\/network.jpg",150,150,false],"hestia-blog":["https:\/\/www.pedagogie.ac-nice.fr\/doc-azur\/wp-content\/uploads\/sites\/40\/2023\/12\/network.jpg",150,150,false],"advps-thumb-one":["https:\/\/www.pedagogie.ac-nice.fr\/doc-azur\/wp-content\/uploads\/sites\/40\/2023\/12\/network.jpg",150,150,false]},"rttpg_author":{"display_name":"Caroline Cirendini","author_link":"https:\/\/www.pedagogie.ac-nice.fr\/doc-azur\/author\/ccirendini\/"},"rttpg_comment":0,"rttpg_category":"<a href=\"https:\/\/www.pedagogie.ac-nice.fr\/doc-azur\/category\/reseau-toulon\/\" rel=\"category tag\">R\u00e9seau Toulon<\/a>","rttpg_excerpt":"Premi\u00e8re r\u00e9union inter-r\u00e9seaux de Toulon Jeudi 12 d\u00e9cembre 2024 de 9h \u00e0 16h Centre de Documentation et d&rsquo;Information du Lyc\u00e9e du Coudon, La Garde Intervenants&nbsp;: Caroline Cirendini, Jean-Marie Frizzole Pr\u00e9sents&nbsp;: 23&nbsp;&#8211; Absents&nbsp;: 13 9h \u2013 9h30 Accueil caf\u00e9 9h30 &#8211; d\u00e9but des \u00e9changes, rappel de l&rsquo;ordre du jour &nbsp; Informations [&hellip;]","post_mailing_queue_ids":[],"_links":{"self":[{"href":"https:\/\/www.pedagogie.ac-nice.fr\/doc-azur\/wp-json\/wp\/v2\/posts\/4686","targetHints":{"allow":["GET"]}}],"collection":[{"href":"https:\/\/www.pedagogie.ac-nice.fr\/doc-azur\/wp-json\/wp\/v2\/posts"}],"about":[{"href":"https:\/\/www.pedagogie.ac-nice.fr\/doc-azur\/wp-json\/wp\/v2\/types\/post"}],"author":[{"embeddable":true,"href":"https:\/\/www.pedagogie.ac-nice.fr\/doc-azur\/wp-json\/wp\/v2\/users\/295"}],"replies":[{"embeddable":true,"href":"https:\/\/www.pedagogie.ac-nice.fr\/doc-azur\/wp-json\/wp\/v2\/comments?post=4686"}],"version-history":[{"count":3,"href":"https:\/\/www.pedagogie.ac-nice.fr\/doc-azur\/wp-json\/wp\/v2\/posts\/4686\/revisions"}],"predecessor-version":[{"id":4690,"href":"https:\/\/www.pedagogie.ac-nice.fr\/doc-azur\/wp-json\/wp\/v2\/posts\/4686\/revisions\/4690"}],"wp:featuredmedia":[{"embeddable":true,"href":"https:\/\/www.pedagogie.ac-nice.fr\/doc-azur\/wp-json\/wp\/v2\/media\/3711"}],"wp:attachment":[{"href":"https:\/\/www.pedagogie.ac-nice.fr\/doc-azur\/wp-json\/wp\/v2\/media?parent=4686"}],"wp:term":[{"taxonomy":"category","embeddable":true,"href":"https:\/\/www.pedagogie.ac-nice.fr\/doc-azur\/wp-json\/wp\/v2\/categories?post=4686"},{"taxonomy":"post_tag","embeddable":true,"href":"https:\/\/www.pedagogie.ac-nice.fr\/doc-azur\/wp-json\/wp\/v2\/tags?post=4686"}],"curies":[{"name":"wp","href":"https:\/\/api.w.org\/{rel}","templated":true}]}}