{"id":4703,"date":"2025-05-18T08:57:46","date_gmt":"2025-05-18T06:57:46","guid":{"rendered":"https:\/\/www.pedagogie.ac-nice.fr\/doc-azur\/?p=4703"},"modified":"2025-05-18T08:57:46","modified_gmt":"2025-05-18T06:57:46","slug":"reunion-de-linter-reseaux-de-toulon-du-3-mars-2025","status":"publish","type":"post","link":"https:\/\/www.pedagogie.ac-nice.fr\/doc-azur\/2025\/05\/18\/reunion-de-linter-reseaux-de-toulon-du-3-mars-2025\/","title":{"rendered":"R\u00e9union de l\u2019inter-r\u00e9seaux de Toulon du 3 mars 2025"},"content":{"rendered":"<h1 style=\"text-align: center;\"><b>Deuxi\u00e8me r\u00e9union inter-r\u00e9seaux de Toulon <\/b><\/h1>\n<h2 style=\"text-align: center;\">Lundi 3 mars 2025 de 9h \u00e0 16h<\/h2>\n<h2 style=\"text-align: center;\">Centre de Documentation et d&rsquo;Information du Lyc\u00e9e Dumont d&rsquo;Urville, Toulon&nbsp;<\/h2>\n<p>&nbsp;<\/p>\n<p><strong>Intervenants&nbsp;<\/strong>: Caroline Cirendini, Jean-Marie Frizzole<\/p>\n<p>Pr\u00e9sents&nbsp;: 24 &#8211; Excus\u00e9s : 3 &nbsp;&nbsp;&nbsp;&nbsp;<\/p>\n<p>&nbsp;<\/p>\n<p>9h \u2013 9h30Accueil caf\u00e9&nbsp;9h30 &#8211; d\u00e9but des \u00e9changes, rappel de l&rsquo;ordre du jour &nbsp;&nbsp;<\/p>\n<p><strong>Rappel<\/strong>&nbsp;Tous les documents, informations et liens internet utiles sont \u00e0 retrouver sur Tribu (accessible depuis Esterel) dans <strong>l&rsquo;espace collaboratif priv\u00e9 \u00ab&nbsp;Inter-r\u00e9seaux Documentalistes Toulon&nbsp;\u00bb<\/strong> dans la rubrique \u00ab&nbsp;Documents&nbsp;\u00bb ou \u00ab&nbsp;Marque pages&nbsp;\u00bb.&nbsp;&nbsp;<\/p>\n<p><strong>Informations <\/strong>&nbsp;&#8211; Nouveau mouvement parmi nos IA IPR&nbsp;: M. Thierry Cassubie est remplac\u00e9 par M. S\u00e9bastien Beugin&nbsp;&nbsp;&nbsp;<\/p>\n<p>&nbsp;<\/p>\n<p><span style=\"text-decoration: underline;\"><strong>Th\u00e9matiques de r\u00e9flexion et pistes de travail pour l\u2019inter-r\u00e9seau<\/strong><\/span><\/p>\n<p>&nbsp;Un tour de table est organis\u00e9, d\u2019o\u00f9 il ressort que les 3 th\u00e8mes suivants&nbsp;pourraient \u00eatre d\u00e9velopp\u00e9s utilement lors des prochaines r\u00e9unions inter-r\u00e9seaux&nbsp;:&nbsp;<\/p>\n<p>&#8211; Intelligence Artificielle&nbsp;: comment l\u2019utiliser avec les \u00e9l\u00e8ves&nbsp;?&nbsp;<\/p>\n<p>&#8211; Promotion de la lecture chez les \u00e9l\u00e8ves : quelles actions concr\u00e8tes mettre en place ?&nbsp;<\/p>\n<p>&#8211; D\u00e9connexion ou r\u00e9duction des \u00e9crans&nbsp;: pour une meilleure concentration des \u00e9l\u00e8ves&nbsp;<\/p>\n<p>Ces sujets donnent lieu \u00e0 de nombreux \u00e9changes et t\u00e9moignages sur les pratiques des \u00e9l\u00e8ves dans les diff\u00e9rents \u00e9tablissements&nbsp;: quels usages de l\u2019IA font les \u00e9l\u00e8ves&nbsp;? quelles s\u00e9ances p\u00e9dagogiques proposer&nbsp;? comment rem\u00e9dier au manque d\u2019app\u00e9tence pour la lecture constat\u00e9 chez les \u00e9l\u00e8ves&nbsp;?&nbsp;<\/p>\n<p>Il est d\u00e9cid\u00e9 de mettre en commun les id\u00e9es et les actions men\u00e9es par chacun dans deux Digipad collaboratifs&nbsp;: le premier permettra de collecter des s\u00e9ances p\u00e9dagogiques pr\u00e9-existantes sur l\u2019intelligence artificielle trouv\u00e9es dans d\u2019autres r\u00e9seaux ou d\u2019autres acad\u00e9mies, voire d\u2019autres pays, afin de servir de sources d\u2019inspiration pour travailler ; le deuxi\u00e8me pour mettre en commun des actions, fussent-elles modestes, en faveur de la lecture, qu\u2019il s\u2019agisse de s\u00e9ances p\u00e9dagogiques, d\u2019am\u00e9nagement particulier au CDI, de dispositifs ou autres.&nbsp;<\/p>\n<p><strong>Liens vers les digipads&nbsp;(\u00e0 compl\u00e9ter&nbsp;!)&nbsp;:<\/strong><\/p>\n<p><a href=\"https:\/\/digipad.app\/p\/1165388\/19d17fe447de\">S\u00e9ances p\u00e9dagogiques IA&nbsp;: sources d\u2019inspiration<\/a><\/p>\n<p><a href=\"https:\/\/digipad.app\/p\/1165403\/6700b61f1f289\">Quelles action pour la lecture au CDI&nbsp;?<\/a>&nbsp;<\/p>\n<p>Pour conclure, il est d\u00e9cid\u00e9 que la 3<sup>\u00e8me<\/sup> r\u00e9union de cette ann\u00e9e 2024-25 sera consacr\u00e9e \u00e0 la question de la promotion de la lecture et \u00e0 la d\u00e9connexion. Quant \u00e0 l\u2019IA, elle fera l\u2019objet de la premi\u00e8re r\u00e9union de l\u2019ann\u00e9e prochaine 2025-26 avec par exemple une intervention de Terra Numerica et de la DRANE&nbsp;&nbsp;<\/p>\n<p>12h-13h Pause d\u00e9jeuner&nbsp;&nbsp;&nbsp;<\/p>\n<p>&nbsp;<\/p>\n<p><span style=\"text-decoration: underline;\"><strong>Ateliers<\/strong><\/span><\/p>\n<p>&nbsp;<strong>&#8211; atelier carte interactive des CDI <\/strong>&nbsp;Les participants se connectent sur le site open source openstreetmap et sont invit\u00e9s \u00e0 compl\u00e9ter la notice de leur \u00e9tablissement respectif. Probl\u00e8me : par mesure de simplicit\u00e9, un compte unique a \u00e9t\u00e9 cr\u00e9\u00e9 avec l&rsquo;adresse coordo.inter-reseaux.toulon et un mot de passe associ\u00e9 pour \u00e9viter \u00e0 chacun de devoir cr\u00e9er un compte personnel. Or la connexion simultan\u00e9e au m\u00eame compte par des utilisateurs diff\u00e9rents va occasionner des pertes de donn\u00e9es lors de la saisie, obligeant certains coll\u00e8gues \u00e0 recommencer la proc\u00e9dure plusieurs fois. L&rsquo;ajout de la photo &nbsp;<\/p>\n<p>A l&rsquo;issue de la journ\u00e9e, environ 30% des CDI du groupe inter-r\u00e9seaux figurent sur la carte. Une invitation \u00e0 compl\u00e9ter les fiches restantes sera envoy\u00e9e par mail prochainement.&nbsp;<\/p>\n<p><strong>Rappel<\/strong> : la marche \u00e0 suivre pour alimenter sa fiche est \u00e0 retrouver sur Tribu (<em>documents \/ Annuaire Inter-r\u00e9seaux<\/em>).<\/p>\n<p>&nbsp;<a href=\"https:\/\/umap.openstreetmap.fr\/fr\/map\/groupe-inter-reseaux-toulon_1030002?share#14\/43.1263\/5.9482\">Voir la carte<\/a>&nbsp;<\/p>\n<p><strong>&#8211; Esibook&nbsp;: partage de notices de livres num\u00e9riques gratuits pour nos bases documentaires<\/strong>&nbsp;<\/p>\n<p>Jean-Marie rappelle la proc\u00e9dure \u00e0 suivre pour nettoyer et renseigner le fichier : il faut supprimer les hyperliens pr\u00e9sents dans les notices. Il sugg\u00e8re d&rsquo;utiliser l&rsquo;IA pour g\u00e9n\u00e9rer les r\u00e9sum\u00e9s. Mais plusieurs coll\u00e8gues font remarquer qu&rsquo;il est n\u00e9cessaire que les contributeurs harmonisent leur pratique du r\u00e9f\u00e9rencement des notices, et \u00e9mettent des r\u00e9serves sur la qualit\u00e9 des r\u00e9sum\u00e9s g\u00e9n\u00e9r\u00e9s automatiquement.<\/p>\n<p>&nbsp;Rappel : L\u2019objectif est de pouvoir partager environ 1500 notices de livres num\u00e9riques gratuits \u00e0 ins\u00e9rer dans Bcdi. Les notices affich\u00e9es dans Esidoc permettront aux utilisateurs de t\u00e9l\u00e9charger directement le livre, au format .epub le plus souvent. &nbsp;&nbsp;&nbsp;&nbsp;&nbsp;&nbsp;<\/p>\n<p>La r\u00e9union se cl\u00f4t \u00e0 16h.<\/p>\n","protected":false},"excerpt":{"rendered":"<p>Deuxi\u00e8me r\u00e9union inter-r\u00e9seaux de Toulon Lundi 3 mars 2025 de 9h \u00e0 16h Centre de Documentation et d&rsquo;Information du Lyc\u00e9e Dumont d&rsquo;Urville, Toulon&nbsp; &nbsp; Intervenants&nbsp;: Caroline Cirendini, Jean-Marie Frizzole Pr\u00e9sents&nbsp;: 24 &#8211; Excus\u00e9s : 3 &nbsp;&nbsp;&nbsp;&nbsp; &nbsp; 9h \u2013 9h30Accueil caf\u00e9&nbsp;9h30 &#8211; d\u00e9but des \u00e9changes, rappel de l&rsquo;ordre du jour [&hellip;]<\/p>\n","protected":false},"author":295,"featured_media":3711,"comment_status":"closed","ping_status":"closed","sticky":false,"template":"","format":"standard","meta":{"ngg_post_thumbnail":0,"footnotes":""},"categories":[58],"tags":[],"class_list":["post-4703","post","type-post","status-publish","format-standard","has-post-thumbnail","hentry","category-reseau-toulon"],"rttpg_featured_image_url":{"full":["https:\/\/www.pedagogie.ac-nice.fr\/doc-azur\/wp-content\/uploads\/sites\/40\/2023\/12\/network.jpg",150,150,false],"landscape":["https:\/\/www.pedagogie.ac-nice.fr\/doc-azur\/wp-content\/uploads\/sites\/40\/2023\/12\/network.jpg",150,150,false],"portraits":["https:\/\/www.pedagogie.ac-nice.fr\/doc-azur\/wp-content\/uploads\/sites\/40\/2023\/12\/network.jpg",150,150,false],"thumbnail":["https:\/\/www.pedagogie.ac-nice.fr\/doc-azur\/wp-content\/uploads\/sites\/40\/2023\/12\/network.jpg",150,150,false],"medium":["https:\/\/www.pedagogie.ac-nice.fr\/doc-azur\/wp-content\/uploads\/sites\/40\/2023\/12\/network.jpg",150,150,false],"large":["https:\/\/www.pedagogie.ac-nice.fr\/doc-azur\/wp-content\/uploads\/sites\/40\/2023\/12\/network.jpg",150,150,false],"1536x1536":["https:\/\/www.pedagogie.ac-nice.fr\/doc-azur\/wp-content\/uploads\/sites\/40\/2023\/12\/network.jpg",150,150,false],"2048x2048":["https:\/\/www.pedagogie.ac-nice.fr\/doc-azur\/wp-content\/uploads\/sites\/40\/2023\/12\/network.jpg",150,150,false],"hestia-blog":["https:\/\/www.pedagogie.ac-nice.fr\/doc-azur\/wp-content\/uploads\/sites\/40\/2023\/12\/network.jpg",150,150,false],"advps-thumb-one":["https:\/\/www.pedagogie.ac-nice.fr\/doc-azur\/wp-content\/uploads\/sites\/40\/2023\/12\/network.jpg",150,150,false]},"rttpg_author":{"display_name":"Caroline Cirendini","author_link":"https:\/\/www.pedagogie.ac-nice.fr\/doc-azur\/author\/ccirendini\/"},"rttpg_comment":0,"rttpg_category":"<a href=\"https:\/\/www.pedagogie.ac-nice.fr\/doc-azur\/category\/reseau-toulon\/\" rel=\"category tag\">R\u00e9seau Toulon<\/a>","rttpg_excerpt":"Deuxi\u00e8me r\u00e9union inter-r\u00e9seaux de Toulon Lundi 3 mars 2025 de 9h \u00e0 16h Centre de Documentation et d&rsquo;Information du Lyc\u00e9e Dumont d&rsquo;Urville, Toulon&nbsp; &nbsp; Intervenants&nbsp;: Caroline Cirendini, Jean-Marie Frizzole Pr\u00e9sents&nbsp;: 24 &#8211; Excus\u00e9s : 3 &nbsp;&nbsp;&nbsp;&nbsp; &nbsp; 9h \u2013 9h30Accueil caf\u00e9&nbsp;9h30 &#8211; d\u00e9but des \u00e9changes, rappel de l&rsquo;ordre du jour [&hellip;]","post_mailing_queue_ids":[],"_links":{"self":[{"href":"https:\/\/www.pedagogie.ac-nice.fr\/doc-azur\/wp-json\/wp\/v2\/posts\/4703","targetHints":{"allow":["GET"]}}],"collection":[{"href":"https:\/\/www.pedagogie.ac-nice.fr\/doc-azur\/wp-json\/wp\/v2\/posts"}],"about":[{"href":"https:\/\/www.pedagogie.ac-nice.fr\/doc-azur\/wp-json\/wp\/v2\/types\/post"}],"author":[{"embeddable":true,"href":"https:\/\/www.pedagogie.ac-nice.fr\/doc-azur\/wp-json\/wp\/v2\/users\/295"}],"replies":[{"embeddable":true,"href":"https:\/\/www.pedagogie.ac-nice.fr\/doc-azur\/wp-json\/wp\/v2\/comments?post=4703"}],"version-history":[{"count":4,"href":"https:\/\/www.pedagogie.ac-nice.fr\/doc-azur\/wp-json\/wp\/v2\/posts\/4703\/revisions"}],"predecessor-version":[{"id":4707,"href":"https:\/\/www.pedagogie.ac-nice.fr\/doc-azur\/wp-json\/wp\/v2\/posts\/4703\/revisions\/4707"}],"wp:featuredmedia":[{"embeddable":true,"href":"https:\/\/www.pedagogie.ac-nice.fr\/doc-azur\/wp-json\/wp\/v2\/media\/3711"}],"wp:attachment":[{"href":"https:\/\/www.pedagogie.ac-nice.fr\/doc-azur\/wp-json\/wp\/v2\/media?parent=4703"}],"wp:term":[{"taxonomy":"category","embeddable":true,"href":"https:\/\/www.pedagogie.ac-nice.fr\/doc-azur\/wp-json\/wp\/v2\/categories?post=4703"},{"taxonomy":"post_tag","embeddable":true,"href":"https:\/\/www.pedagogie.ac-nice.fr\/doc-azur\/wp-json\/wp\/v2\/tags?post=4703"}],"curies":[{"name":"wp","href":"https:\/\/api.w.org\/{rel}","templated":true}]}}