{"id":4717,"date":"2025-05-18T09:14:16","date_gmt":"2025-05-18T07:14:16","guid":{"rendered":"https:\/\/www.pedagogie.ac-nice.fr\/doc-azur\/?p=4717"},"modified":"2025-07-08T12:00:35","modified_gmt":"2025-07-08T10:00:35","slug":"seminaire-i-a-n-documentation-2025","status":"publish","type":"post","link":"https:\/\/www.pedagogie.ac-nice.fr\/doc-azur\/2025\/05\/18\/seminaire-i-a-n-documentation-2025\/","title":{"rendered":"S\u00e9minaire I.A.N. Documentation 2025"},"content":{"rendered":"<h1 style=\"text-align: center;\">S\u00e9minaire I.A.N. Documentation 2025<\/h1>\n<h2>R\u00e9sum\u00e9 :<\/h2>\n<p>Le s\u00e9minaire I.A.N. Documentation 2025 s&rsquo;est appuy\u00e9 sur les projets num\u00e9riques acad\u00e9miques et les interventions institutionnelles autour de l\u2019IA, avec un focus sur le r\u00f4le du professeur documentaliste. Les principaux points d\u00e9velopp\u00e9s sont : les besoins en formation autour des IA g\u00e9n\u00e9ratives ; une pr\u00e9sentation des missions des IAN ; l\u2019impact de l\u2019IA sur les pratiques professionnelles : usages, p\u00e9dagogie, esprit critique, formation, gestion documentaire. Des ressources annexes viennent clore le document.<\/p>\n<h2>Le compte-rendu (Floria Dufoux et Sandrine Paquier &#8211; Expertes DNE) :<\/h2>\n<p><embed src=\"https:\/\/www.pedagogie.ac-nice.fr\/doc-azur\/wp-content\/uploads\/sites\/40\/2025\/05\/Compte-rendu-seminaire-IAN.pdf\" type=\"application\/pdf\" width=\"1200\" height=\"900\"><\/p>\n<p>&nbsp;<\/p>\n","protected":false},"excerpt":{"rendered":"<p>S\u00e9minaire I.A.N. Documentation 2025 R\u00e9sum\u00e9 : Le s\u00e9minaire I.A.N. Documentation 2025 s&rsquo;est appuy\u00e9 sur les projets num\u00e9riques acad\u00e9miques et les interventions institutionnelles autour de l\u2019IA, avec un focus sur le r\u00f4le du professeur documentaliste. Les principaux points d\u00e9velopp\u00e9s sont : les besoins en formation autour des IA g\u00e9n\u00e9ratives ; une [&hellip;]<\/p>\n","protected":false},"author":237,"featured_media":0,"comment_status":"closed","ping_status":"closed","sticky":false,"template":"","format":"standard","meta":{"ngg_post_thumbnail":0,"footnotes":""},"categories":[191],"tags":[],"class_list":["post-4717","post","type-post","status-publish","format-standard","hentry","category-actualites"],"rttpg_featured_image_url":null,"rttpg_author":{"display_name":"docazur","author_link":"https:\/\/www.pedagogie.ac-nice.fr\/doc-azur\/author\/docazur\/"},"rttpg_comment":0,"rttpg_category":"<a href=\"https:\/\/www.pedagogie.ac-nice.fr\/doc-azur\/category\/actualites\/\" rel=\"category tag\">Actualit\u00e9s<\/a>","rttpg_excerpt":"S\u00e9minaire I.A.N. Documentation 2025 R\u00e9sum\u00e9 : Le s\u00e9minaire I.A.N. Documentation 2025 s&rsquo;est appuy\u00e9 sur les projets num\u00e9riques acad\u00e9miques et les interventions institutionnelles autour de l\u2019IA, avec un focus sur le r\u00f4le du professeur documentaliste. Les principaux points d\u00e9velopp\u00e9s sont : les besoins en formation autour des IA g\u00e9n\u00e9ratives ; une [&hellip;]","post_mailing_queue_ids":[],"_links":{"self":[{"href":"https:\/\/www.pedagogie.ac-nice.fr\/doc-azur\/wp-json\/wp\/v2\/posts\/4717","targetHints":{"allow":["GET"]}}],"collection":[{"href":"https:\/\/www.pedagogie.ac-nice.fr\/doc-azur\/wp-json\/wp\/v2\/posts"}],"about":[{"href":"https:\/\/www.pedagogie.ac-nice.fr\/doc-azur\/wp-json\/wp\/v2\/types\/post"}],"author":[{"embeddable":true,"href":"https:\/\/www.pedagogie.ac-nice.fr\/doc-azur\/wp-json\/wp\/v2\/users\/237"}],"replies":[{"embeddable":true,"href":"https:\/\/www.pedagogie.ac-nice.fr\/doc-azur\/wp-json\/wp\/v2\/comments?post=4717"}],"version-history":[{"count":5,"href":"https:\/\/www.pedagogie.ac-nice.fr\/doc-azur\/wp-json\/wp\/v2\/posts\/4717\/revisions"}],"predecessor-version":[{"id":4741,"href":"https:\/\/www.pedagogie.ac-nice.fr\/doc-azur\/wp-json\/wp\/v2\/posts\/4717\/revisions\/4741"}],"wp:attachment":[{"href":"https:\/\/www.pedagogie.ac-nice.fr\/doc-azur\/wp-json\/wp\/v2\/media?parent=4717"}],"wp:term":[{"taxonomy":"category","embeddable":true,"href":"https:\/\/www.pedagogie.ac-nice.fr\/doc-azur\/wp-json\/wp\/v2\/categories?post=4717"},{"taxonomy":"post_tag","embeddable":true,"href":"https:\/\/www.pedagogie.ac-nice.fr\/doc-azur\/wp-json\/wp\/v2\/tags?post=4717"}],"curies":[{"name":"wp","href":"https:\/\/api.w.org\/{rel}","templated":true}]}}