{"id":4775,"date":"2025-05-20T11:48:14","date_gmt":"2025-05-20T09:48:14","guid":{"rendered":"https:\/\/www.pedagogie.ac-nice.fr\/doc-azur\/?p=4775"},"modified":"2025-05-23T16:06:18","modified_gmt":"2025-05-23T14:06:18","slug":"__trashed","status":"publish","type":"post","link":"https:\/\/www.pedagogie.ac-nice.fr\/doc-azur\/2025\/05\/20\/__trashed\/","title":{"rendered":"Le professeur documentaliste et le travail des comp\u00e9tences psychosociales, au c\u0153ur de l&rsquo;intelligence collective"},"content":{"rendered":"\n<p><p class=\"western\" style=\"text-align: justify;\"><i>Cet article r\u00e9flexif est le fruit d\u2019une collaboration entre professeures documentalistes r\u00e9f\u00e9rentes des TraAM Documentation 2024-2025 sur le th\u00e8me de \u201cl\u2019intelligence collective au service des comp\u00e9tences du XXI<\/i><sup><i>\u00e8me <\/i><\/sup><span style=\"font-size: medium;\"><i>si\u00e8cle<\/i><\/span><i>\u201d.<\/i><\/p><\/p>\n\n\n\n<p><p class=\"western\" style=\"text-align: justify;\">Au cours de sa scolarit\u00e9, l\u2019\u00e9l\u00e8ve est amen\u00e9\u00b7e \u00e0 communiquer avec autrui, notamment les autres enfants et adolescent\u00b7es, ainsi que les enseignant\u00b7es. Ces rencontres peuvent \u00eatre marquantes. Si certaines relations s\u2019av\u00e8rent alors difficiles, voire d\u00e9licates, et n\u00e9cessitent des interventions professionnelles, d\u2019autres sont une source d\u2019enrichissement mutuel et de r\u00e9v\u00e9lation \u00e0 soi-m\u00eame. Ainsi, dans <i>Les Pieds sur Terre<\/i>, \u00e9mission de Sonia Kronlund sp\u00e9cialis\u00e9e dans le reportage sans commentaire de <i>France Culture<\/i>, certains \u00e9pisodes comme \u00ab&nbsp;Un prof <strong>pour la vie<\/strong><sup class=\"fn\" data-fn=\"5759ecba-5c52-4160-b0dc-a5f4d9b05bb6\"><a id=\"5759ecba-5c52-4160-b0dc-a5f4d9b05bb6-link\" href=\"#5759ecba-5c52-4160-b0dc-a5f4d9b05bb6\">1<\/a><\/sup> \u00bb laissent la parole \u00e0 d\u2019ancien\u00b7nes \u00e9l\u00e8ves nourrissant une forte gratitude pour leurs enseignant\u00b7es, \u00e9voquant la fa\u00e7on dont leurs \u00e9changes furent d\u00e9cisifs pour construire leur confiance en eux. Les professeur\u00b7es documentalistes ne sont pas en reste car une belle place leur fut \u00e9galement accord\u00e9e dans \u00ab<em>&nbsp;Knowledge<\/em> et <strong>le CDI<\/strong> \u00bb<sup class=\"fn\" data-fn=\"e5a6d92f-129c-4478-ba45-23183d69f43e\"><a id=\"e5a6d92f-129c-4478-ba45-23183d69f43e-link\" href=\"#e5a6d92f-129c-4478-ba45-23183d69f43e\">2<\/a><\/sup> : dans cet \u00e9pisode, une \u00e9l\u00e8ve explique comment sa relation avec Pascale Nicq, la professeure documentaliste, ainsi que son rapport au lieu CDI, lui permettent de s\u2019\u00e9panouir socialement, cognitivement et \u00e9motionnellement. Pour ce faire, les comp\u00e9tences psychosociales sont particuli\u00e8rement travaill\u00e9es lors du passage des \u00e9l\u00e8ves au CDI&nbsp;: \u00e0 travers l\u2019\u00c9ducation aux M\u00e9dias et \u00e0 l\u2019Information (EMI), le r\u00e9f\u00e9rentiel de comp\u00e9tences des professeur\u00b7es documentalistes encourage ces derni\u00e8r\u00b7es \u00e0 d\u00e9velopper \u00ab&nbsp; une p\u00e9dagogie favorisant l&rsquo;autonomie, l&rsquo;initiative et le travail collaboratif des \u00e9l\u00e8ves&nbsp;\u00bb. L\u2019enseignant\u00b7e \u00ab&nbsp;accompagne la production d&rsquo;un travail personnel d&rsquo;un \u00e9l\u00e8ve ou d&rsquo;un groupe d&rsquo;\u00e9l\u00e8ves et les aide dans leur acc\u00e8s \u00e0 l&rsquo;<strong>autonomie<\/strong> \u00bb<sup class=\"fn\" data-fn=\"c967b21b-21a1-40d3-86a4-73a897a518e5\"><a id=\"c967b21b-21a1-40d3-86a4-73a897a518e5-link\" href=\"#c967b21b-21a1-40d3-86a4-73a897a518e5\">3<\/a><\/sup>.<\/p><\/p>\n\n\n\n<p><p style=\"text-align: justify;\">Dans ce cadre, les comp\u00e9tences psychosociales des \u00e9l\u00e8ves sont alors au service des comp\u00e9tences info-documentaires, elles-m\u00eames les nourrissant en retour, le tout dans une \u00e9mulsion investissant l\u2019intelligence collective.<\/p><\/p>\n\n\n\n<p><p style=\"text-align: justify;\">Le groupe de travail ici forg\u00e9 s\u2019est alors demand\u00e9, en se basant sur les travaux actuels et de l\u2019ann\u00e9e 2023-2024&nbsp;: <strong>des comp\u00e9tences psychosociales aux comp\u00e9tences info-documentaires, quels leviers peuvent \u00eatre saisis au service de l\u2019intelligence collective&nbsp;? <\/strong><\/p><\/p>\n\n\n\n<p><p class=\"western\" style=\"text-align: justify;\">Apr\u00e8s un point historique et social sur l\u2019implantation des Comp\u00e9tences PsychoSociales (CPS) et des <em>soft skills<\/em> dans les discours \u00e9ducatifs et professionnels, une premi\u00e8re focale est mise dans cet article r\u00e9flexif sur l\u2019\u00e9valuation et la validation collaborative de l\u2019information puis une deuxi\u00e8me sur l\u2019accompagnement des \u00c9l\u00e8ves \u00e0 Besoins \u00c9ducatifs Particuliers (EBEP) par les professeur\u00b7es documentalistes.<\/p><\/p>\n\n\n\n<h2 class=\"wp-block-heading\" style=\"text-align: justify;\">1. Les CPS et les <em>soft skills<\/em>, du parcours d\u2019\u00e9l\u00e8ve au monde professionnel<\/h2>\n\n\n\n<p><p style=\"text-align: justify;\"><strong><em>&nbsp;<\/em><\/strong>&nbsp;&nbsp;&nbsp;&nbsp;&nbsp;&nbsp;&nbsp;&nbsp;&nbsp;&nbsp;&nbsp; 1.1. Des CPS ayant connu une \u00e9volution de leurs d\u00e9finitions<em>&nbsp;<\/em><\/p><\/p>\n\n\n\n<p><p style=\"text-align: justify;\">Les comp\u00e9tences psychosociales ont \u00e9t\u00e9 d\u00e9velopp\u00e9es durant les ann\u00e9es 1980 et 1990 par l\u2019Organisation Mondiale de la Sant\u00e9 , qui les d\u00e9finit comme \u00ab la capacit\u00e9 d\u2019une personne \u00e0 faire face efficacement aux exigences et aux d\u00e9fis de la vie quotidienne. C\u2019est la capacit\u00e9 d\u2019une personne \u00e0 maintenir un \u00e9tat de bien-\u00eatre psychique et \u00e0 le d\u00e9montrer par un comportement adapt\u00e9 et positif lors d\u2019interactions avec les autres, sa culture et son <strong>environnement<\/strong> \u00bb<sup class=\"fn\" data-fn=\"906429a7-2d4e-4710-a118-c50fb353ec10\"><a id=\"906429a7-2d4e-4710-a118-c50fb353ec10-link\" href=\"#906429a7-2d4e-4710-a118-c50fb353ec10\">4<\/a><\/sup>.<\/p><\/p>\n\n\n\n<p><p style=\"text-align: justify;\">Pour ce faire, la personne est amen\u00e9e \u00e0 \u00ab renforcer [ses] ressources d\u2019adaptation (<em>coping<\/em>) [&#8230;] et ses comp\u00e9tences personnelles et<strong> sociales <\/strong>\u00bb<sup class=\"fn\" data-fn=\"31714e21-6750-455b-9479-b3d341881e46\"><a id=\"31714e21-6750-455b-9479-b3d341881e46-link\" href=\"#31714e21-6750-455b-9479-b3d341881e46\">5<\/a><\/sup>.<\/p><\/p>\n\n\n\n<p><p style=\"text-align: justify;\">Dans les d\u00e9finitions les plus r\u00e9centes, les comp\u00e9tences mentionn\u00e9es par l\u2019OMS sont pour leur part d\u00e9sign\u00e9es comme \u00ab un groupe de comp\u00e9tences psychosociales et interpersonnelles qui aident les personnes \u00e0 prendre des d\u00e9cisions \u00e9clair\u00e9es, \u00e0 r\u00e9soudre des probl\u00e8mes, \u00e0 penser de fa\u00e7on critique et cr\u00e9ative, \u00e0 communiquer de fa\u00e7on efficace, \u00e0 construire des relations saines, \u00e0 rentrer en empathie avec les autres, \u00e0 faire face aux difficult\u00e9s et \u00e0 g\u00e9rer leur vie de mani\u00e8re saine et <strong>productive<\/strong> \u00bb<sup class=\"fn\" data-fn=\"5cb36410-a68f-4752-bcc9-0e2d3fca8b62\"><a id=\"5cb36410-a68f-4752-bcc9-0e2d3fca8b62-link\" href=\"#5cb36410-a68f-4752-bcc9-0e2d3fca8b62\">6<\/a><\/sup>.<\/p><\/p>\n\n\n\n<p><p style=\"text-align: justify;\">Neuf comp\u00e9tences r\u00e9parties en trois cat\u00e9gories ont alors \u00e9t\u00e9 fix\u00e9es par l\u2019OMS et Sant\u00e9 Publique <strong>France<\/strong><sup class=\"fn\" data-fn=\"ef733481-2216-4787-b2b9-037df9965252\"><a id=\"ef733481-2216-4787-b2b9-037df9965252-link\" href=\"#ef733481-2216-4787-b2b9-037df9965252\">7<\/a><\/sup> :<\/p><\/p>\n\n\n\n<figure class=\"wp-block-image size-full\" style=\"text-align: justify;\"><img loading=\"lazy\" decoding=\"async\" width=\"642\" height=\"222\" class=\"wp-image-4734\" src=\"https:\/\/www.pedagogie.ac-nice.fr\/doc-azur\/wp-content\/uploads\/sites\/40\/2025\/05\/Image1.png\" alt=\"\" srcset=\"https:\/\/www.pedagogie.ac-nice.fr\/doc-azur\/wp-content\/uploads\/sites\/40\/2025\/05\/Image1.png 642w, https:\/\/www.pedagogie.ac-nice.fr\/doc-azur\/wp-content\/uploads\/sites\/40\/2025\/05\/Image1-300x104.png 300w\" sizes=\"auto, (max-width: 642px) 100vw, 642px\" \/><\/figure>\n\n\n\n<p><p style=\"text-align: justify;\">Figure 1: Les comp\u00e9tences psychosociales : l&rsquo;essentiel \u00e0 savoir. Sant\u00e9 Publique France, 2023.<\/p><\/p>\n\n\n\n<p><p style=\"text-align: justify;\">Ces trois cat\u00e9gories sont subdivis\u00e9es comme suit&nbsp;:<\/p><\/p>\n\n\n\n<ul class=\"wp-block-list\" style=\"text-align: justify;\">\n\n<li><span style=\"color: #0000ff;\"><strong>Les comp\u00e9tences cognitives&nbsp;:<\/strong><\/span>\n\n<ul class=\"wp-block-list\">\n\n<li><span style=\"color: #0000ff;\">Avoir conscience de soi<\/span><\/li>\n\n\r\n\r\n\n<li><span style=\"color: #0000ff;\">Capacit\u00e9s de ma\u00eetrise de soi<\/span><\/li>\n\n\r\n\r\n\n<li><span style=\"color: #0000ff;\">Prendre des d\u00e9cisions constructives<\/span><\/li>\n\n<\/ul>\n\n<\/li>\n\n\r\n\r\n\n<li><span style=\"color: #ff00ff;\"><strong>Les comp\u00e9tences \u00e9motionnelles :<\/strong><\/span>\n\n<ul class=\"wp-block-list\">\n\n<li><span style=\"color: #ff00ff;\">Avoir conscience de ses \u00e9motions et de son stress<\/span><\/li>\n\n\r\n\r\n\n<li><span style=\"color: #ff00ff;\">R\u00e9guler ses \u00e9motions<\/span><\/li>\n\n\r\n\r\n\n<li><span style=\"color: #ff00ff;\">G\u00e9rer son stress<\/span><\/li>\n\n<\/ul>\n\n<\/li>\n\n\r\n\r\n\n<li><span style=\"color: #cc99ff;\"><strong>Les comp\u00e9tences sociales :<\/strong><\/span>\n\n<ul class=\"wp-block-list\">\n\n<li><span style=\"color: #cc99ff;\">Communiquer de fa\u00e7on constructive<\/span><\/li>\n\n\r\n\r\n\n<li><span style=\"color: #cc99ff;\">D\u00e9velopper des relations constructives<\/span><\/li>\n\n\r\n\r\n\n<li><span style=\"color: #cc99ff;\">R\u00e9soudre des difficult\u00e9s<\/span><\/li>\n\n<\/ul>\n\n<\/li>\n\n<\/ul>\n\n\n\n<p><p style=\"text-align: justify;\">En 2022, Sant\u00e9 Publique France a pour sa part propos\u00e9 une d\u00e9finition actualis\u00e9e des comp\u00e9tences psychosociales, les d\u00e9signant comme \u00ab&nbsp;un ensemble coh\u00e9rent et interreli\u00e9 de capacit\u00e9s psychologiques (cognitives, \u00e9motionnelles et sociales), impliquant des connaissances, des processus intrapsychiques et des comportements sp\u00e9cifiques, qui permettent d\u2019augmenter l\u2019autonomisation et le pouvoir d\u2019agir (<em>empowerment<\/em>), de maintenir un \u00e9tat de bien-\u00eatre psychique, de favoriser un fonctionnement individuel optimal et de d\u00e9velopper des interactions <strong>constructives<\/strong> \u00bb<sup class=\"fn\" data-fn=\"82fc4128-09f4-48c6-8a89-34ba9f64c3ee\"><a id=\"82fc4128-09f4-48c6-8a89-34ba9f64c3ee-link\" href=\"#82fc4128-09f4-48c6-8a89-34ba9f64c3ee\">8<\/a><\/sup>.<\/p><\/p>\n\n\n\n<p><p style=\"text-align: justify;\">Les comp\u00e9tences sociales telles que la communication constructive, le d\u00e9veloppement de relations constructives et la r\u00e9solution de difficult\u00e9s peuvent alors s\u2019int\u00e9grer ais\u00e9ment aux comp\u00e9tences du XXI<sup>\u00e8me<\/sup> si\u00e8cle. D\u2019apr\u00e8s Margarida Romero, professeure des universit\u00e9s, et d\u2019autres auteur\u00b7ices s\u2019\u00e9tant pench\u00e9s sur le sujet, il existerait en effet cinq comp\u00e9tences \u00ab&nbsp;cl\u00e9s&nbsp;\u00bb pour le XXI<sup>\u00e8me<\/sup> si\u00e8cle, qui s\u2019adapteraient aux nouvelles probl\u00e9matiques et besoins, tant formatifs, professionnels que sociaux, de l\u2019<strong>\u00e9poque<\/strong><sup class=\"fn\" data-fn=\"0cbd4c83-b180-4202-9996-85b09b7401f7\"><a id=\"0cbd4c83-b180-4202-9996-85b09b7401f7-link\" href=\"#0cbd4c83-b180-4202-9996-85b09b7401f7\">9<\/a><\/sup>.<\/p><\/p>\n\n\n\n<p><p style=\"text-align: justify;\">Ces habilet\u00e9s auraient \u00e9t\u00e9 d\u00e9sign\u00e9es lors du projet #CoCreaTIC de recherche de l\u2019Universit\u00e9 de Laval en 2017 et viseraient \u00e0 int\u00e9grer les technologies de l\u2019information et de la communication \u00e0 l\u2019\u00e9cole primaire. Les voici&nbsp;:<\/p><\/p>\n\n\n\n<ol class=\"wp-block-list\" style=\"text-align: justify;\">\n\n<li>La pens\u00e9e critique<\/li>\n\n\r\n\r\n\n<li>La collaboration<\/li>\n\n\r\n\r\n\n<li>La r\u00e9solution de probl\u00e8mes<\/li>\n\n\r\n\r\n\n<li>La cr\u00e9ativit\u00e9<\/li>\n\n\r\n\r\n\n<li>La pens\u00e9e informatique<\/li>\n\n<\/ol>\n\n\n\n<p><p style=\"text-align: justify;\">Pour d\u00e9velopper ces comp\u00e9tences, Margarida Romero recommande notamment de mettre en place des \u00ab&nbsp;activit\u00e9s d\u2019apprentissage collaboratives et <strong>cr\u00e9atives<\/strong> \u00bb<sup class=\"fn\" data-fn=\"3dabba31-cfb9-45df-8788-b48ec16b09a3\"><a id=\"3dabba31-cfb9-45df-8788-b48ec16b09a3-link\" href=\"#3dabba31-cfb9-45df-8788-b48ec16b09a3\">10<\/a><\/sup> visant la r\u00e9solution cocr\u00e9ative de probl\u00e8mes avec l\u2019<strong>informatique<\/strong><sup class=\"fn\" data-fn=\"cc7fb161-ba9a-4eb7-b4df-3394a2b24563\"><a id=\"cc7fb161-ba9a-4eb7-b4df-3394a2b24563-link\" href=\"#cc7fb161-ba9a-4eb7-b4df-3394a2b24563\">11<\/a><\/sup>.<\/p><\/p>\n\n\n\n<figure class=\"wp-block-image size-full\" style=\"text-align: justify;\"><img loading=\"lazy\" decoding=\"async\" width=\"353\" height=\"346\" class=\"wp-image-4736\" src=\"https:\/\/www.pedagogie.ac-nice.fr\/doc-azur\/wp-content\/uploads\/sites\/40\/2025\/05\/Image2.png\" alt=\"\" srcset=\"https:\/\/www.pedagogie.ac-nice.fr\/doc-azur\/wp-content\/uploads\/sites\/40\/2025\/05\/Image2.png 353w, https:\/\/www.pedagogie.ac-nice.fr\/doc-azur\/wp-content\/uploads\/sites\/40\/2025\/05\/Image2-300x294.png 300w\" sizes=\"auto, (max-width: 353px) 100vw, 353px\" \/><\/figure>\n\n\n\n<p><p style=\"text-align: justify;\">Figure 2: Romero, Margarida. Les comp\u00e9tences pour le XXI<sup>e<\/sup> si\u00e8cle&nbsp;: usages cr\u00e9atifs du num\u00e9rique pour l\u2019apprentissage au XXI<sup>e<\/sup> si\u00e8cle, 2017.<\/p><\/p>\n\n\n\n<p><p style=\"text-align: justify;\">D\u2019une fa\u00e7on plus g\u00e9n\u00e9rale enfin, ces comp\u00e9tences psychosociales et comp\u00e9tences du XXI<sup>\u00e8me <\/sup>si\u00e8cle se sont grandement nourries des d\u00e9nomm\u00e9es <em>soft skills<\/em>, mises en avant au d\u00e9but des ann\u00e9es 2000&nbsp;: elles sont d\u00e9sign\u00e9es comme \u00e9tant des \u00ab comp\u00e9tences non-cognitives \u00bb.<\/p><\/p>\n\n\n\n<p><p style=\"text-align: justify;\">Lors d\u2019un travail men\u00e9 dans le cadre de la cr\u00e9ation d\u2019un parcours de formation <em>M@gistere<\/em> par les professeur\u00b7es documentalistes de l\u2019acad\u00e9mie de Nice investi\u00b7es dans les TraAM EMI 2022-2023, ces <em>soft skills <\/em>ont \u00e9t\u00e9 list\u00e9es comme suit, \u00e0 partir de celles revenant le plus r\u00e9guli\u00e8rement sur diff\u00e9rents sites Internet&nbsp;:<\/p><\/p>\n\n\n\n<ul class=\"wp-block-list\" style=\"text-align: justify;\">\n\n<li>La r\u00e9flexion, l\u2019analyse et l\u2019esprit critique<\/li>\n\n\r\n\r\n\n<li>L\u2019organisation, la gestion<\/li>\n\n\r\n\r\n\n<li>Les comp\u00e9tences interpersonnelles&nbsp;: la coop\u00e9ration, le travail en \u00e9quipe, le <em>leadership<\/em><\/li>\n\n\r\n\r\n\n<li>La communication<\/li>\n\n\r\n\r\n\n<li>L\u2019autonomie<\/li>\n\n\r\n\r\n\n<li>La ma\u00eetrise de soi<\/li>\n\n\r\n\r\n\n<li>La curiosit\u00e9 et volont\u00e9 d\u2019apprendre<\/li>\n\n\r\n\r\n\n<li>La cr\u00e9ativit\u00e9<\/li>\n\n<\/ul>\n\n\n\n<p><p style=\"text-align: justify;\">Une confusion peut d\u00e8s lors s\u2019installer quant \u00e0 la diff\u00e9rence entre comp\u00e9tences psychosociales, <em>soft skills<\/em> et personnalit\u00e9 de l\u2019individu. Pour comprendre ce qui les diff\u00e9rencie, il faut garder \u00e0 l\u2019esprit que les traits de caract\u00e8re \u00ab d\u00e9signent un \u00e9ventail de facettes personnelles relativement stables au fil du <strong>temps<\/strong> \u00bb<sup class=\"fn\" data-fn=\"a478a7e1-eecd-4984-a862-3e6c95da00f0\"><a id=\"a478a7e1-eecd-4984-a862-3e6c95da00f0-link\" href=\"#a478a7e1-eecd-4984-a862-3e6c95da00f0\">12<\/a><\/sup> l\u00e0 o\u00f9 les comp\u00e9tences se caract\u00e9risent par \u00ab la possibilit\u00e9 de changement et de <strong>d\u00e9veloppement<\/strong> \u00bb<sup class=\"fn\" data-fn=\"76d8ca4c-993b-4702-9d7c-085fdabed3fe\"><a id=\"76d8ca4c-993b-4702-9d7c-085fdabed3fe-link\" href=\"#76d8ca4c-993b-4702-9d7c-085fdabed3fe\">13<\/a><\/sup>.<\/p><\/p>\n\n\n\n<p><p style=\"text-align: justify;\">Ainsi, les comp\u00e9tences psychosociales sont amen\u00e9es \u00e0 s\u2019acqu\u00e9rir ou s\u2019\u00e9limer au fur et \u00e0 mesure du temps, l\u00e0 o\u00f9 la personnalit\u00e9 demeure.<\/p><\/p>\n\n\n\n<p><p style=\"text-align: justify;\">Le monde professionnel s\u2019est alors empar\u00e9 de ces comp\u00e9tences psychosociales, <em>soft skills<\/em> et comp\u00e9tences du XXI<sup>\u00e8me<\/sup> si\u00e8cle.<\/p><\/p>\n\n\n\n<p><p style=\"text-align: justify;\">&nbsp;<\/p><\/p>\n\n\n\n<h3 class=\"wp-block-heading\" style=\"text-align: justify;\">&nbsp;&nbsp;&nbsp;&nbsp;&nbsp;&nbsp;&nbsp;&nbsp;&nbsp;&nbsp;&nbsp; 1.2. L\u2019investissement des CPS par le monde professionnel<\/h3>\n\n\n\n<p><p style=\"text-align: justify;\">Les comp\u00e9tences psychosociales sont importantes d\u00e8s les choix d\u2019orientation professionnelle des jeunes. Elles sont un enjeu d\u2019autonomie et de motivation dans l\u2019investissement d\u2019un projet d\u2019orientation et concourent \u00e0 \u00ab&nbsp;favoriser l\u2019expression des int\u00e9r\u00eats personnels et professionnels, valeurs, motivations, aptitudes, itin\u00e9raires pass\u00e9s, afin d\u2019utiliser ces ressources pour inventorier tous les <strong>possibles<\/strong>.&nbsp;\u00bb<sup class=\"fn\" data-fn=\"a3e1b8be-ad84-4e5d-a395-3687dcf44d6d\"><a id=\"a3e1b8be-ad84-4e5d-a395-3687dcf44d6d-link\" href=\"#a3e1b8be-ad84-4e5d-a395-3687dcf44d6d\">14<\/a><\/sup><\/p><\/p>\n\n\n\n<p><p style=\"text-align: justify;\">Par le biais de d\u00e9marches d\u2019accompagnement socio-\u00e9ducatif assur\u00e9es par des professionnels de l\u2019\u00e9ducation mais aussi par des professionnels sur le terrain, les comp\u00e9tences psychosociales permettent d\u00e8s lors de favoriser l\u2019int\u00e9gration sociale et professionnelle des jeunes adultes, notamment en d\u00e9veloppant par ricochet leurs comp\u00e9tences <strong>socioprofessionnelles<\/strong><sup class=\"fn\" data-fn=\"d0a050b2-aebe-43c1-a9b6-c572a3ff8098\"><a id=\"d0a050b2-aebe-43c1-a9b6-c572a3ff8098-link\" href=\"#d0a050b2-aebe-43c1-a9b6-c572a3ff8098\">15<\/a><\/sup>. La r\u00e9int\u00e9gration peut en effet \u00eatre frein\u00e9e par les probl\u00e8mes suivants&nbsp;: \u00ab&nbsp;addictions, souffrance ou handicap psychologique, probl\u00e8mes de sant\u00e9, isolement social, probl\u00e8mes familiaux, ma\u00eetrise du fran\u00e7ais, mobilit\u00e9, logement, endettement, probl\u00e8mes administratifs et d\u2019acc\u00e8s aux droits et difficult\u00e9s avec la <strong>justice<\/strong>.&nbsp;\u00bb<sup class=\"fn\" data-fn=\"f1ea1d7e-b182-4426-9e59-6c730a9d6a63\"><a id=\"f1ea1d7e-b182-4426-9e59-6c730a9d6a63-link\" href=\"#f1ea1d7e-b182-4426-9e59-6c730a9d6a63\">16<\/a><\/sup><\/p><\/p>\n\n\n\n<p><p style=\"text-align: justify;\">La ma\u00eetrise de nombreuses comp\u00e9tences psychosociales est d\u2019ailleurs souhait\u00e9e par de nombreux employeurs. Ainsi, une \u00e9tude men\u00e9e par France Travail en 2016 a r\u00e9v\u00e9l\u00e9 leurs principales attentes, et elles sont pour certaines transversales \u00e0 de nombreuses sph\u00e8res professionnelles&nbsp;:<\/p><\/p>\n\n\n\n<ul class=\"wp-block-list\" style=\"text-align: justify;\">\n\n<li>Motivation et disponibilit\u00e9,<\/li>\n\n\r\n\r\n\n<li>Bon relationnel et bonne pr\u00e9sentation,<\/li>\n\n\r\n\r\n\n<li>Polyvalence et capacit\u00e9 d\u2019<strong>adaptation<\/strong><sup class=\"fn\" data-fn=\"3990b24c-2944-455d-b77e-a8f1f8bfc93d\"><a id=\"3990b24c-2944-455d-b77e-a8f1f8bfc93d-link\" href=\"#3990b24c-2944-455d-b77e-a8f1f8bfc93d\">17<\/a><\/sup>.<\/li>\n\n<\/ul>\n\n\n\n<p><p style=\"text-align: justify;\">Le d\u00e9veloppement des CPS est d\u2019autant plus important que l\u2019environnement de travail repr\u00e9sente en lui-m\u00eame un facteur de risque d\u2019implantation de risques <strong>psychosociaux<\/strong><sup class=\"fn\" data-fn=\"3ccade2f-9f59-477e-930c-68b040e90a33\"><a id=\"3ccade2f-9f59-477e-930c-68b040e90a33-link\" href=\"#3ccade2f-9f59-477e-930c-68b040e90a33\">18<\/a><\/sup>. Face \u00e0 ce risque, les comp\u00e9tences psychosociales peuvent \u00eatre mobilis\u00e9es dans le cadre professionnel pour les d\u00e9passer, les contrer, les \u00e9viter, et ainsi relever les d\u00e9fis du quotidien et permettre un gain de productivit\u00e9. Bien entendu, l\u2019investissement des CPS par l\u2019individu seul n\u2019est pas suffisant face \u00e0 des probl\u00e9matiques le d\u00e9passant et sur lesquelles il n\u2019a que peu d\u2019impact telles qu\u2019 \u00ab&nbsp;Un logement insalubre, un travail peu valorisant, un acc\u00e8s difficile \u00e0 des processus de formation continue, une absence de moments de d\u00e9tente, de loisirs seul ou avec d\u2019autres ou encore un environnement <strong>n\u00e9faste&nbsp;<\/strong>\u00bb<sup class=\"fn\" data-fn=\"a23f58e3-b0f8-4803-8088-414e784f2430\"><a id=\"a23f58e3-b0f8-4803-8088-414e784f2430-link\" href=\"#a23f58e3-b0f8-4803-8088-414e784f2430\">19<\/a><\/sup>. La sant\u00e9 mentale au travail peut aussi \u00eatre mise \u00e0 mal du fait de \u00ab&nbsp;conflits interpersonnels, stress manag\u00e9rial, charges mentales excessives, harc\u00e8lements, agressions physiques ou verbales sur le lieu de <strong>travail&nbsp;<\/strong>\u00bb<sup class=\"fn\" data-fn=\"2a5dad9e-7b1e-48ab-8949-5c6082501987\"><a id=\"2a5dad9e-7b1e-48ab-8949-5c6082501987-link\" href=\"#2a5dad9e-7b1e-48ab-8949-5c6082501987\">20<\/a><\/sup>. Ces derniers repr\u00e9sentent en eux-m\u00eames un facteur de risque majeur d\u2019installation de d\u00e9pressions nerveuses et d\u2019addictions, d\u00e9gradant non seulement la vie de la personne mais aussi les conditions de travail et le bien-\u00eatre de tou\u00b7tes au sein d\u2019une structure.<\/p><\/p>\n\n\n\n<p><p style=\"text-align: justify;\">Dans son Projet d\u2019Avenir de l\u2019\u00c9ducation et des Comp\u00e9tences 2030, l\u2019OCDE (Organisation &#8211; internationale &#8211; de coop\u00e9ration et de d\u00e9veloppement \u00e9conomique) pr\u00e9conise n\u00e9anmoins de ne pas limiter les CPS \u00e0 la pr\u00e9paration au monde du travail chez les jeunes mais de les int\u00e9grer plut\u00f4t \u00e0 un enjeu d\u2019avenir g\u00e9n\u00e9ral : <em>\u00ab L&rsquo;avenir, par d\u00e9finition, est impr\u00e9visible ; mais en \u00e9tant \u00e0 l&rsquo;\u00e9coute de certaines tendances qui d\u00e9ferlent actuellement dans le monde, nous pouvons apprendre &#8211; et aider nos enfants \u00e0 apprendre &#8211; \u00e0 s&rsquo;adapter, prosp\u00e9rer et m\u00eame fa\u00e7onner ce que l&rsquo;avenir nous r\u00e9serve. Les \u00e9l\u00e8ves ont besoin de soutien pour d\u00e9velopper non seulement des connaissances et des comp\u00e9tences, mais aussi des attitudes et des valeurs qui peuvent les guider vers des actions \u00e9thiques et <strong>responsables<\/strong>.<\/em>\u00bb<sup class=\"fn\" data-fn=\"a81cb82f-53da-493a-a745-fc97561313f1\"><a id=\"a81cb82f-53da-493a-a745-fc97561313f1-link\" href=\"#a81cb82f-53da-493a-a745-fc97561313f1\">21<\/a><\/sup><\/p><\/p>\n\n\n\n<p><p style=\"text-align: justify;\">En amont de cette entr\u00e9e dans le monde professionnel et de la construction de l\u2019avenir, l\u2019OMS indique que le d\u00e9veloppement des CPS est favoris\u00e9 par \u00ab l\u2019enseignement de comp\u00e9tences de base utiles \u00e0 la vie (d\u00e9nomm\u00e9es en anglais <em>life skills<\/em>) au sein d\u2019un environnement scolaire <strong>soutenant<\/strong> \u00bb<sup class=\"fn\" data-fn=\"7d37440f-70e6-4235-996c-ad9719377c6d\"><a id=\"7d37440f-70e6-4235-996c-ad9719377c6d-link\" href=\"#7d37440f-70e6-4235-996c-ad9719377c6d\">22<\/a><\/sup>. Les b\u00e9n\u00e9fices des comp\u00e9tences psychosociales et des <em>soft skills<\/em> font en effet consensus&nbsp;sur le plan scolaire : un rapport d\u2019experts r\u00e9alis\u00e9 par l\u2019Institut Aspen (<em>un think tank am\u00e9ricain)<\/em> en&nbsp;2017 conclut ainsi que <em>\u00ab&nbsp;les cours sont plus efficaces et les \u00e9l\u00e8ves apprennent davantage quand les enfants et les adolescents acqui\u00e8rent les capacit\u00e9s de g\u00e9rer leurs \u00e9motions, de se concentrer, d\u2019\u00e9tablir des relations constructives avec leurs pairs et les adultes, de persister malgr\u00e9 les difficult\u00e9s rencontr\u00e9es, de r\u00e9soudre les <strong>probl\u00e8mes&nbsp;<\/strong>\u00bb<\/em><sup class=\"fn\" data-fn=\"1752628e-0c4f-453f-ab6d-73461ebc9f92\"><a id=\"1752628e-0c4f-453f-ab6d-73461ebc9f92-link\" href=\"#1752628e-0c4f-453f-ab6d-73461ebc9f92\">23<\/a><\/sup><em>.&nbsp;<\/em><\/p><\/p>\n\n\n\n<p><p style=\"text-align: justify;\">Ces raisons expliquent pourquoi le monde de l\u2019\u00e9ducation est devenu un fer de lance du d\u00e9veloppement des CPS en France.<\/p><\/p>\n\n\n\n<p><p style=\"text-align: justify;\">&nbsp;<\/p><\/p>\n\n\n\n<h3 class=\"wp-block-heading\" style=\"text-align: justify;\">&nbsp;&nbsp;&nbsp;&nbsp;&nbsp;&nbsp;&nbsp;&nbsp;&nbsp;&nbsp;&nbsp; 1.3. L\u2019investissement des CPS par l\u2019\u00c9ducation Nationale et les professeur\u00b7es documentalistes<\/h3>\n\n\n\n<p><p style=\"text-align: justify;\"><em>&nbsp;<\/em> &nbsp;&nbsp;&nbsp;&nbsp;&nbsp;&nbsp;&nbsp;&nbsp;&nbsp;&nbsp; Les CPS ne font pas explicitement partie des programmes du Minist\u00e8re de l\u2019\u00c9ducation Nationale et de l\u2019Enseignement Sup\u00e9rieur. Toutefois, ce sont des \u00ab&nbsp;comp\u00e9tences transversales, g\u00e9n\u00e9riques et interdisciplinaires&nbsp;\u00bb et elles impliquent et repr\u00e9sentent ainsi \u00ab&nbsp;un ancrage social et un questionnement p\u00e9dagogique<strong> \u00e9mergent<\/strong>&nbsp;\u00bb<sup class=\"fn\" data-fn=\"520bcb0e-9de2-4c91-b581-f9f39d6c5359\"><a id=\"520bcb0e-9de2-4c91-b581-f9f39d6c5359-link\" href=\"#520bcb0e-9de2-4c91-b581-f9f39d6c5359\">24<\/a><\/sup>.<\/p><\/p>\n\n\n\n<p><p style=\"text-align: justify;\">L\u2019investissement des CPS dans l\u2019\u00c9ducation Nationale vise alors plusieurs finalit\u00e9s. Il y aurait dans ce cadre \u00e0 la fois un objectif d\u2019am\u00e9lioration des r\u00e9sultats scolaires, et un objectif pr\u00e9ventif.<\/p><\/p>\n\n\n\n<p><p style=\"text-align: justify;\">Dans le cadre des r\u00e9sultats scolaires, \u00ab&nbsp;Travailler sur les CPS des \u00e9l\u00e8ves permet d\u2019am\u00e9liorer leur confiance envers l\u2019\u00c9cole et le travail scolaire (auto\u00e9valuation, prise de distance, pers\u00e9v\u00e9rance), mais aussi de d\u00e9velopper des sociabilit\u00e9s scolaires (travail collectif, sentiment <strong>d\u2019appartenance)<\/strong>.&nbsp;\u00bb<sup class=\"fn\" data-fn=\"47d08b76-ccd1-4eca-9b71-9e884ded18eb\"><a id=\"47d08b76-ccd1-4eca-9b71-9e884ded18eb-link\" href=\"#47d08b76-ccd1-4eca-9b71-9e884ded18eb\">25<\/a><\/sup><\/p><\/p>\n\n\n\n<p><p style=\"text-align: justify;\">Aussi, dans un but pr\u00e9ventif, investir les CPS permettrait de \u00ab&nbsp;r\u00e9duire les addictions, les probl\u00e8mes de sant\u00e9 mentale, la violence, am\u00e9liorer le bien-\u00eatre, la sant\u00e9 sexuelle, le climat scolaire, favoriser la <strong>r\u00e9ussite scolaire.<\/strong> \u00bb<sup class=\"fn\" data-fn=\"e73d1b05-ac0d-4b56-ab2b-a813ebd78205\"><a id=\"e73d1b05-ac0d-4b56-ab2b-a813ebd78205-link\" href=\"#e73d1b05-ac0d-4b56-ab2b-a813ebd78205\">26<\/a><\/sup> Cette pr\u00e9vention des conduites addictives li\u00e9es \u00e0 la prise de substances mais aussi \u00e0 la consommation d\u2019\u00e9crans aupr\u00e8s des jeunes a d\u2019ailleurs \u00e9t\u00e9 \u00e9valu\u00e9e positivement lors du programme <em>Unplugged<\/em> d\u00e9ploy\u00e9 dans l\u2019Acad\u00e9mie de Grenoble et \u00e9valu\u00e9 en <strong>2019<\/strong><sup class=\"fn\" data-fn=\"d2de8e62-62c2-43c7-85bb-0582a1830586\"><a id=\"d2de8e62-62c2-43c7-85bb-0582a1830586-link\" href=\"#d2de8e62-62c2-43c7-85bb-0582a1830586\">27<\/a><\/sup>.<\/p><\/p>\n\n\n\n<p><p style=\"text-align: justify;\">Ce programme consistait \u00e0 proposer et former les enseignant\u00b7es \u00e0 mettre en place douze s\u00e9ances interactives visant, dans un cadre scolaire, le renforcement des CPS (notamment la capacit\u00e9 \u00e0 dire \u00ab&nbsp;non&nbsp;\u00bb sans agressivit\u00e9), la d\u00e9construction de l\u2019influence des normes comportementales chez les jeunes et le d\u00e9veloppement de savoirs au sujet aux produits addictifs. Il a notamment permis de mettre en exergue l\u2019impact positif de l\u2019investissement des \u00e9quipes \u00e9ducatives dans le succ\u00e8s d\u2019ateliers d\u00e9di\u00e9s aux CPS.<\/p><\/p>\n\n\n\n<p><p style=\"text-align: justify;\">D\u2019ailleurs, selon Sant\u00e9 Publique France, m\u00eame si les CPS sont \u00e0 d\u00e9velopper d\u00e8s la petite enfance, il serait \u00ab&nbsp;essentiel que l\u2019intervention CPS mise en \u0153uvre soit en coh\u00e9rence avec les acteurs et le milieu d\u2019implantation [&#8230;][et] de pouvoir impliquer et associer les parents et l\u2019ensemble des professionnels du milieu d\u2019implantation (par exemple, en milieu scolaire et p\u00e9riscolaire, les enseignants, personnels administratifs, personnels de sant\u00e9 scolaire, personnels p\u00e9riscolaire\u2026). Tout devrait \u00eatre mis en place pour que les pratiques \u00e9ducatives et les modalit\u00e9s p\u00e9dagogiques entourant les enfants et les jeunes ne soient pas en dissonance avec les <strong>CPS.<\/strong>&nbsp;\u00bb<sup class=\"fn\" data-fn=\"4cb4c388-1c8f-44ff-a9c6-39827e33951d\"><a id=\"4cb4c388-1c8f-44ff-a9c6-39827e33951d-link\" href=\"#4cb4c388-1c8f-44ff-a9c6-39827e33951d\">28<\/a><\/sup><\/p><\/p>\n\n\n\n<p><p style=\"text-align: justify;\">Nous sommes donc encourag\u00e9\u00b7es \u00e0 mettre en place des ateliers, des sc\u00e9narios p\u00e9dagogiques et \u00e0 adopter des postures encourageant ces CPS dans le cadre de l\u2019\u00c9ducation Nationale. Ce fut chose faite en 2022 en lan\u00e7ant une strat\u00e9gie nationale multisectorielle de d\u00e9veloppement des CPS pour les enfants, adolescent\u00b7es et jeunes adultes de 3 \u00e0 25 ans. Elle fut accompagn\u00e9e d\u2019une instruction interminist\u00e9rielle le 19 ao\u00fbt 2022 stipulant que \u00ab Le d\u00e9veloppement des CPS d\u00e8s le plus jeune \u00e2ge doit se penser comme un appui et un apprentissage continu, \u00e0 int\u00e9grer dans le quotidien des enfants et des jeunes \u00e0 tous les <strong>temps de vie<\/strong>.&nbsp;\u00bb<sup class=\"fn\" data-fn=\"5ecd2d35-0460-4a7c-8219-55ab3e22b9c0\"><a id=\"5ecd2d35-0460-4a7c-8219-55ab3e22b9c0-link\" href=\"#5ecd2d35-0460-4a7c-8219-55ab3e22b9c0\">29<\/a><\/sup><\/p><\/p>\n\n\n\n<p><p style=\"text-align: justify;\">Pour ce faire, la formation initiale et continue sur les CPS est encourag\u00e9e. C\u2019est ainsi qu\u2019Eduscol propose sur son <strong>site<\/strong><sup class=\"fn\" data-fn=\"b930ec2c-2810-4ca7-99d3-f2dd12b18a28\"><a id=\"b930ec2c-2810-4ca7-99d3-f2dd12b18a28-link\" href=\"#b930ec2c-2810-4ca7-99d3-f2dd12b18a28\">30<\/a><\/sup> des bo\u00eetes \u00e0 outils d\u00e9di\u00e9es aux CPS&nbsp;: exp\u00e9rimentation de cours d\u00e9di\u00e9s \u00e0 l\u2019empathie, kits empathie, mise en place de d\u00e9l\u00e9gations acad\u00e9miques CPS. Egalement, Canop\u00e9 propose sur son site des <strong>ressources num\u00e9riques<\/strong><sup class=\"fn\" data-fn=\"627910d9-93b7-45fb-832f-9ee0889eafa8\"><a id=\"627910d9-93b7-45fb-832f-9ee0889eafa8-link\" href=\"#627910d9-93b7-45fb-832f-9ee0889eafa8\">31<\/a><\/sup> et des parcours centr\u00e9s sur ces comp\u00e9tences, avec \u00ab apports th\u00e9oriques, exercices pratiques et mises en situation, afin de faciliter leur mise en \u0153uvre au <strong>quotidien<\/strong> \u00bb<sup class=\"fn\" data-fn=\"a8bcc704-e376-4360-9a5c-42e54504c1a9\"><a id=\"a8bcc704-e376-4360-9a5c-42e54504c1a9-link\" href=\"#a8bcc704-e376-4360-9a5c-42e54504c1a9\">32<\/a><\/sup>.<\/p><\/p>\n\n\n\n<p><p style=\"text-align: justify;\">Plus sp\u00e9cifiquement, certains \u00e9tablissements de l\u2019acad\u00e9mie de Lille ont pu b\u00e9n\u00e9ficier de formations en \u00e9tablissement d\u2019une dur\u00e9e de deux jours et visant la sensibilisation des \u00e9quipes aux comp\u00e9tences psychosociales. Les objectifs y sont entre autres de donner des pistes de mise en activit\u00e9 des \u00e9l\u00e8ves sur le th\u00e8me des CPS mais \u00e9galement de conseiller les enseignant\u00b7es quant au d\u00e9veloppement de leurs propres CPS.<\/p><\/p>\n\n\n\n<p><p style=\"text-align: justify;\">Comme l\u2019indiquent Sophie Morlaix et Denis Tavant, des enseignant\u00b7es qui d\u00e9veloppent leurs CPS sont d\u00e8s lors plus \u00e0 m\u00eame de les mettre en \u0153uvre dans leurs enseignements, et ce au service de la r\u00e9ussite des \u00e9l\u00e8ves&nbsp;: \u00ab&nbsp;les comp\u00e9tences psychosociales sont favoris\u00e9es par les pratiques d\u2019interactions, de soutien, de feed-back de l\u2019enseignant en direction de l\u2019\u00e9l\u00e8ve. Les caract\u00e9ristiques subjectives de soutien, d\u2019empathie, de directivit\u00e9 et de responsabilisation de l\u2019enseignant pourraient, par exemple encourager le d\u00e9veloppement de l\u2019empathie ou de l\u2019estime de soi chez <strong>l\u2019\u00e9l\u00e8ve<\/strong>. \u00bb<sup class=\"fn\" data-fn=\"ac182037-13eb-4933-bb47-06f7afb30dd4\"><a id=\"ac182037-13eb-4933-bb47-06f7afb30dd4-link\" href=\"#ac182037-13eb-4933-bb47-06f7afb30dd4\">33<\/a><\/sup> L\u2019investissement de la bienveillance chez l\u2019enseignant\u00b7e serait alors un levier majeur de <strong>r\u00e9ussite<\/strong><sup class=\"fn\" data-fn=\"7bc22d55-b578-4565-944c-535c025d88df\"><a id=\"7bc22d55-b578-4565-944c-535c025d88df-link\" href=\"#7bc22d55-b578-4565-944c-535c025d88df\">34<\/a><\/sup>. \u00ab&nbsp;Inversement, certaines pratiques interpersonnelles li\u00e9es \u00e0 la s\u00e9v\u00e9rit\u00e9, \u00e0 l\u2019insatisfaction ou \u00e0 la r\u00e9primande pourraient cr\u00e9er de l\u2019anxi\u00e9t\u00e9 chez l\u2019\u00e9l\u00e8ve qui serait \u00e0 m\u00eame d\u2019affaiblir ses <strong>performances<\/strong>. \u00bb<sup class=\"fn\" data-fn=\"9f53b55b-7453-4d8d-99fc-fe9c44c1fe15\"><a id=\"9f53b55b-7453-4d8d-99fc-fe9c44c1fe15-link\" href=\"#9f53b55b-7453-4d8d-99fc-fe9c44c1fe15\">35<\/a><\/sup> La parentalit\u00e9 n\u2019est pas en reste, car le milieu familial est \u00e9galement un \u00e9l\u00e9ment majeur et primordial de favorisation ou de d\u00e9t\u00e9rioration du d\u00e9veloppement des CPS chez l\u2019enfant, et ce en parall\u00e8le du travail en <strong>milieu scolaire<\/strong><sup class=\"fn\" data-fn=\"ad54165a-1c3e-4e9d-a48f-aa09569050f8\"><a id=\"ad54165a-1c3e-4e9d-a48f-aa09569050f8-link\" href=\"#ad54165a-1c3e-4e9d-a48f-aa09569050f8\">36<\/a><\/sup>.<\/p><\/p>\n\n\n\n<p><p style=\"text-align: justify;\">Les professeur\u00b7es documentalistes ont ainsi \u00e9t\u00e9 convi\u00e9\u00b7es \u00e0 ces formations en \u00e9tablissement. Les r\u00e9unions inter-r\u00e9seaux, notamment sur l\u2019Acad\u00e9mie de Nice, mettent en avant ces sujets de r\u00e9flexion. D\u2019ailleurs, que ce soit dans le cadre de formations ou dans le cadre de leur revue professionnelle <em><strong>InterCDI<\/strong><\/em><sup class=\"fn\" data-fn=\"c45e5139-2e52-4006-917f-410e797a69c0\"><a id=\"c45e5139-2e52-4006-917f-410e797a69c0-link\" href=\"#c45e5139-2e52-4006-917f-410e797a69c0\">37<\/a><\/sup><em>, <\/em>les comp\u00e9tences psychosociales font amplement partie des centres d\u2019int\u00e9r\u00eat de leur profession.<\/p><\/p>\n\n\n\n<p><p style=\"text-align: justify;\">Dans les parties suivantes, des exemples de mise en \u0153uvre de ces recommandations par les professeur\u00b7es documentalistes sont pr\u00e9sent\u00e9s, notamment dans le cadre de l\u2019\u00e9valuation et de la validation collaborative de l\u2019information, de m\u00eame que dans celui de la prise en compte des besoins \u00e9ducatifs particuliers.<\/p><\/p>\n\n\n\n<p><p style=\"text-align: justify;\"><em>&nbsp;<\/em><\/p><\/p>\n\n\n\n<h2 class=\"wp-block-heading\" style=\"text-align: justify;\">2. L\u2019exemple de l\u2019\u00e9valuation et de&nbsp; la validation collaborative de l\u2019information<\/h2>\n\n\n\n<p><p style=\"text-align: justify;\"><em>&nbsp;<\/em>&nbsp;&nbsp;&nbsp;&nbsp;&nbsp;&nbsp;&nbsp;&nbsp;&nbsp;&nbsp;&nbsp; 2.1. \u00c9tat de la recherche sur la validation collaborative de l\u2019information<\/p><\/p>\n\n\n\n<p><p style=\"text-align: justify;\">Dans une \u00e9tude dat\u00e9e de <strong>2014<\/strong><sup class=\"fn\" data-fn=\"6ac00ca8-d953-4d48-a159-65d625a3c65c\"><a id=\"6ac00ca8-d953-4d48-a159-65d625a3c65c-link\" href=\"#6ac00ca8-d953-4d48-a159-65d625a3c65c\">38<\/a><\/sup>, J\u00e9r\u00f4me Dinet, Robin Vivian et Brigitte Simonnot s\u2019int\u00e9ressent \u00e0 l\u2019influence de l\u2019aspect relationnel sur la performance de jeunes \u00e9l\u00e8ves en situation de recherche d\u2019informations. Leurs conclusions principales sont les suivantes :<\/p><\/p>\n\n\n\n<ul class=\"wp-block-list\" style=\"text-align: justify;\">\n\n<li>les jeunes \u00e9l\u00e8ves plac\u00e9s en bin\u00f4mes sont toujours plus efficaces dans leur recherche d\u2019information que s\u2019ils l\u2019effectuent seuls&nbsp;;<\/li>\n\n\r\n\r\n\n<li>les bin\u00f4mes trouvent significativement plus de bonnes r\u00e9ponses lorsque les \u00e9l\u00e8ves n\u2019entretiennent pas de relation d\u2019amiti\u00e9 entre eux&nbsp;;<\/li>\n\n\r\n\r\n\n<li>\u00e0 l\u2019inverse, si les \u00e9l\u00e8ves entretiennent des relations d\u2019amiti\u00e9, les bin\u00f4mes produisent significativement plus de requ\u00eates non pertinentes par rapport au th\u00e8me de la recherche&nbsp;;<\/li>\n\n\r\n\r\n\n<li>les interactions verbales d\u2019\u00e9l\u00e8ves n\u2019entretenant pas de relations amicales visent \u00e0 faciliter le travail, alors que celles entre les \u00e9l\u00e8ves entretenant des relations amicales sont plut\u00f4t consacr\u00e9es \u00e0 traiter des conflits entre eux&nbsp;;<\/li>\n\n<\/ul>\n\n\n\n<p><p style=\"text-align: justify;\">La conclusion de l\u2019\u00e9tude montre que la recherche collaborative sur Internet semble pr\u00e9senter des avantages pour les jeunes usagers, et qu\u2019il serait pertinent de se pr\u00e9occuper des comp\u00e9tences affectives des \u00e9l\u00e8ves pour am\u00e9liorer les performances en recherche d\u2019information sur Internet en facilitant les interactions des jeunes \u00e9l\u00e8ves associ\u00e9s dans une recherche.<\/p><\/p>\n\n\n\n<p><p style=\"text-align: justify;\">&nbsp;<\/p><\/p>\n\n\n\n<h3 class=\"wp-block-heading\" style=\"text-align: justify;\">&nbsp;&nbsp;&nbsp;&nbsp;&nbsp;&nbsp;&nbsp;&nbsp;&nbsp;&nbsp;&nbsp; 2.2. La r\u00e9daction collaborative sur <em>Vikidia<\/em> (acad\u00e9mies de Lille et Nice)<\/h3>\n\n\n\n<p><p style=\"text-align: justify;\">Sur deux ans, de 2023 \u00e0 2025, les \u00e9quipes TraAM Documentation ont men\u00e9 une exp\u00e9rimentation autour de la r\u00e9daction collaborative sur <em>Vikidia<\/em> (acad\u00e9mies de Lille et Nice). Elles se sont alors demand\u00e9&nbsp;:&nbsp;<strong>En quoi le travail d\u2019alimentation d\u2019une encyclop\u00e9die collaborative en ligne permet-il de g\u00e9n\u00e9rer de l\u2019intelligence collective&nbsp;?<\/strong><\/p><\/p>\n\n\n\n<p><p style=\"text-align: justify;\">&nbsp;<\/p><\/p>\n\n\n\n<p><p style=\"text-align: justify;\">Le travail produit, de m\u00eame que les conclusions tir\u00e9es par les professeur\u00b7es documentalistes, sont&nbsp; disponibles en se rendant sur le site acad\u00e9mique des professeur\u00b7es documentalistes de l\u2019acad\u00e9mie de Nice <em><strong>DocAzur<\/strong><\/em><sup class=\"fn\" data-fn=\"87fd18b6-359f-46ee-aea3-7863b1b7a5ff\"><a id=\"87fd18b6-359f-46ee-aea3-7863b1b7a5ff-link\" href=\"#87fd18b6-359f-46ee-aea3-7863b1b7a5ff\">39<\/a><\/sup><em>.&nbsp;<\/em><\/p><\/p>\n\n\n\n<p><p style=\"text-align: justify;\">L\u2019\u00e9change inter-g\u00e9n\u00e9rationnel, inter-degr\u00e9, inter-disciplinaire, a ainsi permis d\u2019interroger et de d\u00e9velopper les comp\u00e9tences psychosociales tout en tenant compte du public final vis\u00e9 et de l\u2019enrichissement encyclop\u00e9dique induit.<\/p><\/p>\n\n\n\n<p><p style=\"text-align: justify;\">&nbsp;<\/p><\/p>\n\n\n\n<p><p style=\"text-align: justify;\">Par exemple, au coll\u00e8ge Henri Wallon \u00e0 la Seyne-sur-Mer (acad\u00e9mie de Nice), la mod\u00e9ration puis la validation de la publication, avec le regard d\u2019un expert, notamment en 2025, avec la rencontre en visioconf\u00e9rence et en pr\u00e9sentiel avec un professeur des Universit\u00e9s, ayant travaill\u00e9 pour la NASA, a contribu\u00e9 \u00e0 la satisfaction personnelle des \u00e9l\u00e8ves, \u00e0 leur enrichissement et \u00e0 leur bien-\u00eatre.<\/p><\/p>\n\n\n\n<p><p style=\"text-align: justify;\">&nbsp;<\/p><\/p>\n\n\n\n<h3 class=\"wp-block-heading\" style=\"text-align: justify;\">&nbsp;&nbsp;&nbsp;&nbsp;&nbsp;&nbsp;&nbsp;&nbsp;&nbsp;&nbsp;&nbsp; 2.3. Une \u00e9laboration collaborative de propositions appuy\u00e9es sur une &nbsp;&nbsp; recherche&nbsp;: le <em>Safer Internet Day<\/em> (acad\u00e9mie d\u2019Orl\u00e9ans-Tours)<\/h3>\n\n\n\n<ul class=\"wp-block-list\" style=\"text-align: justify;\">\n\n<li><strong>Le projet&nbsp;: nos hypoth\u00e8ses<\/strong><\/li>\n\n<\/ul>\n\n\n\n<p><p style=\"text-align: justify;\">L\u2019id\u00e9e de l\u2019\u00e9quipe TraAM d\u2019Orl\u00e9ans-Tours \u00e9tait de mettre les \u00e9l\u00e8ves dans la situation de produire collectivement des propositions pour r\u00e9pondre \u00e0 une probl\u00e9matique, en les \u00e9tayant sur des sources, et de les partager en direct. L\u2019hypoth\u00e8se retenue \u00e9tait que les productions des \u00e9l\u00e8ves seraient plus riches, couvriraient un champ plus vari\u00e9, s\u2019ils \u00e9taient dans une situation de communication r\u00e9elle, avec des pairs en pr\u00e9sence, mais aussi avec des pairs \u00e0 distance.<\/p><\/p>\n\n\n\n<ul class=\"wp-block-list\" style=\"text-align: justify;\">\n\n<li><strong>Le dispositif&nbsp;: #ClasseLive<\/strong><\/li>\n\n<\/ul>\n\n\n\n<p><p style=\"text-align: justify;\">6 \u00e9tablissements engag\u00e9s (un EREA, un lyc\u00e9e g\u00e9n\u00e9ral et technologique, un lyc\u00e9e professionnel, trois coll\u00e8ges de profils diff\u00e9rents).<\/p><\/p>\n\n\n\n<p><p style=\"text-align: justify;\">Deux temps synchrones&nbsp;: deux heures le lundi 24 mars, deux heures le mardi 25 mars.<\/p><\/p>\n\n\n\n<p><p style=\"text-align: justify;\">Une th\u00e9matique entrant dans le cadre du Safer Internet Day&nbsp;: \u00ab&nbsp;am\u00e9liorer la place des filles dans l\u2019univers des jeux vid\u00e9o&nbsp;\u00bb.<\/p><\/p>\n\n\n\n<p><p style=\"text-align: justify;\">Deux canaux&nbsp;: une visioconf\u00e9rence pour les \u00e9changes oraux, et les comptes <em>Mastodon<\/em> des \u00e9tablissements pour les \u00e9changes <em>via<\/em> le r\u00e9seau social.<\/p><\/p>\n\n\n\n<p><p style=\"text-align: justify;\">Deux invit\u00e9es : deux <em>gameuses<\/em> ayant accept\u00e9 de pr\u00eater l\u2019\u00e9clairage de leur regard expert aux \u00e9l\u00e8ves.<\/p><\/p>\n\n\n\n<ul class=\"wp-block-list\" style=\"text-align: justify;\">\n\n<li><strong>D\u00e9roulement de l\u2019\u00e9v\u00e9nement&nbsp;:<\/strong><\/li>\n\n<\/ul>\n\n\n\n<p><p style=\"text-align: justify;\">En amont&nbsp;: un sondage est pass\u00e9 aupr\u00e8s des \u00e9l\u00e8ves des \u00e9tablissements concern\u00e9s (environ 600 r\u00e9ponses) sur leur pratique des jeux vid\u00e9o, leur regard sur la place des filles, l\u2019\u00e9galit\u00e9 filles-gar\u00e7ons et le cyber-harc\u00e8lement dans l\u2019univers vid\u00e9o-ludique.<\/p><\/p>\n\n\n\n<p><p style=\"text-align: justify;\">Le jour m\u00eame&nbsp;: les <em>gameuses<\/em> se pr\u00e9sentent ainsi que leur parcours. Elles r\u00e9pondent aux questions des \u00e9l\u00e8ves dans la visioconf\u00e9rence. Une pr\u00e9sentation rapide des principaux r\u00e9sultats du sondage est faite collectivement, puis les \u00e9l\u00e8ves sont invit\u00e9\u00b7es \u00e0 un temps d\u2019\u00e9laboration collaborative de propositions. Chaque groupe d\u2019\u00e9l\u00e8ves est appel\u00e9 \u00e0 r\u00e9diger une proposition pour favoriser la place des filles et des femmes dans l\u2019univers vid\u00e9o-ludique et \u00e0 la poster sur le r\u00e9seau social. Les autres \u00e9l\u00e8ves (de l\u2019\u00e9tablissement ou des autres \u00e9tablissements) ainsi que les <em>gameuses<\/em> peuvent r\u00e9pondre aux messages publi\u00e9s. Chaque proposition doit \u00eatre \u00e9tay\u00e9e par une source dont le lien doit figurer dans le message publi\u00e9.<\/p><\/p>\n\n\n\n<ul class=\"wp-block-list\" style=\"text-align: justify;\">\n\n<li><strong>\u00c9l\u00e9ments d\u2019\u00e9valuation&nbsp;:<\/strong><\/li>\n\n<\/ul>\n\n\n\n<p><p style=\"text-align: justify;\">On constate une diff\u00e9rence d\u2019impact en fonction du niveau des \u00e9l\u00e8ves et de leur degr\u00e9 d\u2019aisance avec les outils comme avec la recherche, mais aussi leur degr\u00e9 d\u2019aisance relationnelle.<\/p><\/p>\n\n\n\n<p><p style=\"text-align: justify;\">Au lyc\u00e9e g\u00e9n\u00e9ral (classe de 2<sup>nde<\/sup>) et au lyc\u00e9e professionnel, les conclusions sont assez similaires \u00e0 celles des coll\u00e8ges dans lequel les \u00e9l\u00e8ves cibl\u00e9\u00b7es \u00e9taient les ambassadeurs contre le harc\u00e8lement (des \u00e9l\u00e8ves \u00e0 l\u2019aise autant avec les comp\u00e9tences info-documentaires qu\u2019avec les comp\u00e9tences psycho-sociales), et des classes de 4<sup>\u00e8me<\/sup> dans le cadre d\u2019un projet \u00ab&nbsp;m\u00e9dia&nbsp;\u00bb. Le fait d\u2019\u00eatre en visioconf\u00e9rence avec des expertes du domaine a sensiblement augment\u00e9 la motivation et l\u2019implication des \u00e9l\u00e8ves, d\u2019autant qu\u2019il y a eu des interactions <em>via<\/em> le r\u00e9seau social. Les <em>gameuses<\/em> ont par exemple r\u00e9agi aux propositions des \u00e9l\u00e8ves (ce qui aurait pu permettre de les am\u00e9liorer s\u2019il y avait eu assez de temps pour le faire) et lanc\u00e9 des pistes qui ont \u00e9t\u00e9 prises comme un challenge (la d\u00e9marche type \u00ab&nbsp;journalisme de solutions&nbsp;\u00bb a amen\u00e9 les \u00e9l\u00e8ves \u00e0 prendre position et \u00e0 \u00eatre actifs). Le degr\u00e9 d\u2019implication des \u00e9l\u00e8ves a donc \u00e9t\u00e9 sans doute plus \u00e9lev\u00e9 que dans une recherche d\u2019informations classique (on peut aussi penser que le fait d\u2019\u00eatre en situation d\u2019interaction r\u00e9elle a jou\u00e9) et cela a aussi \u00e9t\u00e9 renforc\u00e9 par l\u2019utilisation du r\u00e9seau social comme vecteur de communication des propositions. Le frein principal a \u00e9t\u00e9 le manque de temps pour que les \u00e9l\u00e8ves soient suffisamment \u00e0 l\u2019aise avec l\u2019outil afin d\u2019entrer v\u00e9ritablement en interaction.<\/p><\/p>\n\n\n\n<p><p style=\"text-align: justify;\">En EREA en revanche, avec des \u00e9l\u00e8ves de CAP, plusieurs freins ont \u00e9merg\u00e9&nbsp;: la visioconf\u00e9rence n\u2019\u00e9tait pas un levier car les \u00e9l\u00e8ves avaient peur d\u2019\u00eatre film\u00e9\u00b7es. Les \u00e9l\u00e8ves ont eu plus de mal \u00e0 prendre du recul par rapport \u00e0 la th\u00e9matique (un \u00e9l\u00e8ve s\u2019est senti mis en accusation en tant que joueur, par exemple). D\u2019autre part, la situation de communication a \u00e9t\u00e9 plus compliqu\u00e9e&nbsp;: les \u00e9l\u00e8ves n\u2019osaient pas prendre la parole durant la visioconf\u00e9rence et leurs difficult\u00e9s dans le passage \u00e0 l\u2019\u00e9crit a rendu laborieuse leur production de messages sur le r\u00e9seau social (il a fallu proc\u00e9der par dict\u00e9e \u00e0 l\u2019adulte). Pour les \u00e9l\u00e8ves les plus jeunes, la multiplicit\u00e9 des t\u00e2ches \u00e0 accomplir dans le m\u00eame temps a constitu\u00e9 un frein (c\u2019est le cas notamment au coll\u00e8ge pour des 4<sup>\u00e8me<\/sup>).<\/p><\/p>\n\n\n\n<p><p style=\"text-align: justify;\">Ces \u00e9l\u00e9ments d\u2019\u00e9valuation semblent corroborer, comme le sugg\u00e8rent Dinet, Vivian et Simonnot, le fait que la ma\u00eetrise des comp\u00e9tences psychosociales soit un levier pour favoriser les autres comp\u00e9tences, notamment les comp\u00e9tences li\u00e9es \u00e0 la recherche et \u00e0 la v\u00e9rification de l\u2019information, comme le d\u00e9montre cette exp\u00e9rimentation p\u00e9dagogique.<\/p><\/p>\n\n\n\n<p><p style=\"text-align: justify;\">D\u2019autres exp\u00e9rimentations ont adonc \u00e9t\u00e9 men\u00e9es, notamment avec des \u00e9l\u00e8ves \u00e0 besoins \u00e9ducatifs particuliers.<\/p><\/p>\n\n\n\n<h2 class=\"wp-block-heading\" style=\"text-align: justify;\">3. L\u2019exemple des \u00c9l\u00e8ves \u00e0 Besoins \u00c9ducatifs Particuliers (EBEP)<\/h2>\n\n\n\n<h3 class=\"wp-block-heading\" style=\"text-align: justify;\">&nbsp;&nbsp;&nbsp;&nbsp;&nbsp;&nbsp;&nbsp;&nbsp;&nbsp;&nbsp;&nbsp; 3.1. Un projet men\u00e9 au CDI avec la classe d\u2019ULIS d\u2019un coll\u00e8ge&nbsp;: <em>L\u2019actu des ULIS<\/em> (acad\u00e9mie de Cr\u00e9teil)<\/h3>\n\n\n\n<p><p style=\"text-align: justify;\">Travailler l&rsquo;intelligence collective avec des \u00e9l\u00e8ves \u00e0 besoins \u00e9ducatifs particuliers, comme ceux en dispositifs ULIS (Unit\u00e9s Localis\u00e9es pour l&rsquo;Inclusion Scolaire), demande une approche adapt\u00e9e qui valorise la diversit\u00e9 des comp\u00e9tences et des modes d&rsquo;apprentissage. Les \u00e9l\u00e8ves de ces dispositifs ont des besoins sp\u00e9cifiques, mais ils peuvent aussi apporter des perspectives uniques qui enrichissent le processus collectif.<\/p><\/p>\n\n\n\n<p><p style=\"text-align: justify;\">Au Coll\u00e8ge Jean Jaur\u00e8s de Villepinte dans l\u2019Acad\u00e9mie de Cr\u00e9teil, la classe d\u2019ULIS a un projet \u00e0 l\u2019ann\u00e9e avec le CDI. Il s\u2019agit d\u2019un projet d\u2019\u00e9ducation aux m\u00e9dias et \u00e0 l\u2019information de type \u00ab&nbsp;club journal&nbsp;\u00bb&nbsp; repens\u00e9 pour s\u2019adapter \u00e0 leurs besoins et leurs difficult\u00e9s cognitives.<\/p><\/p>\n\n\n\n<p><p style=\"text-align: justify;\">&nbsp;<\/p><\/p>\n\n\n\n<p><p style=\"text-align: justify;\">Le support, ni papier ni num\u00e9rique, est un panneau de li\u00e8ge sur lequel ils viennent \u00e9pingler leurs articles. Ce format permet d\u2019adapter chaque article et chaque outil n\u00e9cessaire \u00e0 son \u00e9laboration aux besoins sp\u00e9cifiques de son auteur. Ainsi, les rubriques et les articles qui composent ce panneau sont soit des \u00e9crits pour les \u00e9l\u00e8ves scripteurs, soit des <em>stickers<\/em> repositionnables pour les \u00e9l\u00e8ves non scripteurs, des dessins ou encore des audios (accessibles <em>via<\/em> <em>QRcode<\/em>) pour les \u00e9l\u00e8ves plus \u00e0 l\u2019aise \u00e0 l\u2019oral.<\/p><\/p>\n\n\n\n<p><p style=\"text-align: justify;\">&nbsp;<\/p><\/p>\n\n\n\n<p><p style=\"text-align: justify;\">La classe vient deux fois par semaine au CDI. La premi\u00e8re s\u00e9ance (le jeudi) d\u00e9bute syst\u00e9matiquement par \u00ab&nbsp;la r\u00e9union de r\u00e9daction&nbsp;\u00bb o\u00f9 chaque \u00e9l\u00e8ve en fonction de la rubrique dont il a la charge propose un sujet. Les sujets sont discut\u00e9s par tout le groupe et chacun peut les commenter. A la fin de cette r\u00e9union, on refait un point sur les r\u00f4les et sujets de chacun et on redistribue les outils n\u00e9cessaires&nbsp;: ordinateurs, presse, <em>stickers<\/em>, etc. La fin de cette s\u00e9ance et la seconde (le vendredi) sont consacr\u00e9es aux recherches et \u00e0 la production des articles.<\/p><\/p>\n\n\n\n<p><p style=\"text-align: justify;\">&nbsp;<\/p><\/p>\n\n\n\n<p><p style=\"text-align: justify;\">Le panneau <em>L\u2019Actu des ULIS<\/em> ainsi que le panneau \u00ab&nbsp;m\u00e9t\u00e9o&nbsp;\u00bb qui l\u2019accompagne sont expos\u00e9s dans le CDI en permanence et tous les \u00e9l\u00e8ves du coll\u00e8ge qui y sont de passage ont pris l\u2019habitude de le consulter. Son contenu change chaque semaine. Le panneau rencontre un beau succ\u00e8s et le travail des \u00e9l\u00e8ves d\u2019ULIS est valoris\u00e9 par le regard des \u00e9l\u00e8ves dits \u00ab&nbsp;ordinaires&nbsp;\u00bb qui f\u00e9licitent les journalistes en herbe d\u00e8s qu\u2019ils en ont l\u2019occasion.<\/p><\/p>\n\n\n\n<p><p style=\"text-align: justify;\">&nbsp;<\/p><\/p>\n\n\n\n<p><p style=\"text-align: justify;\"><strong>Cr\u00e9er un environnement inclusif et s\u00e9curis\u00e9&nbsp;: le cadre et les besoins<\/strong><\/p><\/p>\n\n\n\n<p><p style=\"text-align: justify;\">L\u2019un des outils issus des CPS que l\u2019on mobilise est celui du \u00ab&nbsp;cadre&nbsp;\u00bb. En effet, au pr\u00e9alable de tout travail de groupe, nous d\u00e9finissons les conditions d\u2019un environnement inclusif et bienveillant, nos lignes de conduite, ce dont nous avons besoin pour \u00e9changer et exp\u00e9rimenter en toute s\u00e9curit\u00e9. Un cadre que l\u2019on doit red\u00e9ployer \u00e0 chaque s\u00e9ance et qui va permettre \u00e0 tous les \u00e9l\u00e8ves de d\u00e9velopper leurs comp\u00e9tences et leur cr\u00e9ativit\u00e9 dans un environnement s\u00e9curis\u00e9. Cela inclut l\u2019\u00e9tablissement de r\u00e8gles de respect mutuel, la valorisation des r\u00e9ussites individuelles et collectives, et l\u2019instauration d\u2019une atmosph\u00e8re de confiance. Ces moments de partage d\u2019id\u00e9es permettent \u00e0 chaque \u00e9l\u00e8ve, quel que soit son niveau, de participer sans crainte de jugement.<\/p><\/p>\n\n\n\n<p><p style=\"text-align: justify;\">On d\u00e9peint ce cadre lors d\u2019un <em>brainstorming<\/em> en d\u00e9but de projet, avec les participant\u00b7es (il peut prendre la forme d\u2019une carte mentale esquiss\u00e9e au tableau et que l\u2019on remet au propre sur un poster pour les prochaines s\u00e9ances). Tou\u00b7tes s\u2019engagent \u00e0 le respecter : respect de la parole de chacun, ne pas interrompre, non jugement, bienveillance, encouragement, etc. On peut rappeler ce cadre \u00e0 chaque d\u00e9but de s\u00e9ance de travail avec le groupe.<\/p><\/p>\n\n\n\n<p><p style=\"text-align: justify;\">Ce cadre est d\u2019autant plus important avec un groupe d\u2019EBEP qui peut avoir des r\u00e9ticences \u00e0 s\u2019exprimer en public, qui redoute des moqueries, qui a des difficult\u00e9s d\u2019\u00e9locution ou de formulation de la pens\u00e9e, etc. Il leur permet de lister leurs besoins en s\u2019inspirant de la pyramide de <strong>Maslow<\/strong><sup class=\"fn\" data-fn=\"ddac20ce-99b9-4dfb-8df8-3195db9ff705\"><a id=\"ddac20ce-99b9-4dfb-8df8-3195db9ff705-link\" href=\"#ddac20ce-99b9-4dfb-8df8-3195db9ff705\">40<\/a><\/sup> avec des bin\u00f4mes conditionnels tels que \u00ab&nbsp;j\u2019ai besoin de &#8230;&nbsp;\u00bb, \u00ab&nbsp;c\u2019est possible si&#8230;&nbsp;\u00bb. Des exemples sont disponibles sur le site du <em>Cartable des comp\u00e9tences <strong>psychosociales<\/strong><\/em><sup class=\"fn\" data-fn=\"820b3040-825c-4ab1-b9d2-782a7efeb9d5\"><a id=\"820b3040-825c-4ab1-b9d2-782a7efeb9d5-link\" href=\"#820b3040-825c-4ab1-b9d2-782a7efeb9d5\">41<\/a><\/sup><em>.<\/em><\/p><\/p>\n\n\n\n<p><p style=\"text-align: justify;\">Les \u00e9l\u00e8ves avec des besoins particuliers ont souvent des pr\u00e9f\u00e9rences ou des besoins diff\u00e9rents en mati\u00e8re de communication (oral, \u00e9crit, visuel, kinesth\u00e9sique, etc.). Adapter les supports et les outils p\u00e9dagogiques permet de surmonter ces obstacles.<\/p><\/p>\n\n\n\n<p><p style=\"text-align: justify;\">Dans le cas d\u2019\u00e9l\u00e8ves autistes et autistes non verbaux, on peut utiliser des vignettes repositionnables qui leur permettent de participer \u00e0 la production du groupe sans avoir \u00e0 passer par l\u2019oral et\/ou l\u2019\u00e9crit&nbsp;:<\/p><\/p>\n\n\n\n<p><p style=\"text-align: justify;\">Ici, l\u2019exemple d\u2019A. qui est charg\u00e9 de la rubrique recette du journal et qui vient chercher les ingr\u00e9dients dans sa bo\u00eete \u00ab les courses d\u2019A. \u00bb puis les positionne sur le tableau. Ensuite, il remet les \u00e9tapes de la recette dans l\u2019ordre, \u00e0 partir de vignettes imprim\u00e9es \u00e0 l\u2019avance par les enseignantes et l\u2019AESH.<\/p><\/p>\n\n\n\n<figure class=\"wp-block-image size-full is-resized\" style=\"text-align: justify;\"><img loading=\"lazy\" decoding=\"async\" width=\"262\" height=\"352\" class=\"wp-image-4763\" style=\"width: 299px; height: auto;\" src=\"https:\/\/www.pedagogie.ac-nice.fr\/doc-azur\/wp-content\/uploads\/sites\/40\/2025\/05\/Image4.png\" alt=\"\" srcset=\"https:\/\/www.pedagogie.ac-nice.fr\/doc-azur\/wp-content\/uploads\/sites\/40\/2025\/05\/Image4.png 262w, https:\/\/www.pedagogie.ac-nice.fr\/doc-azur\/wp-content\/uploads\/sites\/40\/2025\/05\/Image4-223x300.png 223w\" sizes=\"auto, (max-width: 262px) 100vw, 262px\" \/><\/figure>\n\n\n\n<figure class=\"wp-block-image size-full is-resized\" style=\"text-align: justify;\"><img loading=\"lazy\" decoding=\"async\" width=\"293\" height=\"352\" class=\"wp-image-4762\" style=\"width: 301px; height: auto;\" src=\"https:\/\/www.pedagogie.ac-nice.fr\/doc-azur\/wp-content\/uploads\/sites\/40\/2025\/05\/Image3.png\" alt=\"\" srcset=\"https:\/\/www.pedagogie.ac-nice.fr\/doc-azur\/wp-content\/uploads\/sites\/40\/2025\/05\/Image3.png 293w, https:\/\/www.pedagogie.ac-nice.fr\/doc-azur\/wp-content\/uploads\/sites\/40\/2025\/05\/Image3-250x300.png 250w\" sizes=\"auto, (max-width: 293px) 100vw, 293px\" \/><\/figure>\n\n\n\n<ul class=\"wp-block-list\" style=\"text-align: justify;\">\n\n<li>Autre exemple, celui de B. en charge de la m\u00e9t\u00e9o, qui repositionne chaque semaine les stickers et \u00e9crit les temp\u00e9ratures.<\/li>\n\n<\/ul>\n\n\n\n<p><p style=\"text-align: justify;\">&nbsp;<\/p><\/p>\n\n\n\n<figure class=\"wp-block-image size-full is-resized\" style=\"text-align: justify;\"><img loading=\"lazy\" decoding=\"async\" width=\"224\" height=\"312\" class=\"wp-image-4765\" style=\"width: 300px; height: auto;\" src=\"https:\/\/www.pedagogie.ac-nice.fr\/doc-azur\/wp-content\/uploads\/sites\/40\/2025\/05\/Image6.png\" alt=\"\" srcset=\"https:\/\/www.pedagogie.ac-nice.fr\/doc-azur\/wp-content\/uploads\/sites\/40\/2025\/05\/Image6.png 224w, https:\/\/www.pedagogie.ac-nice.fr\/doc-azur\/wp-content\/uploads\/sites\/40\/2025\/05\/Image6-215x300.png 215w\" sizes=\"auto, (max-width: 224px) 100vw, 224px\" \/><\/figure>\n\n\n\n<figure class=\"wp-block-image size-full is-resized\" style=\"text-align: justify;\"><img loading=\"lazy\" decoding=\"async\" width=\"256\" height=\"313\" class=\"wp-image-4764\" style=\"width: 302px; height: auto;\" src=\"https:\/\/www.pedagogie.ac-nice.fr\/doc-azur\/wp-content\/uploads\/sites\/40\/2025\/05\/Image5.png\" alt=\"\" srcset=\"https:\/\/www.pedagogie.ac-nice.fr\/doc-azur\/wp-content\/uploads\/sites\/40\/2025\/05\/Image5.png 256w, https:\/\/www.pedagogie.ac-nice.fr\/doc-azur\/wp-content\/uploads\/sites\/40\/2025\/05\/Image5-245x300.png 245w\" sizes=\"auto, (max-width: 256px) 100vw, 256px\" \/><\/figure>\n\n\n\n<ul class=\"wp-block-list\" style=\"text-align: justify;\">\n\n<li>Un troisi\u00e8me, M, est charg\u00e9 de vider le panneau chaque semaine puis de le r\u00e9organiser et le remplir \u00e0 nouveau avec les productions de ses camarades, \u00e0 l\u2019aide de vignettes titres des rubriques.<\/li>\n\n<\/ul>\n\n\n\n<figure class=\"wp-block-image size-full\" style=\"text-align: justify;\"><img loading=\"lazy\" decoding=\"async\" width=\"340\" height=\"363\" class=\"wp-image-4766\" src=\"https:\/\/www.pedagogie.ac-nice.fr\/doc-azur\/wp-content\/uploads\/sites\/40\/2025\/05\/Image7.png\" alt=\"\" srcset=\"https:\/\/www.pedagogie.ac-nice.fr\/doc-azur\/wp-content\/uploads\/sites\/40\/2025\/05\/Image7.png 340w, https:\/\/www.pedagogie.ac-nice.fr\/doc-azur\/wp-content\/uploads\/sites\/40\/2025\/05\/Image7-281x300.png 281w\" sizes=\"auto, (max-width: 340px) 100vw, 340px\" \/><\/figure>\n\n\n\n<p><p style=\"text-align: justify;\">Ces trois \u00e9l\u00e8ves sont valoris\u00e9s dans le groupe au travers de trois missions individuelles dont ils sont nomm\u00e9s \u00ab&nbsp;chefs&nbsp;\u00bb&nbsp;: \u00ab&nbsp;chef cuisinier&nbsp;\u00bb, \u00ab&nbsp;chef m\u00e9t\u00e9o&nbsp;\u00bb et&nbsp; \u00ab&nbsp;chef mise en page\u00bb, tout en participant \u00e0 la conception d\u2019une production collective&nbsp;: le tableau de l\u2019actu des ULIS.<\/p><\/p>\n\n\n\n<p><p style=\"text-align: justify;\"><strong>Structurer les interactions pour favoriser la coop\u00e9ration<\/strong><\/p><\/p>\n\n\n\n<p><p style=\"text-align: justify;\">On organise des t\u00e2ches de groupe o\u00f9 les \u00e9l\u00e8ves sont amen\u00e9\u00b7es \u00e0 coop\u00e9rer plut\u00f4t qu\u2019\u00e0 travailler en comp\u00e9tition. Les t\u00e2ches doivent \u00eatre suffisamment structur\u00e9es pour que chaque \u00e9l\u00e8ve sache exactement comment contribuer selon ses <strong>capacit\u00e9s<\/strong><sup class=\"fn\" data-fn=\"e3392ed8-f42b-4cbe-9070-11907fc17abf\"><a id=\"e3392ed8-f42b-4cbe-9070-11907fc17abf-link\" href=\"#e3392ed8-f42b-4cbe-9070-11907fc17abf\">42<\/a><\/sup><strong>. <\/strong>Pour cela, le travail de production de <em>L\u2019Actu des ULIS<\/em> qui imite le travail d\u2019une \u00e9quipe de r\u00e9daction dans un journal, permet de distribuer ces r\u00f4les lors de \u00ab&nbsp;la r\u00e9union de r\u00e9daction&nbsp;\u00bb \u00e0 chaque d\u00e9but de s\u00e9ance. Les \u00e9l\u00e8ves savent sur quelle rubrique ils travaillent et celles-ci ont \u00e9t\u00e9 choisies en fonction de leurs centres d\u2019int\u00e9r\u00eat et de leurs capacit\u00e9s. On divise une activit\u00e9 complexe (la cr\u00e9ation du journal) en sous-t\u00e2ches sp\u00e9cifiques adapt\u00e9es \u00e0 chaque \u00e9l\u00e8ve (gr\u00e2ce aux rubriques et \u00e0 leurs outils et supports adapt\u00e9s). Ce type de travail permet de valoriser les comp\u00e9tences de chacun tout en favorisant l&rsquo;interd\u00e9pendance.<\/p><\/p>\n\n\n\n<p><p style=\"text-align: justify;\"><em>N&nbsp;: actu cin\u00e9ma (\u00e9l\u00e8ve passionn\u00e9 de cin\u00e9ma et connaissant par c\u0153ur les dates de sortie de films, \u00e9l\u00e8ve tr\u00e8s \u00e0 l\u2019aise \u00e0 l\u2019oral et scripteur)<\/em><\/p><\/p>\n\n\n\n<p><p style=\"text-align: justify;\"><em>M&nbsp;: actu du coll\u00e8ge (tr\u00e8s investi dans l\u2019\u00e9tablissement, d\u00e9l\u00e9gu\u00e9, \u00e9co-d\u00e9l\u00e9gu\u00e9, ambassadeur pHARe, adh\u00e9rent AS, CVC,&nbsp; \u00e0 l\u2019aise \u00e0 l\u2019oral et scripteur)<\/em><\/p><\/p>\n\n\n\n<p><p style=\"text-align: justify;\"><em>A&nbsp;: chef cuisinier (autisme, passionn\u00e9 de cuisine, difficult\u00e9 de ma\u00eetrise des \u00e9motions et peu verbal)<\/em><\/p><\/p>\n\n\n\n<p><p style=\"text-align: justify;\"><em>B: chef m\u00e9t\u00e9o (autisme non verbal, sensible au bruit, port d\u2019un casque)<\/em><\/p><\/p>\n\n\n\n<p><p style=\"text-align: justify;\"><em>M&nbsp;: chef mise en page (autisme, peu verbal, aime dessiner)<\/em><\/p><\/p>\n\n\n\n<p><p style=\"text-align: justify;\"><em>J&nbsp;: interview (\u00e0 l\u2019aise \u00e0 l\u2019oral, non scripteuse)<\/em><\/p><\/p>\n\n\n\n<p><p style=\"text-align: justify;\"><em>D&nbsp;: interview (tr\u00e8s \u00e0 l\u2019aise \u00e0 l\u2019oral, scripteur)<\/em><\/p><\/p>\n\n\n\n<p><p style=\"text-align: justify;\"><em>D&nbsp;: r\u00e9sultats sportifs (\u00e0 l\u2019aise \u00e0 l\u2019oral et scripteur)<\/em><\/p><\/p>\n\n\n\n<p><p style=\"text-align: justify;\"><em>Y&nbsp;: faits divers (\u00e0 l\u2019aff\u00fbt de tous les faits divers, toujours au courant, peu \u00e0 l\u2019aise \u00e0 l\u2019oral et scripteur)<\/em><\/p><\/p>\n\n\n\n<p><p style=\"text-align: justify;\"><em>A&nbsp;: interview (autisme, questionne constamment les personnes)<\/em><\/p><\/p>\n\n\n\n<p><p style=\"text-align: justify;\"><em>L&nbsp;: illustration (tr\u00e8s grandes difficult\u00e9s de concentration)<\/em><\/p><\/p>\n\n\n\n<p><p style=\"text-align: justify;\"><em>M&nbsp;: actu France et monde (\u00e9crit difficile, \u00e0 l\u2019aise \u00e0 l\u2019oral)<\/em><\/p><\/p>\n\n\n\n<p><p style=\"text-align: justify;\">Chaque \u00e9l\u00e8ve, ayant des besoins particuliers ou non, poss\u00e8de des talents et des comp\u00e9tences uniques. L\u2019intelligence collective se nourrit de cette diversit\u00e9, et chaque membre du groupe peut apporter sa propre contribution.<\/p><\/p>\n\n\n\n<p><p style=\"text-align: justify;\">Avec ce projet men\u00e9 en intelligence collective, les trois cat\u00e9gories de CPS sont abord\u00e9es&nbsp;:<\/p><\/p>\n\n\n\n<p><p style=\"text-align: justify;\">&#8211; cognitives avec la pens\u00e9e critique, la capacit\u00e9 \u00e0 atteindre ses buts, l\u2019auto-\u00e9valuation positive, la r\u00e9solution de probl\u00e8me gr\u00e2ce \u00e0 la cr\u00e9ativit\u00e9, etc.,<\/p><\/p>\n\n\n\n<p><p style=\"text-align: justify;\">&#8211; \u00e9motionnelles avec la r\u00e9gulation du stress face \u00e0 l\u2019obligation de fournir une production et une information fiable, etc.,<\/p><\/p>\n\n\n\n<p><p style=\"text-align: justify;\">&#8211; sociales avec la communication constructive, le d\u00e9veloppement de liens sociaux, etc.<\/p><\/p>\n\n\n\n<p><p style=\"text-align: justify;\">Ce projet permet de valoriser les comp\u00e9tences de chaque \u00e9l\u00e8ve, qu\u2019il s\u2019agisse de capacit\u00e9s cr\u00e9atives, d\u2019aptitudes organisationnelles ou d\u2019une compr\u00e9hension particuli\u00e8re d\u2019un sujet. Dans ce projet collectif, chaque \u00e9l\u00e8ve peut \u00eatre responsable d\u2019un aspect du travail en fonction de ses points forts. Par exemple, un \u00e9l\u00e8ve qui a un bon sens du dessin peut \u00eatre charg\u00e9 de la mise en page visuelle du projet comme c\u2019est ici le cas avec M., chef de la mise en page du panneau.<\/p><\/p>\n\n\n\n<h3 class=\"wp-block-heading\" style=\"text-align: justify;\">&nbsp;&nbsp;&nbsp;&nbsp;&nbsp;&nbsp;&nbsp;&nbsp;&nbsp;&nbsp;&nbsp; 3.2. Un projet men\u00e9 avec des \u00e9l\u00e8ves \u00ab&nbsp;d\u00e9crocheurs&nbsp;\u00bb&nbsp;de classe relais (acad\u00e9mie de Nice)<\/h3>\n\n\n\n<p><p style=\"text-align: justify;\">Le projet \u00ab&nbsp;Lecture pour tous&nbsp;\u00bb est r\u00e9alis\u00e9 avec des \u00e9l\u00e8ves en situation de d\u00e9crochage scolaire accueilli\u00b7es,&nbsp; dans le cadre du dispositif relais, au coll\u00e8ge Sidney Bechet \u00e0 Antibes. Les dispositifs relais proposent un accueil temporaire pour des \u00e9l\u00e8ves en situation de rejet du syst\u00e8me scolaire. Ces \u00e9l\u00e8ves sont souvent dans un processus d\u2019\u00e9chec et d\u2019abandon des apprentissages scolaires. Il est donc indispensable d\u2019\u00e9tablir avec eux un travail liant intelligence collective, comp\u00e9tences psychosociales et implication personnelle.<\/p><\/p>\n\n\n\n<p><p style=\"text-align: justify;\">A la diff\u00e9rence d\u2019un travail de groupe fond\u00e9 g\u00e9n\u00e9ralement sur la r\u00e9partition des t\u00e2ches, l\u2019intelligence collective demande \u00e0 chacun de contribuer \u00e0 tous les aspects du projet, en interactions constantes et de bien en conna\u00eetre l\u2019objectif. Il ne s\u2019agit pas de fractionner le travail en petites t\u00e2ches qui peuvent \u00eatre r\u00e9alis\u00e9es ind\u00e9pendamment par n\u2019importe quel individu, mais d\u2019impliquer un ensemble d\u2019individus pour travailler sous forme d\u2019un collectif ayant un but commun. Pour ce projet, notre objectif commun \u00e9tait de f\u00e9d\u00e9rer tous les publics de l\u2019\u00e9tablissement scolaire autour de la lecture et de prendre en compte les particularit\u00e9s des \u00c9l\u00e8ves \u00e0 Besoins \u00c9ducatifs Particuliers pour le r\u00e9am\u00e9nagement du CDI du coll\u00e8ge.<\/p><\/p>\n\n\n\n<p><p style=\"text-align: justify;\">Notre objectif \u00e9tait \u00e0 la fois de mobiliser en cr\u00e9ant un sentiment d\u2019appartenance au projet et d\u2019\u0153uvrer pour une finalit\u00e9 clairement d\u00e9finie \u00e0 laquelle le groupe avait adh\u00e9r\u00e9. Les \u00e9l\u00e8ves de classe relais, faibles lecteur\u00b7ices dans l\u2019imaginaire collectif, ont ainsi \u00e9t\u00e9 associ\u00e9\u00b7es aux choix concernant la r\u00e9organisation du CDI.<\/p><\/p>\n\n\n\n<ul class=\"wp-block-list\" style=\"text-align: justify;\">\n\n<li><strong>Identification de l\u2019objectif et des besoins des usagers<\/strong><\/li>\n\n<\/ul>\n\n\n\n<p><p style=\"text-align: justify;\">Les \u00e9l\u00e8ves se sont r\u00e9unis avec les enseignant\u00b7es tous les mardis apr\u00e8s-midi pendant deux heures. Ils ont \u00e9tabli, dans un premier temps, un diagnostic du classement existant et des obstacles qu\u2019il pouvait constituer pour l\u2019acc\u00e8s aux livres de fiction. Puis, ils ont ensemble r\u00e9fl\u00e9chi aux besoins des \u00e9l\u00e8ves \u00e0 profils particuliers : de la couleur, des th\u00e8mes, un m\u00e9lange des bandes dessin\u00e9es avec les nouvelles et les romans, un espace lecture plus convivial.&nbsp; Tous les ouvrages de fiction ont \u00e9t\u00e9 d\u00e9plac\u00e9s. Ce projet a impliqu\u00e9 beaucoup de manutention au fil de l\u2019ann\u00e9e mais certains \u00e9l\u00e8ves ont red\u00e9couvert des tr\u00e9sors. Une nouvelle signal\u00e9tique color\u00e9e a \u00e9t\u00e9 imagin\u00e9e par les \u00e9l\u00e8ves qui ont \u00e9galement cr\u00e9\u00e9 des logos \u00e0 apposer sur les ouvrages afin de faciliter le classement. Un espace \u00ab&nbsp;petites lectures&nbsp;\u00bb et lectures avec audio a vu le jour dans le coin lecture \u00e9galement afin d\u2019encourager les petits lecteurs \u00e0 se lancer. Les \u00e9l\u00e8ves de la classe relais ont \u00e9galement \u00e9t\u00e9 associ\u00e9s \u00e0 la pr\u00e9paration d\u2019une commande pr\u00e9sent\u00e9e sur le site de l\u2019\u00e9tablissement scolaire&nbsp;: \u00ab les \u00e9l\u00e8ves de la classe relais ont choisi pour vous ces ouvrages bient\u00f4t disponibles au <strong>CDI<\/strong> \u00bb<sup class=\"fn\" data-fn=\"40c056b5-71de-48c4-a99d-8d9b88c58aa6\"><a id=\"40c056b5-71de-48c4-a99d-8d9b88c58aa6-link\" href=\"#40c056b5-71de-48c4-a99d-8d9b88c58aa6\">43<\/a><\/sup> . Le projet a fait l\u2019objet d\u2019une publication sur le site acad\u00e9mique <em><strong>DocAzur<\/strong><\/em><sup class=\"fn\" data-fn=\"76586029-5f31-4b50-b331-a5bef16ae305\"><a id=\"76586029-5f31-4b50-b331-a5bef16ae305-link\" href=\"#76586029-5f31-4b50-b331-a5bef16ae305\">44<\/a><\/sup><em>.<\/em><\/p><\/p>\n\n\n\n<ul class=\"wp-block-list\" style=\"text-align: justify;\">\n\n<li><strong>D\u00e9veloppement de l\u2019autonomie et de la prise de d\u00e9cision<\/strong><\/li>\n\n<\/ul>\n\n\n\n<p><p style=\"text-align: justify;\">Le projet avec la classe relais a \u00e9t\u00e9 initi\u00e9 par une phase de <em>brainstorming<\/em> pendant laquelle les \u00e9l\u00e8ves confrontaient leurs id\u00e9es personnelles aux probl\u00e9matiques auxquelles ils voulaient rem\u00e9dier. L\u2019\u00e9tayage de l\u2019adulte se concentrait sur le rappel des objectifs et des moyens \u00e0 disposition. Le groupe \u00e9tait grandement impliqu\u00e9 dans la validation des propositions individuelles. Cette \u00e9tape a permis une r\u00e9elle appropriation du projet par les \u00e9l\u00e8ves.<\/p><\/p>\n\n\n\n<p><p style=\"text-align: justify;\">Ces modalit\u00e9s de travail (r\u00e9flexion personnelle puis confrontation au groupe) ont \u00e9t\u00e9 reprises lors du choix de la signal\u00e9tique et de l\u2019am\u00e9nagement de l\u2019espace par th\u00e8mes.<\/p><\/p>\n\n\n\n<p><p style=\"text-align: justify;\">L\u2019autonomie des \u00e9l\u00e8ves a \u00e9t\u00e9 favoris\u00e9e par un outil de suivi : la constitution d\u2019un porte-vues personnel avec la trace d\u00e9taill\u00e9e des r\u00e9flexions et prises de d\u00e9cision. Les \u00e9l\u00e8ves s\u2019y r\u00e9f\u00e9raient en d\u00e9but de s\u00e9ance pour reprendre le suivi du projet plus rapidement.<\/p><\/p>\n\n\n\n<ul class=\"wp-block-list\" style=\"text-align: justify;\">\n\n<li><strong>Qualit\u00e9 des interactions et besoin des autres : avancer ensemble dans l\u2019interd\u00e9pendance<\/strong><\/li>\n\n<\/ul>\n\n\n\n<p><p style=\"text-align: justify;\">Pour avancer ensemble, il faut affronter les obstacles li\u00e9s \u00e0 la communication en g\u00e9n\u00e9ral, obstacles qui sont nombreux notamment \u00e0 l\u2019adolescence, p\u00e9riode o\u00f9 l\u2019on d\u00e9veloppe ses comp\u00e9tences psychosociales.<\/p><\/p>\n\n\n\n<p><p style=\"text-align: justify;\">Les phases de r\u00e9flexion collective ont toujours \u00e9t\u00e9 riches car accessibles \u00e0 tous (choix des ic\u00f4nes, des mots cl\u00e9s de recherche) et ont peu impliqu\u00e9 les adultes.&nbsp;Durant tout le projet, les \u00e9l\u00e8ves ont interagi \u00e0 chaque s\u00e9ance : bin\u00f4mes de classement \/ \u00e9tiquetage, entraide pour la production des affiches, tutorat observ\u00e9 sur le classement alphab\u00e9tique. Les \u00e9l\u00e8ves n\u2019\u00e9taient pas toujours les m\u00eames d\u2019une session \u00e0 l\u2019autre, ce qui n\u00e9cessitait une pr\u00e9sentation de nos objectifs et actions \u00e0 chaque retour de vacances. Les \u00e9l\u00e8ves les plus anciens avaient tendance \u00e0 prendre le <em>leadership<\/em> du groupe durant cette premi\u00e8re phase, mais les nouveaux \u00e9taient rapidement int\u00e9gr\u00e9s.<\/p><\/p>\n\n\n\n<p><p style=\"text-align: justify;\"><strong>Lecture \u00e0 voix haute et confiance en soi <\/strong><\/p><\/p>\n\n\n\n<p><p style=\"text-align: justify;\">&nbsp;<\/p><\/p>\n\n\n\n<p><p style=\"text-align: justify;\">Le projet s\u2019est poursuivi cette ann\u00e9e scolaire. Nous avons souhait\u00e9 conserver son nom afin de poursuivre la dynamique initi\u00e9e par les \u00e9l\u00e8ves des sessions pr\u00e9c\u00e9dentes. Lors de la pr\u00e9sentation du projet, nous avons pr\u00e9cis\u00e9 aux \u00e9l\u00e8ves que la proposition de travailler sur la lecture \u00e0 voix haute avait \u00e9t\u00e9 faite par un \u00e9l\u00e8ve de l\u2019ann\u00e9e derni\u00e8re (ayant cette ann\u00e9e rejoint notre coll\u00e8ge). Les \u00e9l\u00e8ves ont d\u00e9couvert le travail de leurs pr\u00e9d\u00e9cesseurs en prenant le temps de choisir un ouvrage qui leur servirait pour l\u2019enregistrement. Chaque \u00e9l\u00e8ve a ensuite choisi un extrait de livre \u00e0 enregistrer, puis le travail a \u00e9t\u00e9 conduit avec un com\u00e9dien afin de les aider \u00e0 surmonter les appr\u00e9hensions de l\u2019enregistrement. Nos \u00e9l\u00e8ves ont ensuite pu cr\u00e9er une affiche afin de pr\u00e9senter le livre, le lien pour la r\u00e9servation sur le site du CDI, ainsi que le <em>QRcode<\/em> pointant vers leur enregistrement.<\/p><\/p>\n\n\n\n<p><p style=\"text-align: justify;\">En plus d\u2019\u00eatre un projet concret, d\u00e9veloppant les comp\u00e9tences num\u00e9riques et orales, ce projet nous a permis de travailler&nbsp;:<\/p><\/p>\n\n\n\n<ul class=\"wp-block-list\" style=\"text-align: justify;\">\n\n<li>la confiance en soi&nbsp;: oser se mettre en sc\u00e8ne et s\u2019enregistrer&nbsp;;<\/li>\n\n\r\n\r\n\n<li>l\u2019image de soi&nbsp;: oser briser les codes et donner une autre image de soi&nbsp;;<\/li>\n\n\r\n\r\n\n<li>l\u2019identit\u00e9 de groupe&nbsp;: d\u00e9fendre l\u2019identit\u00e9 de cette classe souvent mal connue et jug\u00e9e&nbsp;;<\/li>\n\n\r\n\r\n\n<li>le respect de l\u2019autre quels que soient ses choix et son niveau initial&nbsp;;<\/li>\n\n\r\n\r\n\n<li>l\u2019entraide&nbsp;et la coh\u00e9sion du groupe.<\/li>\n\n<\/ul>\n\n\n\n<h3 class=\"wp-block-heading\" style=\"text-align: justify;\">&nbsp;&nbsp;&nbsp;&nbsp;&nbsp;&nbsp;&nbsp;&nbsp;&nbsp;&nbsp;&nbsp; 3.3. Des pistes d\u2019adaptations pour la classe<\/h3>\n\n\n\n<p><p style=\"text-align: justify;\">Conscients des enjeux li\u00e9s aux comp\u00e9tences psychosociales, de nombreux enseignant\u00b7es souhaitent int\u00e9grer ces apprentissages essentiels dans leur pratique quotidienne, mais peuvent parfois manquer d\u2019outils concrets ou de confiance pour oser se lancer. Cette partie propose ainsi une s\u00e9lection d\u2019outils simples, pratiques et adaptables pour accompagner les enseignant\u00b7es dans la mise en \u0153uvre des comp\u00e9tences psychosociales au sein de la classe.<\/p><\/p>\n\n\n\n<p><p style=\"text-align: justify;\"><strong>&nbsp;<\/strong><strong>\u2192 La r\u00e9flexion, l\u2019analyse et l\u2019esprit critique&nbsp;: <\/strong><\/p><\/p>\n\n\n\n<p><p style=\"text-align: justify;\">L\u2019EMI est la discipline id\u00e9ale pour favoriser l\u2019apprentissage de l\u2019esprit critique, l\u2019analyse des informations, et le d\u00e9veloppement des outils de r\u00e9flexion. Cet apprentissage permet d\u2019amener les \u00e9l\u00e8ves \u00e0 observer les faits de fa\u00e7on objective, \u00e0 prendre du recul sur les informations, en faisant preuve d\u2019un raisonnement logique, perspicace et argument\u00e9. On pourra ainsi, tout au long de l\u2019ann\u00e9e scolaire, instaurer des rituels visant \u00e0 rappeler la n\u00e9cessit\u00e9 de se poser syst\u00e9matiquement les questions cl\u00e9s&nbsp;: Qui&nbsp;? Quoi&nbsp;? O\u00f9&nbsp;? Quand&nbsp;? Comment&nbsp;? Pourquoi&nbsp;?<\/p><\/p>\n\n\n\n<p><p style=\"text-align: justify;\">L\u2019enseignant\u00b7e pourra travailler ici notamment l\u2019inhibition de la r\u00e9action premi\u00e8re de partage de l\u2019information, en encourageant l\u2019\u00e9l\u00e8ve \u00e0 utiliser le syst\u00e8me 2 de la pens\u00e9e selon le mod\u00e8le de <strong>Daniel Kahneman<\/strong><sup class=\"fn\" data-fn=\"dd1e1a7a-eaa7-4884-9033-44d6c55b2e94\"><a id=\"dd1e1a7a-eaa7-4884-9033-44d6c55b2e94-link\" href=\"#dd1e1a7a-eaa7-4884-9033-44d6c55b2e94\">45<\/a><\/sup>, c\u2019est-\u00e0-dire la pens\u00e9e lente qui induit une v\u00e9rification syst\u00e9matique de l\u2019information,&nbsp; et un questionnement. Il ou elle pourra analyser des faits pour formuler un jugement, examiner la valeur logique d\u2019un propos ou bien encore l\u2019authenticit\u00e9 d\u2019un texte. Il sera aussi possible d\u2019organiser&nbsp; des ateliers de v\u00e9rification de l\u2019information sous forme de jeux, notamment \u00e0 l\u2019aide de jeux de cartes sur les <em>fake news<\/em> ou d\u2019ateliers de v\u00e9rification des informations tels que l\u2019atelier \u00ab Le vrai du Faux \u00bb qui propose de parcourir une premi\u00e8re fois les informations en donnant un premier avis sans recherche puis de v\u00e9rifier les informations par des <strong>recherches<\/strong><sup class=\"fn\" data-fn=\"481d2cc4-4bc6-4ae0-b15e-2f268f691278\"><a id=\"481d2cc4-4bc6-4ae0-b15e-2f268f691278-link\" href=\"#481d2cc4-4bc6-4ae0-b15e-2f268f691278\">46<\/a><\/sup>.<\/p><\/p>\n\n\n\n<p><p style=\"text-align: justify;\">L\u2019enseignant\u00b7e pourra \u00e9galement amener les \u00e9l\u00e8ves \u00e0 cr\u00e9er des<em> fake news<\/em> afin de leur permettre d\u2019en comprendre les m\u00e9canismes.<\/p><\/p>\n\n\n\n<p><p style=\"text-align: justify;\">Il s\u2019agira aussi ici d\u2019apprendre la rigueur, et la minutie : \u00eatre pr\u00e9cis\u00b7e, le plus exact possible, d\u00e9tecter les petites erreurs, avoir le sens du d\u00e9tail. La comp\u00e9tence analytique d\u00e9signe la capacit\u00e9 \u00e0 r\u00e9fl\u00e9chir aux probl\u00e8mes de fa\u00e7on d\u00e9taill\u00e9e et \u00e0 y trouver des solutions logiques. Cela implique de comprendre les corr\u00e9lations entre les \u00e9l\u00e9ments et les liens de cause \u00e0 effet afin de d\u00e9velopper des solutions efficaces. Il s\u2019agira ici d\u2019apprentissage de la d\u00e9marche scientifique.<\/p><\/p>\n\n\n\n<p><p style=\"text-align: justify;\"><strong>\u2192&nbsp; L\u2019organisation, la gestion&nbsp;: <\/strong><\/p><\/p>\n\n\n\n<p><p style=\"text-align: justify;\">Il s\u2019agit des comp\u00e9tences qui permettent de g\u00e9rer son temps et ses priorit\u00e9s. C\u2019est un savoir-\u00eatre difficile \u00e0 transmettre aux \u00e9l\u00e8ves, qui implique de respecter des horaires ou des <em>plannings<\/em>, de planifier un travail, d\u2019\u00eatre autonome. La comp\u00e9tence m\u00e9thodologique est la capacit\u00e9 \u00e0 \u00e9tablir un ensemble de d\u00e9marches raisonn\u00e9es et suivies pour parvenir \u00e0 un but. Pour aider les \u00e9l\u00e8ves \u00e0 gagner en productivit\u00e9, l\u2019enseignant\u00b7e peut proposer des outils de gestion de projet comme un agenda commun \u00e0 la classe. On peut aussi afficher un <em>planning<\/em> et utiliser un minuteur pendant les temps d\u2019activit\u00e9&nbsp; (type <em>time timer<\/em>).<\/p><\/p>\n\n\n\n<p><p style=\"text-align: justify;\">En outre, on travaille l\u2019apprendre \u00e0 apprendre et la m\u00e9thodologie pour aider l\u2019\u00e9l\u00e8ve \u00e0 \u00eatre capable d\u2019adopter rapidement la meilleure posture pour apprendre, acqu\u00e9rir des connaissances et des exp\u00e9riences nouvelles. Au cours de ce processus, l\u2019\u00e9l\u00e8ve devra apprendre \u00e0 g\u00e9rer les erreurs et les obstacles, \u00e0 ne pas se d\u00e9courager, \u00e0 pers\u00e9v\u00e9rer, \u00e0 rester concentr\u00e9 sur son objectif, \u00e0 fournir un travail r\u00e9gulier pour l\u2019atteindre. La tenue d\u2019un carnet de bord par les \u00e9l\u00e8ves permet l\u2019analyse et le retour sur ces processus lors d\u2019un travail sous forme de projet.<\/p><\/p>\n\n\n\n<p><p style=\"text-align: justify;\"><strong>\u2192 Les comp\u00e9tences interpersonnelles&nbsp;: la coop\u00e9ration, le travail en \u00e9quipe, le<em> leadership<\/em><\/strong><\/p><\/p>\n\n\n\n<p><p style=\"text-align: justify;\">Parmi les comp\u00e9tences interpersonnelles, on trouve la flexibilit\u00e9, l\u2019acceptation du <em>feedback<\/em> et la pers\u00e9v\u00e9rance : l\u2019enjeu est d\u2019apprendre \u00e0 s\u2019adapter face \u00e0 une nouvelle situation, \u00e0 se remettre en question et accepter l\u2019\u00e9chec.<\/p><\/p>\n\n\n\n<p><p style=\"text-align: justify;\">Les ateliers collectifs sont l\u2019occasion pour les \u00e9l\u00e8ves d\u2019apprendre \u00e0 collaborer sur un projet commun, en d\u00e9veloppant leur cr\u00e9ativit\u00e9.<\/p><\/p>\n\n\n\n<p><p style=\"text-align: justify;\"><strong>\u2192 La communication <\/strong><\/p><\/p>\n\n\n\n<p><p style=\"text-align: justify;\">Am\u00e9liorer sa communication, s\u2019\u00e9couter et se respecter, proposer ses id\u00e9es dans un groupe quel que soit le type de communication retenu :<\/p><\/p>\n\n\n\n<p><p style=\"text-align: justify;\">&#8211; \u00e9crite : ma\u00eetriser les codes de la communication \u00e9crite (formules types par exemple) et les outils de communication (savoir utiliser une boite mail par exemple ou r\u00e9diger un courrier.)<\/p><\/p>\n\n\n\n<p><p style=\"text-align: justify;\">&#8211; orale : elle est de plus en plus pr\u00e9sente dans l\u2019apprentissage scolaire (grand oral en lyc\u00e9e, \u00e9loquence au coll\u00e8ge). Il s\u2019agira de d\u00e9velopper l\u2019art de la rh\u00e9torique et d\u2019\u00e9tudier les leviers du discours. Pour cela, des activit\u00e9s d\u2019analyse de textes utilisant la m\u00e9thode des chapeaux de <strong>Bono<\/strong><sup class=\"fn\" data-fn=\"e2f3b268-2dc7-4442-bf43-b2292acfded9\"><a id=\"e2f3b268-2dc7-4442-bf43-b2292acfded9-link\" href=\"#e2f3b268-2dc7-4442-bf43-b2292acfded9\">47<\/a><\/sup>, peuvent se r\u00e9v\u00e9ler utiles. Il est \u00e9galement possible de proposer l\u2019organisation de d\u00e9bats, en utilisant par exemple les stratag\u00e8mes que propose Schopenhauer dans son ouvrage&nbsp; <em>L\u2019art d\u2019avoir toujours <strong>raison<\/strong><\/em><sup class=\"fn\" data-fn=\"c57a7c68-73aa-4529-ac9e-78343f068a95\"><a id=\"c57a7c68-73aa-4529-ac9e-78343f068a95-link\" href=\"#c57a7c68-73aa-4529-ac9e-78343f068a95\">48<\/a><\/sup> qui propose un travail sur la dialectique \u00e9ristique.<\/p><\/p>\n\n\n\n<p><p style=\"text-align: justify;\">&#8211; les communications verbale et non verbale : \u00eatre \u00e0 l\u2019aise dans son corps et ma\u00eetriser les codes de pr\u00e9sentation orale par exemple, les codes vestimentaires ou le positionnement pendant l\u2019oral.<\/p><\/p>\n\n\n\n<p><p style=\"text-align: justify;\">&#8211; l\u2019\u00e9coute active (d\u00e9velopp\u00e9e notamment dans le cadre des dispositifs de m\u00e9diation et de tutorat).<\/p><\/p>\n\n\n\n<p><p style=\"text-align: justify;\"><strong>\u2192 L\u2019autonomie <\/strong><\/p><\/p>\n\n\n\n<p><p style=\"text-align: justify;\">Cette comp\u00e9tence est indispensable et transversale&nbsp;; elle se d\u00e9veloppe gr\u00e2ce \u00e0 l\u2019exp\u00e9rience acquise et aux outils dont l\u2019\u00e9l\u00e8ve a appris \u00e0 se servir. Il s\u2019agit de la capacit\u00e9 \u00e0 s\u2019engager et \u00e0 faire des choix propres pour conduire ses missions de la mani\u00e8re que l\u2019on estime la plus appropri\u00e9e.<\/p><\/p>\n\n\n\n<p><p style=\"text-align: justify;\">Les enseignant\u00b7&nbsp;es ont la possibilit\u00e9 de proposer des exercices en autonomie en mettant \u00e0 disposition les ressources n\u00e9cessaires \u00e0 la r\u00e9solution du probl\u00e8me et d\u2019aider les \u00e9l\u00e8ves \u00e0 mobiliser leurs connaissances. Cet entra\u00eenement est indispensable.<\/p><\/p>\n\n\n\n<p><p style=\"text-align: justify;\"><strong>\u2192 La ma\u00eetrise de soi <\/strong><\/p><\/p>\n\n\n\n<p><p style=\"text-align: justify;\">Nous aborderons ici la gestion de son stress : comment garder la t\u00eate froide&nbsp;?<\/p><\/p>\n\n\n\n<ol class=\"wp-block-list\" style=\"text-align: justify;\">\n\n<li>commencer par observer, analyser la situation\u2009;<\/li>\n\n\r\n\r\n\n<li>recueillir les informations de l\u2019\u00e9v\u00e9nement\u2009;<\/li>\n\n\r\n\r\n\n<li>fournir une r\u00e9ponse adapt\u00e9e.<\/li>\n\n<\/ol>\n\n\n\n<p><p style=\"text-align: justify;\">Ces comp\u00e9tences peuvent \u00eatre travaill\u00e9es par le biais des <em>escape games<\/em> ou autres activit\u00e9s limit\u00e9es dans le temps.<\/p><\/p>\n\n\n\n<p><p style=\"text-align: justify;\">La confiance en soi l\u2019acceptation de soi-m\u00eame&nbsp;: le d\u00e9veloppement de cette perception a un effet sur l\u2019aptitude de l\u2019\u00e9l\u00e8ve \u00e0 construire ses capacit\u00e9s et ses apprentissages. Se d\u00e9tacher du regard de l\u2019autre s\u2019apprend. La capacit\u00e9 \u00e0 s\u2019auto-\u00e9valuer et porter un \u0153il critique sur soi conduit \u00e0 des d\u00e9cisions pertinentes pour engager des actions d\u2019am\u00e9liorations futures de ses comp\u00e9tences. L\u2019enseignant\u00b7e organise avec profit des ateliers respiration calme, de m\u00e9ditation. Il peut \u00e9galement proposer aux \u00e9l\u00e8ves de s\u2019auto-\u00e9valuer sur certaines activit\u00e9s et de r\u00e9fl\u00e9chir aux strat\u00e9gies mises en \u0153uvre pour atteindre leurs objectifs.<\/p><\/p>\n\n\n\n<p><p style=\"text-align: justify;\"><strong>\u2192 La curiosit\u00e9 ou la volont\u00e9 d\u2019apprendre <\/strong><\/p><\/p>\n\n\n\n<p><p style=\"text-align: justify;\">Il s\u2019agit d\u2019une capacit\u00e9 comportementale qui suscite l\u2019envie d\u2019observer, de savoir, de conna\u00eetre, de comprendre&nbsp;:<\/p><\/p>\n\n\n\n<p><p style=\"text-align: justify;\">&#8211; une attitude de disponibilit\u00e9 et\/ou d\u2019int\u00e9r\u00eat \u00e0 l\u2019\u00e9gard d\u2019un sujet ou d\u2019une information donn\u00e9e&nbsp;;<\/p><\/p>\n\n\n\n<p><p style=\"text-align: justify;\">&#8211; une posture ouverte vers les occasions d\u2019apprendre continuellement de nouvelles connaissances et de nouveaux challenges pour progresser&nbsp;;<\/p><\/p>\n\n\n\n<p><p style=\"text-align: justify;\">Cela n\u00e9cessite de faire preuve d\u2019une grande ouverture d\u2019esprit, de manifester de l\u2019int\u00e9r\u00eat, de la curiosit\u00e9 et de la compr\u00e9hension pour les id\u00e9es qui diff\u00e8rent en partie ou totalement des siennes, de faire preuve de tol\u00e9rance. Il est important de fournir aux \u00e9l\u00e8ves les m\u00e9thodes adapt\u00e9es pour satisfaire le besoin de r\u00e9ponses et notamment d\u2019apprendre \u00e0 chercher et trouver l\u2019information.<\/p><\/p>\n\n\n\n<p><p style=\"text-align: justify;\"><strong>\u2192 La cr\u00e9ativit\u00e9 <\/strong><\/p><\/p>\n\n\n\n<p><p style=\"text-align: justify;\">Il s\u2019agit de la capacit\u00e9 \u00e0 trouver des solutions par soi-m\u00eame, \u00e0 d\u00e9velopper des strat\u00e9gies pour r\u00e9soudre des probl\u00e8mes, \u00e0 chercher des nouvelles solutions, tester de nouvelles strat\u00e9gies par<br>soi-m\u00eame, \u00e0 exp\u00e9rimenter, \u00e0 construire et d\u00e9construire. Cela implique de d\u00e9velopper l\u2019autonomie, la confiance en soi, l\u2019audace (car il y a une prise de risque).<\/p><\/p>\n\n\n\n<p><p style=\"text-align: justify;\">Pour l\u2019enseignant\u00b7e, encourager ses \u00e9l\u00e8ves \u00e0 imaginer une fa\u00e7on de r\u00e9soudre un probl\u00e8me est un moyen pour faire \u00e9voluer son inventivit\u00e9. La proposition de r\u00e9solution de t\u00e2ches cr\u00e9atives permet de mettre l\u2019\u00e9l\u00e8ve en position de d\u00e9velopper ses propres strat\u00e9gies et d\u2019innover en la mati\u00e8re. Il peut s\u2019inspirer par exemple de l\u2019agenda 2030 pour amener l\u2019\u00e9l\u00e8ve \u00e0 r\u00e9fl\u00e9chir \u00e0 des solutions cr\u00e9atives.<\/p><\/p>\n\n\n\n<h2 class=\"wp-block-heading\" style=\"text-align: justify;\">Conclusion<\/h2>\n\n\n\n<p><p style=\"text-align: justify;\">\u00c0 l\u2019intersection des enjeux \u00e9ducatifs, sociaux et professionnels, le\u00b7a professeur\u00b7e documentaliste occupe une position strat\u00e9gique pour favoriser le d\u00e9veloppement des comp\u00e9tences psychosociales des \u00e9l\u00e8ves. En articulant son action autour de la collaboration, de la r\u00e9flexion critique et de la co-construction du savoir, il contribue \u00e0 faire \u00e9merger une v\u00e9ritable intelligence collective, ancr\u00e9e dans les pratiques documentaires et informationnelles.<\/p><\/p>\n\n\n\n<p><p style=\"text-align: justify;\">De l\u2019\u00e9valuation collaborative de l\u2019information \u00e0 l\u2019inclusion d\u2019\u00e9l\u00e8ves \u00e0 besoins \u00e9ducatifs particuliers, en passant par l\u2019utilisation de dispositifs participatifs comme <em>Vikidia<\/em> ou le <em>Safer Internet Day<\/em>, les exemples pr\u00e9sent\u00e9s dans cet article illustrent la richesse des initiatives qui int\u00e8grent pleinement les CPS dans les apprentissages. Ces projets montrent combien les <em>soft skills<\/em>, longtemps cantonn\u00e9es au monde professionnel, trouvent aujourd\u2019hui leur place dans l\u2019\u00c9cole, et notamment \u00e0 travers le prisme de l\u2019\u00c9ducation aux m\u00e9dias et l\u2019information.<\/p><\/p>\n\n\n\n<p><p style=\"text-align: justify;\">Dans un contexte o\u00f9 les \u00e9l\u00e8ves \u00e9voluent dans un environnement informationnel complexe et parfois anxiog\u00e8ne, les professeur\u00b7es documentalistes apparaissent comme des facilitateur\u00b7ices essentiels. En cultivant l\u2019\u00e9coute, l\u2019empathie, la coop\u00e9ration ou encore la pens\u00e9e critique, ils et elles ne se contentent pas de transmettre des savoirs, mais pr\u00e9parent les citoyens de demain \u00e0 \u00e9voluer dans un environnement informationnel en \u00e9volution constante, et ce en valorisant l&rsquo;intelligence collective comme levier d\u2019\u00e9mancipation et de r\u00e9ussite pour tous.<\/p><\/p>\n\n\n\n<p><p style=\"text-align: justify;\"><em>Autrices&nbsp;:<\/em><\/p><\/p>\n\n\n\n<p><p style=\"text-align: justify;\">Caroline Albertini, Marine Delliaux, G\u00e9raldine Rouard, Ludivine Sari-Hassoun, Caroline Vernay<\/p><\/p>\n\n\n\n<p><\/p>\n\n\n\n<h2 class=\"wp-block-heading\">Notes<\/h2>\n\n\n<ol class=\"wp-block-footnotes\"><li id=\"5759ecba-5c52-4160-b0dc-a5f4d9b05bb6\">Chaudet, Marie, Maucort, Pauline, Pla\u00e7ais, Marie. \u00ab\u00a0Un prof pour la vie\u00a0\u00bb, dans <em>Les Pieds sur Terre<\/em>. <em>France Culture.<\/em> 2020. Disponible sur\u00a0: <a href=\"https:\/\/www.radiofrance.fr\/franceculture\/podcasts\/les-pieds-sur-terre\/un-prof-pour-la-vie-7744047\">https:\/\/www.radiofrance.fr\/franceculture\/podcasts\/les-pieds-sur-terre\/un-prof-pour-la-vie-7744047<\/a> <a href=\"#5759ecba-5c52-4160-b0dc-a5f4d9b05bb6-link\" aria-label=\"Aller \u00e0 la note de bas de page 1\">\u21a9\ufe0e<\/a><\/li><li id=\"e5a6d92f-129c-4478-ba45-23183d69f43e\">Babin, Alice, Chanel, Anne-Laure. \u00ab\u00a0Knowledge et le CDI\u00a0\u00bb, dans<em> Les Pieds sur Terre<\/em>.<em> France Culture.<\/em> 2024. Disponible sur\u00a0: <a href=\"https:\/\/www.radiofrance.fr\/franceculture\/podcasts\/les-pieds-sur-terre\/knowledge-et-le-cdi-6881404\">https:\/\/www.radiofrance.fr\/franceculture\/podcasts\/les-pieds-sur-terre\/knowledge-et-le-cdi-6881404<\/a> <a href=\"#e5a6d92f-129c-4478-ba45-23183d69f43e-link\" aria-label=\"Aller \u00e0 la note de bas de page 2\">\u21a9\ufe0e<\/a><\/li><li id=\"c967b21b-21a1-40d3-86a4-73a897a518e5\">Minist\u00e8re de l\u2019\u00c9ducation Nationale. <em>Les missions des professeurs documentalistes<\/em>. Bulletin Officiel, 2017. Disponible sur : <a href=\"https:\/\/www.education.gouv.fr\/bo\/17\/Hebdo13\/MENE1708402C.htm\">https:\/\/www.education.gouv.fr\/bo\/17\/Hebdo13\/MENE1708402C.htm<\/a> <a href=\"#c967b21b-21a1-40d3-86a4-73a897a518e5-link\" aria-label=\"Aller \u00e0 la note de bas de page 3\">\u21a9\ufe0e<\/a><\/li><li id=\"906429a7-2d4e-4710-a118-c50fb353ec10\">WHO. <em>Life skills education for children and adolescents in schools<\/em>, 2nd rev.. Gen\u00e8ve : Word Health Organization, 1994. <a href=\"#906429a7-2d4e-4710-a118-c50fb353ec10-link\" aria-label=\"Aller \u00e0 la note de bas de page 4\">\u21a9\ufe0e<\/a><\/li><li id=\"31714e21-6750-455b-9479-b3d341881e46\"><em>Ibid<\/em>. <a href=\"#31714e21-6750-455b-9479-b3d341881e46-link\" aria-label=\"Aller \u00e0 la note de bas de page 5\">\u21a9\ufe0e<\/a><\/li><li id=\"5cb36410-a68f-4752-bcc9-0e2d3fca8b62\">WHO. <em>Skills for health<\/em>. Gen\u00e8ve: World Health Organization, 2003. <a href=\"#5cb36410-a68f-4752-bcc9-0e2d3fca8b62-link\" aria-label=\"Aller \u00e0 la note de bas de page 6\">\u21a9\ufe0e<\/a><\/li><li id=\"ef733481-2216-4787-b2b9-037df9965252\"><em>Les comp\u00e9tences psychosociales : l&rsquo;essentiel \u00e0 savoir<\/em>. Sant\u00e9 Publique France, 2023. <a href=\"#ef733481-2216-4787-b2b9-037df9965252-link\" aria-label=\"Aller \u00e0 la note de bas de page 7\">\u21a9\ufe0e<\/a><\/li><li id=\"82fc4128-09f4-48c6-8a89-34ba9f64c3ee\"><em>Les comp\u00e9tences psychosociales\u00a0: \u00e9tat des connaissances scientifiques et th\u00e9oriques<\/em>. Rapport complet. Sant\u00e9 Publique France, 2022. <a href=\"#82fc4128-09f4-48c6-8a89-34ba9f64c3ee-link\" aria-label=\"Aller \u00e0 la note de bas de page 8\">\u21a9\ufe0e<\/a><\/li><li id=\"0cbd4c83-b180-4202-9996-85b09b7401f7\">Romero, Margarida.<em> Les comp\u00e9tences pour le XXI<sup>\u00e8<\/sup> si\u00e8cle\u00a0: usages cr\u00e9atifs du num\u00e9rique pour l\u2019apprentissage au XXI<sup>\u00e8<\/sup> si\u00e8cle<\/em>. 2017. pp. 15-28. <a href=\"#0cbd4c83-b180-4202-9996-85b09b7401f7-link\" aria-label=\"Aller \u00e0 la note de bas de page 9\">\u21a9\ufe0e<\/a><\/li><li id=\"3dabba31-cfb9-45df-8788-b48ec16b09a3\"><em>Ibid<\/em>. <a href=\"#3dabba31-cfb9-45df-8788-b48ec16b09a3-link\" aria-label=\"Aller \u00e0 la note de bas de page 10\">\u21a9\ufe0e<\/a><\/li><li id=\"cc7fb161-ba9a-4eb7-b4df-3394a2b24563\"><a>Romero, Margarida. <em>#5c21 Cinq comp\u00e9tences cl\u00e9s pour le XXI<sup>\u00e8<\/sup> si\u00e8cle<\/em>. 2016. Disponible sur\u00a0: <\/a><a href=\"https:\/\/fr.slideshare.net\/slideshow\/5c21-cinq-comptences-cls-pour-le-21e-sicle-romero-2016\/61683883\">https:\/\/fr.slideshare.net\/slideshow\/5c21-cinq-comptences-cls-pour-le-21e-sicle-romero-2016\/61683883<\/a> <a href=\"#cc7fb161-ba9a-4eb7-b4df-3394a2b24563-link\" aria-label=\"Aller \u00e0 la note de bas de page 11\">\u21a9\ufe0e<\/a><\/li><li id=\"a478a7e1-eecd-4984-a862-3e6c95da00f0\">Cinque, Maria, Carretero, Stephanie, Napierala, Joanna. <em>Non-cognitive skills and other related concepts : towards a better understanding of similarities and differences<\/em>. Seville : European Commission, 2021. <a href=\"#a478a7e1-eecd-4984-a862-3e6c95da00f0-link\" aria-label=\"Aller \u00e0 la note de bas de page 12\">\u21a9\ufe0e<\/a><\/li><li id=\"76d8ca4c-993b-4702-9d7c-085fdabed3fe\">Kankaras, Milos, Suarez-Alvarez, Javier. <em>Assessment framework of the OECD study on social and emotional skills<\/em>. OECD, 2019. <a href=\"#76d8ca4c-993b-4702-9d7c-085fdabed3fe-link\" aria-label=\"Aller \u00e0 la note de bas de page 13\">\u21a9\ufe0e<\/a><\/li><li id=\"a3e1b8be-ad84-4e5d-a395-3687dcf44d6d\"><em>Comp\u00e9tences psychosociales et orientation\u00a0: de quoi s\u2019agit-il\u00a0? Guide d\u2019accompagnement au projet d\u2019orientation<\/em>. Disponible sur\u00a0: <a href=\"https:\/\/chlorofil.fr\/fileadmin\/user_upload\/03-actions\/orientation\/guide-ppsp\/guide-ppsp-2409-f109.pdf\">https:\/\/chlorofil.fr\/fileadmin\/user_upload\/03-actions\/orientation\/guide-ppsp\/guide-ppsp-2409-f109.pdf<\/a> <a href=\"#a3e1b8be-ad84-4e5d-a395-3687dcf44d6d-link\" aria-label=\"Aller \u00e0 la note de bas de page 14\">\u21a9\ufe0e<\/a><\/li><li id=\"d0a050b2-aebe-43c1-a9b6-c572a3ff8098\">Araujo, Nicolas de. <em>L\u2019accompagnement socio-\u00e9ducatif pour d\u00e9velopper les comp\u00e9tences psychosociales et socioprofessionnelles<\/em>. \u00c9ducation permanente, 2024\/HS1. pp. 123-134. Disponible sur\u00a0: <a href=\"https:\/\/shs.cairn.info\/revue-education-permanente-2024-hs1-page-123?lang=fr&amp;tab=auteurs\">https:\/\/shs.cairn.info\/revue-education-permanente-2024-hs1-page-123?lang=fr&amp;tab=auteurs<\/a> <a href=\"#d0a050b2-aebe-43c1-a9b6-c572a3ff8098-link\" aria-label=\"Aller \u00e0 la note de bas de page 15\">\u21a9\ufe0e<\/a><\/li><li id=\"f1ea1d7e-b182-4426-9e59-6c730a9d6a63\"><em>En quoi la sant\u00e9, le d\u00e9veloppement des comp\u00e9tences psychosociales et la litt\u00e9ratie permettent de favoriser le retour \u00e0 l\u2019emploi\u00a0?<\/em> INNOVAREPS\u00a0: Innovation et promotion de la sant\u00e9 en Nouvelle-Aquitaine, 2018. Disponible sur\u00a0: <a href=\"https:\/\/www.federation-promotion-sante.org\/wp-content\/uploads\/2018\/06\/CPS-et-retour-emploi_INNOVAREPS47_Vdef.pdf\">https:\/\/www.federation-promotion-sante.org\/wp-content\/uploads\/2018\/06\/CPS-et-retour-emploi_INNOVAREPS47_Vdef.pdf<\/a>\u00a0 <a href=\"#f1ea1d7e-b182-4426-9e59-6c730a9d6a63-link\" aria-label=\"Aller \u00e0 la note de bas de page 16\">\u21a9\ufe0e<\/a><\/li><li id=\"3990b24c-2944-455d-b77e-a8f1f8bfc93d\"><em>Les comp\u00e9tences attendues par les employeurs et les pratiques de recrutement<\/em>. France Travail, 2016. Disponible sur\u00a0: <a href=\"https:\/\/www.francetravail.org\/files\/live\/sites\/peorg\/files\/documents\/Statistiques-et-analyses\/E%26S\/eets_22_competences_attendues_par_les_employeurs_et_pratiques_de_recrutement10343.pdf\">https:\/\/www.francetravail.org\/files\/live\/sites\/peorg\/files\/documents\/Statistiques-et-analyses\/E%26S\/eets_22_competences_attendues_par_les_employeurs_et_pratiques_de_recrutement10343.pdf<\/a> <a href=\"#3990b24c-2944-455d-b77e-a8f1f8bfc93d-link\" aria-label=\"Aller \u00e0 la note de bas de page 17\">\u21a9\ufe0e<\/a><\/li><li id=\"3ccade2f-9f59-477e-930c-68b040e90a33\"><em>La pr\u00e9vention des risques professionnels par les comp\u00e9tences psychosociales individuelles (CPS)<\/em>. Officiel Pr\u00e9vention : Sant\u00e9 et S\u00e9curit\u00e9 au travail, 2023. Disponible sur\u00a0: <a href=\"https:\/\/www.officiel-prevention.com\/dossier\/protections-collectives-organisation-ergonomie\/psychologie-du-travail\/la-prevention-des-risques-professionnels-par-les-competences-psychosociales-individuelles-cps\">https:\/\/www.officiel-prevention.com\/dossier\/protections-collectives-organisation-ergonomie\/psychologie-du-travail\/la-prevention-des-risques-professionnels-par-les-competences-psychosociales-individuelles-cps<\/a> <a href=\"#3ccade2f-9f59-477e-930c-68b040e90a33-link\" aria-label=\"Aller \u00e0 la note de bas de page 18\">\u21a9\ufe0e<\/a><\/li><li id=\"a23f58e3-b0f8-4803-8088-414e784f2430\"><em>En quoi la sant\u00e9, le d\u00e9veloppement des comp\u00e9tences psychosociales et la litt\u00e9ratie permettent de favoriser le retour \u00e0 l\u2019emploi\u00a0? <\/em>INNOVAREPS\u00a0: Innovation et promotion de la sant\u00e9 en Nouvelle-Aquitaine, 2018. Disponible sur\u00a0: <a href=\"https:\/\/www.federation-promotion-sante.org\/wp-content\/uploads\/2018\/06\/CPS-et-retour-emploi_INNOVAREPS47_Vdef.pdf\">https:\/\/www.federation-promotion-sante.org\/wp-content\/uploads\/2018\/06\/CPS-et-retour-emploi_INNOVAREPS47_Vdef.pdf<\/a> <a href=\"#a23f58e3-b0f8-4803-8088-414e784f2430-link\" aria-label=\"Aller \u00e0 la note de bas de page 19\">\u21a9\ufe0e<\/a><\/li><li id=\"2a5dad9e-7b1e-48ab-8949-5c6082501987\"><em>La pr\u00e9vention des risques professionnels par les comp\u00e9tences psychosociales individuelles (CPS)<\/em>. Officiel Pr\u00e9vention : Sant\u00e9 et S\u00e9curit\u00e9 au travail, 2023. Disponible sur\u00a0: <a href=\"https:\/\/www.officiel-prevention.com\/dossier\/protections-collectives-organisation-ergonomie\/psychologie-du-travail\/la-prevention-des-risques-professionnels-par-les-competences-psychosociales-individuelles-cps\">https:\/\/www.officiel-prevention.com\/dossier\/protections-collectives-organisation-ergonomie\/psychologie-du-travail\/la-prevention-des-risques-professionnels-par-les-competences-psychosociales-individuelles-cps<\/a> <a href=\"#2a5dad9e-7b1e-48ab-8949-5c6082501987-link\" aria-label=\"Aller \u00e0 la note de bas de page 20\">\u21a9\ufe0e<\/a><\/li><li id=\"a81cb82f-53da-493a-a745-fc97561313f1\">OCDE. <em>Avenir de l\u2019\u00c9ducation et des Comp\u00e9tences 2030<\/em>. Disponible sur\u00a0: <a href=\"https:\/\/www.oecd.org\/fr\/about\/projects\/future-of-education-and-skills-2030.html#strand1\">https:\/\/www.oecd.org\/fr\/about\/projects\/future-of-education-and-skills-2030.html#strand1<\/a> <a href=\"#a81cb82f-53da-493a-a745-fc97561313f1-link\" aria-label=\"Aller \u00e0 la note de bas de page 21\">\u21a9\ufe0e<\/a><\/li><li id=\"7d37440f-70e6-4235-996c-ad9719377c6d\">WHO.<em> Life skills education for children and adolescents in schools<\/em>, 2nd rev. Gen\u00e8ve: Word Health Organization, 1994. <a href=\"#7d37440f-70e6-4235-996c-ad9719377c6d-link\" aria-label=\"Aller \u00e0 la note de bas de page 22\">\u21a9\ufe0e<\/a><\/li><li id=\"1752628e-0c4f-453f-ab6d-73461ebc9f92\"><em>The evidence base for how we learn\u00a0: supporting students\u2019 social, emotional and academic development<\/em>. National Commission on social, emotional and academic development, 2017. <a href=\"#1752628e-0c4f-453f-ab6d-73461ebc9f92-link\" aria-label=\"Aller \u00e0 la note de bas de page 23\">\u21a9\ufe0e<\/a><\/li><li id=\"520bcb0e-9de2-4c91-b581-f9f39d6c5359\">\u00a0<em>Les comp\u00e9tences psychosociales (CPS)\u00a0: qu\u2019est-ce que c\u2019est\u00a0? <\/em>Acad\u00e9mie de Bordeaux, 2023. Disponible sur\u00a0: <a href=\"https:\/\/www.ac-bordeaux.fr\/les-competences-psychosociales-cps-qu-est-ce-que-c-est-128726\">https:\/\/www.ac-bordeaux.fr\/les-competences-psychosociales-cps-qu-est-ce-que-c-est-128726<\/a> <a href=\"#520bcb0e-9de2-4c91-b581-f9f39d6c5359-link\" aria-label=\"Aller \u00e0 la note de bas de page 24\">\u21a9\ufe0e<\/a><\/li><li id=\"47d08b76-ccd1-4eca-9b71-9e884ded18eb\"><em>Les CPS, pourquoi et comment les d\u00e9velopper\u00a0? Les principaux effets et d\u00e9terminants<\/em>. Minist\u00e8re de l\u2019\u00c9ducation Nationale et de la Jeunesse, 2025. Disponible sur\u00a0: <a href=\"https:\/\/eduscol.education.fr\/document\/51601\/download\">https:\/\/eduscol.education.fr\/document\/51601\/download<\/a> <a href=\"#47d08b76-ccd1-4eca-9b71-9e884ded18eb-link\" aria-label=\"Aller \u00e0 la note de bas de page 25\">\u21a9\ufe0e<\/a><\/li><li id=\"e73d1b05-ac0d-4b56-ab2b-a813ebd78205\"><em>Les comp\u00e9tences psychosociales\u00a0: un r\u00e9f\u00e9rentiel pour un d\u00e9ploiement aupr\u00e8s des enfants et des jeunes<\/em>. Synth\u00e8se de l\u2019\u00e9tat des connaissances scientifiques et th\u00e9oriques r\u00e9alis\u00e9 en 2021. Sant\u00e9 Publique France, 2022. <a href=\"#e73d1b05-ac0d-4b56-ab2b-a813ebd78205-link\" aria-label=\"Aller \u00e0 la note de bas de page 26\">\u21a9\ufe0e<\/a><\/li><li id=\"d2de8e62-62c2-43c7-85bb-0582a1830586\">Turgon, Roxane, Blanc, Violaine, Tessier, Damien, Shankland, R\u00e9becca.\u00a0\u00bb Chapitre 6\u00a0: D\u00e9veloppement des comp\u00e9tences psychosociales\u00a0: l\u2019exemple du programme <em>Unplugged\u00a0<\/em>\u00bb. <em>Les donn\u00e9es probantes et l\u2019\u00e9ducation<\/em>. De Boeck Sup\u00e9rieur, 2023. pp. 121-138. Disponible sur\u00a0: <a href=\"https:\/\/shs-cairn-info.ressources-electroniques.univ-lille.fr\/les-donnees-probantes-et-l-education--9782807351370-page-121?lang=fr#s1n3\">https:\/\/shs-cairn-info.ressources-electroniques.univ-lille.fr\/les-donnees-probantes-et-l-education&#8211;9782807351370-page-121?lang=fr#s1n3<\/a> <a href=\"#d2de8e62-62c2-43c7-85bb-0582a1830586-link\" aria-label=\"Aller \u00e0 la note de bas de page 27\">\u21a9\ufe0e<\/a><\/li><li id=\"4cb4c388-1c8f-44ff-a9c6-39827e33951d\"><em>Les comp\u00e9tences psychosociales\u00a0: un r\u00e9f\u00e9rentiel pour un d\u00e9ploiement aupr\u00e8s des enfants et des jeunes. Synth\u00e8se de l\u2019\u00e9tat des connaissances scientifiques et th\u00e9oriques r\u00e9alis\u00e9 en 2021<\/em>. Sant\u00e9 Publique France, 2022. <a href=\"#4cb4c388-1c8f-44ff-a9c6-39827e33951d-link\" aria-label=\"Aller \u00e0 la note de bas de page 28\">\u21a9\ufe0e<\/a><\/li><li id=\"5ecd2d35-0460-4a7c-8219-55ab3e22b9c0\"><em>Instruction interminist\u00e9rielle N\u00b0DGS\u00a0\/\u00a0SP4\u00a0\/\u00a0DGCS\u00a0\/\u00a0DGESCO\u00a0\/\u00a0DJEPVA\/DS\u00a0\/\u00a0DGEFP\u00a0\/\u00a0DPJJ\u00a0\/\u00a0DGESIP\u00a0\/\u00a0DGER\u00a0\/ 2022\/131 du 19\u00a0ao\u00fbt 2022 relative \u00e0 la strat\u00e9gie nationale multisectorielle de d\u00e9veloppement des comp\u00e9tences psychosociales chez les enfants et les jeunes.<\/em> 2022-2037. <a href=\"#5ecd2d35-0460-4a7c-8219-55ab3e22b9c0-link\" aria-label=\"Aller \u00e0 la note de bas de page 29\">\u21a9\ufe0e<\/a><\/li><li id=\"b930ec2c-2810-4ca7-99d3-f2dd12b18a28\"><em>D\u00e9velopper les comp\u00e9tences psychosociales chez les \u00e9l\u00e8ves<\/em>. Eduscol, 2025. Disponible sur\u00a0: <a href=\"https:\/\/eduscol.education.fr\/3901\/developper-les-competences-psychosociales-chez-les-eleves\">https:\/\/eduscol.education.fr\/3901\/developper-les-competences-psychosociales-chez-les-eleves<\/a> <a href=\"#b930ec2c-2810-4ca7-99d3-f2dd12b18a28-link\" aria-label=\"Aller \u00e0 la note de bas de page 30\">\u21a9\ufe0e<\/a><\/li><li id=\"627910d9-93b7-45fb-832f-9ee0889eafa8\"><em>Les comp\u00e9tences psychosociales\u00a0: s\u00e9lection de ressources<\/em>. Eduscol. Disponible sur\u00a0: <a href=\"https:\/\/www.reseau-canope.fr\/developpement-professionnel-des-enseignants\/des-ressources-pour-le-formateur\/les-competences-psychosociales.html\">https:\/\/www.reseau-canope.fr\/developpement-professionnel-des-enseignants\/des-ressources-pour-le-formateur\/les-competences-psychosociales.html<\/a> <a href=\"#627910d9-93b7-45fb-832f-9ee0889eafa8-link\" aria-label=\"Aller \u00e0 la note de bas de page 31\">\u21a9\ufe0e<\/a><\/li><li id=\"a8bcc704-e376-4360-9a5c-42e54504c1a9\"><em>Comment favoriser le d\u00e9veloppement des comp\u00e9tences psychosociales \u00e0 l\u2019\u00e9cole\u00a0?<\/em> Canop\u00e9, 2025. <a href=\"#a8bcc704-e376-4360-9a5c-42e54504c1a9-link\" aria-label=\"Aller \u00e0 la note de bas de page 32\">\u21a9\ufe0e<\/a><\/li><li id=\"ac182037-13eb-4933-bb47-06f7afb30dd4\">Morlaix, Sophie, Tavant, Denis. <em>Profil enseignant et comp\u00e9tences psychosociales des \u00e9l\u00e8ves\u00a0: quels liens \u00e9tablir au sein de la classe\u00a0?<\/em> Revue fran\u00e7aise de p\u00e9dagogie, n\u00b0 211, 2021\/2. pp. 87-101. Disponible sur\u00a0: <a href=\"https:\/\/shs.cairn.info\/revue-francaise-de-pedagogie-2021-2-page-87?lang=fr#s1n4\">https:\/\/shs.cairn.info\/revue-francaise-de-pedagogie-2021-2-page-87?lang=fr#s1n4<\/a> <a href=\"#ac182037-13eb-4933-bb47-06f7afb30dd4-link\" aria-label=\"Aller \u00e0 la note de bas de page 33\">\u21a9\ufe0e<\/a><\/li><li id=\"7bc22d55-b578-4565-944c-535c025d88df\">Masson, Julien. <em>Chapitre 3\u00a0: La bienveillance au service des comp\u00e9tences psychosociales<\/em>. Dunod, 2019. pp. 99-126. Disponible sur\u00a0: <a href=\"https:\/\/shs-cairn-info.ressources-electroniques.univ-lille.fr\/bienveillance-et-reussite-scolaire--9782100796199-page-99?lang=fr\">https:\/\/shs-cairn-info.ressources-electroniques.univ-lille.fr\/bienveillance-et-reussite-scolaire&#8211;9782100796199-page-99?lang=fr<\/a> <a href=\"#7bc22d55-b578-4565-944c-535c025d88df-link\" aria-label=\"Aller \u00e0 la note de bas de page 34\">\u21a9\ufe0e<\/a><\/li><li id=\"9f53b55b-7453-4d8d-99fc-fe9c44c1fe15\">Morlaix, Sophie, Tavant, Denis. <em>Profil enseignant et comp\u00e9tences psychosociales des \u00e9l\u00e8ves\u00a0: quels liens \u00e9tablir au sein de la classe\u00a0? <\/em>Revue fran\u00e7aise de p\u00e9dagogie, n\u00b0 211, 2021\/2. pp. 87-101. Disponible sur\u00a0: <a href=\"https:\/\/shs.cairn.info\/revue-francaise-de-pedagogie-2021-2-page-87?lang=fr#s1n4\">https:\/\/shs.cairn.info\/revue-francaise-de-pedagogie-2021-2-page-87?lang=fr#s1n4<\/a> <a href=\"#9f53b55b-7453-4d8d-99fc-fe9c44c1fe15-link\" aria-label=\"Aller \u00e0 la note de bas de page 35\">\u21a9\ufe0e<\/a><\/li><li id=\"ad54165a-1c3e-4e9d-a48f-aa09569050f8\">Shankland, R\u00e9becca, Gayet, Cl\u00e9mence. <em>Renforcer les comp\u00e9tences psychosociales dans l\u2019\u00e9ducation. <\/em>Envies de changer !, n\u00b06, 2024\/1. pp. 28-31. Disponible sur\u00a0: <a href=\"https:\/\/shs-cairn-info.ressources-electroniques.univ-lille.fr\/revue-envies-de-changer-2024-1-page-28?lang=fr#s1n5\">https:\/\/shs-cairn-info.ressources-electroniques.univ-lille.fr\/revue-envies-de-changer-2024-1-page-28?lang=fr#s1n5<\/a> <a href=\"#ad54165a-1c3e-4e9d-a48f-aa09569050f8-link\" aria-label=\"Aller \u00e0 la note de bas de page 36\">\u21a9\ufe0e<\/a><\/li><li id=\"c45e5139-2e52-4006-917f-410e797a69c0\">Breyton, Virginie. Cultiver le bien-\u00eatre des jeunes par le d\u00e9veloppement des comp\u00e9tences psychosociales. Inter CDI n\u00b0304-305, 09\/2023, p.26-31. <a href=\"#c45e5139-2e52-4006-917f-410e797a69c0-link\" aria-label=\"Aller \u00e0 la note de bas de page 37\">\u21a9\ufe0e<\/a><\/li><li id=\"6ac00ca8-d953-4d48-a159-65d625a3c65c\">Jerome Dinet, Robin Vivian, Brigitte Simonnot. <em>La recherche collaborative d\u2019information sur Internet: impact de l\u2019affinit\u00e9 entre les jeunes collaborateurs<\/em>. Journal d\u2019Interaction Personne-Syst\u00e8me, 2014, Volume 2 (1), pp.1-19. 10.46298\/jips.64. hal-01059080 <a href=\"#6ac00ca8-d953-4d48-a159-65d625a3c65c-link\" aria-label=\"Aller \u00e0 la note de bas de page 38\">\u21a9\ufe0e<\/a><\/li><li id=\"87fd18b6-359f-46ee-aea3-7863b1b7a5ff\">Albertini, Caroline, Domin, C\u00e9line, Le D\u00fbs, Perrine, Serret, M\u00e9lanie. <em>TraAM Documentation 2023-2024\u00a0: En quoi le travail d\u2019alimentation d\u2019une encyclop\u00e9die collaborative en ligne permet-il de g\u00e9n\u00e9rer de l\u2019intelligence collective\u00a0?<\/em> 2024. Disponible sur\u00a0: <a href=\"https:\/\/www.pedagogie.ac-nice.fr\/doc-azur\/2024\/06\/12\/traam-documentation-2023-2024-en-quoi-le-travail-dalimentation-dune-encyclopedie-collaborative-en-ligne-permet-il-de-generer-de-lintelligence-collective\/\">https:\/\/www.pedagogie.ac-nice.fr\/doc-azur\/2024\/06\/12\/traam-documentation-2023-2024-en-quoi-le-travail-dalimentation-dune-encyclopedie-collaborative-en-ligne-permet-il-de-generer-de-lintelligence-collective\/<\/a> <a href=\"#87fd18b6-359f-46ee-aea3-7863b1b7a5ff-link\" aria-label=\"Aller \u00e0 la note de bas de page 39\">\u21a9\ufe0e<\/a><\/li><li id=\"ddac20ce-99b9-4dfb-8df8-3195db9ff705\">\u00ab\u00a0Pyramide des besoins\u00a0\u00bb, dans <em>Wikipedia<\/em>. Disponible sur\u00a0: <a href=\"https:\/\/fr.wikipedia.org\/wiki\/Pyramide_des_besoins\">https:\/\/fr.wikipedia.org\/wiki\/Pyramide_des_besoins<\/a> <a href=\"#ddac20ce-99b9-4dfb-8df8-3195db9ff705-link\" aria-label=\"Aller \u00e0 la note de bas de page 40\">\u21a9\ufe0e<\/a><\/li><li id=\"820b3040-825c-4ab1-b9d2-782a7efeb9d5\">\u00ab\u00a0Fiche intervenant BESOINS et R\u00c8GLES de VIE \u00bb, dans <em>Le cartable des comp\u00e9tences psychosociales<\/em>. Disponible sur\u00a0: <a href=\"https:\/\/cartablecps.org\/_docs\/Fichier\/2017\/4-170227012417.pdf\">https:\/\/cartablecps.org\/_docs\/Fichier\/2017\/4-170227012417.pdf<\/a> <a href=\"#820b3040-825c-4ab1-b9d2-782a7efeb9d5-link\" aria-label=\"Aller \u00e0 la note de bas de page 41\">\u21a9\ufe0e<\/a><\/li><li id=\"e3392ed8-f42b-4cbe-9070-11907fc17abf\">Notons que l\u2019intelligence collective peut requ\u00e9rir la participation de chaque \u00e9l\u00e8ve pour chaque t\u00e2che, ce qui dans ce cas pr\u00e9cis n\u2019a pas \u00e9t\u00e9 possible en raison des sp\u00e9cificit\u00e9s cognitives des \u00e9l\u00e8ves\u00a0; chacun effectue la t\u00e2che qui lui est assign\u00e9e. <a href=\"#e3392ed8-f42b-4cbe-9070-11907fc17abf-link\" aria-label=\"Aller \u00e0 la note de bas de page 42\">\u21a9\ufe0e<\/a><\/li><li id=\"40c056b5-71de-48c4-a99d-8d9b88c58aa6\"><em>Les \u00e9l\u00e8ves de la classe relais ont choisi de commander ces livres pour vous<\/em>. Genially. Disponible sur : <a href=\"https:\/\/view.genially.com\/67e4ff834c374d2bec5d989a\/interactive-content-commande-classe-relais\">https:\/\/view.genially.com\/67e4ff834c374d2bec5d989a\/interactive-content-commande-classe-relais<\/a> <a href=\"#40c056b5-71de-48c4-a99d-8d9b88c58aa6-link\" aria-label=\"Aller \u00e0 la note de bas de page 43\">\u21a9\ufe0e<\/a><\/li><li id=\"76586029-5f31-4b50-b331-a5bef16ae305\">Buigues, Cassandra, Duflos, Sonia, Lemoine, Laureline, Rouard, G\u00e9raldine. <em>L\u2019intelligence collective au service du r\u00e9am\u00e9nagement des espaces documentaires<\/em>. 2024. Disponible sur : <a href=\"https:\/\/www.pedagogie.ac-nice.fr\/doc-azur\/2024\/06\/11\/lintelligence-collective-au-service-du-reamenagement-des-espaces-info-documentaires\/\">https:\/\/www.pedagogie.ac-nice.fr\/doc-azur\/2024\/06\/11\/lintelligence-collective-au-service-du-reamenagement-des-espaces-info-documentaires\/<\/a> <a href=\"#76586029-5f31-4b50-b331-a5bef16ae305-link\" aria-label=\"Aller \u00e0 la note de bas de page 44\">\u21a9\ufe0e<\/a><\/li><li id=\"dd1e1a7a-eaa7-4884-9033-44d6c55b2e94\"><em>Syst\u00e8me 1 \/ Syst\u00e8me 2\u00a0: Les deux vitesses de la pens\u00e9e<\/em>. Wikipedia. Disponible sur\u00a0: <a href=\"https:\/\/fr.wikipedia.org\/wiki\/Systeme_1_\/_Systeme_2_:_Les_deux_vitesses_de_la_pensee\">https:\/\/fr.wikipedia.org\/wiki\/Systeme_1_\/_Systeme_2_:_Les_deux_vitesses_de_la_pensee<\/a> <a href=\"#dd1e1a7a-eaa7-4884-9033-44d6c55b2e94-link\" aria-label=\"Aller \u00e0 la note de bas de page 45\">\u21a9\ufe0e<\/a><\/li><li id=\"481d2cc4-4bc6-4ae0-b15e-2f268f691278\"><em>Le Vrai du Faux<\/em>. 2025. Disponible sur\u00a0: <a href=\"https:\/\/levraidufaux.info\/\">https:\/\/levraidufaux.info\/<\/a> <a href=\"#481d2cc4-4bc6-4ae0-b15e-2f268f691278-link\" aria-label=\"Aller \u00e0 la note de bas de page 46\">\u21a9\ufe0e<\/a><\/li><li id=\"e2f3b268-2dc7-4442-bf43-b2292acfded9\">Leac, Jean-Pierre. Les six chapeaux de Bono. Les cahiers de l\u2019innovation. Disponible sur\u00a0: <a href=\"https:\/\/www.lescahiersdelinnovation.com\/les-six-chapeaux-de-bono\/\">https:\/\/www.lescahiersdelinnovation.com\/les-six-chapeaux-de-bono\/<\/a> <a href=\"#e2f3b268-2dc7-4442-bf43-b2292acfded9-link\" aria-label=\"Aller \u00e0 la note de bas de page 47\">\u21a9\ufe0e<\/a><\/li><li id=\"c57a7c68-73aa-4529-ac9e-78343f068a95\">Schopenhauer, Arthur. <em>L\u2019Art d\u2019avoir toujours raison<\/em>. 1864. Disponible sur\u00a0: <a href=\"https:\/\/www.schopenhauer.fr\/oeuvres\/fichier\/l-art-d-avoir-toujours-raison.pdf\">https:\/\/www.schopenhauer.fr\/oeuvres\/fichier\/l-art-d-avoir-toujours-raison.pdf<\/a>\u00a0 <a href=\"#c57a7c68-73aa-4529-ac9e-78343f068a95-link\" aria-label=\"Aller \u00e0 la note de bas de page 48\">\u21a9\ufe0e<\/a><\/li><\/ol>\n\n\n<p><p style=\"text-align: justify;\">&nbsp;<\/p><\/p>\n\n\n\n<p><p style=\"text-align: justify;\">&nbsp;<\/p><\/p>\n","protected":false},"excerpt":{"rendered":"<p>Cet article r\u00e9flexif est le fruit d\u2019une collaboration entre professeures documentalistes r\u00e9f\u00e9rentes des TraAM Documentation 2024-2025 sur le th\u00e8me de \u201cl\u2019intelligence collective au service des comp\u00e9tences du XXI\u00e8me si\u00e8cle\u201d. Au cours de sa scolarit\u00e9, l\u2019\u00e9l\u00e8ve est amen\u00e9\u00b7e \u00e0 communiquer avec autrui, notamment les autres enfants et adolescent\u00b7es, ainsi que les [&hellip;]<\/p>\n","protected":false},"author":276,"featured_media":4162,"comment_status":"closed","ping_status":"closed","sticky":false,"template":"","format":"standard","meta":{"ngg_post_thumbnail":0,"footnotes":"[{\"content\":\"Chaudet, Marie, Maucort, Pauline, Pla\u00e7ais, Marie. \u00ab\u00a0Un prof pour la vie\u00a0\u00bb, dans <em>Les Pieds sur Terre<\/em>. <em>France Culture.<\/em> 2020. Disponible sur\u00a0: <a href=\\\"https:\/\/www.radiofrance.fr\/franceculture\/podcasts\/les-pieds-sur-terre\/un-prof-pour-la-vie-7744047\\\">https:\/\/www.radiofrance.fr\/franceculture\/podcasts\/les-pieds-sur-terre\/un-prof-pour-la-vie-7744047<\/a>\",\"id\":\"5759ecba-5c52-4160-b0dc-a5f4d9b05bb6\"},{\"content\":\"Babin, Alice, Chanel, Anne-Laure. \u00ab\u00a0Knowledge et le CDI\u00a0\u00bb, dans<em> Les Pieds sur Terre<\/em>.<em> France Culture.<\/em> 2024. Disponible sur\u00a0: <a href=\\\"https:\/\/www.radiofrance.fr\/franceculture\/podcasts\/les-pieds-sur-terre\/knowledge-et-le-cdi-6881404\\\">https:\/\/www.radiofrance.fr\/franceculture\/podcasts\/les-pieds-sur-terre\/knowledge-et-le-cdi-6881404<\/a>\",\"id\":\"e5a6d92f-129c-4478-ba45-23183d69f43e\"},{\"content\":\"Minist\u00e8re de l\u2019\u00c9ducation Nationale. <em>Les missions des professeurs documentalistes<\/em>. Bulletin Officiel, 2017. Disponible sur : <a href=\\\"https:\/\/www.education.gouv.fr\/bo\/17\/Hebdo13\/MENE1708402C.htm\\\">https:\/\/www.education.gouv.fr\/bo\/17\/Hebdo13\/MENE1708402C.htm<\/a>\",\"id\":\"c967b21b-21a1-40d3-86a4-73a897a518e5\"},{\"content\":\"WHO. <em>Life skills education for children and adolescents in schools<\/em>, 2nd rev.. Gen\u00e8ve : Word Health Organization, 1994.\",\"id\":\"906429a7-2d4e-4710-a118-c50fb353ec10\"},{\"content\":\"<em>Ibid<\/em>.\",\"id\":\"31714e21-6750-455b-9479-b3d341881e46\"},{\"content\":\"WHO. <em>Skills for health<\/em>. Gen\u00e8ve: World Health Organization, 2003.\",\"id\":\"5cb36410-a68f-4752-bcc9-0e2d3fca8b62\"},{\"content\":\"<em>Les comp\u00e9tences psychosociales : l'essentiel \u00e0 savoir<\/em>. Sant\u00e9 Publique France, 2023.\",\"id\":\"ef733481-2216-4787-b2b9-037df9965252\"},{\"content\":\"<em>Les comp\u00e9tences psychosociales\u00a0: \u00e9tat des connaissances scientifiques et th\u00e9oriques<\/em>. Rapport complet. Sant\u00e9 Publique France, 2022.\",\"id\":\"82fc4128-09f4-48c6-8a89-34ba9f64c3ee\"},{\"content\":\"Romero, Margarida.<em> Les comp\u00e9tences pour le XXI<sup>\u00e8<\/sup> si\u00e8cle\u00a0: usages cr\u00e9atifs du num\u00e9rique pour l\u2019apprentissage au XXI<sup>\u00e8<\/sup> si\u00e8cle<\/em>. 2017. pp. 15-28.\",\"id\":\"0cbd4c83-b180-4202-9996-85b09b7401f7\"},{\"content\":\"<em>Ibid<\/em>.\",\"id\":\"3dabba31-cfb9-45df-8788-b48ec16b09a3\"},{\"content\":\"<a>Romero, Margarida. <em>#5c21 Cinq comp\u00e9tences cl\u00e9s pour le XXI<sup>\u00e8<\/sup> si\u00e8cle<\/em>. 2016. Disponible sur\u00a0: <\/a><a href=\\\"https:\/\/fr.slideshare.net\/slideshow\/5c21-cinq-comptences-cls-pour-le-21e-sicle-romero-2016\/61683883\\\">https:\/\/fr.slideshare.net\/slideshow\/5c21-cinq-comptences-cls-pour-le-21e-sicle-romero-2016\/61683883<\/a>\",\"id\":\"cc7fb161-ba9a-4eb7-b4df-3394a2b24563\"},{\"content\":\"Cinque, Maria, Carretero, Stephanie, Napierala, Joanna. <em>Non-cognitive skills and other related concepts : towards a better understanding of similarities and differences<\/em>. Seville : European Commission, 2021.\",\"id\":\"a478a7e1-eecd-4984-a862-3e6c95da00f0\"},{\"content\":\"Kankaras, Milos, Suarez-Alvarez, Javier. <em>Assessment framework of the OECD study on social and emotional skills<\/em>. OECD, 2019.\",\"id\":\"76d8ca4c-993b-4702-9d7c-085fdabed3fe\"},{\"content\":\"<em>Comp\u00e9tences psychosociales et orientation\u00a0: de quoi s\u2019agit-il\u00a0? Guide d\u2019accompagnement au projet d\u2019orientation<\/em>. Disponible sur\u00a0: <a href=\\\"https:\/\/chlorofil.fr\/fileadmin\/user_upload\/03-actions\/orientation\/guide-ppsp\/guide-ppsp-2409-f109.pdf\\\">https:\/\/chlorofil.fr\/fileadmin\/user_upload\/03-actions\/orientation\/guide-ppsp\/guide-ppsp-2409-f109.pdf<\/a>\",\"id\":\"a3e1b8be-ad84-4e5d-a395-3687dcf44d6d\"},{\"content\":\"Araujo, Nicolas de. <em>L\u2019accompagnement socio-\u00e9ducatif pour d\u00e9velopper les comp\u00e9tences psychosociales et socioprofessionnelles<\/em>. \u00c9ducation permanente, 2024\/HS1. pp. 123-134. Disponible sur\u00a0: <a href=\\\"https:\/\/shs.cairn.info\/revue-education-permanente-2024-hs1-page-123?lang=fr&amp;tab=auteurs\\\">https:\/\/shs.cairn.info\/revue-education-permanente-2024-hs1-page-123?lang=fr&amp;tab=auteurs<\/a>\",\"id\":\"d0a050b2-aebe-43c1-a9b6-c572a3ff8098\"},{\"content\":\"<em>En quoi la sant\u00e9, le d\u00e9veloppement des comp\u00e9tences psychosociales et la litt\u00e9ratie permettent de favoriser le retour \u00e0 l\u2019emploi\u00a0?<\/em> INNOVAREPS\u00a0: Innovation et promotion de la sant\u00e9 en Nouvelle-Aquitaine, 2018. Disponible sur\u00a0: <a href=\\\"https:\/\/www.federation-promotion-sante.org\/wp-content\/uploads\/2018\/06\/CPS-et-retour-emploi_INNOVAREPS47_Vdef.pdf\\\">https:\/\/www.federation-promotion-sante.org\/wp-content\/uploads\/2018\/06\/CPS-et-retour-emploi_INNOVAREPS47_Vdef.pdf<\/a>\u00a0\",\"id\":\"f1ea1d7e-b182-4426-9e59-6c730a9d6a63\"},{\"content\":\"<em>Les comp\u00e9tences attendues par les employeurs et les pratiques de recrutement<\/em>. France Travail, 2016. Disponible sur\u00a0: <a href=\\\"https:\/\/www.francetravail.org\/files\/live\/sites\/peorg\/files\/documents\/Statistiques-et-analyses\/E%26S\/eets_22_competences_attendues_par_les_employeurs_et_pratiques_de_recrutement10343.pdf\\\">https:\/\/www.francetravail.org\/files\/live\/sites\/peorg\/files\/documents\/Statistiques-et-analyses\/E%26S\/eets_22_competences_attendues_par_les_employeurs_et_pratiques_de_recrutement10343.pdf<\/a>\",\"id\":\"3990b24c-2944-455d-b77e-a8f1f8bfc93d\"},{\"content\":\"<em>La pr\u00e9vention des risques professionnels par les comp\u00e9tences psychosociales individuelles (CPS)<\/em>. Officiel Pr\u00e9vention : Sant\u00e9 et S\u00e9curit\u00e9 au travail, 2023. Disponible sur\u00a0: <a href=\\\"https:\/\/www.officiel-prevention.com\/dossier\/protections-collectives-organisation-ergonomie\/psychologie-du-travail\/la-prevention-des-risques-professionnels-par-les-competences-psychosociales-individuelles-cps\\\">https:\/\/www.officiel-prevention.com\/dossier\/protections-collectives-organisation-ergonomie\/psychologie-du-travail\/la-prevention-des-risques-professionnels-par-les-competences-psychosociales-individuelles-cps<\/a>\",\"id\":\"3ccade2f-9f59-477e-930c-68b040e90a33\"},{\"content\":\"<em>En quoi la sant\u00e9, le d\u00e9veloppement des comp\u00e9tences psychosociales et la litt\u00e9ratie permettent de favoriser le retour \u00e0 l\u2019emploi\u00a0? <\/em>INNOVAREPS\u00a0: Innovation et promotion de la sant\u00e9 en Nouvelle-Aquitaine, 2018. Disponible sur\u00a0: <a href=\\\"https:\/\/www.federation-promotion-sante.org\/wp-content\/uploads\/2018\/06\/CPS-et-retour-emploi_INNOVAREPS47_Vdef.pdf\\\">https:\/\/www.federation-promotion-sante.org\/wp-content\/uploads\/2018\/06\/CPS-et-retour-emploi_INNOVAREPS47_Vdef.pdf<\/a>\",\"id\":\"a23f58e3-b0f8-4803-8088-414e784f2430\"},{\"content\":\"<em>La pr\u00e9vention des risques professionnels par les comp\u00e9tences psychosociales individuelles (CPS)<\/em>. Officiel Pr\u00e9vention : Sant\u00e9 et S\u00e9curit\u00e9 au travail, 2023. Disponible sur\u00a0: <a href=\\\"https:\/\/www.officiel-prevention.com\/dossier\/protections-collectives-organisation-ergonomie\/psychologie-du-travail\/la-prevention-des-risques-professionnels-par-les-competences-psychosociales-individuelles-cps\\\">https:\/\/www.officiel-prevention.com\/dossier\/protections-collectives-organisation-ergonomie\/psychologie-du-travail\/la-prevention-des-risques-professionnels-par-les-competences-psychosociales-individuelles-cps<\/a>\",\"id\":\"2a5dad9e-7b1e-48ab-8949-5c6082501987\"},{\"content\":\"OCDE. <em>Avenir de l\u2019\u00c9ducation et des Comp\u00e9tences 2030<\/em>. Disponible sur\u00a0: <a href=\\\"https:\/\/www.oecd.org\/fr\/about\/projects\/future-of-education-and-skills-2030.html#strand1\\\">https:\/\/www.oecd.org\/fr\/about\/projects\/future-of-education-and-skills-2030.html#strand1<\/a>\",\"id\":\"a81cb82f-53da-493a-a745-fc97561313f1\"},{\"content\":\"WHO.<em> Life skills education for children and adolescents in schools<\/em>, 2nd rev. Gen\u00e8ve: Word Health Organization, 1994.\",\"id\":\"7d37440f-70e6-4235-996c-ad9719377c6d\"},{\"content\":\"<em>The evidence base for how we learn\u00a0: supporting students\u2019 social, emotional and academic development<\/em>. National Commission on social, emotional and academic development, 2017.\",\"id\":\"1752628e-0c4f-453f-ab6d-73461ebc9f92\"},{\"content\":\"\u00a0<em>Les comp\u00e9tences psychosociales (CPS)\u00a0: qu\u2019est-ce que c\u2019est\u00a0? <\/em>Acad\u00e9mie de Bordeaux, 2023. Disponible sur\u00a0: <a href=\\\"https:\/\/www.ac-bordeaux.fr\/les-competences-psychosociales-cps-qu-est-ce-que-c-est-128726\\\">https:\/\/www.ac-bordeaux.fr\/les-competences-psychosociales-cps-qu-est-ce-que-c-est-128726<\/a>\",\"id\":\"520bcb0e-9de2-4c91-b581-f9f39d6c5359\"},{\"content\":\"<em>Les CPS, pourquoi et comment les d\u00e9velopper\u00a0? Les principaux effets et d\u00e9terminants<\/em>. Minist\u00e8re de l\u2019\u00c9ducation Nationale et de la Jeunesse, 2025. Disponible sur\u00a0: <a href=\\\"https:\/\/eduscol.education.fr\/document\/51601\/download\\\">https:\/\/eduscol.education.fr\/document\/51601\/download<\/a>\",\"id\":\"47d08b76-ccd1-4eca-9b71-9e884ded18eb\"},{\"content\":\"<em>Les comp\u00e9tences psychosociales\u00a0: un r\u00e9f\u00e9rentiel pour un d\u00e9ploiement aupr\u00e8s des enfants et des jeunes<\/em>. Synth\u00e8se de l\u2019\u00e9tat des connaissances scientifiques et th\u00e9oriques r\u00e9alis\u00e9 en 2021. Sant\u00e9 Publique France, 2022.\",\"id\":\"e73d1b05-ac0d-4b56-ab2b-a813ebd78205\"},{\"content\":\"Turgon, Roxane, Blanc, Violaine, Tessier, Damien, Shankland, R\u00e9becca.\u00a0\u00bb Chapitre 6\u00a0: D\u00e9veloppement des comp\u00e9tences psychosociales\u00a0: l\u2019exemple du programme <em>Unplugged\u00a0<\/em>\u00bb. <em>Les donn\u00e9es probantes et l\u2019\u00e9ducation<\/em>. De Boeck Sup\u00e9rieur, 2023. pp. 121-138. Disponible sur\u00a0: <a href=\\\"https:\/\/shs-cairn-info.ressources-electroniques.univ-lille.fr\/les-donnees-probantes-et-l-education--9782807351370-page-121?lang=fr#s1n3\\\">https:\/\/shs-cairn-info.ressources-electroniques.univ-lille.fr\/les-donnees-probantes-et-l-education--9782807351370-page-121?lang=fr#s1n3<\/a>\",\"id\":\"d2de8e62-62c2-43c7-85bb-0582a1830586\"},{\"content\":\"<em>Les comp\u00e9tences psychosociales\u00a0: un r\u00e9f\u00e9rentiel pour un d\u00e9ploiement aupr\u00e8s des enfants et des jeunes. Synth\u00e8se de l\u2019\u00e9tat des connaissances scientifiques et th\u00e9oriques r\u00e9alis\u00e9 en 2021<\/em>. Sant\u00e9 Publique France, 2022.\",\"id\":\"4cb4c388-1c8f-44ff-a9c6-39827e33951d\"},{\"content\":\"<em>Instruction interminist\u00e9rielle N\u00b0DGS\u00a0\/\u00a0SP4\u00a0\/\u00a0DGCS\u00a0\/\u00a0DGESCO\u00a0\/\u00a0DJEPVA\/DS\u00a0\/\u00a0DGEFP\u00a0\/\u00a0DPJJ\u00a0\/\u00a0DGESIP\u00a0\/\u00a0DGER\u00a0\/ 2022\/131 du 19\u00a0ao\u00fbt 2022 relative \u00e0 la strat\u00e9gie nationale multisectorielle de d\u00e9veloppement des comp\u00e9tences psychosociales chez les enfants et les jeunes.<\/em> 2022-2037.\",\"id\":\"5ecd2d35-0460-4a7c-8219-55ab3e22b9c0\"},{\"content\":\"<em>D\u00e9velopper les comp\u00e9tences psychosociales chez les \u00e9l\u00e8ves<\/em>. Eduscol, 2025. Disponible sur\u00a0: <a href=\\\"https:\/\/eduscol.education.fr\/3901\/developper-les-competences-psychosociales-chez-les-eleves\\\">https:\/\/eduscol.education.fr\/3901\/developper-les-competences-psychosociales-chez-les-eleves<\/a>\",\"id\":\"b930ec2c-2810-4ca7-99d3-f2dd12b18a28\"},{\"content\":\"<em>Les comp\u00e9tences psychosociales\u00a0: s\u00e9lection de ressources<\/em>. Eduscol. Disponible sur\u00a0: <a href=\\\"https:\/\/www.reseau-canope.fr\/developpement-professionnel-des-enseignants\/des-ressources-pour-le-formateur\/les-competences-psychosociales.html\\\">https:\/\/www.reseau-canope.fr\/developpement-professionnel-des-enseignants\/des-ressources-pour-le-formateur\/les-competences-psychosociales.html<\/a>\",\"id\":\"627910d9-93b7-45fb-832f-9ee0889eafa8\"},{\"content\":\"<em>Comment favoriser le d\u00e9veloppement des comp\u00e9tences psychosociales \u00e0 l\u2019\u00e9cole\u00a0?<\/em> Canop\u00e9, 2025.\",\"id\":\"a8bcc704-e376-4360-9a5c-42e54504c1a9\"},{\"content\":\"Morlaix, Sophie, Tavant, Denis. <em>Profil enseignant et comp\u00e9tences psychosociales des \u00e9l\u00e8ves\u00a0: quels liens \u00e9tablir au sein de la classe\u00a0?<\/em> Revue fran\u00e7aise de p\u00e9dagogie, n\u00b0 211, 2021\/2. pp. 87-101. Disponible sur\u00a0: <a href=\\\"https:\/\/shs.cairn.info\/revue-francaise-de-pedagogie-2021-2-page-87?lang=fr#s1n4\\\">https:\/\/shs.cairn.info\/revue-francaise-de-pedagogie-2021-2-page-87?lang=fr#s1n4<\/a>\",\"id\":\"ac182037-13eb-4933-bb47-06f7afb30dd4\"},{\"content\":\"Masson, Julien. <em>Chapitre 3\u00a0: La bienveillance au service des comp\u00e9tences psychosociales<\/em>. Dunod, 2019. pp. 99-126. Disponible sur\u00a0: <a href=\\\"https:\/\/shs-cairn-info.ressources-electroniques.univ-lille.fr\/bienveillance-et-reussite-scolaire--9782100796199-page-99?lang=fr\\\">https:\/\/shs-cairn-info.ressources-electroniques.univ-lille.fr\/bienveillance-et-reussite-scolaire--9782100796199-page-99?lang=fr<\/a>\",\"id\":\"7bc22d55-b578-4565-944c-535c025d88df\"},{\"content\":\"Morlaix, Sophie, Tavant, Denis. <em>Profil enseignant et comp\u00e9tences psychosociales des \u00e9l\u00e8ves\u00a0: quels liens \u00e9tablir au sein de la classe\u00a0? <\/em>Revue fran\u00e7aise de p\u00e9dagogie, n\u00b0 211, 2021\/2. pp. 87-101. Disponible sur\u00a0: <a href=\\\"https:\/\/shs.cairn.info\/revue-francaise-de-pedagogie-2021-2-page-87?lang=fr#s1n4\\\">https:\/\/shs.cairn.info\/revue-francaise-de-pedagogie-2021-2-page-87?lang=fr#s1n4<\/a>\",\"id\":\"9f53b55b-7453-4d8d-99fc-fe9c44c1fe15\"},{\"content\":\"Shankland, R\u00e9becca, Gayet, Cl\u00e9mence. <em>Renforcer les comp\u00e9tences psychosociales dans l\u2019\u00e9ducation. <\/em>Envies de changer !, n\u00b06, 2024\/1. pp. 28-31. Disponible sur\u00a0: <a href=\\\"https:\/\/shs-cairn-info.ressources-electroniques.univ-lille.fr\/revue-envies-de-changer-2024-1-page-28?lang=fr#s1n5\\\">https:\/\/shs-cairn-info.ressources-electroniques.univ-lille.fr\/revue-envies-de-changer-2024-1-page-28?lang=fr#s1n5<\/a>\",\"id\":\"ad54165a-1c3e-4e9d-a48f-aa09569050f8\"},{\"content\":\"Breyton, Virginie. Cultiver le bien-\u00eatre des jeunes par le d\u00e9veloppement des comp\u00e9tences psychosociales. Inter CDI n\u00b0304-305, 09\/2023, p.26-31.\",\"id\":\"c45e5139-2e52-4006-917f-410e797a69c0\"},{\"content\":\"Jerome Dinet, Robin Vivian, Brigitte Simonnot. <em>La recherche collaborative d\u2019information sur Internet: impact de l\u2019affinit\u00e9 entre les jeunes collaborateurs<\/em>. Journal d\u2019Interaction Personne-Syst\u00e8me, 2014, Volume 2 (1), pp.1-19. 10.46298\/jips.64. hal-01059080\",\"id\":\"6ac00ca8-d953-4d48-a159-65d625a3c65c\"},{\"content\":\"Albertini, Caroline, Domin, C\u00e9line, Le D\u00fbs, Perrine, Serret, M\u00e9lanie. <em>TraAM Documentation 2023-2024\u00a0: En quoi le travail d\u2019alimentation d\u2019une encyclop\u00e9die collaborative en ligne permet-il de g\u00e9n\u00e9rer de l\u2019intelligence collective\u00a0?<\/em> 2024. Disponible sur\u00a0: <a href=\\\"https:\/\/www.pedagogie.ac-nice.fr\/doc-azur\/2024\/06\/12\/traam-documentation-2023-2024-en-quoi-le-travail-dalimentation-dune-encyclopedie-collaborative-en-ligne-permet-il-de-generer-de-lintelligence-collective\/\\\">https:\/\/www.pedagogie.ac-nice.fr\/doc-azur\/2024\/06\/12\/traam-documentation-2023-2024-en-quoi-le-travail-dalimentation-dune-encyclopedie-collaborative-en-ligne-permet-il-de-generer-de-lintelligence-collective\/<\/a>\",\"id\":\"87fd18b6-359f-46ee-aea3-7863b1b7a5ff\"},{\"content\":\"\u00ab\u00a0Pyramide des besoins\u00a0\u00bb, dans <em>Wikipedia<\/em>. Disponible sur\u00a0: <a href=\\\"https:\/\/fr.wikipedia.org\/wiki\/Pyramide_des_besoins\\\">https:\/\/fr.wikipedia.org\/wiki\/Pyramide_des_besoins<\/a>\",\"id\":\"ddac20ce-99b9-4dfb-8df8-3195db9ff705\"},{\"content\":\"\u00ab\u00a0Fiche intervenant BESOINS et R\u00c8GLES de VIE \u00bb, dans <em>Le cartable des comp\u00e9tences psychosociales<\/em>. Disponible sur\u00a0: <a href=\\\"https:\/\/cartablecps.org\/_docs\/Fichier\/2017\/4-170227012417.pdf\\\">https:\/\/cartablecps.org\/_docs\/Fichier\/2017\/4-170227012417.pdf<\/a>\",\"id\":\"820b3040-825c-4ab1-b9d2-782a7efeb9d5\"},{\"content\":\"Notons que l\u2019intelligence collective peut requ\u00e9rir la participation de chaque \u00e9l\u00e8ve pour chaque t\u00e2che, ce qui dans ce cas pr\u00e9cis n\u2019a pas \u00e9t\u00e9 possible en raison des sp\u00e9cificit\u00e9s cognitives des \u00e9l\u00e8ves\u00a0; chacun effectue la t\u00e2che qui lui est assign\u00e9e.\",\"id\":\"e3392ed8-f42b-4cbe-9070-11907fc17abf\"},{\"content\":\"<em>Les \u00e9l\u00e8ves de la classe relais ont choisi de commander ces livres pour vous<\/em>. Genially. Disponible sur : <a href=\\\"https:\/\/view.genially.com\/67e4ff834c374d2bec5d989a\/interactive-content-commande-classe-relais\\\">https:\/\/view.genially.com\/67e4ff834c374d2bec5d989a\/interactive-content-commande-classe-relais<\/a>\",\"id\":\"40c056b5-71de-48c4-a99d-8d9b88c58aa6\"},{\"content\":\"Buigues, Cassandra, Duflos, Sonia, Lemoine, Laureline, Rouard, G\u00e9raldine. <em>L\u2019intelligence collective au service du r\u00e9am\u00e9nagement des espaces documentaires<\/em>. 2024. Disponible sur : <a href=\\\"https:\/\/www.pedagogie.ac-nice.fr\/doc-azur\/2024\/06\/11\/lintelligence-collective-au-service-du-reamenagement-des-espaces-info-documentaires\/\\\">https:\/\/www.pedagogie.ac-nice.fr\/doc-azur\/2024\/06\/11\/lintelligence-collective-au-service-du-reamenagement-des-espaces-info-documentaires\/<\/a>\",\"id\":\"76586029-5f31-4b50-b331-a5bef16ae305\"},{\"content\":\"<em>Syst\u00e8me 1 \/ Syst\u00e8me 2\u00a0: Les deux vitesses de la pens\u00e9e<\/em>. Wikipedia. Disponible sur\u00a0: <a href=\\\"https:\/\/fr.wikipedia.org\/wiki\/Systeme_1_\/_Systeme_2_:_Les_deux_vitesses_de_la_pensee\\\">https:\/\/fr.wikipedia.org\/wiki\/Systeme_1_\/_Systeme_2_:_Les_deux_vitesses_de_la_pensee<\/a>\",\"id\":\"dd1e1a7a-eaa7-4884-9033-44d6c55b2e94\"},{\"content\":\"<em>Le Vrai du Faux<\/em>. 2025. Disponible sur\u00a0: <a href=\\\"https:\/\/levraidufaux.info\/\\\">https:\/\/levraidufaux.info\/<\/a>\",\"id\":\"481d2cc4-4bc6-4ae0-b15e-2f268f691278\"},{\"content\":\"Leac, Jean-Pierre. Les six chapeaux de Bono. Les cahiers de l\u2019innovation. Disponible sur\u00a0: <a href=\\\"https:\/\/www.lescahiersdelinnovation.com\/les-six-chapeaux-de-bono\/\\\">https:\/\/www.lescahiersdelinnovation.com\/les-six-chapeaux-de-bono\/<\/a>\",\"id\":\"e2f3b268-2dc7-4442-bf43-b2292acfded9\"},{\"content\":\"Schopenhauer, Arthur. <em>L\u2019Art d\u2019avoir toujours raison<\/em>. 1864. Disponible sur\u00a0: <a href=\\\"https:\/\/www.schopenhauer.fr\/oeuvres\/fichier\/l-art-d-avoir-toujours-raison.pdf\\\">https:\/\/www.schopenhauer.fr\/oeuvres\/fichier\/l-art-d-avoir-toujours-raison.pdf<\/a>\u00a0\",\"id\":\"c57a7c68-73aa-4529-ac9e-78343f068a95\"}]"},"categories":[179],"tags":[],"class_list":["post-4775","post","type-post","status-publish","format-standard","has-post-thumbnail","hentry","category-traam-documentation-2025"],"rttpg_featured_image_url":{"full":["https:\/\/www.pedagogie.ac-nice.fr\/doc-azur\/wp-content\/uploads\/sites\/40\/2024\/05\/logo-TraAM-DOC.jpg",412,200,false],"landscape":["https:\/\/www.pedagogie.ac-nice.fr\/doc-azur\/wp-content\/uploads\/sites\/40\/2024\/05\/logo-TraAM-DOC.jpg",412,200,false],"portraits":["https:\/\/www.pedagogie.ac-nice.fr\/doc-azur\/wp-content\/uploads\/sites\/40\/2024\/05\/logo-TraAM-DOC.jpg",412,200,false],"thumbnail":["https:\/\/www.pedagogie.ac-nice.fr\/doc-azur\/wp-content\/uploads\/sites\/40\/2024\/05\/logo-TraAM-DOC-150x150.jpg",150,150,true],"medium":["https:\/\/www.pedagogie.ac-nice.fr\/doc-azur\/wp-content\/uploads\/sites\/40\/2024\/05\/logo-TraAM-DOC-300x146.jpg",300,146,true],"large":["https:\/\/www.pedagogie.ac-nice.fr\/doc-azur\/wp-content\/uploads\/sites\/40\/2024\/05\/logo-TraAM-DOC.jpg",412,200,false],"1536x1536":["https:\/\/www.pedagogie.ac-nice.fr\/doc-azur\/wp-content\/uploads\/sites\/40\/2024\/05\/logo-TraAM-DOC.jpg",412,200,false],"2048x2048":["https:\/\/www.pedagogie.ac-nice.fr\/doc-azur\/wp-content\/uploads\/sites\/40\/2024\/05\/logo-TraAM-DOC.jpg",412,200,false],"hestia-blog":["https:\/\/www.pedagogie.ac-nice.fr\/doc-azur\/wp-content\/uploads\/sites\/40\/2024\/05\/logo-TraAM-DOC.jpg",360,175,false],"advps-thumb-one":["https:\/\/www.pedagogie.ac-nice.fr\/doc-azur\/wp-content\/uploads\/sites\/40\/2024\/05\/logo-TraAM-DOC.jpg",412,200,false]},"rttpg_author":{"display_name":"Caroline Albertini","author_link":"https:\/\/www.pedagogie.ac-nice.fr\/doc-azur\/author\/tou6\/"},"rttpg_comment":0,"rttpg_category":"<a href=\"https:\/\/www.pedagogie.ac-nice.fr\/doc-azur\/category\/traam-documentation\/traam-documentation-2025\/\" rel=\"category tag\">TraAM Documentation 2025<\/a>","rttpg_excerpt":"Cet article r\u00e9flexif est le fruit d\u2019une collaboration entre professeures documentalistes r\u00e9f\u00e9rentes des TraAM Documentation 2024-2025 sur le th\u00e8me de \u201cl\u2019intelligence collective au service des comp\u00e9tences du XXI\u00e8me si\u00e8cle\u201d. Au cours de sa scolarit\u00e9, l\u2019\u00e9l\u00e8ve est amen\u00e9\u00b7e \u00e0 communiquer avec autrui, notamment les autres enfants et adolescent\u00b7es, ainsi que les [&hellip;]","post_mailing_queue_ids":[],"_links":{"self":[{"href":"https:\/\/www.pedagogie.ac-nice.fr\/doc-azur\/wp-json\/wp\/v2\/posts\/4775","targetHints":{"allow":["GET"]}}],"collection":[{"href":"https:\/\/www.pedagogie.ac-nice.fr\/doc-azur\/wp-json\/wp\/v2\/posts"}],"about":[{"href":"https:\/\/www.pedagogie.ac-nice.fr\/doc-azur\/wp-json\/wp\/v2\/types\/post"}],"author":[{"embeddable":true,"href":"https:\/\/www.pedagogie.ac-nice.fr\/doc-azur\/wp-json\/wp\/v2\/users\/276"}],"replies":[{"embeddable":true,"href":"https:\/\/www.pedagogie.ac-nice.fr\/doc-azur\/wp-json\/wp\/v2\/comments?post=4775"}],"version-history":[{"count":24,"href":"https:\/\/www.pedagogie.ac-nice.fr\/doc-azur\/wp-json\/wp\/v2\/posts\/4775\/revisions"}],"predecessor-version":[{"id":4811,"href":"https:\/\/www.pedagogie.ac-nice.fr\/doc-azur\/wp-json\/wp\/v2\/posts\/4775\/revisions\/4811"}],"wp:featuredmedia":[{"embeddable":true,"href":"https:\/\/www.pedagogie.ac-nice.fr\/doc-azur\/wp-json\/wp\/v2\/media\/4162"}],"wp:attachment":[{"href":"https:\/\/www.pedagogie.ac-nice.fr\/doc-azur\/wp-json\/wp\/v2\/media?parent=4775"}],"wp:term":[{"taxonomy":"category","embeddable":true,"href":"https:\/\/www.pedagogie.ac-nice.fr\/doc-azur\/wp-json\/wp\/v2\/categories?post=4775"},{"taxonomy":"post_tag","embeddable":true,"href":"https:\/\/www.pedagogie.ac-nice.fr\/doc-azur\/wp-json\/wp\/v2\/tags?post=4775"}],"curies":[{"name":"wp","href":"https:\/\/api.w.org\/{rel}","templated":true}]}}