{"id":501,"date":"2020-07-20T09:54:59","date_gmt":"2020-07-20T07:54:59","guid":{"rendered":"http:\/\/www.pedagogie.ac-nice.fr\/doc-azur\/?p=501"},"modified":"2020-07-20T09:54:59","modified_gmt":"2020-07-20T07:54:59","slug":"traam-documentation-mise-en-place-dune-veille-en-orientation-avec-twitter-pearltrees-et-les-flux-rss-notamment-e-sidoc","status":"publish","type":"post","link":"https:\/\/www.pedagogie.ac-nice.fr\/doc-azur\/2020\/07\/20\/traam-documentation-mise-en-place-dune-veille-en-orientation-avec-twitter-pearltrees-et-les-flux-rss-notamment-e-sidoc\/","title":{"rendered":"TRAAM Documentation : Mise en place d&rsquo;une veille en Orientation avec Twitter, Pearltrees et les flux RSS (notamment E-sidoc)"},"content":{"rendered":"<p><img loading=\"lazy\" decoding=\"async\" class=\"alignnone size-full wp-image-172\" src=\"https:\/\/www.pedagogie.ac-nice.fr\/doc-azur\/wp-content\/uploads\/sites\/40\/2020\/07\/traam.jpg\" alt=\"\" width=\"192\" height=\"74\" \/><\/p>\n<p style=\"text-align: justify;\"><em>Cette s\u00e9quence a \u00e9t\u00e9 mise en place dans le cadre des TRAAM 2011 -2012. Elle a \u00e9t\u00e9 men\u00e9e sur quatre \u00e9tablissements de l&rsquo;acad\u00e9mie de Nice (Coll\u00e8ge Notre Dame Des Missions \u00e0 Toulon et Coll\u00e8ge Don Bosco (niveau 4e) \u00e0 St Cyr, Coll\u00e8ge Henri Wallon La Seyne (niveau 3e), Lyc\u00e9e du Parc Imp\u00e9rial \u00e0 Nice (niveau 2nde). Elle a \u00e9t\u00e9 adapt\u00e9e en fonction du niveau et des besoins des \u00e9l\u00e8ves, et du temps disponible pour mener la s\u00e9quence. <\/em><\/p>\n<p style=\"text-align: justify;\"><strong>Type d&rsquo;\u00e9tablissement :<\/strong> Coll\u00e8ge &#8211; Lyc\u00e9e visant \u00e0 favoriser une liaison 3e 2nde. La liaison s&rsquo;est effectu\u00e9e via Pearltrees.<\/p>\n<p style=\"text-align: justify;\"><strong>Disciplines et professeurs impliqu\u00e9s :<\/strong> Lettres. Documentation. Professeurs Principaux. COPSY.<\/p>\n<p style=\"text-align: justify;\"><strong>Cadre p\u00e9dagogique :<\/strong> heures de vie de classe et heures de cours du professeur principal en Troisi\u00e8me (dans le cadre du PDMF (Parcours des M\u00e9tiers et des Formations) et Accompagnement Personnalis\u00e9 Seconde.<\/p>\n<p style=\"text-align: justify;\"><strong>Objectifs disciplinaires et ou transversaux : <\/strong><\/p>\n<p style=\"text-align: justify;\">&#8211; Etre acteur de son parcours de formation et d&rsquo;orientation<\/p>\n<p style=\"text-align: justify;\">&#8211; Conna\u00eetre le principe de fonctionnement d&rsquo;un r\u00e9seau social (Twitter) en tant qu&rsquo;outil de veille (uniquement pour le coll\u00e8ge Henri Wallon) et adopter des strat\u00e9gies de communication de mani\u00e8re \u00e0 assurer une veille et un recueil d&rsquo;information autour de son parcours de formation.<\/p>\n<p style=\"text-align: justify;\">&#8211; Ouvrir la classe \u00e0 un plus large r\u00e9seau<\/p>\n<p style=\"text-align: justify;\"><strong>Objectifs documentaires : <\/strong><\/p>\n<p style=\"text-align: justify;\">&#8211; savoir rechercher, s\u00e9lectionner, partager des informations utiles<\/p>\n<p style=\"text-align: justify;\">&#8211; appr\u00e9hender le processus de traitement et de transmission de l&rsquo;information<\/p>\n<p style=\"text-align: justify;\">&#8211; se familiariser avec la notion de veille informationnelle (via Twitter et les flux RSS)<\/p>\n<p style=\"text-align: justify;\">&#8211; mettre en place un outil collaboratif de curation permettant de recueillir, partager, commenter des informations utiles et pertinentes.<\/p>\n<p style=\"text-align: justify;\">&#8211; savoir exploiter les r\u00e9sultats d&rsquo;une veille collaborative<\/p>\n<p style=\"text-align: justify;\"><strong>Comp\u00e9tences B2I et pilier du socle<\/strong> :<\/p>\n<p style=\"text-align: justify;\">C4.24 Faire preuve d&rsquo;esprit critique face \u00e0 l&rsquo;information et son traitement. L&rsquo;\u00e9l\u00e8ve sait comparer des sources diff\u00e9rentes.<\/p>\n<p style=\"text-align: justify;\">C4.25 Participer \u00e0 des travaux collaboratifs en connaissant les enjeux et en respectant les r\u00e8gles. L&rsquo;\u00e9l\u00e8ve met ses comp\u00e9tences informatiques au service d&rsquo;une production collective.<\/p>\n<p style=\"text-align: justify;\">Comp\u00e9tence 4.4 S&rsquo;informer, se documenter<\/p>\n<p style=\"text-align: justify;\">C4.42 Identifier, trier, \u00e9valuer des ressources, Usage critique des donn\u00e9es : l&rsquo;\u00e9l\u00e8ve v\u00e9rifie leur pertinence.<\/p>\n<p style=\"text-align: justify;\">C4.43 Chercher et s\u00e9lectionner l&rsquo;information demand\u00e9e : l&rsquo;\u00e9l\u00e8ve sait s\u00e9lectionner des r\u00e9sultats et justifier son choix en pr\u00e9sentant des arguments. L&rsquo;\u00e9l\u00e8ve sait s&rsquo;abonner \u00e0 des flux d&rsquo;information et ou des podcast (flux RSS, baladodiffusion).<\/p>\n<p style=\"text-align: justify;\">Comp\u00e9tence 4.5 Communiquer, \u00e9changer<\/p>\n<p style=\"text-align: justify;\">C4.51 Ecrire, envoyer, diffuser, publier ; l&rsquo;\u00e9l\u00e8ve sait distinguer les contenus concernant sa vie priv\u00e9e ou celle des autres, des contenus susceptibles d&rsquo;\u00eatre plus largement diffus\u00e9s.<\/p>\n<p style=\"text-align: justify;\">C4.53 Exploiter les sp\u00e9cificit\u00e9s des diff\u00e9rentes situations de communication en temps r\u00e9el ou diff\u00e9r\u00e9 : l&rsquo;\u00e9l\u00e8ve fait preuve d&rsquo;esprit critique quant aux raisons de sa pr\u00e9sence sur un r\u00e9seau social et \u00e0 l&rsquo;usage qu&rsquo;il en fait.<\/p>\n<p style=\"text-align: justify;\"><em><strong>Les pr\u00e9 -requis<\/strong><\/em><\/p>\n<p style=\"text-align: justify;\">&#8211; L&rsquo;\u00e9l\u00e8ve sait utiliser E -sidoc<\/p>\n<p style=\"text-align: justify;\">&#8211; L&rsquo;\u00e9l\u00e8ve sait utiliser une adresse \u00e9lectronique (n\u00e9cessaire pour la cr\u00e9ation des comptes \u00e9tant donn\u00e9 que les notifications Twitter et Pearltrees seront re\u00e7us dans les bo\u00eetes mails des \u00e9l\u00e8ves)<\/p>\n<p style=\"text-align: justify;\">&#8211; L&rsquo;\u00e9l\u00e8ve conna\u00eet le fonctionnement de Twitter (pour le coll\u00e8ge Wallon)<\/p>\n<p style=\"text-align: justify;\">&#8211; L&rsquo;\u00e9l\u00e8ve sait relever les \u00e9l\u00e9ments lui permettant de conna\u00eetre l&rsquo;origine et d&rsquo;\u00e9valuer la fiabilit\u00e9 \/ validit\u00e9 de l&rsquo;information (date, source, etc. &#8230;)<\/p>\n<p style=\"text-align: justify;\">&#8211; L&rsquo;\u00e9l\u00e8ve a quelques notions par rapport \u00e0 l&rsquo;identit\u00e9 num\u00e9rique<\/p>\n<p style=\"text-align: justify;\"><strong>Outils TICE utilis\u00e9s : <\/strong><\/p>\n<p style=\"text-align: justify;\">&#8211; Micro -blogging Twitter<\/p>\n<p style=\"text-align: justify;\">&#8211; Outils de veille : Twitter &#8211; abonnement \u00e0 des flux RSS dynamiques (notamment les flux d&rsquo;E -sidoc), portail Netvibes Orientation, E -sidoc<\/p>\n<p style=\"text-align: justify;\">&#8211; Outil de curation : Pearltrees<\/p>\n<p style=\"text-align: justify;\">Outil d&rsquo;\u00e9valuation : Google Formulaire<\/p>\n<p style=\"text-align: justify;\"><strong>Ressources num\u00e9riques utilis\u00e9es : <\/strong><\/p>\n<p style=\"text-align: justify;\">Ressources disponibles via E -sidoc, sites d\u00e9di\u00e9s \u00e0 l&rsquo;orientation, ressources propos\u00e9es via le portail Netvibes Orientation<\/p>\n<p style=\"text-align: justify;\">Production attendue : r\u00e9alisation d&rsquo;un pearltrees partag\u00e9 entre les 4 \u00e9tablissements<\/p>\n<p style=\"text-align: justify;\"><strong>D\u00e9roulement de la s\u00e9quence : <\/strong><\/p>\n<p style=\"text-align: justify;\">1 s\u00e9quence compos\u00e9e de 3 s\u00e9ances de 2 heures<\/p>\n<p style=\"text-align: justify;\"><em><strong>S\u00e9ance 1 (2 heures)<\/strong><\/em><\/p>\n<p style=\"text-align: justify;\">&#8211; D\u00e9finition de la notion de veille ; d\u00e9couverte des flux RSS et des agr\u00e9gateurs de contenus<\/p>\n<p style=\"text-align: justify;\"><em>Slideshare : Effectuer une veille informationnelle en Orientation, s&rsquo;abonner \u00e0 des flux RSS \/ Effectuer une veille avec E -sidoc<\/em><\/p>\n<p style=\"text-align: justify;\">&#8211; Recherche et abonnement aux comptes Twitter d\u00e9di\u00e9s \u00e0 l&rsquo;orientation <em>(Pr\u00e9 -requis : les \u00e9l\u00e8ves ont ouvert des comptes au pr\u00e9alable sur Twitter et connaissent les principes de fonctionnement du micro -blogging)<\/em><\/p>\n<p style=\"text-align: justify;\">&#8211; Principe de fonctionnement des outils de veille sur Twitter (hashtags et favoris)<\/p>\n<p style=\"text-align: justify;\"><em>Slideshare : Tweeter pour mon Orientation<\/em><\/p>\n<p style=\"text-align: justify;\"><em><strong>S\u00e9ance 2 (2 heures)<\/strong><\/em><\/p>\n<p style=\"text-align: justify;\">&#8211; D\u00e9finition et typologie du bookmarking et des outils de curation<\/p>\n<p style=\"text-align: justify;\"><em>Slideshare : Utiliser Pearltrees pour effectuer une veille informationnelle en orientation<\/em><\/p>\n<p style=\"text-align: justify;\">&#8211; Cr\u00e9ation de comptes \u00e9l\u00e8ves sur Pearltrees, puis cr\u00e9ation des \u00e9quipes orientation par \u00e9tablissement<\/p>\n<p style=\"text-align: justify;\">&#8211; Cr\u00e9ation d&rsquo;un Pearltrees Orientation (team Equipe) commun aux quatre \u00e9tablissements engag\u00e9s dans le projet<\/p>\n<p style=\"text-align: justify;\">&#8211; Cr\u00e9ation de perles en fonction des projets personnels des \u00e9l\u00e8ves, de leurs r\u00e9sultats de veille \u00e0 partir des flux RSS et de Twitter<\/p>\n<p style=\"text-align: center;\"><strong>Notre Pearltree commun : <\/strong><\/p>\n<p>&nbsp;<\/p>\n<p style=\"text-align: justify;\"><span style=\"text-align: justify;\"> &#8211; Veille \u00e0 partir des Pearltrees Orientation d\u00e9j\u00e0 cr\u00e9\u00e9s (recherche des Pearltrees d\u00e9di\u00e9s \u00e0 l&rsquo;Orientation), r\u00e9cup\u00e9ration de perles et insertions \/ partages de ces derni\u00e8res dans les Pearltrees Orientation des \u00e9tablissements, possibilit\u00e9s de commenter ces derni\u00e8res, possibilit\u00e9 de cr\u00e9er des sous Pearltrees. <\/span><\/p>\n<p style=\"text-align: justify;\">-Insertion des flux RSS cr\u00e9\u00e9s en s\u00e9ance 1 \u00e0 partir d&rsquo;E -sidoc en fonction des recherches des \u00e9l\u00e8ves<\/p>\n<p style=\"text-align: justify;\"><em><strong>S\u00e9ance 3 (2 heures)<\/strong><\/em><\/p>\n<p style=\"text-align: justify;\">Analyse du Pearltrees Orientation en fonction des nouveaut\u00e9s apparaissant dans l&rsquo;outil de curation ; Organisation, hi\u00e9rarchisation de l&rsquo;information \u00e0 l&rsquo;int\u00e9rieur des Pearltrees. Analyse en pr\u00e9sentiel du travail des \u00e9l\u00e8ves.<\/p>\n<p style=\"text-align: justify;\">Poursuite du travail de veille sur Twitter \u00e0 partir des comptes d\u00e9di\u00e9s \u00e0 l&rsquo;Orientation auxquels les \u00e9l\u00e8ves se sont abonn\u00e9s en s\u00e9ance 1, veille \u00e9galement \u00e0 partir des flux dynamiques, insertion dans la carte s\u00e9mantique et rediffusion du travail \u00e0 partir de Pearltrees via le hashtag du projet de la classe.<\/p>\n<p style=\"text-align: justify;\">Alimentation possible du Pearltrees \u00e9galement par le biais des \u00e9changes avec les professionnels de l&rsquo;orientation sur twitter.<\/p>\n<p style=\"text-align: justify;\">Possibilit\u00e9 de commenter les ressources perl\u00e9es dans l&rsquo;outil de curation<\/p>\n<p style=\"text-align: justify;\"><strong>Les Evaluations : <\/strong><\/p>\n<p style=\"text-align: justify;\">Evaluation formative autour de l&rsquo;outil cr\u00e9\u00e9<\/p>\n<p style=\"text-align: justify;\">Questionnaire d&rsquo;\u00e9valuation : envoy\u00e9 aux \u00e9l\u00e8ves par mail 2 semaines apr\u00e8s la fin de la s\u00e9quence, questionnaire \u00e0 remplir en ligne via un google docs.<\/p>\n<p style=\"text-align: justify;\">&#8211; <a href=\"https:\/\/docs.google.com\/spreadsheet\/viewform?formkey=dFpEWlFsTko0X0RDLVdOOHd5VmJ3YWc6MQ#gid=0\" target=\"_blank\" rel=\"noopener noreferrer\">Questionnaire d&rsquo;\u00e9valuation coll\u00e8ge Wallon<\/a> (le d\u00e9pouillement du questionnaire est en fichier joint)<\/p>\n<p style=\"text-align: justify;\"><strong>Documents joints \u00e0 cet article <\/strong><\/p>\n<p style=\"text-align: justify;\">&#8211;<a href=\"images\/doc\/Charte_Pearltrees.doc\">Charte d&rsquo;utilisation de Pearltrees en milieu scolaire<\/a><\/p>\n<p style=\"text-align: justify;\">&#8211;<a href=\"images\/ppt\/tutoriel_pearltrees.ppt\">Tutoriel<\/a><a href=\"images\/ppt\/tutoriel_pearltrees.ppt\"> Pearltrees<\/a><\/p>\n<p style=\"text-align: justify;\">&#8211; Tutoriel <a href=\"images\/ppt\/Tutoriel_flux_RSS_Esidoc.ppt\">\u00ab\u00a0Effectuer une veille informationnelle en Orientation ; s&rsquo;abonner \u00e0 des flux RSS \/ Effectuer une veille avec E -sidoc\u00a0\u00bb<\/a><\/p>\n<p style=\"text-align: justify;\">&#8211; Tutoriel <a href=\"images\/ppt\/Tutoriel_twitter_pour_mon_orientation.ppt\">\u00ab\u00a0Tweeter pour mon orientation\u00a0\u00bb<\/a><\/p>\n<p style=\"text-align: justify;\">&#8211;<a href=\"images\/doc\/scenario -lycee.doc\">Sc\u00e9nario p\u00e9dagogique du lyc\u00e9e du Parc Imp\u00e9rial<\/a><\/p>\n<p style=\"text-align: justify;\">&#8211; <a href=\"images\/doc\/grille -scenario -College -Wallon.doc\">Sc\u00e9nario p\u00e9dagogique du coll\u00e8ge Henri Wallon<\/a><\/p>\n<p style=\"text-align: justify;\">&#8211;<a href=\"images\/doc\/Scenario_pedagogique_College_Don_Bosco.doc\">Sc\u00e9nario p\u00e9dagogique Don Bosco<\/a><\/p>\n<p style=\"text-align: justify;\">&#8211; D\u00e9pouillement <a href=\"images\/doc\/Evaluation_Sequence_veille_Informationnelle_Wallon.doc\">questionnaire d&rsquo;\u00e9valuation <\/a>Coll\u00e8ge Wallon<\/p>\n<p style=\"text-align: justify;\">&#8211;<a href=\"images\/doc\/EVALUATION -questionnaire_Clg_Don_Bosco_5e.doc\">Questionnaire d&rsquo;\u00e9valuation<\/a> Don Bosco<\/p>\n<p style=\"text-align: justify;\">-Fiches \u00e9l\u00e8ves Don Bosco<\/p>\n","protected":false},"excerpt":{"rendered":"<p>Cette s\u00e9quence a \u00e9t\u00e9 mise en place dans le cadre des TRAAM 2011 -2012. Elle a \u00e9t\u00e9 men\u00e9e sur quatre \u00e9tablissements de l&rsquo;acad\u00e9mie de Nice (Coll\u00e8ge Notre Dame Des Missions \u00e0 Toulon et Coll\u00e8ge Don Bosco (niveau 4e) \u00e0 St Cyr, Coll\u00e8ge Henri Wallon La Seyne (niveau 3e), Lyc\u00e9e du [&hellip;]<\/p>\n","protected":false},"author":237,"featured_media":0,"comment_status":"closed","ping_status":"closed","sticky":false,"template":"","format":"standard","meta":{"ngg_post_thumbnail":0,"footnotes":""},"categories":[36,35],"tags":[],"class_list":["post-501","post","type-post","status-publish","format-standard","hentry","category-liaison-college-lycee","category-orientation"],"rttpg_featured_image_url":null,"rttpg_author":{"display_name":"docazur","author_link":"https:\/\/www.pedagogie.ac-nice.fr\/doc-azur\/author\/docazur\/"},"rttpg_comment":0,"rttpg_category":"<a href=\"https:\/\/www.pedagogie.ac-nice.fr\/doc-azur\/category\/liaison-college-lycee\/\" rel=\"category tag\">Liaison Coll\u00e8ge Lyc\u00e9e<\/a> <a href=\"https:\/\/www.pedagogie.ac-nice.fr\/doc-azur\/category\/orientation\/\" rel=\"category tag\">Orientation<\/a>","rttpg_excerpt":"Cette s\u00e9quence a \u00e9t\u00e9 mise en place dans le cadre des TRAAM 2011 -2012. Elle a \u00e9t\u00e9 men\u00e9e sur quatre \u00e9tablissements de l&rsquo;acad\u00e9mie de Nice (Coll\u00e8ge Notre Dame Des Missions \u00e0 Toulon et Coll\u00e8ge Don Bosco (niveau 4e) \u00e0 St Cyr, Coll\u00e8ge Henri Wallon La Seyne (niveau 3e), Lyc\u00e9e du [&hellip;]","post_mailing_queue_ids":[],"_links":{"self":[{"href":"https:\/\/www.pedagogie.ac-nice.fr\/doc-azur\/wp-json\/wp\/v2\/posts\/501","targetHints":{"allow":["GET"]}}],"collection":[{"href":"https:\/\/www.pedagogie.ac-nice.fr\/doc-azur\/wp-json\/wp\/v2\/posts"}],"about":[{"href":"https:\/\/www.pedagogie.ac-nice.fr\/doc-azur\/wp-json\/wp\/v2\/types\/post"}],"author":[{"embeddable":true,"href":"https:\/\/www.pedagogie.ac-nice.fr\/doc-azur\/wp-json\/wp\/v2\/users\/237"}],"replies":[{"embeddable":true,"href":"https:\/\/www.pedagogie.ac-nice.fr\/doc-azur\/wp-json\/wp\/v2\/comments?post=501"}],"version-history":[{"count":1,"href":"https:\/\/www.pedagogie.ac-nice.fr\/doc-azur\/wp-json\/wp\/v2\/posts\/501\/revisions"}],"predecessor-version":[{"id":502,"href":"https:\/\/www.pedagogie.ac-nice.fr\/doc-azur\/wp-json\/wp\/v2\/posts\/501\/revisions\/502"}],"wp:attachment":[{"href":"https:\/\/www.pedagogie.ac-nice.fr\/doc-azur\/wp-json\/wp\/v2\/media?parent=501"}],"wp:term":[{"taxonomy":"category","embeddable":true,"href":"https:\/\/www.pedagogie.ac-nice.fr\/doc-azur\/wp-json\/wp\/v2\/categories?post=501"},{"taxonomy":"post_tag","embeddable":true,"href":"https:\/\/www.pedagogie.ac-nice.fr\/doc-azur\/wp-json\/wp\/v2\/tags?post=501"}],"curies":[{"name":"wp","href":"https:\/\/api.w.org\/{rel}","templated":true}]}}