{"id":5497,"date":"2025-04-29T07:56:58","date_gmt":"2025-04-29T05:56:58","guid":{"rendered":"https:\/\/www.pedagogie.ac-nice.fr\/doc-azur\/?p=5497"},"modified":"2025-09-29T08:50:10","modified_gmt":"2025-09-29T06:50:10","slug":"reunion-de-linter-reseau-de-la-seyne-du-06-mars-2025","status":"publish","type":"post","link":"https:\/\/www.pedagogie.ac-nice.fr\/doc-azur\/2025\/04\/29\/reunion-de-linter-reseau-de-la-seyne-du-06-mars-2025\/","title":{"rendered":"R\u00e9union de l&rsquo;inter-r\u00e9seau de la Seyne du 06 mars 2025"},"content":{"rendered":"<p>R\u00e9union organis\u00e9e par Mmes Albertini Caroline et D&rsquo;helft D\u00e9borah au Coll\u00e8ge Jean L&rsquo;Herminier \u00e0 la Seyne sur Mer<\/p>\n<p><span style=\"text-decoration: underline;\"><b>Matin : Suite de la formation sur les comp\u00e9tences psycho-sociales par Carole Pelletier<\/b><\/span><\/p>\n<p>Association G\u00e9n\u00e9ration m\u00e9diateur: <a href=\"https:\/\/gemediat.org\/\">https:\/\/gemediat.org\/<\/a> pour former \u00e0 la m\u00e9diation non violente<\/p>\n<p>Pour arriver \u00e0 la communication non violente il faut travailler les comp\u00e9tences psychosociales.<\/p>\n<ul>\n<li>CPS et qualit\u00e9 des apprentissages<\/li>\n<\/ul>\n<p>Les \u00e9motions jouent un r\u00f4le dans le processus d\u2019apprentissage car elles peuvent faciliter ou au contraire freiner l\u2019engagement.<\/p>\n<p>&#8211; \u00c9motions agr\u00e9ables plus de motivation et d&rsquo;int\u00e9r\u00eat<\/p>\n<p>&#8211; \u00c9motions d\u00e9sagr\u00e9ables&nbsp;: r\u00e9duction des capacit\u00e9s de la m\u00e9moire de travail et orientation de l\u2019attention vers des informations moins pertinentes<\/p>\n<p>Pyramide des besoins selon Maslow<\/p>\n<ul>\n<li>Sens de la vie<\/li>\n<li>r\u00e9alisation de soi<\/li>\n<li>estime de soi et des autres<\/li>\n<li>amour et appartenance<\/li>\n<li>s\u00e9curit\u00e9<\/li>\n<li>besoins physiologiques<\/li>\n<\/ul>\n<p>Parfois quand un conflit est en cours avec des \u00e9l\u00e8ves, il faut regarder la pyramide de Maslow et certainement un des besoins n\u2019a pas \u00e9t\u00e9 satisfait.<\/p>\n<p><span style=\"color: #000000;\"><strong>Takatak<\/strong> <\/span>jeu de soci\u00e9t\u00e9 sur la r\u00e9partie. Il y a une version adulte et enfant<\/p>\n<p>&nbsp;<\/p>\n<p><span style=\"color: #000000;\">S\u00e9lections de livres<\/span> sur le th\u00e8me&nbsp;:<\/p>\n<p>&#8211; <em>Je me d\u00e9fends du harc\u00e8lement de Piquet<\/em> pour les adultes et pour les enfants<\/p>\n<p>&#8211; Conf\u00e9rence sur le harc\u00e8lement \u00ab Tedx \u00bb \u00e0 visionner<\/p>\n<p>&#8211; <em>Mon ado ma bataille<\/em><\/p>\n<p>&#8211; <em>Comment \u00eatre un prof id\u00e9al<\/em><\/p>\n<p>Les \u00e9motions&nbsp;:<\/p>\n<ul>\n<li>Col\u00e8re<\/li>\n<li>Tristesse<\/li>\n<li>Peur<\/li>\n<li>Joie<\/li>\n<\/ul>\n<p><span style=\"color: #000000;\">Vid\u00e9os<\/span><\/p>\n<p>&#8211; Tout le monde s\u2019en fout: <a href=\"https:\/\/www.youtube.com\/watch?v=_DakEvdZWLk\">https:\/\/www.youtube.com\/watch?v=_DakEvdZWLk<\/a> pour comprendre les \u00e9motions<\/p>\n<p>&#8211; Tout le monde s\u2019en fout : il y a aussi une vid\u00e9o sur l\u2019\u00e9galit\u00e9 fille-gar\u00e7on et une sur l\u2019estime de soi.<\/p>\n<p>&nbsp;<\/p>\n<p><span style=\"color: #000000;\">Documents divers<\/span><\/p>\n<p>&#8211; Pour l\u2019escalier de la col\u00e8re, il y a une histoire pour les adultes et une pour les \u00e9l\u00e8ves.<\/p>\n<p><em>&#8211; Le cartable des comp\u00e9tences psycho-sociales<\/em>&nbsp;: toutes les ressources<\/p>\n<p>&#8211; Le conte du chat et de la souris : permet aux \u00e9l\u00e8ves d\u2019\u00e9couter l\u2019histoire et de se mettre \u00e0 la place de la souris ou du chat et de d\u00e9velopper de l\u2019empathie.<\/p>\n<p>&#8211; Jeu de la balle : pour la communication<\/p>\n<p>&#8211; Jeu Galerapagos comme sur le cartable des comp\u00e9tences : L\u2019\u00eele d\u00e9serte<\/p>\n<p>&nbsp;<\/p>\n<p><b><span style=\"text-decoration: underline;\">Apr\u00e8s midi : Intervention de l&rsquo;Atelier Canop\u00e9<\/span> <\/b><\/p>\n<p>Escape game <i>Classe investigation<\/i>&nbsp;: Le Proc\u00e8s de Bobigny<\/p>\n<p>Escape game test\u00e9 par les professeurs documentalistes. Tr\u00e8s bonne exp\u00e9rience.<\/p>\n","protected":false},"excerpt":{"rendered":"<p>R\u00e9union organis\u00e9e par Mmes Albertini Caroline et D&rsquo;helft D\u00e9borah au Coll\u00e8ge Jean L&rsquo;Herminier \u00e0 la Seyne sur Mer Matin : Suite de la formation sur les comp\u00e9tences psycho-sociales par Carole Pelletier Association G\u00e9n\u00e9ration m\u00e9diateur: https:\/\/gemediat.org\/ pour former \u00e0 la m\u00e9diation non violente Pour arriver \u00e0 la communication non violente il [&hellip;]<\/p>\n","protected":false},"author":319,"featured_media":0,"comment_status":"closed","ping_status":"closed","sticky":false,"template":"","format":"standard","meta":{"ngg_post_thumbnail":0,"footnotes":""},"categories":[53],"tags":[],"class_list":["post-5497","post","type-post","status-publish","format-standard","hentry","category-reseau-la-seyne-sur-mer"],"rttpg_featured_image_url":null,"rttpg_author":{"display_name":"D'helft D\u00e9borah","author_link":"https:\/\/www.pedagogie.ac-nice.fr\/doc-azur\/author\/ddhelft1\/"},"rttpg_comment":0,"rttpg_category":"<a href=\"https:\/\/www.pedagogie.ac-nice.fr\/doc-azur\/category\/reseau-la-seyne-sur-mer\/\" rel=\"category tag\">R\u00e9seau La Seyne sur Mer<\/a>","rttpg_excerpt":"R\u00e9union organis\u00e9e par Mmes Albertini Caroline et D&rsquo;helft D\u00e9borah au Coll\u00e8ge Jean L&rsquo;Herminier \u00e0 la Seyne sur Mer Matin : Suite de la formation sur les comp\u00e9tences psycho-sociales par Carole Pelletier Association G\u00e9n\u00e9ration m\u00e9diateur: https:\/\/gemediat.org\/ pour former \u00e0 la m\u00e9diation non violente Pour arriver \u00e0 la communication non violente il [&hellip;]","post_mailing_queue_ids":[],"_links":{"self":[{"href":"https:\/\/www.pedagogie.ac-nice.fr\/doc-azur\/wp-json\/wp\/v2\/posts\/5497","targetHints":{"allow":["GET"]}}],"collection":[{"href":"https:\/\/www.pedagogie.ac-nice.fr\/doc-azur\/wp-json\/wp\/v2\/posts"}],"about":[{"href":"https:\/\/www.pedagogie.ac-nice.fr\/doc-azur\/wp-json\/wp\/v2\/types\/post"}],"author":[{"embeddable":true,"href":"https:\/\/www.pedagogie.ac-nice.fr\/doc-azur\/wp-json\/wp\/v2\/users\/319"}],"replies":[{"embeddable":true,"href":"https:\/\/www.pedagogie.ac-nice.fr\/doc-azur\/wp-json\/wp\/v2\/comments?post=5497"}],"version-history":[{"count":4,"href":"https:\/\/www.pedagogie.ac-nice.fr\/doc-azur\/wp-json\/wp\/v2\/posts\/5497\/revisions"}],"predecessor-version":[{"id":5572,"href":"https:\/\/www.pedagogie.ac-nice.fr\/doc-azur\/wp-json\/wp\/v2\/posts\/5497\/revisions\/5572"}],"wp:attachment":[{"href":"https:\/\/www.pedagogie.ac-nice.fr\/doc-azur\/wp-json\/wp\/v2\/media?parent=5497"}],"wp:term":[{"taxonomy":"category","embeddable":true,"href":"https:\/\/www.pedagogie.ac-nice.fr\/doc-azur\/wp-json\/wp\/v2\/categories?post=5497"},{"taxonomy":"post_tag","embeddable":true,"href":"https:\/\/www.pedagogie.ac-nice.fr\/doc-azur\/wp-json\/wp\/v2\/tags?post=5497"}],"curies":[{"name":"wp","href":"https:\/\/api.w.org\/{rel}","templated":true}]}}