{"id":553,"date":"2020-07-20T14:35:07","date_gmt":"2020-07-20T12:35:07","guid":{"rendered":"http:\/\/www.pedagogie.ac-nice.fr\/doc-azur\/?p=553"},"modified":"2020-07-20T14:36:59","modified_gmt":"2020-07-20T12:36:59","slug":"la-pedagogie-de-loral-dans-le-bassin-de-toulon","status":"publish","type":"post","link":"https:\/\/www.pedagogie.ac-nice.fr\/doc-azur\/2020\/07\/20\/la-pedagogie-de-loral-dans-le-bassin-de-toulon\/","title":{"rendered":"La p\u00e9dagogie de l&rsquo;oral dans le bassin de Toulon"},"content":{"rendered":"<p>&nbsp;<\/p>\n<p>Lors de la troisi\u00e8me r\u00e9union de bassin de l\u2019ann\u00e9e 2019-2020, un \u00e9change de pratiques autour de la p\u00e9dagogie de l\u2019oral a \u00e9t\u00e9 mis en place.<\/p>\n<p>Quelques s\u00e9quences ont \u00e9t\u00e9 mutualis\u00e9es, vous en trouverez un petit descriptif ci-dessous, et pour certaines, les fiches-s\u00e9ances et fiches-\u00e9l\u00e8ves en pi\u00e8ces jointes de l\u2019article.<\/p>\n<p>&nbsp;<\/p>\n<h2><strong>S\u00e9quence sur Peau d\u2019Ane au Coll\u00e8ge Bon Accueil (Sophie Meazza)<\/strong><\/h2>\n<p>S\u00e9quence men\u00e9e aupr\u00e8s d\u2019une classe de sixi\u00e8me, apr\u00e8s le visionnage du film de Jacques Demy. Les \u00e9l\u00e8ves doivent r\u00e9aliser une recherche d\u2019informations sur Peau d\u2019Ane, m\u00e9moriser 6 informations, et en exposer trois \u00e0 l\u2019oral. Parmi ces trois, une ne doit pas avoir \u00e9t\u00e9 donn\u00e9e par un autre groupe.<\/p>\n<p><strong>Fichiers joints :<\/strong><\/p>\n<ul>\n<li>Fiche-s\u00e9quence<\/li>\n<li>Fiches-\u00e9l\u00e8ves et leurs corrig\u00e9s<\/li>\n<\/ul>\n<p>&nbsp;<\/p>\n<h2><strong>S\u00e9quence \u00ab Concours d\u2019\u00e9loquence et d\u00e9veloppement durable \u00bb au Lyc\u00e9e Bonaparte (Emilie Vergari)<\/strong><\/h2>\n<p>S\u00e9quence interdisciplinaire (Documentation, EMC, G\u00e9ographie, Fran\u00e7ais) s\u2019inscrivant dans le cadre du projet de lyc\u00e9e en transition et des parcours sant\u00e9 et citoyennet\u00e9. La finalit\u00e9 du projet est un concours d\u2019\u00e9loquence entre deux classes de seconde.<\/p>\n<p><strong>Fichiers joints :<\/strong><\/p>\n<ul>\n<li>Calendrier de la s\u00e9quence<\/li>\n<li>Fiche-s\u00e9quence<\/li>\n<li>Sujets de recherche et ressources disponibles au lyc\u00e9e<\/li>\n<li>Fiche-\u00e9l\u00e8ve<\/li>\n<li>Grille d\u2019\u00e9valuation<\/li>\n<\/ul>\n<p>&nbsp;<\/p>\n<h2><strong>S\u00e9quence sur le Pecha Kucha au Lyc\u00e9e professionnel Claret (Laurent Dulout) <\/strong><\/h2>\n<p>S\u00e9quence men\u00e9e dans le cadre de la restitution d\u2019un travail en vente o\u00f9 les \u00e9l\u00e8ves de premi\u00e8re devaient pr\u00e9senter une destination touristique \u00e0 des clients.<\/p>\n<p>Format Pecha Kucha : PowerPoint pr\u00e9programm\u00e9 avec 8 diapos \u00e9pur\u00e9es de 20 secondes chacune<\/p>\n<p>Entra\u00eenement pr\u00e9alable en bin\u00f4me<\/p>\n<p>Passage en bin\u00f4me ou individuel pour \u00e9valuation devant le professeur<\/p>\n<p>Objectif : se d\u00e9marquer par l\u2019oral de mani\u00e8re dynamique, sortir du cadre restrictif et fig\u00e9 de PowerPoint, valoriser et exploiter ses capacit\u00e9s \u00e0 l\u2019oral, g\u00e9rer son \u00e9locution et son temps de parole.<\/p>\n<h2><strong>S\u00e9quences men\u00e9es au Lyc\u00e9e Professionnel Georges Cisson (Nad\u00e8ge Benyahia)<\/strong><\/h2>\n<h3><strong>Atelier revue de presse en AP<\/strong><\/h3>\n<p>S\u00e9quence men\u00e9e par un professeur de Lettres et la professeure-documentaliste, avec une classe de 2nde Bac Pro (Maintenance des \u00e9quipements industriels). Les \u00e9l\u00e8ves doivent r\u00e9aliser une br\u00e8ve revue de presse, \u00e0 l\u2019oral, apr\u00e8s avoir s\u00e9lectionn\u00e9 et tri\u00e9 des informations, et \u00e9cout\u00e9 un exemple. Leur prestation est enregistr\u00e9e pour qu\u2019ils puissent avoir un retour sur leur propre pr\u00e9sentation.<\/p>\n<p><strong>Fichier joint :<\/strong> AP atelier revue de presse fiches<\/p>\n<h3><strong>Pr\u00e9paration et simulation de l\u2019\u00e9preuve orale du DNB (3PEP)<\/strong><\/h3>\n<p>Elaboration commune d\u2019une fiche pour pr\u00e9parer l\u2019\u00e9preuve \/ Entra\u00eenements \u00e0 l\u2019oral, par des simulations de l\u2019\u00e9preuve, o\u00f9 les \u00e9l\u00e8ves jouent leur propre r\u00f4le ou celui du jury.<\/p>\n<p><strong>Fichier joint :<\/strong> Pr\u00e9paration_simulation_oral_DNB<\/p>\n<h2><strong>S\u00e9quences men\u00e9es au Lyc\u00e9e du Coudon (C\u00e9cile Gebelin)<\/strong><\/h2>\n<h3><strong>M\u00e9thodologie de l\u2019oral et pr\u00e9paration d\u2019expos\u00e9s (s\u00e9quence condens\u00e9e du travail qui \u00e9tait mis en place au <a href=\"index.php\/rubriques\/former-les-eleves\/234-competences-orales\/1571-sequence-reussir-une-epreuve-orale\">Lyc\u00e9e Bonaparte pour les TPE<\/a>)<\/strong><\/h3>\n<h3><strong>Pr\u00e9paration et enregistrement d\u2019une <a href=\"http:\/\/site.lycee-coudon.fr\/spip.php?article1285\">\u00e9mission de radio sur les r\u00e9seaux sociaux avec une classe de seconde, en partenariat avec Radio Grenouille <\/a><br \/>\n<\/strong><\/h3>\n<h3><strong>Entra\u00eenement \u00e0 la lecture \u00e0 voix haute<\/strong><\/h3>\n<p>Cette s\u00e9quence, men\u00e9e avec une classe de seconde et son professeur de fran\u00e7ais, doit beaucoup \u00e0 l\u2019excellent <strong>stage \u00ab P\u00e9dagogie de l\u2019oral \u00bb de Pascale Pougault<\/strong>.<\/p>\n<h4>Premi\u00e8re s\u00e9ance : \u00e9laboration d\u2019une grille de crit\u00e8res de r\u00e9ussite d\u2019une lecture \u00e0 voix haute.<\/h4>\n<p>1\/ Brainstorming<\/p>\n<p>2\/ Visionnage de vid\u00e9os :<\/p>\n<p><a href=\"https:\/\/www.youtube.com\/watch?v=omfpta-f1u0\">https:\/\/www.youtube.com\/watch?v=omfpta-f1u0<\/a> (Fabrice Luchini)<\/p>\n<p><a href=\"https:\/\/www.youtube.com\/watch?v=cFTvTcfy9GU\">https:\/\/www.youtube.com\/watch?v=cFTvTcfy9GU<\/a> (Emma Watson)<\/p>\n<p>A l\u2019aide de ces vid\u00e9os, d\u2019autres crit\u00e8res \u00e9mergent.<\/p>\n<p>3\/ Distribution des documents<\/p>\n<h4>Deuxi\u00e8me s\u00e9ance : choix et annotation du texte \u00e0 lire<\/h4>\n<p>Les \u00e9l\u00e8ves ont la libert\u00e9 de choisir tout type de texte (chanson, po\u00e8me, extrait de roman, discours, texte engag\u00e9, texte personnel).<\/p>\n<p>Ils l\u2019annotent \u00e0 l\u2019aide du document distribu\u00e9 et commencent \u00e0 s\u2019entra\u00eener, en bin\u00f4mes<\/p>\n<h4>Troisi\u00e8me et quatri\u00e8me s\u00e9ances : lecture<\/h4>\n<p>Les \u00e9l\u00e8ves passent \u00e0 tour de r\u00f4le devant leurs camarades, qui les \u00e9valuent \u00e0 l\u2019aide de la grille distribu\u00e9e. Un retour est fait \u00e0 chaque \u00e9l\u00e8ve. Chacun passe plusieurs fois. La meilleure prestation (en g\u00e9n\u00e9ral la derni\u00e8re) est not\u00e9e.<\/p>\n<p>&nbsp;<\/p>\n<p>Fichiers joints :<\/p>\n<ul>\n<li>Document-\u00e9l\u00e8ve \u00ab Lecture \u00e0 voix haute \u00bb<\/li>\n<li>Carte mentale<\/li>\n<li>Grille d\u2019\u00e9valuation<\/li>\n<\/ul>\n<p><a href=\"https:\/\/www.pedagogie.ac-nice.fr\/doc-azur\/wp-content\/uploads\/sites\/40\/2020\/07\/1_S\u00e9quence_Peau_d_Ane.pdf\">1_S\u00e9quence_Peau_d_Ane<\/a><\/p>\n<p><a href=\"https:\/\/www.pedagogie.ac-nice.fr\/doc-azur\/wp-content\/uploads\/sites\/40\/2020\/07\/2_Peau_d_Ane_pr\u00e9sentation_oeuvre1.pdf\">2_Peau_d_Ane_pr\u00e9sentation_oeuvre1<\/a><\/p>\n<p><a href=\"https:\/\/www.pedagogie.ac-nice.fr\/doc-azur\/wp-content\/uploads\/sites\/40\/2020\/07\/3_Corrig\u00e91.pdf\">3_Corrig\u00e91<\/a><\/p>\n<p><a href=\"https:\/\/www.pedagogie.ac-nice.fr\/doc-azur\/wp-content\/uploads\/sites\/40\/2020\/07\/4_Peau_d_Ane_pr\u00e9sentation_oeuvre2.pdf\">4_Peau_d_Ane_pr\u00e9sentation_oeuvre2<\/a><\/p>\n<p><a href=\"https:\/\/www.pedagogie.ac-nice.fr\/doc-azur\/wp-content\/uploads\/sites\/40\/2020\/07\/5_Corrig\u00e92.pdf\">5_Corrig\u00e92<\/a><\/p>\n<p><a href=\"https:\/\/www.pedagogie.ac-nice.fr\/doc-azur\/wp-content\/uploads\/sites\/40\/2020\/07\/6_Peau_d_Ane_pr\u00e9sentation_oeuvre3.pdf\">6_Peau_d_Ane_pr\u00e9sentation_oeuvre3<\/a><\/p>\n<p><a href=\"https:\/\/www.pedagogie.ac-nice.fr\/doc-azur\/wp-content\/uploads\/sites\/40\/2020\/07\/7_Corrig\u00e93.pdf\">7_Corrig\u00e93<\/a><\/p>\n<p><a href=\"https:\/\/www.pedagogie.ac-nice.fr\/doc-azur\/wp-content\/uploads\/sites\/40\/2020\/07\/8_Calendrier_s\u00e9quence_\u00e9loquence_durable.pdf\">8_Calendrier_s\u00e9quence_\u00e9loquence_durable<\/a><\/p>\n<p><a href=\"https:\/\/www.pedagogie.ac-nice.fr\/doc-azur\/wp-content\/uploads\/sites\/40\/2020\/07\/9_S\u00e9quence_\u00e9loquence_durable.pdf\">9_S\u00e9quence_\u00e9loquence_durable<\/a><\/p>\n<p><a href=\"https:\/\/www.pedagogie.ac-nice.fr\/doc-azur\/wp-content\/uploads\/sites\/40\/2020\/07\/10_Sujets_ressources_\u00e9loquence_durable.pdf\">10_Sujets_ressources_\u00e9loquence_durable<\/a><\/p>\n<p><a href=\"https:\/\/www.pedagogie.ac-nice.fr\/doc-azur\/wp-content\/uploads\/sites\/40\/2020\/07\/11_Fiche_\u00e9l\u00e8ve_\u00e9loquence_durable.pdf\">11_Fiche_\u00e9l\u00e8ve_\u00e9loquence_durable<\/a><\/p>\n<p><a href=\"https:\/\/www.pedagogie.ac-nice.fr\/doc-azur\/wp-content\/uploads\/sites\/40\/2020\/07\/12_Grille_\u00e9valuation_\u00e9loquence_durable.pdf\">12_Grille_\u00e9valuation_\u00e9loquence_durable<\/a><\/p>\n<p><a href=\"https:\/\/www.pedagogie.ac-nice.fr\/doc-azur\/wp-content\/uploads\/sites\/40\/2020\/07\/13_AP_Atelier_Revue_de_Presse_Fiches.pdf\">13_AP_Atelier_Revue_de_Presse_Fiches<\/a><\/p>\n<p><a href=\"https:\/\/www.pedagogie.ac-nice.fr\/doc-azur\/wp-content\/uploads\/sites\/40\/2020\/07\/14_Pr\u00e9paration_simulation_oral_DNB.pdf\">14_Pr\u00e9paration_simulation_oral_DNB<\/a><\/p>\n<p><a href=\"https:\/\/www.pedagogie.ac-nice.fr\/doc-azur\/wp-content\/uploads\/sites\/40\/2020\/07\/15_Lecture_voix_haute.pdf\">15_Lecture_voix_haute<\/a><\/p>\n<p><img loading=\"lazy\" decoding=\"async\" class=\"alignnone size-full wp-image-562\" src=\"https:\/\/www.pedagogie.ac-nice.fr\/doc-azur\/wp-content\/uploads\/sites\/40\/2020\/07\/16_Carte_mentale_lecture.png\" alt=\"\" width=\"1529\" height=\"799\" srcset=\"https:\/\/www.pedagogie.ac-nice.fr\/doc-azur\/wp-content\/uploads\/sites\/40\/2020\/07\/16_Carte_mentale_lecture.png 1529w, https:\/\/www.pedagogie.ac-nice.fr\/doc-azur\/wp-content\/uploads\/sites\/40\/2020\/07\/16_Carte_mentale_lecture-300x157.png 300w, https:\/\/www.pedagogie.ac-nice.fr\/doc-azur\/wp-content\/uploads\/sites\/40\/2020\/07\/16_Carte_mentale_lecture-1024x535.png 1024w, https:\/\/www.pedagogie.ac-nice.fr\/doc-azur\/wp-content\/uploads\/sites\/40\/2020\/07\/16_Carte_mentale_lecture-768x401.png 768w, https:\/\/www.pedagogie.ac-nice.fr\/doc-azur\/wp-content\/uploads\/sites\/40\/2020\/07\/16_Carte_mentale_lecture-390x205.png 390w\" sizes=\"auto, (max-width: 1529px) 100vw, 1529px\" \/><\/p>\n<p><a href=\"https:\/\/www.pedagogie.ac-nice.fr\/doc-azur\/wp-content\/uploads\/sites\/40\/2020\/07\/17_Grille_\u00e9valuation_lecture.pdf\">17_Grille_\u00e9valuation_lecture<\/a><\/p>\n<p>Auteur : C\u00e9cile Gebelin<\/p>\n","protected":false},"excerpt":{"rendered":"<p>&nbsp; Lors de la troisi\u00e8me r\u00e9union de bassin de l\u2019ann\u00e9e 2019-2020, un \u00e9change de pratiques autour de la p\u00e9dagogie de l\u2019oral a \u00e9t\u00e9 mis en place. Quelques s\u00e9quences ont \u00e9t\u00e9 mutualis\u00e9es, vous en trouverez un petit descriptif ci-dessous, et pour certaines, les fiches-s\u00e9ances et fiches-\u00e9l\u00e8ves en pi\u00e8ces jointes de l\u2019article. [&hellip;]<\/p>\n","protected":false},"author":237,"featured_media":0,"comment_status":"closed","ping_status":"closed","sticky":false,"template":"","format":"standard","meta":{"ngg_post_thumbnail":0,"footnotes":""},"categories":[23,41,30],"tags":[],"class_list":["post-553","post","type-post","status-publish","format-standard","hentry","category-lecture","category-oral","category-presse"],"rttpg_featured_image_url":null,"rttpg_author":{"display_name":"docazur","author_link":"https:\/\/www.pedagogie.ac-nice.fr\/doc-azur\/author\/docazur\/"},"rttpg_comment":0,"rttpg_category":"<a href=\"https:\/\/www.pedagogie.ac-nice.fr\/doc-azur\/category\/lecture\/\" rel=\"category tag\">Lecture<\/a> <a href=\"https:\/\/www.pedagogie.ac-nice.fr\/doc-azur\/category\/oral\/\" rel=\"category tag\">Oral<\/a> <a href=\"https:\/\/www.pedagogie.ac-nice.fr\/doc-azur\/category\/presse\/\" rel=\"category tag\">Presse<\/a>","rttpg_excerpt":"&nbsp; Lors de la troisi\u00e8me r\u00e9union de bassin de l\u2019ann\u00e9e 2019-2020, un \u00e9change de pratiques autour de la p\u00e9dagogie de l\u2019oral a \u00e9t\u00e9 mis en place. Quelques s\u00e9quences ont \u00e9t\u00e9 mutualis\u00e9es, vous en trouverez un petit descriptif ci-dessous, et pour certaines, les fiches-s\u00e9ances et fiches-\u00e9l\u00e8ves en pi\u00e8ces jointes de l\u2019article. [&hellip;]","post_mailing_queue_ids":[],"_links":{"self":[{"href":"https:\/\/www.pedagogie.ac-nice.fr\/doc-azur\/wp-json\/wp\/v2\/posts\/553","targetHints":{"allow":["GET"]}}],"collection":[{"href":"https:\/\/www.pedagogie.ac-nice.fr\/doc-azur\/wp-json\/wp\/v2\/posts"}],"about":[{"href":"https:\/\/www.pedagogie.ac-nice.fr\/doc-azur\/wp-json\/wp\/v2\/types\/post"}],"author":[{"embeddable":true,"href":"https:\/\/www.pedagogie.ac-nice.fr\/doc-azur\/wp-json\/wp\/v2\/users\/237"}],"replies":[{"embeddable":true,"href":"https:\/\/www.pedagogie.ac-nice.fr\/doc-azur\/wp-json\/wp\/v2\/comments?post=553"}],"version-history":[{"count":1,"href":"https:\/\/www.pedagogie.ac-nice.fr\/doc-azur\/wp-json\/wp\/v2\/posts\/553\/revisions"}],"predecessor-version":[{"id":571,"href":"https:\/\/www.pedagogie.ac-nice.fr\/doc-azur\/wp-json\/wp\/v2\/posts\/553\/revisions\/571"}],"wp:attachment":[{"href":"https:\/\/www.pedagogie.ac-nice.fr\/doc-azur\/wp-json\/wp\/v2\/media?parent=553"}],"wp:term":[{"taxonomy":"category","embeddable":true,"href":"https:\/\/www.pedagogie.ac-nice.fr\/doc-azur\/wp-json\/wp\/v2\/categories?post=553"},{"taxonomy":"post_tag","embeddable":true,"href":"https:\/\/www.pedagogie.ac-nice.fr\/doc-azur\/wp-json\/wp\/v2\/tags?post=553"}],"curies":[{"name":"wp","href":"https:\/\/api.w.org\/{rel}","templated":true}]}}